{"id":88391,"date":"2015-02-04T16:48:22","date_gmt":"2015-02-04T15:48:22","guid":{"rendered":"http:\/\/www.visit-ulcinj.com\/blog\/?p=88391"},"modified":"2015-02-05T11:56:58","modified_gmt":"2015-02-05T10:56:58","slug":"nika-thua-se-kush-e-shpetoi-kohen-javore-genci-apo-salaj","status":"publish","type":"post","link":"https:\/\/www.visit-ulcinj.com\/blog\/2015\/02\/04\/nika-thua-se-kush-e-shpetoi-kohen-javore-genci-apo-salaj\/","title":{"rendered":"Nika: A thua se kush e shp\u00ebtoi koh\u00ebn javore &#8211; Genci , apo Salaj..?!!!"},"content":{"rendered":"<p><strong><em><a href=\"http:\/\/www.visit-ulcinj.com\/blog\/wp-content\/uploads\/2015\/02\/Ali-Salaj-Nimanbegu-Abazoviq.jpg\"><img loading=\"lazy\" class=\"alignleft wp-image-88392\" src=\"http:\/\/www.visit-ulcinj.com\/blog\/wp-content\/uploads\/2015\/02\/Ali-Salaj-Nimanbegu-Abazoviq.jpg\" alt=\"Ali-Salaj-Nimanbegu-Abazoviq\" width=\"508\" height=\"354\" srcset=\"https:\/\/www.visit-ulcinj.com\/blog\/wp-content\/uploads\/2015\/02\/Ali-Salaj-Nimanbegu-Abazoviq.jpg 846w, https:\/\/www.visit-ulcinj.com\/blog\/wp-content\/uploads\/2015\/02\/Ali-Salaj-Nimanbegu-Abazoviq-300x209.jpg 300w\" sizes=\"(max-width: 508px) 100vw, 508px\" \/><\/a>Shkruan Muhamet Nika<\/em><\/strong><\/p>\n<p>P\u00ebr ata t\u00eb cil\u00ebt nuk jan\u00eb n\u00eb rrjedh\u00eb t\u00eb ngjarjes, ose jan\u00eb t\u00eb pjekur p\u00ebr lexim n\u00eb koh\u00ebn e p\u00ebrdorimit masovik t\u00eb rrjeteve sociale m\u00ebsojn\u00eb se diku n\u00eb Mal t\u00eb Zi &#8211; Podgoric\u00eb , shteti kish vendosur t\u00eb mbyll t\u00eb vetmen gazet\u00eb shqiptare Koh\u00ebn Javore , por diskriminimi i tyre si kolektiv q\u00eb do b\u00ebhej , k\u00ebsaj radhe u ndalua fal\u00eb Genc Nimanbegut ?!!! Ai na shp\u00ebtoi REVIST\u00cbN nga mbyllja e pa evitueshme e saj&#8230;.?!!<\/p>\n<p>Pasi kjo puna e Gencit si deklarat\u00eb na kujton m\u00eb tep\u00ebr g\u00ebnjeshtr\u00ebn e Platonit se sa t\u00eb v\u00ebrtet\u00ebn , shtojm\u00eb q\u00eb Platoni n\u00eb teorin\u00eb e vet p\u00ebr shtetin ideal , m\u00ebsonte q\u00eb ishte m\u00eb se e domosdoshme\u201d b\u00ebrja e g\u00ebnjeshtr\u00ebs s\u00eb nevojshme\u201d, e cila duhej doemos t\u2019i ngulej n\u00eb kok\u00eb brezit t\u00eb par\u00eb t\u00eb shtetasve , duke i bindur ata q\u00eb kishin lindur t\u00eb dob\u00ebt dhe shum\u00eb t\u00eb pa aft\u00eb. Dhe se ishte pik\u00ebrisht n\u00ebna natyr\u00eb ajo q\u00eb u kujdes p\u00ebr m\u00ebk\u00ebmbjen e tyre duke i ushqyer e kalitur e t\u00eb cil\u00ebs ata i detyroheshin t\u00eb gjith\u00eb jet\u00ebn&#8230;.\u201d. Platoni m\u00eb tej vazhdonte dhe p\u00ebrs\u00ebriste, q\u00eb n\u00ebse breznit\u00eb do t\u00eb injektoheshin me k\u00ebto bindje, jo q\u00eb do t\u00eb k\u00ebrkonin nd\u00ebrrime t\u00eb pushtetit t\u00eb manifestuara me mos besim e duke krijuar rebelim dhe pak\u00ebnaq\u00ebsi, por p\u00ebrkundrazi do t\u00eb ishin ndaj natyr\u00ebs( kupto partis\u00eb-deputetit&#8230;.), mir\u00ebnjoh\u00ebs p\u00ebr t\u00eb gjith\u00eb jet\u00ebn.<\/p>\n<p>Por si duket , g\u00ebnjeshtra e nevojshme me kalimin e koh\u00ebs sfidohet shum\u00eb shpejt nga e v\u00ebrteta e nevojshme dhe konflikti jo q\u00eb nuk joshet por nxitet dhe vazhdon, si n\u00eb rastin ton\u00eb konkret?!!!<\/p>\n<p>Pasi kemi dy t\u00eb v\u00ebrteta , po them q\u00eb mbi baz\u00ebn e p\u00ebrvoj\u00ebs s\u00eb deputetit kam p\u00ebrshtypjen \u2013 q\u00eb deputeti n\u00eb k\u00ebto situata \u00ebsht\u00eb vet\u00ebm n\u00eb rolin e servisit t\u00eb \u00e7\u00ebshtjes, pra zor se ka lodruar n\u00eb k\u00ebt\u00eb pun\u00eb rreth mos msheljes s\u00eb revist\u00ebs si Aliu, \u00a0q\u00eb i duhej p\u00ebr t\u00eb ruajtur postin e tij- \u00e7ka nuk ka asgj\u00eb t\u00eb keqe dhe \u00ebsht\u00eb plot\u00ebsisht e kuptueshme.<\/p>\n<p>Nisur nga kjo , po del q\u00eb vet\u00ebm deputeti Niman Begu , na paska klithur, rreth fatit t\u00eb Koh\u00ebs dhe informimit t\u00eb shqiptar\u00ebve :\u201d O ku ku o n\u00ebna jon\u00eb, kurse Aliu, si kryeredaktor i revist\u00ebs , paska klithur \u201c O kuku o n\u00ebna ime..\u201d.<\/p>\n<p>P\u00ebr \u00e7udi po na del se motivimi i deputetit , na pask\u00ebsh qen\u00eb shum\u00eb m\u00eb i madh se edhe i vet\u00eb Aliut. Le t\u00eb m\u00eb ndjej\u00eb deputeti, por mua askush nuk mund t\u00eb m\u00eb bind q\u00eb kur m\u00eb kruhet shpina , dora e atij tjetrit, qoft\u00eb edhe ajo edhe \u00a0mjekut mundohet m\u00eb tep\u00ebr se edhe vet\u00eb e imja t\u00eb m\u00eb kruaj ..<\/p>\n<p>Pasi ky medium kalon deri diku n\u00ebn kompetencat e K\u00ebshillit Komb\u00ebtar, uroj q\u00eb kryeredaktorit t\u00eb ri politika e k\u00ebshillit nacional, t\u00eb mos i b\u00ebj\u00eb presion si\u00e7 i b\u00ebnin Aliut rreth publikimit t\u00eb disa shkrimeve, qofshin ato edhe t\u00eb mijat. Andaj p\u00ebr tu ikur kok\u00eb\u00e7arjeve dhe shantazheve q\u00eb pat\u00ebn tentuar ta b\u00ebjn\u00eb disa vendosa t\u00eb shkruaj vet\u00ebm p\u00ebr rrjetin social.<\/p>\n<p>Un\u00eb jam me rezerva n\u00eb k\u00ebt\u00eb pun\u00eb, dhe po e zbuloj se shkrimit n\u00eb fillim desha t\u2019ia v\u00eb titullin: A. Sala e themeloi dhe e shp\u00ebtoi koh\u00ebn e K\u00ebshilli ..,pritet ta shkat\u00ebrroj\u00eb..?!!<\/p>\n","protected":false},"excerpt":{"rendered":"<p>Shkruan Muhamet Nika P\u00ebr ata t\u00eb cil\u00ebt nuk jan\u00eb n\u00eb rrjedh\u00eb t\u00eb ngjarjes, ose jan\u00eb t\u00eb pjekur p\u00ebr lexim n\u00eb koh\u00ebn e p\u00ebrdorimit masovik t\u00eb rrjeteve sociale m\u00ebsojn\u00eb se diku n\u00eb Mal t\u00eb Zi &#8211; Podgoric\u00eb , shteti kish vendosur t\u00eb mbyll t\u00eb vetmen gazet\u00eb shqiptare Koh\u00ebn Javore , por diskriminimi i tyre si kolektiv [&hellip;]<\/p>\n","protected":false},"author":1,"featured_media":0,"comment_status":"closed","ping_status":"closed","sticky":false,"template":"","format":"standard","meta":{"spay_email":"","jetpack_publicize_message":"","jetpack_is_tweetstorm":false,"jetpack_publicize_feature_enabled":true},"categories":[1,14249],"tags":[],"jetpack_publicize_connections":[],"yoast_head":"<!-- This site is optimized with the Yoast SEO plugin v19.1 - https:\/\/yoast.com\/wordpress\/plugins\/seo\/ -->\n<title>Nika: A thua se kush e shp\u00ebtoi koh\u00ebn javore - Genci , apo Salaj..?!!! - Lajme nga Ulqini<\/title>\n<meta name=\"description\" content=\"Shkruan Muhamet Nika P\u00ebr ata t\u00eb cil\u00ebt nuk jan\u00eb n\u00eb rrjedh\u00eb t\u00eb ngjarjes, ose jan\u00eb t\u00eb pjekur p\u00ebr lexim n\u00eb koh\u00ebn e p\u00ebrdorimit masovik t\u00eb rrjeteve sociale\" \/>\n<meta name=\"robots\" content=\"index, follow, max-snippet:-1, max-image-preview:large, max-video-preview:-1\" \/>\n<link rel=\"canonical\" href=\"https:\/\/www.visit-ulcinj.com\/blog\/2015\/02\/04\/nika-thua-se-kush-e-shpetoi-kohen-javore-genci-apo-salaj\/\" \/>\n<meta property=\"og:locale\" content=\"en_US\" \/>\n<meta property=\"og:type\" content=\"article\" \/>\n<meta property=\"og:title\" content=\"Nika: A thua se kush e shp\u00ebtoi koh\u00ebn javore - Genci , apo Salaj..?!!! - Lajme nga Ulqini\" \/>\n<meta property=\"og:description\" content=\"Shkruan Muhamet Nika P\u00ebr ata t\u00eb cil\u00ebt nuk jan\u00eb n\u00eb rrjedh\u00eb t\u00eb ngjarjes, ose jan\u00eb t\u00eb pjekur p\u00ebr lexim n\u00eb koh\u00ebn e p\u00ebrdorimit masovik t\u00eb rrjeteve sociale\" \/>\n<meta property=\"og:url\" content=\"https:\/\/www.visit-ulcinj.com\/blog\/2015\/02\/04\/nika-thua-se-kush-e-shpetoi-kohen-javore-genci-apo-salaj\/\" \/>\n<meta property=\"og:site_name\" content=\"Lajme nga Ulqini\" \/>\n<meta property=\"article:published_time\" content=\"2015-02-04T15:48:22+00:00\" \/>\n<meta property=\"article:modified_time\" content=\"2015-02-05T10:56:58+00:00\" \/>\n<meta property=\"og:image\" content=\"http:\/\/www.visit-ulcinj.com\/blog\/wp-content\/uploads\/2015\/02\/Ali-Salaj-Nimanbegu-Abazoviq.jpg\" \/>\n<meta name=\"twitter:label1\" content=\"Written by\" \/>\n\t<meta name=\"twitter:data1\" content=\"ulqini\" \/>\n\t<meta name=\"twitter:label2\" content=\"Est. reading time\" \/>\n\t<meta name=\"twitter:data2\" content=\"3 minutes\" \/>\n<script type=\"application\/ld+json\" class=\"yoast-schema-graph\">{\"@context\":\"https:\/\/schema.org\",\"@graph\":[{\"@type\":\"WebSite\",\"@id\":\"https:\/\/www.visit-ulcinj.com\/blog\/#website\",\"url\":\"https:\/\/www.visit-ulcinj.com\/blog\/\",\"name\":\"Lajme nga Ulqini\",\"description\":\"Lajme,Vijesti,Ulqini,Ulqin,Crna Gora,Mali i Zi\",\"potentialAction\":[{\"@type\":\"SearchAction\",\"target\":{\"@type\":\"EntryPoint\",\"urlTemplate\":\"https:\/\/www.visit-ulcinj.com\/blog\/?s={search_term_string}\"},\"query-input\":\"required name=search_term_string\"}],\"inLanguage\":\"en-US\"},{\"@type\":\"ImageObject\",\"inLanguage\":\"en-US\",\"@id\":\"https:\/\/www.visit-ulcinj.com\/blog\/2015\/02\/04\/nika-thua-se-kush-e-shpetoi-kohen-javore-genci-apo-salaj\/#primaryimage\",\"url\":\"https:\/\/www.visit-ulcinj.com\/blog\/wp-content\/uploads\/2015\/02\/Ali-Salaj-Nimanbegu-Abazoviq.jpg\",\"contentUrl\":\"https:\/\/www.visit-ulcinj.com\/blog\/wp-content\/uploads\/2015\/02\/Ali-Salaj-Nimanbegu-Abazoviq.jpg\",\"width\":846,\"height\":590},{\"@type\":\"WebPage\",\"@id\":\"https:\/\/www.visit-ulcinj.com\/blog\/2015\/02\/04\/nika-thua-se-kush-e-shpetoi-kohen-javore-genci-apo-salaj\/#webpage\",\"url\":\"https:\/\/www.visit-ulcinj.com\/blog\/2015\/02\/04\/nika-thua-se-kush-e-shpetoi-kohen-javore-genci-apo-salaj\/\",\"name\":\"Nika: A thua se kush e shp\u00ebtoi koh\u00ebn javore - Genci , apo Salaj..?!!! - Lajme nga Ulqini\",\"isPartOf\":{\"@id\":\"https:\/\/www.visit-ulcinj.com\/blog\/#website\"},\"primaryImageOfPage\":{\"@id\":\"https:\/\/www.visit-ulcinj.com\/blog\/2015\/02\/04\/nika-thua-se-kush-e-shpetoi-kohen-javore-genci-apo-salaj\/#primaryimage\"},\"datePublished\":\"2015-02-04T15:48:22+00:00\",\"dateModified\":\"2015-02-05T10:56:58+00:00\",\"author\":{\"@id\":\"https:\/\/www.visit-ulcinj.com\/blog\/#\/schema\/person\/dcab619c614d3038751c63bc2aadc06d\"},\"description\":\"Shkruan Muhamet Nika P\u00ebr ata t\u00eb cil\u00ebt nuk jan\u00eb n\u00eb rrjedh\u00eb t\u00eb ngjarjes, ose jan\u00eb t\u00eb pjekur p\u00ebr lexim n\u00eb koh\u00ebn e p\u00ebrdorimit masovik t\u00eb rrjeteve sociale\",\"breadcrumb\":{\"@id\":\"https:\/\/www.visit-ulcinj.com\/blog\/2015\/02\/04\/nika-thua-se-kush-e-shpetoi-kohen-javore-genci-apo-salaj\/#breadcrumb\"},\"inLanguage\":\"en-US\",\"potentialAction\":[{\"@type\":\"ReadAction\",\"target\":[\"https:\/\/www.visit-ulcinj.com\/blog\/2015\/02\/04\/nika-thua-se-kush-e-shpetoi-kohen-javore-genci-apo-salaj\/\"]}]},{\"@type\":\"BreadcrumbList\",\"@id\":\"https:\/\/www.visit-ulcinj.com\/blog\/2015\/02\/04\/nika-thua-se-kush-e-shpetoi-kohen-javore-genci-apo-salaj\/#breadcrumb\",\"itemListElement\":[{\"@type\":\"ListItem\",\"position\":1,\"name\":\"Nika: A thua se kush e shp\u00ebtoi koh\u00ebn javore &#8211; Genci , apo Salaj..?!!!\"}]},{\"@type\":\"Person\",\"@id\":\"https:\/\/www.visit-ulcinj.com\/blog\/#\/schema\/person\/dcab619c614d3038751c63bc2aadc06d\",\"name\":\"ulqini\",\"sameAs\":[\"http:\/\/www.visit-ulcinj.com\"],\"url\":\"https:\/\/www.visit-ulcinj.com\/blog\/author\/admin\/\"}]}<\/script>\n<!-- \/ Yoast SEO plugin. -->","yoast_head_json":{"title":"Nika: A thua se kush e shp\u00ebtoi koh\u00ebn javore - Genci , apo Salaj..?!!! - Lajme nga Ulqini","description":"Shkruan Muhamet Nika P\u00ebr ata t\u00eb cil\u00ebt nuk jan\u00eb n\u00eb rrjedh\u00eb t\u00eb ngjarjes, ose jan\u00eb t\u00eb pjekur p\u00ebr lexim n\u00eb koh\u00ebn e p\u00ebrdorimit masovik t\u00eb rrjeteve sociale","robots":{"index":"index","follow":"follow","max-snippet":"max-snippet:-1","max-image-preview":"max-image-preview:large","max-video-preview":"max-video-preview:-1"},"canonical":"https:\/\/www.visit-ulcinj.com\/blog\/2015\/02\/04\/nika-thua-se-kush-e-shpetoi-kohen-javore-genci-apo-salaj\/","og_locale":"en_US","og_type":"article","og_title":"Nika: A thua se kush e shp\u00ebtoi koh\u00ebn javore - Genci , apo Salaj..?!!! - Lajme nga Ulqini","og_description":"Shkruan Muhamet Nika P\u00ebr ata t\u00eb cil\u00ebt nuk jan\u00eb n\u00eb rrjedh\u00eb t\u00eb ngjarjes, ose jan\u00eb t\u00eb pjekur p\u00ebr lexim n\u00eb koh\u00ebn e p\u00ebrdorimit masovik t\u00eb rrjeteve sociale","og_url":"https:\/\/www.visit-ulcinj.com\/blog\/2015\/02\/04\/nika-thua-se-kush-e-shpetoi-kohen-javore-genci-apo-salaj\/","og_site_name":"Lajme nga Ulqini","article_published_time":"2015-02-04T15:48:22+00:00","article_modified_time":"2015-02-05T10:56:58+00:00","og_image":[{"url":"http:\/\/www.visit-ulcinj.com\/blog\/wp-content\/uploads\/2015\/02\/Ali-Salaj-Nimanbegu-Abazoviq.jpg"}],"twitter_misc":{"Written by":"ulqini","Est. reading time":"3 minutes"},"schema":{"@context":"https:\/\/schema.org","@graph":[{"@type":"WebSite","@id":"https:\/\/www.visit-ulcinj.com\/blog\/#website","url":"https:\/\/www.visit-ulcinj.com\/blog\/","name":"Lajme nga Ulqini","description":"Lajme,Vijesti,Ulqini,Ulqin,Crna Gora,Mali i Zi","potentialAction":[{"@type":"SearchAction","target":{"@type":"EntryPoint","urlTemplate":"https:\/\/www.visit-ulcinj.com\/blog\/?s={search_term_string}"},"query-input":"required name=search_term_string"}],"inLanguage":"en-US"},{"@type":"ImageObject","inLanguage":"en-US","@id":"https:\/\/www.visit-ulcinj.com\/blog\/2015\/02\/04\/nika-thua-se-kush-e-shpetoi-kohen-javore-genci-apo-salaj\/#primaryimage","url":"https:\/\/www.visit-ulcinj.com\/blog\/wp-content\/uploads\/2015\/02\/Ali-Salaj-Nimanbegu-Abazoviq.jpg","contentUrl":"https:\/\/www.visit-ulcinj.com\/blog\/wp-content\/uploads\/2015\/02\/Ali-Salaj-Nimanbegu-Abazoviq.jpg","width":846,"height":590},{"@type":"WebPage","@id":"https:\/\/www.visit-ulcinj.com\/blog\/2015\/02\/04\/nika-thua-se-kush-e-shpetoi-kohen-javore-genci-apo-salaj\/#webpage","url":"https:\/\/www.visit-ulcinj.com\/blog\/2015\/02\/04\/nika-thua-se-kush-e-shpetoi-kohen-javore-genci-apo-salaj\/","name":"Nika: A thua se kush e shp\u00ebtoi koh\u00ebn javore - Genci , apo Salaj..?!!! - Lajme nga Ulqini","isPartOf":{"@id":"https:\/\/www.visit-ulcinj.com\/blog\/#website"},"primaryImageOfPage":{"@id":"https:\/\/www.visit-ulcinj.com\/blog\/2015\/02\/04\/nika-thua-se-kush-e-shpetoi-kohen-javore-genci-apo-salaj\/#primaryimage"},"datePublished":"2015-02-04T15:48:22+00:00","dateModified":"2015-02-05T10:56:58+00:00","author":{"@id":"https:\/\/www.visit-ulcinj.com\/blog\/#\/schema\/person\/dcab619c614d3038751c63bc2aadc06d"},"description":"Shkruan Muhamet Nika P\u00ebr ata t\u00eb cil\u00ebt nuk jan\u00eb n\u00eb rrjedh\u00eb t\u00eb ngjarjes, ose jan\u00eb t\u00eb pjekur p\u00ebr lexim n\u00eb koh\u00ebn e p\u00ebrdorimit masovik t\u00eb rrjeteve sociale","breadcrumb":{"@id":"https:\/\/www.visit-ulcinj.com\/blog\/2015\/02\/04\/nika-thua-se-kush-e-shpetoi-kohen-javore-genci-apo-salaj\/#breadcrumb"},"inLanguage":"en-US","potentialAction":[{"@type":"ReadAction","target":["https:\/\/www.visit-ulcinj.com\/blog\/2015\/02\/04\/nika-thua-se-kush-e-shpetoi-kohen-javore-genci-apo-salaj\/"]}]},{"@type":"BreadcrumbList","@id":"https:\/\/www.visit-ulcinj.com\/blog\/2015\/02\/04\/nika-thua-se-kush-e-shpetoi-kohen-javore-genci-apo-salaj\/#breadcrumb","itemListElement":[{"@type":"ListItem","position":1,"name":"Nika: A thua se kush e shp\u00ebtoi koh\u00ebn javore &#8211; Genci , apo Salaj..?!!!"}]},{"@type":"Person","@id":"https:\/\/www.visit-ulcinj.com\/blog\/#\/schema\/person\/dcab619c614d3038751c63bc2aadc06d","name":"ulqini","sameAs":["http:\/\/www.visit-ulcinj.com"],"url":"https:\/\/www.visit-ulcinj.com\/blog\/author\/admin\/"}]}},"jetpack_featured_media_url":"","jetpack_sharing_enabled":true,"jetpack_shortlink":"https:\/\/wp.me\/pe6lTn-mZF","_links":{"self":[{"href":"https:\/\/www.visit-ulcinj.com\/blog\/wp-json\/wp\/v2\/posts\/88391"}],"collection":[{"href":"https:\/\/www.visit-ulcinj.com\/blog\/wp-json\/wp\/v2\/posts"}],"about":[{"href":"https:\/\/www.visit-ulcinj.com\/blog\/wp-json\/wp\/v2\/types\/post"}],"author":[{"embeddable":true,"href":"https:\/\/www.visit-ulcinj.com\/blog\/wp-json\/wp\/v2\/users\/1"}],"replies":[{"embeddable":true,"href":"https:\/\/www.visit-ulcinj.com\/blog\/wp-json\/wp\/v2\/comments?post=88391"}],"version-history":[{"count":1,"href":"https:\/\/www.visit-ulcinj.com\/blog\/wp-json\/wp\/v2\/posts\/88391\/revisions"}],"predecessor-version":[{"id":88393,"href":"https:\/\/www.visit-ulcinj.com\/blog\/wp-json\/wp\/v2\/posts\/88391\/revisions\/88393"}],"wp:attachment":[{"href":"https:\/\/www.visit-ulcinj.com\/blog\/wp-json\/wp\/v2\/media?parent=88391"}],"wp:term":[{"taxonomy":"category","embeddable":true,"href":"https:\/\/www.visit-ulcinj.com\/blog\/wp-json\/wp\/v2\/categories?post=88391"},{"taxonomy":"post_tag","embeddable":true,"href":"https:\/\/www.visit-ulcinj.com\/blog\/wp-json\/wp\/v2\/tags?post=88391"}],"curies":[{"name":"wp","href":"https:\/\/api.w.org\/{rel}","templated":true}]}}