{"id":88394,"date":"2015-02-05T11:53:58","date_gmt":"2015-02-05T10:53:58","guid":{"rendered":"http:\/\/www.visit-ulcinj.com\/blog\/?p=88394"},"modified":"2015-02-05T14:38:51","modified_gmt":"2015-02-05T13:38:51","slug":"gjeloshaj-pergjigjet-dhembe-per-dhembe-cankes-dhe-ali-salaj","status":"publish","type":"post","link":"https:\/\/www.visit-ulcinj.com\/blog\/2015\/02\/05\/gjeloshaj-pergjigjet-dhembe-per-dhembe-cankes-dhe-ali-salaj\/","title":{"rendered":"Gjeloshaj i p\u00ebrgjigjet dh\u00ebmb\u00eb p\u00ebr dh\u00ebmb\u00eb Cankes dhe Ali Salaj"},"content":{"rendered":"<p><strong><a href=\"http:\/\/www.visit-ulcinj.com\/blog\/wp-content\/uploads\/2015\/01\/Nik-Gjeloshaj.jpg\"><img loading=\"lazy\" class=\"alignleft wp-image-88096\" src=\"http:\/\/www.visit-ulcinj.com\/blog\/wp-content\/uploads\/2015\/01\/Nik-Gjeloshaj.jpg\" alt=\"Nik-Gjeloshaj\" width=\"508\" height=\"339\" srcset=\"https:\/\/www.visit-ulcinj.com\/blog\/wp-content\/uploads\/2015\/01\/Nik-Gjeloshaj.jpg 960w, https:\/\/www.visit-ulcinj.com\/blog\/wp-content\/uploads\/2015\/01\/Nik-Gjeloshaj-300x200.jpg 300w\" sizes=\"(max-width: 508px) 100vw, 508px\" \/><\/a>Lexova ne portalin e sherbetorit te konfrimuar, nje tekst te Ali Salaj. Me keqeardhje me duhet te konstatoj qe eshte shume i pavertet, duke mos mohuar se z. Lluka dhe z. Boga nuk kane intervenuare per situaten e gazetes Koha Javore, mirepo per hire te vertetes me fakte do Ju paraqes se deputet shqiptare punojne, thuhet n\u00eb portalin e Facebookut t\u00eb Nik\u00eb Gjeloshit.<\/strong><\/p>\n<p>Gjegjesisht ateher shefi i klubit tone Genci Nimanbegu me angazhim shume te madhe, me permbi 30 takime eshte arrit te gjendet modeli i financimit te Kohes Javore, per<span class=\"text_exposed_show\"> cka duhet te kemi te gjithe konsiderat per kete pune te z. Nimanbegu dhe anetarve te grupit punes ku ishte edhe z. Abazoviq dhe z. Sekuliq. Barra kryesori ishte mbi z. Nimanbegu, qe se paku duhet me i thene te lumt per punen qe bere, te na pelqej apo jo, kjo eshte se paku moralshme.<br \/>\nz. Salaj, Krivokapiq ishte ne mes te shtatorit ne SHBA, ndersa me poshte mund te lexoni shkresen e shefit te klubit ne ate kohe z. Nimanbegu me 5 shtator 2014 ndersa me posht mund te lexoni perfundimet nga Kolegjiumi i Kuvendit te Malit te Zi nr 87, dhe vete mund te gjeni te verteten, ky ishte obligim per ate qe nuk eshte permendur, mirepo pasi tentohet te dezinformohet, ateher lexoni argumente:<\/span><\/p>\n<p><a href=\"http:\/\/www.visit-ulcinj.com\/blog\/wp-content\/uploads\/2015\/02\/Dokument-Koha-Javore-Genci-Nimanbegu.png\"><img loading=\"lazy\" class=\"alignleft wp-image-88395\" src=\"http:\/\/www.visit-ulcinj.com\/blog\/wp-content\/uploads\/2015\/02\/Dokument-Koha-Javore-Genci-Nimanbegu.png\" alt=\"Dokument-Koha-Javore-Genci-Nimanbegu\" width=\"508\" height=\"381\" srcset=\"https:\/\/www.visit-ulcinj.com\/blog\/wp-content\/uploads\/2015\/02\/Dokument-Koha-Javore-Genci-Nimanbegu.png 960w, https:\/\/www.visit-ulcinj.com\/blog\/wp-content\/uploads\/2015\/02\/Dokument-Koha-Javore-Genci-Nimanbegu-300x225.png 300w\" sizes=\"(max-width: 508px) 100vw, 508px\" \/><\/a><\/p>\n<div class=\"text_exposed_show\">\n<p>Koha Javore:<br \/>\nRadna grupa formirana:<br \/>\nGenci Nimanbegu- koordinira<br \/>\nPredrag Sekulic- ispred pozicije<br \/>\nDritan Abazovic \u2013 ispred opozicije<br \/>\nSastanak sa Ministarstvom finansija, Ministarstvom za ljudska i manjinska prava, Odbor oko Finansiranja Koha Javore!<br \/>\nKolegijum Predsjednika Skup\u0161tine Crne Gore je na inicijativu predsjednika Kluba poslanika albanskih partija (FORCA, AA), HGI i LPCG, Genc Nimanbegua, u vezi sudbine \u201eKOHA JAVORE\u201c i njenog odr\u017eivog budu\u0107eg statusa, a po\u0161to je u \u201ePobjedi\u201c pokrenut ste\u010daj, raspravljao o aktuelnoj situaciji u kojoj se nalazi nedjeljnik koji izlazi na albanskom jeziku. Svi predstavnici poslani\u010dkih klubova su dali podr\u0161ku stavu da Skup\u0161tina Crne Gore kao osniva\u010d preuzme odgovornost i ponudi jedno rje\u0161enje koje je odr\u017eivo za budu\u0107nost tog lista. Odlu\u010deno je da se formira radna grupa koja \u0107e Skup\u0161tini ponuditi predlog rje\u0161enja o budu\u0107em statusu \u201eKoha Javore\u201c. Radnom grupom \u0107e koordinirati poslanik Genc Nimanbegu, dok \u0107e \u010dlanovi ispred pozicije biti poslanik Predgrag Sekuli\u0107 i ispred opozicije Dritan Abazovi\u0107.<\/p>\n<p><strong><a href=\"https:\/\/www.facebook.com\/pages\/Nik-Gjeloshaj\/638633769597292?fref=ts\" target=\"_blank\">Nik Gjeloshaj Facebook<\/a><br \/>\n<\/strong><\/p>\n<\/div>\n","protected":false},"excerpt":{"rendered":"<p>Lexova ne portalin e sherbetorit te konfrimuar, nje tekst te Ali Salaj. Me keqeardhje me duhet te konstatoj qe eshte shume i pavertet, duke mos mohuar se z. Lluka dhe z. Boga nuk kane intervenuare per situaten e gazetes Koha Javore, mirepo per hire te vertetes me fakte do Ju paraqes se deputet shqiptare punojne, [&hellip;]<\/p>\n","protected":false},"author":1,"featured_media":0,"comment_status":"closed","ping_status":"closed","sticky":false,"template":"","format":"standard","meta":{"spay_email":"","jetpack_publicize_message":"","jetpack_is_tweetstorm":false,"jetpack_publicize_feature_enabled":true},"categories":[1,6],"tags":[],"jetpack_publicize_connections":[],"yoast_head":"<!-- This site is optimized with the Yoast SEO plugin v19.1 - https:\/\/yoast.com\/wordpress\/plugins\/seo\/ -->\n<title>Gjeloshaj i p\u00ebrgjigjet dh\u00ebmb\u00eb p\u00ebr dh\u00ebmb\u00eb Cankes dhe Ali Salaj - Lajme nga Ulqini<\/title>\n<meta name=\"description\" content=\"Lexova ne portalin e sherbetorit te konfrimuar, nje tekst te Ali Salaj. Me keqeardhje me duhet te konstatoj qe eshte shume i pavertet, duke mos mohuar se\" \/>\n<meta name=\"robots\" content=\"index, follow, max-snippet:-1, max-image-preview:large, max-video-preview:-1\" \/>\n<link rel=\"canonical\" href=\"https:\/\/www.visit-ulcinj.com\/blog\/2015\/02\/05\/gjeloshaj-pergjigjet-dhembe-per-dhembe-cankes-dhe-ali-salaj\/\" \/>\n<meta property=\"og:locale\" content=\"en_US\" \/>\n<meta property=\"og:type\" content=\"article\" \/>\n<meta property=\"og:title\" content=\"Gjeloshaj i p\u00ebrgjigjet dh\u00ebmb\u00eb p\u00ebr dh\u00ebmb\u00eb Cankes dhe Ali Salaj - Lajme nga Ulqini\" \/>\n<meta property=\"og:description\" content=\"Lexova ne portalin e sherbetorit te konfrimuar, nje tekst te Ali Salaj. Me keqeardhje me duhet te konstatoj qe eshte shume i pavertet, duke mos mohuar se\" \/>\n<meta property=\"og:url\" content=\"https:\/\/www.visit-ulcinj.com\/blog\/2015\/02\/05\/gjeloshaj-pergjigjet-dhembe-per-dhembe-cankes-dhe-ali-salaj\/\" \/>\n<meta property=\"og:site_name\" content=\"Lajme nga Ulqini\" \/>\n<meta property=\"article:published_time\" content=\"2015-02-05T10:53:58+00:00\" \/>\n<meta property=\"article:modified_time\" content=\"2015-02-05T13:38:51+00:00\" \/>\n<meta property=\"og:image\" content=\"http:\/\/www.visit-ulcinj.com\/blog\/wp-content\/uploads\/2015\/01\/Nik-Gjeloshaj.jpg\" \/>\n<meta name=\"twitter:label1\" content=\"Written by\" \/>\n\t<meta name=\"twitter:data1\" content=\"ulqini\" \/>\n\t<meta name=\"twitter:label2\" content=\"Est. reading time\" \/>\n\t<meta name=\"twitter:data2\" content=\"2 minutes\" \/>\n<script type=\"application\/ld+json\" class=\"yoast-schema-graph\">{\"@context\":\"https:\/\/schema.org\",\"@graph\":[{\"@type\":\"WebSite\",\"@id\":\"https:\/\/www.visit-ulcinj.com\/blog\/#website\",\"url\":\"https:\/\/www.visit-ulcinj.com\/blog\/\",\"name\":\"Lajme nga Ulqini\",\"description\":\"Lajme,Vijesti,Ulqini,Ulqin,Crna Gora,Mali i Zi\",\"potentialAction\":[{\"@type\":\"SearchAction\",\"target\":{\"@type\":\"EntryPoint\",\"urlTemplate\":\"https:\/\/www.visit-ulcinj.com\/blog\/?s={search_term_string}\"},\"query-input\":\"required name=search_term_string\"}],\"inLanguage\":\"en-US\"},{\"@type\":\"ImageObject\",\"inLanguage\":\"en-US\",\"@id\":\"https:\/\/www.visit-ulcinj.com\/blog\/2015\/02\/05\/gjeloshaj-pergjigjet-dhembe-per-dhembe-cankes-dhe-ali-salaj\/#primaryimage\",\"url\":\"https:\/\/www.visit-ulcinj.com\/blog\/wp-content\/uploads\/2015\/01\/Nik-Gjeloshaj.jpg\",\"contentUrl\":\"https:\/\/www.visit-ulcinj.com\/blog\/wp-content\/uploads\/2015\/01\/Nik-Gjeloshaj.jpg\",\"width\":960,\"height\":640},{\"@type\":\"WebPage\",\"@id\":\"https:\/\/www.visit-ulcinj.com\/blog\/2015\/02\/05\/gjeloshaj-pergjigjet-dhembe-per-dhembe-cankes-dhe-ali-salaj\/#webpage\",\"url\":\"https:\/\/www.visit-ulcinj.com\/blog\/2015\/02\/05\/gjeloshaj-pergjigjet-dhembe-per-dhembe-cankes-dhe-ali-salaj\/\",\"name\":\"Gjeloshaj i p\u00ebrgjigjet dh\u00ebmb\u00eb p\u00ebr dh\u00ebmb\u00eb Cankes dhe Ali Salaj - Lajme nga Ulqini\",\"isPartOf\":{\"@id\":\"https:\/\/www.visit-ulcinj.com\/blog\/#website\"},\"primaryImageOfPage\":{\"@id\":\"https:\/\/www.visit-ulcinj.com\/blog\/2015\/02\/05\/gjeloshaj-pergjigjet-dhembe-per-dhembe-cankes-dhe-ali-salaj\/#primaryimage\"},\"datePublished\":\"2015-02-05T10:53:58+00:00\",\"dateModified\":\"2015-02-05T13:38:51+00:00\",\"author\":{\"@id\":\"https:\/\/www.visit-ulcinj.com\/blog\/#\/schema\/person\/dcab619c614d3038751c63bc2aadc06d\"},\"description\":\"Lexova ne portalin e sherbetorit te konfrimuar, nje tekst te Ali Salaj. Me keqeardhje me duhet te konstatoj qe eshte shume i pavertet, duke mos mohuar se\",\"breadcrumb\":{\"@id\":\"https:\/\/www.visit-ulcinj.com\/blog\/2015\/02\/05\/gjeloshaj-pergjigjet-dhembe-per-dhembe-cankes-dhe-ali-salaj\/#breadcrumb\"},\"inLanguage\":\"en-US\",\"potentialAction\":[{\"@type\":\"ReadAction\",\"target\":[\"https:\/\/www.visit-ulcinj.com\/blog\/2015\/02\/05\/gjeloshaj-pergjigjet-dhembe-per-dhembe-cankes-dhe-ali-salaj\/\"]}]},{\"@type\":\"BreadcrumbList\",\"@id\":\"https:\/\/www.visit-ulcinj.com\/blog\/2015\/02\/05\/gjeloshaj-pergjigjet-dhembe-per-dhembe-cankes-dhe-ali-salaj\/#breadcrumb\",\"itemListElement\":[{\"@type\":\"ListItem\",\"position\":1,\"name\":\"Gjeloshaj i p\u00ebrgjigjet dh\u00ebmb\u00eb p\u00ebr dh\u00ebmb\u00eb Cankes dhe Ali Salaj\"}]},{\"@type\":\"Person\",\"@id\":\"https:\/\/www.visit-ulcinj.com\/blog\/#\/schema\/person\/dcab619c614d3038751c63bc2aadc06d\",\"name\":\"ulqini\",\"sameAs\":[\"http:\/\/www.visit-ulcinj.com\"],\"url\":\"https:\/\/www.visit-ulcinj.com\/blog\/author\/admin\/\"}]}<\/script>\n<!-- \/ Yoast SEO plugin. -->","yoast_head_json":{"title":"Gjeloshaj i p\u00ebrgjigjet dh\u00ebmb\u00eb p\u00ebr dh\u00ebmb\u00eb Cankes dhe Ali Salaj - Lajme nga Ulqini","description":"Lexova ne portalin e sherbetorit te konfrimuar, nje tekst te Ali Salaj. Me keqeardhje me duhet te konstatoj qe eshte shume i pavertet, duke mos mohuar se","robots":{"index":"index","follow":"follow","max-snippet":"max-snippet:-1","max-image-preview":"max-image-preview:large","max-video-preview":"max-video-preview:-1"},"canonical":"https:\/\/www.visit-ulcinj.com\/blog\/2015\/02\/05\/gjeloshaj-pergjigjet-dhembe-per-dhembe-cankes-dhe-ali-salaj\/","og_locale":"en_US","og_type":"article","og_title":"Gjeloshaj i p\u00ebrgjigjet dh\u00ebmb\u00eb p\u00ebr dh\u00ebmb\u00eb Cankes dhe Ali Salaj - Lajme nga Ulqini","og_description":"Lexova ne portalin e sherbetorit te konfrimuar, nje tekst te Ali Salaj. Me keqeardhje me duhet te konstatoj qe eshte shume i pavertet, duke mos mohuar se","og_url":"https:\/\/www.visit-ulcinj.com\/blog\/2015\/02\/05\/gjeloshaj-pergjigjet-dhembe-per-dhembe-cankes-dhe-ali-salaj\/","og_site_name":"Lajme nga Ulqini","article_published_time":"2015-02-05T10:53:58+00:00","article_modified_time":"2015-02-05T13:38:51+00:00","og_image":[{"url":"http:\/\/www.visit-ulcinj.com\/blog\/wp-content\/uploads\/2015\/01\/Nik-Gjeloshaj.jpg"}],"twitter_misc":{"Written by":"ulqini","Est. reading time":"2 minutes"},"schema":{"@context":"https:\/\/schema.org","@graph":[{"@type":"WebSite","@id":"https:\/\/www.visit-ulcinj.com\/blog\/#website","url":"https:\/\/www.visit-ulcinj.com\/blog\/","name":"Lajme nga Ulqini","description":"Lajme,Vijesti,Ulqini,Ulqin,Crna Gora,Mali i Zi","potentialAction":[{"@type":"SearchAction","target":{"@type":"EntryPoint","urlTemplate":"https:\/\/www.visit-ulcinj.com\/blog\/?s={search_term_string}"},"query-input":"required name=search_term_string"}],"inLanguage":"en-US"},{"@type":"ImageObject","inLanguage":"en-US","@id":"https:\/\/www.visit-ulcinj.com\/blog\/2015\/02\/05\/gjeloshaj-pergjigjet-dhembe-per-dhembe-cankes-dhe-ali-salaj\/#primaryimage","url":"https:\/\/www.visit-ulcinj.com\/blog\/wp-content\/uploads\/2015\/01\/Nik-Gjeloshaj.jpg","contentUrl":"https:\/\/www.visit-ulcinj.com\/blog\/wp-content\/uploads\/2015\/01\/Nik-Gjeloshaj.jpg","width":960,"height":640},{"@type":"WebPage","@id":"https:\/\/www.visit-ulcinj.com\/blog\/2015\/02\/05\/gjeloshaj-pergjigjet-dhembe-per-dhembe-cankes-dhe-ali-salaj\/#webpage","url":"https:\/\/www.visit-ulcinj.com\/blog\/2015\/02\/05\/gjeloshaj-pergjigjet-dhembe-per-dhembe-cankes-dhe-ali-salaj\/","name":"Gjeloshaj i p\u00ebrgjigjet dh\u00ebmb\u00eb p\u00ebr dh\u00ebmb\u00eb Cankes dhe Ali Salaj - Lajme nga Ulqini","isPartOf":{"@id":"https:\/\/www.visit-ulcinj.com\/blog\/#website"},"primaryImageOfPage":{"@id":"https:\/\/www.visit-ulcinj.com\/blog\/2015\/02\/05\/gjeloshaj-pergjigjet-dhembe-per-dhembe-cankes-dhe-ali-salaj\/#primaryimage"},"datePublished":"2015-02-05T10:53:58+00:00","dateModified":"2015-02-05T13:38:51+00:00","author":{"@id":"https:\/\/www.visit-ulcinj.com\/blog\/#\/schema\/person\/dcab619c614d3038751c63bc2aadc06d"},"description":"Lexova ne portalin e sherbetorit te konfrimuar, nje tekst te Ali Salaj. Me keqeardhje me duhet te konstatoj qe eshte shume i pavertet, duke mos mohuar se","breadcrumb":{"@id":"https:\/\/www.visit-ulcinj.com\/blog\/2015\/02\/05\/gjeloshaj-pergjigjet-dhembe-per-dhembe-cankes-dhe-ali-salaj\/#breadcrumb"},"inLanguage":"en-US","potentialAction":[{"@type":"ReadAction","target":["https:\/\/www.visit-ulcinj.com\/blog\/2015\/02\/05\/gjeloshaj-pergjigjet-dhembe-per-dhembe-cankes-dhe-ali-salaj\/"]}]},{"@type":"BreadcrumbList","@id":"https:\/\/www.visit-ulcinj.com\/blog\/2015\/02\/05\/gjeloshaj-pergjigjet-dhembe-per-dhembe-cankes-dhe-ali-salaj\/#breadcrumb","itemListElement":[{"@type":"ListItem","position":1,"name":"Gjeloshaj i p\u00ebrgjigjet dh\u00ebmb\u00eb p\u00ebr dh\u00ebmb\u00eb Cankes dhe Ali Salaj"}]},{"@type":"Person","@id":"https:\/\/www.visit-ulcinj.com\/blog\/#\/schema\/person\/dcab619c614d3038751c63bc2aadc06d","name":"ulqini","sameAs":["http:\/\/www.visit-ulcinj.com"],"url":"https:\/\/www.visit-ulcinj.com\/blog\/author\/admin\/"}]}},"jetpack_featured_media_url":"","jetpack_sharing_enabled":true,"jetpack_shortlink":"https:\/\/wp.me\/pe6lTn-mZI","_links":{"self":[{"href":"https:\/\/www.visit-ulcinj.com\/blog\/wp-json\/wp\/v2\/posts\/88394"}],"collection":[{"href":"https:\/\/www.visit-ulcinj.com\/blog\/wp-json\/wp\/v2\/posts"}],"about":[{"href":"https:\/\/www.visit-ulcinj.com\/blog\/wp-json\/wp\/v2\/types\/post"}],"author":[{"embeddable":true,"href":"https:\/\/www.visit-ulcinj.com\/blog\/wp-json\/wp\/v2\/users\/1"}],"replies":[{"embeddable":true,"href":"https:\/\/www.visit-ulcinj.com\/blog\/wp-json\/wp\/v2\/comments?post=88394"}],"version-history":[{"count":1,"href":"https:\/\/www.visit-ulcinj.com\/blog\/wp-json\/wp\/v2\/posts\/88394\/revisions"}],"predecessor-version":[{"id":88396,"href":"https:\/\/www.visit-ulcinj.com\/blog\/wp-json\/wp\/v2\/posts\/88394\/revisions\/88396"}],"wp:attachment":[{"href":"https:\/\/www.visit-ulcinj.com\/blog\/wp-json\/wp\/v2\/media?parent=88394"}],"wp:term":[{"taxonomy":"category","embeddable":true,"href":"https:\/\/www.visit-ulcinj.com\/blog\/wp-json\/wp\/v2\/categories?post=88394"},{"taxonomy":"post_tag","embeddable":true,"href":"https:\/\/www.visit-ulcinj.com\/blog\/wp-json\/wp\/v2\/tags?post=88394"}],"curies":[{"name":"wp","href":"https:\/\/api.w.org\/{rel}","templated":true}]}}