{"id":884,"date":"2008-03-13T09:06:53","date_gmt":"2008-03-13T14:06:53","guid":{"rendered":"http:\/\/www.visit-ulcinj.com\/blog\/2008\/03\/13\/nebojsa-medojevic-porucio-iz-ulcinja-dosta-je-bilo-ropstva\/"},"modified":"2008-03-13T09:26:06","modified_gmt":"2008-03-13T14:26:06","slug":"nebojsa-medojevic-porucio-iz-ulcinja-dosta-je-bilo-ropstva","status":"publish","type":"post","link":"https:\/\/www.visit-ulcinj.com\/blog\/2008\/03\/13\/nebojsa-medojevic-porucio-iz-ulcinja-dosta-je-bilo-ropstva\/","title":{"rendered":"Neboj\u0161a Medojevi? poru?io iz Ulcinja-Dosta je bilo ropstva"},"content":{"rendered":"<p><a href=\"http:\/\/www.visit-ulcinj.com\/blog\/wp-content\/uploads\/2008\/03\/medojevic.jpg\" rel=\"lightbox[pics-1205416654]\" title=\"Neboj\u0161a Medojevi?_ulcinj\"><img loading=\"lazy\" src=\"http:\/\/www.visit-ulcinj.com\/blog\/wp-content\/uploads\/2008\/03\/medojevic.thumbnail.jpg\" alt=\"Neboj\u0161a Medojevi?_ulcinj\" align=\"left\" height=\"159\" width=\"200\" \/><\/a><a href=\"http:\/\/www.visit-ulcinj.com\/gallery\/main.php\" title=\"Ulcinj-ulqini-ulqin,montenegro\" target=\"_blank\">ULCINJ<\/a> \u2013 Predsjedni?ki kandidat PZP-a Neboj\u0161a Medojevi? poru?io je sino? u <a href=\"http:\/\/www.visit-ulcinj.com\/gallery\/main.php\" title=\"Ulcinj-ulqini-ulqin,montenegro\" target=\"_blank\">Ulcinju<\/a> da ?e ukoliko pobijedi zatra\u017eiti reviziju prostornog plana dr\u017eave i Zakona o morskom dobru.<br \/>\n&#8211; Ako postoji grad koji nema ni\u0161ta, to je <a href=\"http:\/\/www.visit-ulcinj.com\/gallery\/main.php\" title=\"Ulcinj-ulqini-ulqin,montenegro\" target=\"_blank\">Ulcinj<\/a>. To je grad koji je zarobljen od takozvanog morskog dobra ili kako ga vi zovete morskog zla, i to je prvo \u0161to ?u da uradim kao predsjednik- tra\u017ei?u revizuju prostornog plana i revizuju Zakona o morskom dobru &#8211; poru?io je on.<br \/>\nOn se zapitao za\u0161to bi <a href=\"http:\/\/www.visit-ulcinj.com\/gallery\/main.php\" title=\"Ulcinj-ulqini-ulqin,montenegro\" target=\"_blank\">Ulcinj<\/a> bio grad koji ne raspola\u017ee svojom imovinom, kada je zahvalju?i Pokretu u pisanju Ustava utvr?eno da op\u0161tine imaju pravo na nju.<br \/>\n&#8211; Da li ?ete mo?i da zaboravite \u0161ta su vam sve obe?avali &#8211; i <a href=\"http:\/\/www.visit-ulcinj.com\/gallery\/main.php\" title=\"Ulcinj-ulqini-ulqin,montenegro\" target=\"_blank\">Port Milenu<\/a>, i marinu i investicije, i urbanisti?ke planove i povra?aj zemlje u <a href=\"http:\/\/www.visit-ulcinj.com\/gallery\/main.php\" title=\"Ulcinj-ulqini-ulqin,montenegro\" target=\"_blank\">Valdanosu<\/a>. Kakva je to vlast koja sedam dana pred izbore ka\u017ee vrati?emo, a sedam dana nakon izbora ne?emo. Kakvi su to ljudi? Takva vlast ne zaslu\u017euje da upravlja <a href=\"http:\/\/www.visit-ulcinj.com\/gallery\/main.php\" title=\"Ulcinj-ulqini-ulqin,montenegro\" target=\"_blank\">Ulcinjom<\/a>, ni Crnom Gorom, dosta nam je takve vlasti \u2013 poru?io je Medojevi?.<br \/>\nOn je pristalicama poru?io da ?e se potruditi da ih ne razo?ara i da bude sve ono \u0161to u vlasti nijesu.<br \/>\n&#8211; Potrudi?u se da mogu i sjutra da do?em i pogledam sve vas u o?i, iako vas niko nije tjerao da budete tu. Ovdje ste jer ste \u017eeljni promjena, pravde, po\u0161tenja, ho?ete normalno da di\u0161ete i \u017eivite, i to je ono \u0161to meni daje snage. Ja vi\u0161e nisam sam, tu ste vi, promjena je krenula &#8211; ocijenio je Medojevi?.<br \/>\nOn je poru?io da vi\u0161e nema prostora za podjelu i da je dosta praznih obe?anja.<br \/>\n&#8211; Ja sam spreman, ja mogu i bolje i br\u017ee i vi\u0161e nego moji protivkandidati. Na\u0161a borba je za pitomu, ljudsku, evropsku Crnu Goru. Maslina je nekad bila simbol ovog grada, bogatstva, mira, a danas je simbol ropstva. Opstadoste vjekovima, ali ako se ne\u0161to ubrzo ne desi ne?ete pre\u017eivjeti &#8211; poru?io je Medojevi?.<br \/>\nOn je rekao da re\u017eimska vlast ho?e tu?u zemlju da proda crnogorskim ili bjelosvjetskim tajkunima da pravi vile na Valdanosu, gradi apartmane na tu?oj zemlji.<br \/>\n&#8211; Pla\u0161io bih se da sam vlast, ali oni se ne pla\u0161e ni?ega. Neka im bude prokleto sve \u0161to su oteli, a neka vama bude sre?na pobjeda 6. aprila kada ?ete dobiti predsjednika koji ?e dobro paziti \u0161ta ?e da vam obe?a i ?ija ?e vam vrata uvijek biti otvorena &#8211; kazao je Medojevi?.<br \/>\nS.G.<br \/>\nwww.republika.cg.yu<\/p>\n<!--YouTube Error: bad URL entered-->\n<p><a href=\"http:\/\/nebojsamedojevic.com\/\" title=\"Ulcinj-ulqini-ulqin,montenegro\" target=\"_blank\">http:\/\/nebojsamedojevic.com\/\u00a0<\/a><\/p>\n","protected":false},"excerpt":{"rendered":"<p><img loading=\"lazy\" src=\"http:\/\/www.visit-ulcinj.com\/blog\/wp-content\/uploads\/2008\/03\/medojevic.thumbnail.jpg\" alt=\"Neboj\u0161a Medojevi?_ulcinj\" align=\"left\" height=\"140\" width=\"140\" \/><\/p>\n","protected":false},"author":1,"featured_media":0,"comment_status":"open","ping_status":"closed","sticky":false,"template":"","format":"standard","meta":{"spay_email":"","jetpack_publicize_message":"","jetpack_is_tweetstorm":false,"jetpack_publicize_feature_enabled":true},"categories":[5],"tags":[],"jetpack_publicize_connections":[],"yoast_head":"<!-- This site is optimized with the Yoast SEO plugin v19.1 - https:\/\/yoast.com\/wordpress\/plugins\/seo\/ -->\n<title>Neboj\u0161a Medojevi? poru?io iz Ulcinja-Dosta je bilo ropstva - Lajme nga Ulqini<\/title>\n<meta name=\"robots\" content=\"index, follow, max-snippet:-1, max-image-preview:large, max-video-preview:-1\" \/>\n<link rel=\"canonical\" href=\"https:\/\/www.visit-ulcinj.com\/blog\/2008\/03\/13\/nebojsa-medojevic-porucio-iz-ulcinja-dosta-je-bilo-ropstva\/\" \/>\n<meta property=\"og:locale\" content=\"en_US\" \/>\n<meta property=\"og:type\" content=\"article\" \/>\n<meta property=\"og:title\" content=\"Neboj\u0161a Medojevi? poru?io iz Ulcinja-Dosta je bilo ropstva - Lajme nga Ulqini\" \/>\n<meta property=\"og:url\" content=\"https:\/\/www.visit-ulcinj.com\/blog\/2008\/03\/13\/nebojsa-medojevic-porucio-iz-ulcinja-dosta-je-bilo-ropstva\/\" \/>\n<meta property=\"og:site_name\" content=\"Lajme nga Ulqini\" \/>\n<meta property=\"article:published_time\" content=\"2008-03-13T14:06:53+00:00\" \/>\n<meta property=\"article:modified_time\" content=\"2008-03-13T14:26:06+00:00\" \/>\n<meta property=\"og:image\" content=\"http:\/\/www.visit-ulcinj.com\/blog\/wp-content\/uploads\/2008\/03\/medojevic.thumbnail.jpg\" \/>\n<meta name=\"twitter:label1\" content=\"Written by\" \/>\n\t<meta name=\"twitter:data1\" content=\"ulqini\" \/>\n\t<meta name=\"twitter:label2\" content=\"Est. reading time\" \/>\n\t<meta name=\"twitter:data2\" content=\"2 minutes\" \/>\n<script type=\"application\/ld+json\" class=\"yoast-schema-graph\">{\"@context\":\"https:\/\/schema.org\",\"@graph\":[{\"@type\":\"WebSite\",\"@id\":\"https:\/\/www.visit-ulcinj.com\/blog\/#website\",\"url\":\"https:\/\/www.visit-ulcinj.com\/blog\/\",\"name\":\"Lajme nga Ulqini\",\"description\":\"Lajme,Vijesti,Ulqini,Ulqin,Crna Gora,Mali i Zi\",\"potentialAction\":[{\"@type\":\"SearchAction\",\"target\":{\"@type\":\"EntryPoint\",\"urlTemplate\":\"https:\/\/www.visit-ulcinj.com\/blog\/?s={search_term_string}\"},\"query-input\":\"required name=search_term_string\"}],\"inLanguage\":\"en-US\"},{\"@type\":\"ImageObject\",\"inLanguage\":\"en-US\",\"@id\":\"https:\/\/www.visit-ulcinj.com\/blog\/2008\/03\/13\/nebojsa-medojevic-porucio-iz-ulcinja-dosta-je-bilo-ropstva\/#primaryimage\",\"url\":\"http:\/\/www.visit-ulcinj.com\/blog\/wp-content\/uploads\/2008\/03\/medojevic.thumbnail.jpg\",\"contentUrl\":\"http:\/\/www.visit-ulcinj.com\/blog\/wp-content\/uploads\/2008\/03\/medojevic.thumbnail.jpg\"},{\"@type\":\"WebPage\",\"@id\":\"https:\/\/www.visit-ulcinj.com\/blog\/2008\/03\/13\/nebojsa-medojevic-porucio-iz-ulcinja-dosta-je-bilo-ropstva\/#webpage\",\"url\":\"https:\/\/www.visit-ulcinj.com\/blog\/2008\/03\/13\/nebojsa-medojevic-porucio-iz-ulcinja-dosta-je-bilo-ropstva\/\",\"name\":\"Neboj\u0161a Medojevi? poru?io iz Ulcinja-Dosta je bilo ropstva - Lajme nga Ulqini\",\"isPartOf\":{\"@id\":\"https:\/\/www.visit-ulcinj.com\/blog\/#website\"},\"primaryImageOfPage\":{\"@id\":\"https:\/\/www.visit-ulcinj.com\/blog\/2008\/03\/13\/nebojsa-medojevic-porucio-iz-ulcinja-dosta-je-bilo-ropstva\/#primaryimage\"},\"datePublished\":\"2008-03-13T14:06:53+00:00\",\"dateModified\":\"2008-03-13T14:26:06+00:00\",\"author\":{\"@id\":\"https:\/\/www.visit-ulcinj.com\/blog\/#\/schema\/person\/dcab619c614d3038751c63bc2aadc06d\"},\"breadcrumb\":{\"@id\":\"https:\/\/www.visit-ulcinj.com\/blog\/2008\/03\/13\/nebojsa-medojevic-porucio-iz-ulcinja-dosta-je-bilo-ropstva\/#breadcrumb\"},\"inLanguage\":\"en-US\",\"potentialAction\":[{\"@type\":\"ReadAction\",\"target\":[\"https:\/\/www.visit-ulcinj.com\/blog\/2008\/03\/13\/nebojsa-medojevic-porucio-iz-ulcinja-dosta-je-bilo-ropstva\/\"]}]},{\"@type\":\"BreadcrumbList\",\"@id\":\"https:\/\/www.visit-ulcinj.com\/blog\/2008\/03\/13\/nebojsa-medojevic-porucio-iz-ulcinja-dosta-je-bilo-ropstva\/#breadcrumb\",\"itemListElement\":[{\"@type\":\"ListItem\",\"position\":1,\"name\":\"Neboj\u0161a Medojevi? poru?io iz Ulcinja-Dosta je bilo ropstva\"}]},{\"@type\":\"Person\",\"@id\":\"https:\/\/www.visit-ulcinj.com\/blog\/#\/schema\/person\/dcab619c614d3038751c63bc2aadc06d\",\"name\":\"ulqini\",\"sameAs\":[\"http:\/\/www.visit-ulcinj.com\"],\"url\":\"https:\/\/www.visit-ulcinj.com\/blog\/author\/admin\/\"}]}<\/script>\n<!-- \/ Yoast SEO plugin. -->","yoast_head_json":{"title":"Neboj\u0161a Medojevi? poru?io iz Ulcinja-Dosta je bilo ropstva - Lajme nga Ulqini","robots":{"index":"index","follow":"follow","max-snippet":"max-snippet:-1","max-image-preview":"max-image-preview:large","max-video-preview":"max-video-preview:-1"},"canonical":"https:\/\/www.visit-ulcinj.com\/blog\/2008\/03\/13\/nebojsa-medojevic-porucio-iz-ulcinja-dosta-je-bilo-ropstva\/","og_locale":"en_US","og_type":"article","og_title":"Neboj\u0161a Medojevi? poru?io iz Ulcinja-Dosta je bilo ropstva - Lajme nga Ulqini","og_url":"https:\/\/www.visit-ulcinj.com\/blog\/2008\/03\/13\/nebojsa-medojevic-porucio-iz-ulcinja-dosta-je-bilo-ropstva\/","og_site_name":"Lajme nga Ulqini","article_published_time":"2008-03-13T14:06:53+00:00","article_modified_time":"2008-03-13T14:26:06+00:00","og_image":[{"url":"http:\/\/www.visit-ulcinj.com\/blog\/wp-content\/uploads\/2008\/03\/medojevic.thumbnail.jpg"}],"twitter_misc":{"Written by":"ulqini","Est. reading time":"2 minutes"},"schema":{"@context":"https:\/\/schema.org","@graph":[{"@type":"WebSite","@id":"https:\/\/www.visit-ulcinj.com\/blog\/#website","url":"https:\/\/www.visit-ulcinj.com\/blog\/","name":"Lajme nga Ulqini","description":"Lajme,Vijesti,Ulqini,Ulqin,Crna Gora,Mali i Zi","potentialAction":[{"@type":"SearchAction","target":{"@type":"EntryPoint","urlTemplate":"https:\/\/www.visit-ulcinj.com\/blog\/?s={search_term_string}"},"query-input":"required name=search_term_string"}],"inLanguage":"en-US"},{"@type":"ImageObject","inLanguage":"en-US","@id":"https:\/\/www.visit-ulcinj.com\/blog\/2008\/03\/13\/nebojsa-medojevic-porucio-iz-ulcinja-dosta-je-bilo-ropstva\/#primaryimage","url":"http:\/\/www.visit-ulcinj.com\/blog\/wp-content\/uploads\/2008\/03\/medojevic.thumbnail.jpg","contentUrl":"http:\/\/www.visit-ulcinj.com\/blog\/wp-content\/uploads\/2008\/03\/medojevic.thumbnail.jpg"},{"@type":"WebPage","@id":"https:\/\/www.visit-ulcinj.com\/blog\/2008\/03\/13\/nebojsa-medojevic-porucio-iz-ulcinja-dosta-je-bilo-ropstva\/#webpage","url":"https:\/\/www.visit-ulcinj.com\/blog\/2008\/03\/13\/nebojsa-medojevic-porucio-iz-ulcinja-dosta-je-bilo-ropstva\/","name":"Neboj\u0161a Medojevi? poru?io iz Ulcinja-Dosta je bilo ropstva - Lajme nga Ulqini","isPartOf":{"@id":"https:\/\/www.visit-ulcinj.com\/blog\/#website"},"primaryImageOfPage":{"@id":"https:\/\/www.visit-ulcinj.com\/blog\/2008\/03\/13\/nebojsa-medojevic-porucio-iz-ulcinja-dosta-je-bilo-ropstva\/#primaryimage"},"datePublished":"2008-03-13T14:06:53+00:00","dateModified":"2008-03-13T14:26:06+00:00","author":{"@id":"https:\/\/www.visit-ulcinj.com\/blog\/#\/schema\/person\/dcab619c614d3038751c63bc2aadc06d"},"breadcrumb":{"@id":"https:\/\/www.visit-ulcinj.com\/blog\/2008\/03\/13\/nebojsa-medojevic-porucio-iz-ulcinja-dosta-je-bilo-ropstva\/#breadcrumb"},"inLanguage":"en-US","potentialAction":[{"@type":"ReadAction","target":["https:\/\/www.visit-ulcinj.com\/blog\/2008\/03\/13\/nebojsa-medojevic-porucio-iz-ulcinja-dosta-je-bilo-ropstva\/"]}]},{"@type":"BreadcrumbList","@id":"https:\/\/www.visit-ulcinj.com\/blog\/2008\/03\/13\/nebojsa-medojevic-porucio-iz-ulcinja-dosta-je-bilo-ropstva\/#breadcrumb","itemListElement":[{"@type":"ListItem","position":1,"name":"Neboj\u0161a Medojevi? poru?io iz Ulcinja-Dosta je bilo ropstva"}]},{"@type":"Person","@id":"https:\/\/www.visit-ulcinj.com\/blog\/#\/schema\/person\/dcab619c614d3038751c63bc2aadc06d","name":"ulqini","sameAs":["http:\/\/www.visit-ulcinj.com"],"url":"https:\/\/www.visit-ulcinj.com\/blog\/author\/admin\/"}]}},"jetpack_featured_media_url":"","jetpack_sharing_enabled":true,"jetpack_shortlink":"https:\/\/wp.me\/pe6lTn-eg","_links":{"self":[{"href":"https:\/\/www.visit-ulcinj.com\/blog\/wp-json\/wp\/v2\/posts\/884"}],"collection":[{"href":"https:\/\/www.visit-ulcinj.com\/blog\/wp-json\/wp\/v2\/posts"}],"about":[{"href":"https:\/\/www.visit-ulcinj.com\/blog\/wp-json\/wp\/v2\/types\/post"}],"author":[{"embeddable":true,"href":"https:\/\/www.visit-ulcinj.com\/blog\/wp-json\/wp\/v2\/users\/1"}],"replies":[{"embeddable":true,"href":"https:\/\/www.visit-ulcinj.com\/blog\/wp-json\/wp\/v2\/comments?post=884"}],"version-history":[{"count":0,"href":"https:\/\/www.visit-ulcinj.com\/blog\/wp-json\/wp\/v2\/posts\/884\/revisions"}],"wp:attachment":[{"href":"https:\/\/www.visit-ulcinj.com\/blog\/wp-json\/wp\/v2\/media?parent=884"}],"wp:term":[{"taxonomy":"category","embeddable":true,"href":"https:\/\/www.visit-ulcinj.com\/blog\/wp-json\/wp\/v2\/categories?post=884"},{"taxonomy":"post_tag","embeddable":true,"href":"https:\/\/www.visit-ulcinj.com\/blog\/wp-json\/wp\/v2\/tags?post=884"}],"curies":[{"name":"wp","href":"https:\/\/api.w.org\/{rel}","templated":true}]}}