{"id":88403,"date":"2015-02-05T14:39:07","date_gmt":"2015-02-05T13:39:07","guid":{"rendered":"http:\/\/www.visit-ulcinj.com\/blog\/?p=88403"},"modified":"2015-02-08T06:17:09","modified_gmt":"2015-02-08T05:17:09","slug":"nika-diagnosis-contra-populus-cronikus","status":"publish","type":"post","link":"https:\/\/www.visit-ulcinj.com\/blog\/2015\/02\/05\/nika-diagnosis-contra-populus-cronikus\/","title":{"rendered":"Nika: Diagnosis Contra Populus &#8211; Cronikus"},"content":{"rendered":"<p><strong><a href=\"http:\/\/www.visit-ulcinj.com\/blog\/wp-content\/uploads\/2011\/08\/Muhamet-Nika_ULQIN.jpg\"><img loading=\"lazy\" class=\"alignleft wp-image-50064 size-medium\" src=\"http:\/\/www.visit-ulcinj.com\/blog\/wp-content\/uploads\/2011\/08\/Muhamet-Nika_ULQIN-300x225.jpg\" alt=\"Muhamet-Nika_ULQIN\" width=\"300\" height=\"225\" srcset=\"https:\/\/www.visit-ulcinj.com\/blog\/wp-content\/uploads\/2011\/08\/Muhamet-Nika_ULQIN-300x225.jpg 300w, https:\/\/www.visit-ulcinj.com\/blog\/wp-content\/uploads\/2011\/08\/Muhamet-Nika_ULQIN.jpg 435w\" sizes=\"(max-width: 300px) 100vw, 300px\" \/><\/a>Shkruan Muhamet Nika<\/strong><\/p>\n<p>Praktika ka d\u00ebshmuar se kur \u00ebsht\u00eb\u00a0\u00a0 n\u00eb pyetje individi\u00a0\u00a0 apo grupi shoq\u00ebror\u00a0\u00a0 n\u00eb nj\u00eb realitet t\u00eb dh\u00ebn\u00eb, si te ne\u00a0 e gjetk\u00eb, nuk ka pasur sukses asnj\u00ebher\u00eb ta fitoj\u00eb kaosin shoq\u00ebror. Kaosi pavar\u00ebsisht nga njer\u00ebzit dhe p\u00ebrpjekjet e pa organizuara t\u00eb tyre mbret\u00ebronte dhe mbret\u00ebron n\u00eb nj\u00eb shoq\u00ebrori me ligjet e veta t\u00eb pakuptueshme p\u00ebr natyr\u00ebn ton\u00eb. Shembujt q\u00eb d\u00ebshmojn\u00eb k\u00ebt\u00eb jan\u00eb t\u00eb bollsh\u00ebm nd\u00ebrsa ata t\u00eb cil\u00ebt \u201ckushtimisht \u201c e fituan kaosin num\u00ebrohen me gishtat e nj\u00eb dore, por prap\u00eb se prap\u00eb shpesh her\u00eb radhiten n\u00eb histori , n\u00eb list\u00ebn e diktator\u00ebve dhe diktaturave.<\/p>\n<p>Andaj vler\u00ebsojm\u00eb se nuk ia vlen t\u00eb merremi me p\u00ebrpjekjen e triumfit mbi te, n\u00eb m\u00ebnyr\u00eb t\u00eb pa studiuar dhe individuale. Si pjes\u00ebmarr\u00ebs i k\u00ebtij aktiviteti kaotik shoq\u00ebror, t\u00eb shekullit q\u00eb shkoi, leht\u00eb them q\u00eb d\u00ebshmohet se aty kah fundi i loj\u00ebs \u2013kaosi, iu ka imponuar gjith\u00eb atyre ligjshm\u00ebrit\u00eb e veta t\u00eb shkruara e t\u00eb pa shkruara&#8230;?!! Dhe sot ata t\u00eb cil\u00ebt \u201c e pat\u00ebn me t\u00eb futme..\u201d, vuajn\u00eb nj\u00eb lloj me ne\u00a0\u00a0 pasojat mbase edhe m\u00eb keq, nd\u00ebrsa p\u00ebr \u201c t\u00eb futmet e sodit..\u201d, do t\u00eb v\u00ebrehet se pasojat do t\u2019i vuajn\u00eb nes\u00ebr t\u00eb tjer\u00ebt&#8230;.?!!! Kurse rreth k\u00ebsaj mund t\u00eb shtohet q\u00eb hetohet se askush apo rrall\u00eb kush ndal\u00ebt, p\u00ebr t\u00eb lexuar at\u00eb q\u00eb shprehur me gjuh\u00ebn e medicin\u00ebs , si diagnoz\u00eb, do t\u00eb quhej \u201cdiagnosis contra populus cronikus&#8230;\u201d<\/p>\n<p>Duke e ditur q\u00eb \u00e7do koh\u00eb e ka brezin e vet, n\u00eb se nuk gabohem n\u00eb vler\u00ebsim, na duket se n\u00eb shoq\u00ebrin\u00eb ton\u00eb \u201ct\u00eb hapur-internetit..\u201d, ka filluar e formohet nj\u00eb brez i ri, i cili \u201c t\u00eb futmet..\u201d, nuk i vler\u00ebson pozitivisht dhe q\u00eb ka nevoj\u00eb t\u00eb informohet me sukseset dhe d\u00ebshtimet e politik\u00ebs , t\u00eb pakt\u00ebn atyre kryetar\u00ebve q\u00eb sipas radh\u00ebs udh\u00ebhoq\u00ebn komun\u00ebn pas viteve 90 e k\u00ebtej.Pjestar\u00ebt e k\u00ebtij brezi, shprehin opinionet e veta, por nuk ngulin k\u00ebmb\u00eb se jan\u00eb gjykat\u00ebs, ngase sipas shkoll\u00ebs amerikane gjykimi i takon vet\u00ebm gjykat\u00ebsit t\u00eb li\u00e7ensuar dhe Zotit&#8230;?!!<\/p>\n<p>Para se t\u00eb vazhdojm\u00eb me shkrimet anti korrupsion ,\u00a0\u00a0 fillimisht po ve\u00e7ojm\u00eb sukseset e kryetar\u00ebve q\u00eb na udh\u00ebhoq\u00ebn duke u ndalur m\u00eb pas te d\u00ebshtimet , gjithnj\u00eb sipas prizmit ton\u00eb&#8230;?!!!<\/p>\n<p><strong>Sukseset e M.Bardhit si kryetar komune dhe partie n\u00eb Ulqin.<\/strong><\/p>\n<ul>\n<li>Stabiliteti politik dhe financiar i komun\u00ebs. Rrogat e t\u00eb pun\u00ebsuarve merreshin rregullisht edhe pse pat\u00ebm nj\u00eb gjendje lufte dhe krize ekonomike. Kuvendi kish rolin q\u00eb i takon, kish edhe liri brenda llojit.<\/li>\n<\/ul>\n<p>P\u00ebr shembull nj\u00ebri nga k\u00ebshilltar\u00ebt e klubit t\u00eb tij i k\u00ebrkoj edhe vot\u00ebbesim n\u00eb kuvend , por nuk i kaloi dhe p\u00ebr k\u00ebt\u00eb akt t\u00eb k\u00ebshilltarit nuk u mor m\u00eb von\u00eb as vet\u00eb partia me organet e veta. M\u00eb von\u00eb ky q\u00eb kish k\u00ebrkuar vot\u00ebbesim nga strukturat e saja u b\u00eb edhe krye shef i inspektimit .<\/p>\n<ul>\n<li>Menaxhimi racional i mjeteve t\u00eb komun\u00ebs n\u00eb situat\u00ebn e krijuar pas marrjes s\u00eb burimeve n\u00eb t\u00eb ardhura nga qeveria- Nga t\u00eb cilat disa u kthyen vet\u00ebm pas insistimit permanent t\u00eb tijin, n\u00eb vitin 2003 , me rastin e reform\u00ebs s\u00eb financimit t\u00eb pushteteve lokale.<\/li>\n<li>Nuk la borxhe t\u00eb pa shlyera dhe mbajti n\u00ebn kontroll- t\u00eb bllokuara l\u00ebnd\u00ebt gjyq\u00ebsore duke q\u00ebndruar larg gjykatave dhe prokuroris\u00eb e duke i kritikuar n\u00eb m\u00ebnyr\u00eb permanente sistemin e tyre. Por n\u00ebpun\u00ebsit e tij- mbrojt\u00ebsit e pasuris\u00eb s\u00eb komun\u00ebs t\u00eb k\u00ebsaj kohe vuajn\u00eb nga disa denoncime e padi n\u00eb gjykata e prokurori bashk\u00eb me disa nga sekretar\u00ebt q\u00eb kish ..?!!!<\/li>\n<li>Nuk lejonte q\u00eb jasht\u00eb kontrollit dhe ligjit e pa dijen dhe lejen e\u00a0\u00a0 tij, t\u00eb hynin n\u00eb komun\u00eb inspektor\u00ebt e policis\u00eb , p\u00ebr t\u00eb v\u00ebn\u00eb \u201cbombica\u201d p\u00ebrgjimi ose p\u00ebr t\u00eb kontrolluar dokumentacionin e zyrtar\u00ebve \u2013 Madje disa edhe i p\u00ebrzuri me fjal\u00eb nga nd\u00ebrtesa..?!!!<\/li>\n<li>Reduktoi n\u00eb m\u00ebnyr\u00eb t\u00eb arsyeshme numrin e t\u00eb pun\u00ebsuarve, duk mos e rritur at\u00eb pa nevoj\u00eb .<\/li>\n<li>Pat p\u00ebrzgjedhur kuadrin profesional q\u00eb duhej n\u00eb pajtim me ligj q\u00eb n\u00ebnkuptonte , pasjen e fakultetit p\u00ebrkat\u00ebs t\u00eb kryer, specializimin e nevojsh\u00ebm (praktik\u00ebn ), provimin shtet\u00ebror t\u00eb dh\u00ebn\u00eb etj. Numri i p\u00ebrgjithsh\u00ebm i t\u00eb pun\u00ebsuarve n\u00eb komun\u00eb ishte n\u00ebn 100 veta, si n\u00eb fillim ashtu edhe n\u00eb fund t\u00eb mandatit. T\u00eb pun\u00ebsuarit e k\u00ebsaj kohe mund t\u00eb num\u00ebrohen me gishtat e nj\u00eb dore. Ishte i huaj koncepti i pun\u00ebsimit partiak p\u00ebr t\u00eb siguruar vot\u00eb ose ai\u00a0\u00a0 i investimeve partiake.<\/li>\n<li>Me k\u00ebrkesat e rrumbullakuara politike t\u00eb LD-s\u00eb, njoftonte kuvendin p\u00ebr \u00e7\u00ebshtjet e ngritura si shqet\u00ebsim dhe me ta njoftonte p\u00ebrfaq\u00ebsit\u00eb diplomatike \u2013brenda e jasht\u00eb vendit.<\/li>\n<li>Kujto konkluzat dhe vendimet kund\u00ebr ligjeve diskriminuese , si ai p\u00ebr Pasurit\u00eb Detare dhe shitjes s\u00eb Valdanosit.<\/li>\n<li>Fal\u00eb k\u00ebtij angazhimi t\u00eb brendsh\u00ebm e t\u00eb jasht\u00ebm , u bllokua shitja e Valdanosit dhe e gjith\u00eb bregdetit t\u00eb Ulqinit.<\/li>\n<li>Nuk u pajtua me politiken e centralizimit t\u00eb mjeteve dhe t\u00eb ardhurave tjera nga republika e as p\u00ebr shitjen e tok\u00ebs. Kjo politik\u00eb u pasua edhe nga 2 kryetar\u00ebt tjer\u00eb t\u00eb ld-s\u00eb, O. Rexha dhe S.H oxha .<\/li>\n<li>Sukses i k\u00ebtij angazhimi \u00ebsht\u00eb edhe futja me funksion e kryetarit t\u00eb komun\u00ebs n\u00eb bordin e shitjes s\u00eb tok\u00ebs nga qeveria n\u00eb Ulqin, me t\u00eb cilin kryeson kryeministri. Deri m\u00eb tash an\u00ebtar\u00eb t\u00eb k\u00ebshillit t\u00eb shitjes i ra t\u00eb ishin G\u00ebzim Hajdinaga , Nazif Cungu dhe Fatmir Gjeka.<\/li>\n<li>Pengoi n\u00eb m\u00ebnyr\u00ebn m\u00eb t\u00eb mir\u00eb mobilizimin e dhunsh\u00ebm t\u00eb shqiptar\u00ebve n\u00eb luft\u00eb-kriza e Suturmanit duke protestuar m\u00eb von\u00eb edhe p\u00ebr \u00e7do rast t\u00eb maltretimit t\u00eb qytetar\u00ebve me protesta e kumtesa t\u00eb shkruara.<\/li>\n<li>B\u00ebri kontaktet e para me universitetet e Shqip\u00ebris\u00eb duke i b\u00ebr\u00eb zyrtare p\u00ebr shqiptar\u00ebt e Malitt\u00eb Zi, studimet e larta q\u00eb vazhdojn\u00eb edhe sot , duke siguruar kuotat jasht\u00eb konkurrimit. Ishte koha e mbylljes s\u00eb universitetit t\u00eb Kosov\u00ebs para lufte nga okupatori serb etj.<\/li>\n<li>Futi n\u00eb p\u00ebrdorim zyrtar dhe zbatim institucional shqipen \u2013dy gjuh\u00ebsis\u00eb n\u00eb komun\u00eb. Nga kjo koh\u00eb ka mbetur e sh\u00ebnuar q\u00eb disa vendime t\u00eb r\u00ebnd\u00ebsishme t\u00eb pushtetit t\u00eb lidhjes , t\u00eb publikoheshin shqip edhe n\u00eb gazet\u00ebn zyrtare . Materiali i kuvendit shkonte detyrimisht n\u00eb t\u00eb dy gjuh\u00ebt.<\/li>\n<\/ul>\n<p>&nbsp;<\/p>\n<p><strong><em>(Vazhdon, d\u00ebshtimet politike te Mehmet Bardhit&#8230;)?!!<\/em><\/strong><\/p>\n","protected":false},"excerpt":{"rendered":"<p>Shkruan Muhamet Nika Praktika ka d\u00ebshmuar se kur \u00ebsht\u00eb\u00a0\u00a0 n\u00eb pyetje individi\u00a0\u00a0 apo grupi shoq\u00ebror\u00a0\u00a0 n\u00eb nj\u00eb realitet t\u00eb dh\u00ebn\u00eb, si te ne\u00a0 e gjetk\u00eb, nuk ka pasur sukses asnj\u00ebher\u00eb ta fitoj\u00eb kaosin shoq\u00ebror. Kaosi pavar\u00ebsisht nga njer\u00ebzit dhe p\u00ebrpjekjet e pa organizuara t\u00eb tyre mbret\u00ebronte dhe mbret\u00ebron n\u00eb nj\u00eb shoq\u00ebrori me ligjet e veta [&hellip;]<\/p>\n","protected":false},"author":1,"featured_media":0,"comment_status":"closed","ping_status":"closed","sticky":false,"template":"","format":"standard","meta":{"spay_email":"","jetpack_publicize_message":"","jetpack_is_tweetstorm":false,"jetpack_publicize_feature_enabled":true},"categories":[1,14249],"tags":[],"jetpack_publicize_connections":[],"yoast_head":"<!-- This site is optimized with the Yoast SEO plugin v19.1 - https:\/\/yoast.com\/wordpress\/plugins\/seo\/ -->\n<title>Nika: Diagnosis Contra Populus - Cronikus - Lajme nga Ulqini<\/title>\n<meta name=\"description\" content=\"Shkruan Muhamet Nika Praktika ka d\u00ebshmuar se kur \u00ebsht\u00eb\u00a0\u00a0 n\u00eb pyetje individi\u00a0\u00a0 apo grupi shoq\u00ebror\u00a0\u00a0 n\u00eb nj\u00eb realitet t\u00eb dh\u00ebn\u00eb, si te ne\u00a0 e gjetk\u00eb, nuk ka\" \/>\n<meta name=\"robots\" content=\"index, follow, max-snippet:-1, max-image-preview:large, max-video-preview:-1\" \/>\n<link rel=\"canonical\" href=\"https:\/\/www.visit-ulcinj.com\/blog\/2015\/02\/05\/nika-diagnosis-contra-populus-cronikus\/\" \/>\n<meta property=\"og:locale\" content=\"en_US\" \/>\n<meta property=\"og:type\" content=\"article\" \/>\n<meta property=\"og:title\" content=\"Nika: Diagnosis Contra Populus - Cronikus - Lajme nga Ulqini\" \/>\n<meta property=\"og:description\" content=\"Shkruan Muhamet Nika Praktika ka d\u00ebshmuar se kur \u00ebsht\u00eb\u00a0\u00a0 n\u00eb pyetje individi\u00a0\u00a0 apo grupi shoq\u00ebror\u00a0\u00a0 n\u00eb nj\u00eb realitet t\u00eb dh\u00ebn\u00eb, si te ne\u00a0 e gjetk\u00eb, nuk ka\" \/>\n<meta property=\"og:url\" content=\"https:\/\/www.visit-ulcinj.com\/blog\/2015\/02\/05\/nika-diagnosis-contra-populus-cronikus\/\" \/>\n<meta property=\"og:site_name\" content=\"Lajme nga Ulqini\" \/>\n<meta property=\"article:published_time\" content=\"2015-02-05T13:39:07+00:00\" \/>\n<meta property=\"article:modified_time\" content=\"2015-02-08T05:17:09+00:00\" \/>\n<meta property=\"og:image\" content=\"http:\/\/www.visit-ulcinj.com\/blog\/wp-content\/uploads\/2011\/08\/Muhamet-Nika_ULQIN-300x225.jpg\" \/>\n<meta name=\"twitter:label1\" content=\"Written by\" \/>\n\t<meta name=\"twitter:data1\" content=\"ulqini\" \/>\n\t<meta name=\"twitter:label2\" content=\"Est. reading time\" \/>\n\t<meta name=\"twitter:data2\" content=\"6 minutes\" \/>\n<script type=\"application\/ld+json\" class=\"yoast-schema-graph\">{\"@context\":\"https:\/\/schema.org\",\"@graph\":[{\"@type\":\"WebSite\",\"@id\":\"https:\/\/www.visit-ulcinj.com\/blog\/#website\",\"url\":\"https:\/\/www.visit-ulcinj.com\/blog\/\",\"name\":\"Lajme nga Ulqini\",\"description\":\"Lajme,Vijesti,Ulqini,Ulqin,Crna Gora,Mali i Zi\",\"potentialAction\":[{\"@type\":\"SearchAction\",\"target\":{\"@type\":\"EntryPoint\",\"urlTemplate\":\"https:\/\/www.visit-ulcinj.com\/blog\/?s={search_term_string}\"},\"query-input\":\"required name=search_term_string\"}],\"inLanguage\":\"en-US\"},{\"@type\":\"ImageObject\",\"inLanguage\":\"en-US\",\"@id\":\"https:\/\/www.visit-ulcinj.com\/blog\/2015\/02\/05\/nika-diagnosis-contra-populus-cronikus\/#primaryimage\",\"url\":\"https:\/\/www.visit-ulcinj.com\/blog\/wp-content\/uploads\/2011\/08\/Muhamet-Nika_ULQIN.jpg\",\"contentUrl\":\"https:\/\/www.visit-ulcinj.com\/blog\/wp-content\/uploads\/2011\/08\/Muhamet-Nika_ULQIN.jpg\",\"width\":\"435\",\"height\":\"327\"},{\"@type\":\"WebPage\",\"@id\":\"https:\/\/www.visit-ulcinj.com\/blog\/2015\/02\/05\/nika-diagnosis-contra-populus-cronikus\/#webpage\",\"url\":\"https:\/\/www.visit-ulcinj.com\/blog\/2015\/02\/05\/nika-diagnosis-contra-populus-cronikus\/\",\"name\":\"Nika: Diagnosis Contra Populus - Cronikus - Lajme nga Ulqini\",\"isPartOf\":{\"@id\":\"https:\/\/www.visit-ulcinj.com\/blog\/#website\"},\"primaryImageOfPage\":{\"@id\":\"https:\/\/www.visit-ulcinj.com\/blog\/2015\/02\/05\/nika-diagnosis-contra-populus-cronikus\/#primaryimage\"},\"datePublished\":\"2015-02-05T13:39:07+00:00\",\"dateModified\":\"2015-02-08T05:17:09+00:00\",\"author\":{\"@id\":\"https:\/\/www.visit-ulcinj.com\/blog\/#\/schema\/person\/dcab619c614d3038751c63bc2aadc06d\"},\"description\":\"Shkruan Muhamet Nika Praktika ka d\u00ebshmuar se kur \u00ebsht\u00eb\u00a0\u00a0 n\u00eb pyetje individi\u00a0\u00a0 apo grupi shoq\u00ebror\u00a0\u00a0 n\u00eb nj\u00eb realitet t\u00eb dh\u00ebn\u00eb, si te ne\u00a0 e gjetk\u00eb, nuk ka\",\"breadcrumb\":{\"@id\":\"https:\/\/www.visit-ulcinj.com\/blog\/2015\/02\/05\/nika-diagnosis-contra-populus-cronikus\/#breadcrumb\"},\"inLanguage\":\"en-US\",\"potentialAction\":[{\"@type\":\"ReadAction\",\"target\":[\"https:\/\/www.visit-ulcinj.com\/blog\/2015\/02\/05\/nika-diagnosis-contra-populus-cronikus\/\"]}]},{\"@type\":\"BreadcrumbList\",\"@id\":\"https:\/\/www.visit-ulcinj.com\/blog\/2015\/02\/05\/nika-diagnosis-contra-populus-cronikus\/#breadcrumb\",\"itemListElement\":[{\"@type\":\"ListItem\",\"position\":1,\"name\":\"Nika: Diagnosis Contra Populus &#8211; Cronikus\"}]},{\"@type\":\"Person\",\"@id\":\"https:\/\/www.visit-ulcinj.com\/blog\/#\/schema\/person\/dcab619c614d3038751c63bc2aadc06d\",\"name\":\"ulqini\",\"sameAs\":[\"http:\/\/www.visit-ulcinj.com\"],\"url\":\"https:\/\/www.visit-ulcinj.com\/blog\/author\/admin\/\"}]}<\/script>\n<!-- \/ Yoast SEO plugin. -->","yoast_head_json":{"title":"Nika: Diagnosis Contra Populus - Cronikus - Lajme nga Ulqini","description":"Shkruan Muhamet Nika Praktika ka d\u00ebshmuar se kur \u00ebsht\u00eb\u00a0\u00a0 n\u00eb pyetje individi\u00a0\u00a0 apo grupi shoq\u00ebror\u00a0\u00a0 n\u00eb nj\u00eb realitet t\u00eb dh\u00ebn\u00eb, si te ne\u00a0 e gjetk\u00eb, nuk ka","robots":{"index":"index","follow":"follow","max-snippet":"max-snippet:-1","max-image-preview":"max-image-preview:large","max-video-preview":"max-video-preview:-1"},"canonical":"https:\/\/www.visit-ulcinj.com\/blog\/2015\/02\/05\/nika-diagnosis-contra-populus-cronikus\/","og_locale":"en_US","og_type":"article","og_title":"Nika: Diagnosis Contra Populus - Cronikus - Lajme nga Ulqini","og_description":"Shkruan Muhamet Nika Praktika ka d\u00ebshmuar se kur \u00ebsht\u00eb\u00a0\u00a0 n\u00eb pyetje individi\u00a0\u00a0 apo grupi shoq\u00ebror\u00a0\u00a0 n\u00eb nj\u00eb realitet t\u00eb dh\u00ebn\u00eb, si te ne\u00a0 e gjetk\u00eb, nuk ka","og_url":"https:\/\/www.visit-ulcinj.com\/blog\/2015\/02\/05\/nika-diagnosis-contra-populus-cronikus\/","og_site_name":"Lajme nga Ulqini","article_published_time":"2015-02-05T13:39:07+00:00","article_modified_time":"2015-02-08T05:17:09+00:00","og_image":[{"url":"http:\/\/www.visit-ulcinj.com\/blog\/wp-content\/uploads\/2011\/08\/Muhamet-Nika_ULQIN-300x225.jpg"}],"twitter_misc":{"Written by":"ulqini","Est. reading time":"6 minutes"},"schema":{"@context":"https:\/\/schema.org","@graph":[{"@type":"WebSite","@id":"https:\/\/www.visit-ulcinj.com\/blog\/#website","url":"https:\/\/www.visit-ulcinj.com\/blog\/","name":"Lajme nga Ulqini","description":"Lajme,Vijesti,Ulqini,Ulqin,Crna Gora,Mali i Zi","potentialAction":[{"@type":"SearchAction","target":{"@type":"EntryPoint","urlTemplate":"https:\/\/www.visit-ulcinj.com\/blog\/?s={search_term_string}"},"query-input":"required name=search_term_string"}],"inLanguage":"en-US"},{"@type":"ImageObject","inLanguage":"en-US","@id":"https:\/\/www.visit-ulcinj.com\/blog\/2015\/02\/05\/nika-diagnosis-contra-populus-cronikus\/#primaryimage","url":"https:\/\/www.visit-ulcinj.com\/blog\/wp-content\/uploads\/2011\/08\/Muhamet-Nika_ULQIN.jpg","contentUrl":"https:\/\/www.visit-ulcinj.com\/blog\/wp-content\/uploads\/2011\/08\/Muhamet-Nika_ULQIN.jpg","width":"435","height":"327"},{"@type":"WebPage","@id":"https:\/\/www.visit-ulcinj.com\/blog\/2015\/02\/05\/nika-diagnosis-contra-populus-cronikus\/#webpage","url":"https:\/\/www.visit-ulcinj.com\/blog\/2015\/02\/05\/nika-diagnosis-contra-populus-cronikus\/","name":"Nika: Diagnosis Contra Populus - Cronikus - Lajme nga Ulqini","isPartOf":{"@id":"https:\/\/www.visit-ulcinj.com\/blog\/#website"},"primaryImageOfPage":{"@id":"https:\/\/www.visit-ulcinj.com\/blog\/2015\/02\/05\/nika-diagnosis-contra-populus-cronikus\/#primaryimage"},"datePublished":"2015-02-05T13:39:07+00:00","dateModified":"2015-02-08T05:17:09+00:00","author":{"@id":"https:\/\/www.visit-ulcinj.com\/blog\/#\/schema\/person\/dcab619c614d3038751c63bc2aadc06d"},"description":"Shkruan Muhamet Nika Praktika ka d\u00ebshmuar se kur \u00ebsht\u00eb\u00a0\u00a0 n\u00eb pyetje individi\u00a0\u00a0 apo grupi shoq\u00ebror\u00a0\u00a0 n\u00eb nj\u00eb realitet t\u00eb dh\u00ebn\u00eb, si te ne\u00a0 e gjetk\u00eb, nuk ka","breadcrumb":{"@id":"https:\/\/www.visit-ulcinj.com\/blog\/2015\/02\/05\/nika-diagnosis-contra-populus-cronikus\/#breadcrumb"},"inLanguage":"en-US","potentialAction":[{"@type":"ReadAction","target":["https:\/\/www.visit-ulcinj.com\/blog\/2015\/02\/05\/nika-diagnosis-contra-populus-cronikus\/"]}]},{"@type":"BreadcrumbList","@id":"https:\/\/www.visit-ulcinj.com\/blog\/2015\/02\/05\/nika-diagnosis-contra-populus-cronikus\/#breadcrumb","itemListElement":[{"@type":"ListItem","position":1,"name":"Nika: Diagnosis Contra Populus &#8211; Cronikus"}]},{"@type":"Person","@id":"https:\/\/www.visit-ulcinj.com\/blog\/#\/schema\/person\/dcab619c614d3038751c63bc2aadc06d","name":"ulqini","sameAs":["http:\/\/www.visit-ulcinj.com"],"url":"https:\/\/www.visit-ulcinj.com\/blog\/author\/admin\/"}]}},"jetpack_featured_media_url":"","jetpack_sharing_enabled":true,"jetpack_shortlink":"https:\/\/wp.me\/pe6lTn-mZR","_links":{"self":[{"href":"https:\/\/www.visit-ulcinj.com\/blog\/wp-json\/wp\/v2\/posts\/88403"}],"collection":[{"href":"https:\/\/www.visit-ulcinj.com\/blog\/wp-json\/wp\/v2\/posts"}],"about":[{"href":"https:\/\/www.visit-ulcinj.com\/blog\/wp-json\/wp\/v2\/types\/post"}],"author":[{"embeddable":true,"href":"https:\/\/www.visit-ulcinj.com\/blog\/wp-json\/wp\/v2\/users\/1"}],"replies":[{"embeddable":true,"href":"https:\/\/www.visit-ulcinj.com\/blog\/wp-json\/wp\/v2\/comments?post=88403"}],"version-history":[{"count":1,"href":"https:\/\/www.visit-ulcinj.com\/blog\/wp-json\/wp\/v2\/posts\/88403\/revisions"}],"predecessor-version":[{"id":88404,"href":"https:\/\/www.visit-ulcinj.com\/blog\/wp-json\/wp\/v2\/posts\/88403\/revisions\/88404"}],"wp:attachment":[{"href":"https:\/\/www.visit-ulcinj.com\/blog\/wp-json\/wp\/v2\/media?parent=88403"}],"wp:term":[{"taxonomy":"category","embeddable":true,"href":"https:\/\/www.visit-ulcinj.com\/blog\/wp-json\/wp\/v2\/categories?post=88403"},{"taxonomy":"post_tag","embeddable":true,"href":"https:\/\/www.visit-ulcinj.com\/blog\/wp-json\/wp\/v2\/tags?post=88403"}],"curies":[{"name":"wp","href":"https:\/\/api.w.org\/{rel}","templated":true}]}}