{"id":88408,"date":"2015-02-07T10:30:11","date_gmt":"2015-02-07T09:30:11","guid":{"rendered":"http:\/\/www.visit-ulcinj.com\/blog\/?p=88408"},"modified":"2015-02-07T11:15:13","modified_gmt":"2015-02-07T10:15:13","slug":"uji-cdo-vit-e-shtrenjte-ne-ulqin-por-rroga-ska","status":"publish","type":"post","link":"https:\/\/www.visit-ulcinj.com\/blog\/2015\/02\/07\/uji-cdo-vit-e-shtrenjte-ne-ulqin-por-rroga-ska\/","title":{"rendered":"Uji \u00e7do vit e m\u00eb i shtrenjt\u00eb n\u00eb Ulqin, por rroga ska"},"content":{"rendered":"<p><a href=\"http:\/\/www.visit-ulcinj.com\/blog\/wp-content\/uploads\/2013\/07\/Komunalno-Ulcinj.jpg\"><img loading=\"lazy\" class=\"alignleft wp-image-72936\" src=\"http:\/\/www.visit-ulcinj.com\/blog\/wp-content\/uploads\/2013\/07\/Komunalno-Ulcinj.jpg\" alt=\"Komunalno-Ulcinj\" width=\"508\" height=\"348\" srcset=\"https:\/\/www.visit-ulcinj.com\/blog\/wp-content\/uploads\/2013\/07\/Komunalno-Ulcinj.jpg 640w, https:\/\/www.visit-ulcinj.com\/blog\/wp-content\/uploads\/2013\/07\/Komunalno-Ulcinj-300x205.jpg 300w\" sizes=\"(max-width: 508px) 100vw, 508px\" \/><\/a>N\u00eb Nd\u00ebrmarrjen komunale Uj\u00ebsjell\u00ebs Kanalizim jan\u00eb t\u00eb pun\u00ebsuar 136 pun\u00ebtor\u00eb . T\u00eb pun\u00ebsuarit n\u00eb k\u00ebt\u00eb nd\u00ebrmarrje jan\u00eb minus 5 rroga, nd\u00ebrsa kontributet i kan\u00eb t\u00eb pa paguara 2 vjet e gjysm\u00eb, q\u00eb nga muaji maj i vitit 2012. Pritet q\u00eb s\u00eb shpejti kryetari i komun\u00ebs Fatmir Gjeka t\u00eb n\u00ebnshkruaj marr\u00ebveshjen me Ministrin\u00eb e financave p\u00ebr reprogramin e borxhit tatimor n\u00eb 15 vite,ku b\u00ebn\u00eb pjes\u00eb edhe kjo Nd\u00ebrmarrje, raporton portali Tv Teuta.<\/p>\n<p>Problem i cili bartet nga viti n\u00eb vit \u00ebsht\u00eb edhe pagesa jo e rregullt e konsumator\u00ebve t\u00eb cil\u00ebt n\u00eb p\u00ebrgjith\u00ebsi paguajn\u00eb 78% t\u00eb borxheve ,nd\u00ebrsa 22% i mbesin borxh Nd\u00ebrmarrjes.<\/p>\n<p>Banka Gjermane p\u00ebr zhvillim \u2013KFW banka \u00a0\u00ebsht\u00eb dashur t\u00eb filloj\u00eb me realizimin e investimeve n\u00eb rrjetin e uj\u00ebsjell\u00ebsit dhe kanalizimit ku parashihet q\u00eb t\u00eb investojn\u00eb 21 milion euro, por me nj\u00eb kusht q\u00eb t\u00eb zvog\u00eblohet numri i pun\u00ebtor\u00ebve n\u00eb 100, shprehet drejtori i k\u00ebsaj Nd\u00ebrmarrje Publike Fehim Avdiu.<\/p>\n<p>\u201cJemi n\u00eb bisedime me kryetarin Gjeka p\u00ebr formimin e agjencis\u00eb\u00a0 p\u00ebr parkingje ku do t\u00eb kishin kaluar k\u00ebto pun\u00ebtor\u00eb, por si duket kjo \u00e7\u00ebshtje \u00ebsht\u00eb politizuar, partner\u00ebt e koalicionit nuk jan\u00eb dakord\u201d, shprehet Avdiu.<\/p>\n<p>Rreth 250 mij\u00eb euro komuna e Ulqinit duhet ndar\u00eb p\u00ebr nd\u00ebrrimin e tubacioneve t\u00eb uj\u00ebsjell\u00ebsit n\u00eb aksin rrugor Kryth\u00eb-Ulqin- punimet t\u00eb cilat duhet t\u00eb fillojn\u00eb shum\u00eb shpejt.<\/p>\n<p>&nbsp;<\/p>\n<p>\u201cQytetar\u00ebt tan\u00eb p\u00ebr nj\u00eb kubik uj\u00eb t\u00eb harxhuar n\u00eb amvisni n\u00eb periudh\u00ebn dim\u00ebrore paguajn\u00eb 0,67 cent,nd\u00ebrsa gjat\u00eb sezonit veror 0,77. Afarist\u00ebt\u00a0 p\u00ebr nj\u00eb kubik uj\u00eb\u00a0 duhet ndar\u00eb 1.75\u201d . Drejtori Avdiu deklaroi se edhe pse kemi rritur \u00e7mimin e ujit, prap\u00eb se prap\u00eb jemi shum\u00eb m\u00eb t\u00eb lir\u00eb se qytetet tjera bregdetare, bile nd\u00ebr m\u00eb t\u00eb lir\u00ebt.<\/p>\n","protected":false},"excerpt":{"rendered":"<p>N\u00eb Nd\u00ebrmarrjen komunale Uj\u00ebsjell\u00ebs Kanalizim jan\u00eb t\u00eb pun\u00ebsuar 136 pun\u00ebtor\u00eb . T\u00eb pun\u00ebsuarit n\u00eb k\u00ebt\u00eb nd\u00ebrmarrje jan\u00eb minus 5 rroga, nd\u00ebrsa kontributet i kan\u00eb t\u00eb pa paguara 2 vjet e gjysm\u00eb, q\u00eb nga muaji maj i vitit 2012. Pritet q\u00eb s\u00eb shpejti kryetari i komun\u00ebs Fatmir Gjeka t\u00eb n\u00ebnshkruaj marr\u00ebveshjen me Ministrin\u00eb e financave p\u00ebr [&hellip;]<\/p>\n","protected":false},"author":1,"featured_media":0,"comment_status":"closed","ping_status":"closed","sticky":false,"template":"","format":"standard","meta":{"spay_email":"","jetpack_publicize_message":"","jetpack_is_tweetstorm":false,"jetpack_publicize_feature_enabled":true},"categories":[10,1],"tags":[],"jetpack_publicize_connections":[],"yoast_head":"<!-- This site is optimized with the Yoast SEO plugin v19.1 - https:\/\/yoast.com\/wordpress\/plugins\/seo\/ -->\n<title>Uji \u00e7do vit e m\u00eb i shtrenjt\u00eb n\u00eb Ulqin, por rroga ska - Lajme nga Ulqini<\/title>\n<meta name=\"description\" content=\"N\u00eb Nd\u00ebrmarrjen komunale Uj\u00ebsjell\u00ebs Kanalizim jan\u00eb t\u00eb pun\u00ebsuar 136 pun\u00ebtor\u00eb . T\u00eb pun\u00ebsuarit n\u00eb k\u00ebt\u00eb nd\u00ebrmarrje jan\u00eb minus 5 rroga, nd\u00ebrsa kontributet i\" \/>\n<meta name=\"robots\" content=\"index, follow, max-snippet:-1, max-image-preview:large, max-video-preview:-1\" \/>\n<link rel=\"canonical\" href=\"https:\/\/www.visit-ulcinj.com\/blog\/2015\/02\/07\/uji-cdo-vit-e-shtrenjte-ne-ulqin-por-rroga-ska\/\" \/>\n<meta property=\"og:locale\" content=\"en_US\" \/>\n<meta property=\"og:type\" content=\"article\" \/>\n<meta property=\"og:title\" content=\"Uji \u00e7do vit e m\u00eb i shtrenjt\u00eb n\u00eb Ulqin, por rroga ska - Lajme nga Ulqini\" \/>\n<meta property=\"og:description\" content=\"N\u00eb Nd\u00ebrmarrjen komunale Uj\u00ebsjell\u00ebs Kanalizim jan\u00eb t\u00eb pun\u00ebsuar 136 pun\u00ebtor\u00eb . T\u00eb pun\u00ebsuarit n\u00eb k\u00ebt\u00eb nd\u00ebrmarrje jan\u00eb minus 5 rroga, nd\u00ebrsa kontributet i\" \/>\n<meta property=\"og:url\" content=\"https:\/\/www.visit-ulcinj.com\/blog\/2015\/02\/07\/uji-cdo-vit-e-shtrenjte-ne-ulqin-por-rroga-ska\/\" \/>\n<meta property=\"og:site_name\" content=\"Lajme nga Ulqini\" \/>\n<meta property=\"article:published_time\" content=\"2015-02-07T09:30:11+00:00\" \/>\n<meta property=\"article:modified_time\" content=\"2015-02-07T10:15:13+00:00\" \/>\n<meta property=\"og:image\" content=\"http:\/\/www.visit-ulcinj.com\/blog\/wp-content\/uploads\/2013\/07\/Komunalno-Ulcinj.jpg\" \/>\n<meta name=\"twitter:label1\" content=\"Written by\" \/>\n\t<meta name=\"twitter:data1\" content=\"ulqini\" \/>\n\t<meta name=\"twitter:label2\" content=\"Est. reading time\" \/>\n\t<meta name=\"twitter:data2\" content=\"2 minutes\" \/>\n<script type=\"application\/ld+json\" class=\"yoast-schema-graph\">{\"@context\":\"https:\/\/schema.org\",\"@graph\":[{\"@type\":\"WebSite\",\"@id\":\"https:\/\/www.visit-ulcinj.com\/blog\/#website\",\"url\":\"https:\/\/www.visit-ulcinj.com\/blog\/\",\"name\":\"Lajme nga Ulqini\",\"description\":\"Lajme,Vijesti,Ulqini,Ulqin,Crna Gora,Mali i Zi\",\"potentialAction\":[{\"@type\":\"SearchAction\",\"target\":{\"@type\":\"EntryPoint\",\"urlTemplate\":\"https:\/\/www.visit-ulcinj.com\/blog\/?s={search_term_string}\"},\"query-input\":\"required name=search_term_string\"}],\"inLanguage\":\"en-US\"},{\"@type\":\"ImageObject\",\"inLanguage\":\"en-US\",\"@id\":\"https:\/\/www.visit-ulcinj.com\/blog\/2015\/02\/07\/uji-cdo-vit-e-shtrenjte-ne-ulqin-por-rroga-ska\/#primaryimage\",\"url\":\"https:\/\/www.visit-ulcinj.com\/blog\/wp-content\/uploads\/2013\/07\/Komunalno-Ulcinj.jpg\",\"contentUrl\":\"https:\/\/www.visit-ulcinj.com\/blog\/wp-content\/uploads\/2013\/07\/Komunalno-Ulcinj.jpg\",\"width\":640,\"height\":438},{\"@type\":\"WebPage\",\"@id\":\"https:\/\/www.visit-ulcinj.com\/blog\/2015\/02\/07\/uji-cdo-vit-e-shtrenjte-ne-ulqin-por-rroga-ska\/#webpage\",\"url\":\"https:\/\/www.visit-ulcinj.com\/blog\/2015\/02\/07\/uji-cdo-vit-e-shtrenjte-ne-ulqin-por-rroga-ska\/\",\"name\":\"Uji \u00e7do vit e m\u00eb i shtrenjt\u00eb n\u00eb Ulqin, por rroga ska - Lajme nga Ulqini\",\"isPartOf\":{\"@id\":\"https:\/\/www.visit-ulcinj.com\/blog\/#website\"},\"primaryImageOfPage\":{\"@id\":\"https:\/\/www.visit-ulcinj.com\/blog\/2015\/02\/07\/uji-cdo-vit-e-shtrenjte-ne-ulqin-por-rroga-ska\/#primaryimage\"},\"datePublished\":\"2015-02-07T09:30:11+00:00\",\"dateModified\":\"2015-02-07T10:15:13+00:00\",\"author\":{\"@id\":\"https:\/\/www.visit-ulcinj.com\/blog\/#\/schema\/person\/dcab619c614d3038751c63bc2aadc06d\"},\"description\":\"N\u00eb Nd\u00ebrmarrjen komunale Uj\u00ebsjell\u00ebs Kanalizim jan\u00eb t\u00eb pun\u00ebsuar 136 pun\u00ebtor\u00eb . T\u00eb pun\u00ebsuarit n\u00eb k\u00ebt\u00eb nd\u00ebrmarrje jan\u00eb minus 5 rroga, nd\u00ebrsa kontributet i\",\"breadcrumb\":{\"@id\":\"https:\/\/www.visit-ulcinj.com\/blog\/2015\/02\/07\/uji-cdo-vit-e-shtrenjte-ne-ulqin-por-rroga-ska\/#breadcrumb\"},\"inLanguage\":\"en-US\",\"potentialAction\":[{\"@type\":\"ReadAction\",\"target\":[\"https:\/\/www.visit-ulcinj.com\/blog\/2015\/02\/07\/uji-cdo-vit-e-shtrenjte-ne-ulqin-por-rroga-ska\/\"]}]},{\"@type\":\"BreadcrumbList\",\"@id\":\"https:\/\/www.visit-ulcinj.com\/blog\/2015\/02\/07\/uji-cdo-vit-e-shtrenjte-ne-ulqin-por-rroga-ska\/#breadcrumb\",\"itemListElement\":[{\"@type\":\"ListItem\",\"position\":1,\"name\":\"Uji \u00e7do vit e m\u00eb i shtrenjt\u00eb n\u00eb Ulqin, por rroga ska\"}]},{\"@type\":\"Person\",\"@id\":\"https:\/\/www.visit-ulcinj.com\/blog\/#\/schema\/person\/dcab619c614d3038751c63bc2aadc06d\",\"name\":\"ulqini\",\"sameAs\":[\"http:\/\/www.visit-ulcinj.com\"],\"url\":\"https:\/\/www.visit-ulcinj.com\/blog\/author\/admin\/\"}]}<\/script>\n<!-- \/ Yoast SEO plugin. -->","yoast_head_json":{"title":"Uji \u00e7do vit e m\u00eb i shtrenjt\u00eb n\u00eb Ulqin, por rroga ska - Lajme nga Ulqini","description":"N\u00eb Nd\u00ebrmarrjen komunale Uj\u00ebsjell\u00ebs Kanalizim jan\u00eb t\u00eb pun\u00ebsuar 136 pun\u00ebtor\u00eb . T\u00eb pun\u00ebsuarit n\u00eb k\u00ebt\u00eb nd\u00ebrmarrje jan\u00eb minus 5 rroga, nd\u00ebrsa kontributet i","robots":{"index":"index","follow":"follow","max-snippet":"max-snippet:-1","max-image-preview":"max-image-preview:large","max-video-preview":"max-video-preview:-1"},"canonical":"https:\/\/www.visit-ulcinj.com\/blog\/2015\/02\/07\/uji-cdo-vit-e-shtrenjte-ne-ulqin-por-rroga-ska\/","og_locale":"en_US","og_type":"article","og_title":"Uji \u00e7do vit e m\u00eb i shtrenjt\u00eb n\u00eb Ulqin, por rroga ska - Lajme nga Ulqini","og_description":"N\u00eb Nd\u00ebrmarrjen komunale Uj\u00ebsjell\u00ebs Kanalizim jan\u00eb t\u00eb pun\u00ebsuar 136 pun\u00ebtor\u00eb . T\u00eb pun\u00ebsuarit n\u00eb k\u00ebt\u00eb nd\u00ebrmarrje jan\u00eb minus 5 rroga, nd\u00ebrsa kontributet i","og_url":"https:\/\/www.visit-ulcinj.com\/blog\/2015\/02\/07\/uji-cdo-vit-e-shtrenjte-ne-ulqin-por-rroga-ska\/","og_site_name":"Lajme nga Ulqini","article_published_time":"2015-02-07T09:30:11+00:00","article_modified_time":"2015-02-07T10:15:13+00:00","og_image":[{"url":"http:\/\/www.visit-ulcinj.com\/blog\/wp-content\/uploads\/2013\/07\/Komunalno-Ulcinj.jpg"}],"twitter_misc":{"Written by":"ulqini","Est. reading time":"2 minutes"},"schema":{"@context":"https:\/\/schema.org","@graph":[{"@type":"WebSite","@id":"https:\/\/www.visit-ulcinj.com\/blog\/#website","url":"https:\/\/www.visit-ulcinj.com\/blog\/","name":"Lajme nga Ulqini","description":"Lajme,Vijesti,Ulqini,Ulqin,Crna Gora,Mali i Zi","potentialAction":[{"@type":"SearchAction","target":{"@type":"EntryPoint","urlTemplate":"https:\/\/www.visit-ulcinj.com\/blog\/?s={search_term_string}"},"query-input":"required name=search_term_string"}],"inLanguage":"en-US"},{"@type":"ImageObject","inLanguage":"en-US","@id":"https:\/\/www.visit-ulcinj.com\/blog\/2015\/02\/07\/uji-cdo-vit-e-shtrenjte-ne-ulqin-por-rroga-ska\/#primaryimage","url":"https:\/\/www.visit-ulcinj.com\/blog\/wp-content\/uploads\/2013\/07\/Komunalno-Ulcinj.jpg","contentUrl":"https:\/\/www.visit-ulcinj.com\/blog\/wp-content\/uploads\/2013\/07\/Komunalno-Ulcinj.jpg","width":640,"height":438},{"@type":"WebPage","@id":"https:\/\/www.visit-ulcinj.com\/blog\/2015\/02\/07\/uji-cdo-vit-e-shtrenjte-ne-ulqin-por-rroga-ska\/#webpage","url":"https:\/\/www.visit-ulcinj.com\/blog\/2015\/02\/07\/uji-cdo-vit-e-shtrenjte-ne-ulqin-por-rroga-ska\/","name":"Uji \u00e7do vit e m\u00eb i shtrenjt\u00eb n\u00eb Ulqin, por rroga ska - Lajme nga Ulqini","isPartOf":{"@id":"https:\/\/www.visit-ulcinj.com\/blog\/#website"},"primaryImageOfPage":{"@id":"https:\/\/www.visit-ulcinj.com\/blog\/2015\/02\/07\/uji-cdo-vit-e-shtrenjte-ne-ulqin-por-rroga-ska\/#primaryimage"},"datePublished":"2015-02-07T09:30:11+00:00","dateModified":"2015-02-07T10:15:13+00:00","author":{"@id":"https:\/\/www.visit-ulcinj.com\/blog\/#\/schema\/person\/dcab619c614d3038751c63bc2aadc06d"},"description":"N\u00eb Nd\u00ebrmarrjen komunale Uj\u00ebsjell\u00ebs Kanalizim jan\u00eb t\u00eb pun\u00ebsuar 136 pun\u00ebtor\u00eb . T\u00eb pun\u00ebsuarit n\u00eb k\u00ebt\u00eb nd\u00ebrmarrje jan\u00eb minus 5 rroga, nd\u00ebrsa kontributet i","breadcrumb":{"@id":"https:\/\/www.visit-ulcinj.com\/blog\/2015\/02\/07\/uji-cdo-vit-e-shtrenjte-ne-ulqin-por-rroga-ska\/#breadcrumb"},"inLanguage":"en-US","potentialAction":[{"@type":"ReadAction","target":["https:\/\/www.visit-ulcinj.com\/blog\/2015\/02\/07\/uji-cdo-vit-e-shtrenjte-ne-ulqin-por-rroga-ska\/"]}]},{"@type":"BreadcrumbList","@id":"https:\/\/www.visit-ulcinj.com\/blog\/2015\/02\/07\/uji-cdo-vit-e-shtrenjte-ne-ulqin-por-rroga-ska\/#breadcrumb","itemListElement":[{"@type":"ListItem","position":1,"name":"Uji \u00e7do vit e m\u00eb i shtrenjt\u00eb n\u00eb Ulqin, por rroga ska"}]},{"@type":"Person","@id":"https:\/\/www.visit-ulcinj.com\/blog\/#\/schema\/person\/dcab619c614d3038751c63bc2aadc06d","name":"ulqini","sameAs":["http:\/\/www.visit-ulcinj.com"],"url":"https:\/\/www.visit-ulcinj.com\/blog\/author\/admin\/"}]}},"jetpack_featured_media_url":"","jetpack_sharing_enabled":true,"jetpack_shortlink":"https:\/\/wp.me\/pe6lTn-mZW","_links":{"self":[{"href":"https:\/\/www.visit-ulcinj.com\/blog\/wp-json\/wp\/v2\/posts\/88408"}],"collection":[{"href":"https:\/\/www.visit-ulcinj.com\/blog\/wp-json\/wp\/v2\/posts"}],"about":[{"href":"https:\/\/www.visit-ulcinj.com\/blog\/wp-json\/wp\/v2\/types\/post"}],"author":[{"embeddable":true,"href":"https:\/\/www.visit-ulcinj.com\/blog\/wp-json\/wp\/v2\/users\/1"}],"replies":[{"embeddable":true,"href":"https:\/\/www.visit-ulcinj.com\/blog\/wp-json\/wp\/v2\/comments?post=88408"}],"version-history":[{"count":1,"href":"https:\/\/www.visit-ulcinj.com\/blog\/wp-json\/wp\/v2\/posts\/88408\/revisions"}],"predecessor-version":[{"id":88409,"href":"https:\/\/www.visit-ulcinj.com\/blog\/wp-json\/wp\/v2\/posts\/88408\/revisions\/88409"}],"wp:attachment":[{"href":"https:\/\/www.visit-ulcinj.com\/blog\/wp-json\/wp\/v2\/media?parent=88408"}],"wp:term":[{"taxonomy":"category","embeddable":true,"href":"https:\/\/www.visit-ulcinj.com\/blog\/wp-json\/wp\/v2\/categories?post=88408"},{"taxonomy":"post_tag","embeddable":true,"href":"https:\/\/www.visit-ulcinj.com\/blog\/wp-json\/wp\/v2\/tags?post=88408"}],"curies":[{"name":"wp","href":"https:\/\/api.w.org\/{rel}","templated":true}]}}