{"id":88410,"date":"2015-02-07T10:42:59","date_gmt":"2015-02-07T09:42:59","guid":{"rendered":"http:\/\/www.visit-ulcinj.com\/blog\/?p=88410"},"modified":"2015-02-07T10:42:59","modified_gmt":"2015-02-07T09:42:59","slug":"forca-pb-iqk-dhe-ash-qeveria-e-unitetit-kombetare-nuk-eshte-prioritet","status":"publish","type":"post","link":"https:\/\/www.visit-ulcinj.com\/blog\/2015\/02\/07\/forca-pb-iqk-dhe-ash-qeveria-e-unitetit-kombetare-nuk-eshte-prioritet\/","title":{"rendered":"FORCA, PB, IQK dhe ASH: Qeveria  e Unitetit komb\u00ebtar\u00eb nuk \u00ebsht\u00eb prioritet"},"content":{"rendered":"<p><a href=\"http:\/\/www.visit-ulcinj.com\/blog\/wp-content\/uploads\/2015\/02\/BOSNJACKA-STRANKA-FORCA-HGI.jpg\"><img loading=\"lazy\" class=\"alignleft wp-image-88411\" src=\"http:\/\/www.visit-ulcinj.com\/blog\/wp-content\/uploads\/2015\/02\/BOSNJACKA-STRANKA-FORCA-HGI.jpg\" alt=\"BOSNJACKA STRANKA, FORCA, HGI\" width=\"508\" height=\"336\" srcset=\"https:\/\/www.visit-ulcinj.com\/blog\/wp-content\/uploads\/2015\/02\/BOSNJACKA-STRANKA-FORCA-HGI.jpg 660w, https:\/\/www.visit-ulcinj.com\/blog\/wp-content\/uploads\/2015\/02\/BOSNJACKA-STRANKA-FORCA-HGI-300x199.jpg 300w\" sizes=\"(max-width: 508px) 100vw, 508px\" \/><\/a>\u201c\u00c7\u00ebshtja e Qeveris\u00eb s\u00eb Unitetit Komb\u00ebtar nuk mund t\u00eb trajtohet prioriteti i politik\u00ebs s\u00eb popujve pakic\u00eb, por ekzistojn\u00eb shum\u00eb \u00e7\u00ebshtje tjera t\u00eb hapura p\u00ebr t\u00eb cilat mund t\u00eb bisedohet\u201d, thuhet n\u00eb kumtes\u00ebn e udh\u00ebheqjeve t\u00eb partive t\u00eb pakicave.<\/p>\n<p>Udh\u00ebheqjet e Partis\u00eb Boshnjake, t\u00eb Iniciativ\u00ebs Qytetare Kroate, t\u00eb Forc\u00ebs dhe t\u00eb Alternativ\u00ebs Shqiptare, kan\u00eb shqyrtuar ofert\u00ebn p\u00ebr bisedime mbi qeverin\u00eb e Unitetit Komb\u00ebtar, e cila u \u00ebsht\u00eb d\u00ebrguar klubeve t\u00eb deputet\u00ebve. \u201cTema e qeveris\u00eb s\u00eb Unitetit Komb\u00ebtar ose e qeveris\u00eb kalimtare nuk gjendet n\u00eb mesin e \u00e7\u00ebshtjeve prioritare t\u00eb politikave tona dhe as q\u00eb mund t\u00eb ket\u00eb p\u00ebrpar\u00ebsi n\u00eb krahasim me prioritetet ky\u00e7e\u00a0 n\u00eb mesin e t\u00eb cilave jan\u00eb, stabiliteti ekonomik dhe zhvillimi rajonal, pastaj integrimet n\u00eb NATO dhe UE t\u00eb Malit t\u00eb Zi\u201d, thuhet n\u00eb kumtes\u00eb.<\/p>\n<p>Ata konsiderojn\u00eb se qeveria aktuale n\u00eb koalicion \u00ebsht\u00eb n\u00eb mesin e mandatit t\u00eb vet\u00eb dhe se n\u00eb ve\u00e7anti gjat\u00eb k\u00ebtij viti, kur pritet ftesa p\u00ebr n\u00eb NATO, duhet ti kushtohet forcimit t\u00eb stabilitetit t\u00eb vendit.<\/p>\n<p><strong>TVCG<\/strong><\/p>\n","protected":false},"excerpt":{"rendered":"<p>\u201c\u00c7\u00ebshtja e Qeveris\u00eb s\u00eb Unitetit Komb\u00ebtar nuk mund t\u00eb trajtohet prioriteti i politik\u00ebs s\u00eb popujve pakic\u00eb, por ekzistojn\u00eb shum\u00eb \u00e7\u00ebshtje tjera t\u00eb hapura p\u00ebr t\u00eb cilat mund t\u00eb bisedohet\u201d, thuhet n\u00eb kumtes\u00ebn e udh\u00ebheqjeve t\u00eb partive t\u00eb pakicave. Udh\u00ebheqjet e Partis\u00eb Boshnjake, t\u00eb Iniciativ\u00ebs Qytetare Kroate, t\u00eb Forc\u00ebs dhe t\u00eb Alternativ\u00ebs Shqiptare, kan\u00eb shqyrtuar ofert\u00ebn [&hellip;]<\/p>\n","protected":false},"author":1,"featured_media":0,"comment_status":"closed","ping_status":"closed","sticky":false,"template":"","format":"standard","meta":{"spay_email":"","jetpack_publicize_message":"","jetpack_is_tweetstorm":false,"jetpack_publicize_feature_enabled":true},"categories":[6],"tags":[],"jetpack_publicize_connections":[],"yoast_head":"<!-- This site is optimized with the Yoast SEO plugin v19.1 - https:\/\/yoast.com\/wordpress\/plugins\/seo\/ -->\n<title>FORCA, PB, IQK dhe ASH: Qeveria e Unitetit komb\u00ebtar\u00eb nuk \u00ebsht\u00eb prioritet - Lajme nga Ulqini<\/title>\n<meta name=\"description\" content=\"\u201c\u00c7\u00ebshtja e Qeveris\u00eb s\u00eb Unitetit Komb\u00ebtar nuk mund t\u00eb trajtohet prioriteti i politik\u00ebs s\u00eb popujve pakic\u00eb, por ekzistojn\u00eb shum\u00eb \u00e7\u00ebshtje tjera t\u00eb hapura p\u00ebr\" \/>\n<meta name=\"robots\" content=\"index, follow, max-snippet:-1, max-image-preview:large, max-video-preview:-1\" \/>\n<link rel=\"canonical\" href=\"https:\/\/www.visit-ulcinj.com\/blog\/2015\/02\/07\/forca-pb-iqk-dhe-ash-qeveria-e-unitetit-kombetare-nuk-eshte-prioritet\/\" \/>\n<meta property=\"og:locale\" content=\"en_US\" \/>\n<meta property=\"og:type\" content=\"article\" \/>\n<meta property=\"og:title\" content=\"FORCA, PB, IQK dhe ASH: Qeveria e Unitetit komb\u00ebtar\u00eb nuk \u00ebsht\u00eb prioritet - Lajme nga Ulqini\" \/>\n<meta property=\"og:description\" content=\"\u201c\u00c7\u00ebshtja e Qeveris\u00eb s\u00eb Unitetit Komb\u00ebtar nuk mund t\u00eb trajtohet prioriteti i politik\u00ebs s\u00eb popujve pakic\u00eb, por ekzistojn\u00eb shum\u00eb \u00e7\u00ebshtje tjera t\u00eb hapura p\u00ebr\" \/>\n<meta property=\"og:url\" content=\"https:\/\/www.visit-ulcinj.com\/blog\/2015\/02\/07\/forca-pb-iqk-dhe-ash-qeveria-e-unitetit-kombetare-nuk-eshte-prioritet\/\" \/>\n<meta property=\"og:site_name\" content=\"Lajme nga Ulqini\" \/>\n<meta property=\"article:published_time\" content=\"2015-02-07T09:42:59+00:00\" \/>\n<meta property=\"og:image\" content=\"http:\/\/www.visit-ulcinj.com\/blog\/wp-content\/uploads\/2015\/02\/BOSNJACKA-STRANKA-FORCA-HGI.jpg\" \/>\n<meta name=\"twitter:label1\" content=\"Written by\" \/>\n\t<meta name=\"twitter:data1\" content=\"ulqini\" \/>\n\t<meta name=\"twitter:label2\" content=\"Est. reading time\" \/>\n\t<meta name=\"twitter:data2\" content=\"1 minute\" \/>\n<script type=\"application\/ld+json\" class=\"yoast-schema-graph\">{\"@context\":\"https:\/\/schema.org\",\"@graph\":[{\"@type\":\"WebSite\",\"@id\":\"https:\/\/www.visit-ulcinj.com\/blog\/#website\",\"url\":\"https:\/\/www.visit-ulcinj.com\/blog\/\",\"name\":\"Lajme nga Ulqini\",\"description\":\"Lajme,Vijesti,Ulqini,Ulqin,Crna Gora,Mali i Zi\",\"potentialAction\":[{\"@type\":\"SearchAction\",\"target\":{\"@type\":\"EntryPoint\",\"urlTemplate\":\"https:\/\/www.visit-ulcinj.com\/blog\/?s={search_term_string}\"},\"query-input\":\"required name=search_term_string\"}],\"inLanguage\":\"en-US\"},{\"@type\":\"ImageObject\",\"inLanguage\":\"en-US\",\"@id\":\"https:\/\/www.visit-ulcinj.com\/blog\/2015\/02\/07\/forca-pb-iqk-dhe-ash-qeveria-e-unitetit-kombetare-nuk-eshte-prioritet\/#primaryimage\",\"url\":\"https:\/\/www.visit-ulcinj.com\/blog\/wp-content\/uploads\/2015\/02\/BOSNJACKA-STRANKA-FORCA-HGI.jpg\",\"contentUrl\":\"https:\/\/www.visit-ulcinj.com\/blog\/wp-content\/uploads\/2015\/02\/BOSNJACKA-STRANKA-FORCA-HGI.jpg\",\"width\":660,\"height\":437},{\"@type\":\"WebPage\",\"@id\":\"https:\/\/www.visit-ulcinj.com\/blog\/2015\/02\/07\/forca-pb-iqk-dhe-ash-qeveria-e-unitetit-kombetare-nuk-eshte-prioritet\/#webpage\",\"url\":\"https:\/\/www.visit-ulcinj.com\/blog\/2015\/02\/07\/forca-pb-iqk-dhe-ash-qeveria-e-unitetit-kombetare-nuk-eshte-prioritet\/\",\"name\":\"FORCA, PB, IQK dhe ASH: Qeveria e Unitetit komb\u00ebtar\u00eb nuk \u00ebsht\u00eb prioritet - Lajme nga Ulqini\",\"isPartOf\":{\"@id\":\"https:\/\/www.visit-ulcinj.com\/blog\/#website\"},\"primaryImageOfPage\":{\"@id\":\"https:\/\/www.visit-ulcinj.com\/blog\/2015\/02\/07\/forca-pb-iqk-dhe-ash-qeveria-e-unitetit-kombetare-nuk-eshte-prioritet\/#primaryimage\"},\"datePublished\":\"2015-02-07T09:42:59+00:00\",\"dateModified\":\"2015-02-07T09:42:59+00:00\",\"author\":{\"@id\":\"https:\/\/www.visit-ulcinj.com\/blog\/#\/schema\/person\/dcab619c614d3038751c63bc2aadc06d\"},\"description\":\"\u201c\u00c7\u00ebshtja e Qeveris\u00eb s\u00eb Unitetit Komb\u00ebtar nuk mund t\u00eb trajtohet prioriteti i politik\u00ebs s\u00eb popujve pakic\u00eb, por ekzistojn\u00eb shum\u00eb \u00e7\u00ebshtje tjera t\u00eb hapura p\u00ebr\",\"breadcrumb\":{\"@id\":\"https:\/\/www.visit-ulcinj.com\/blog\/2015\/02\/07\/forca-pb-iqk-dhe-ash-qeveria-e-unitetit-kombetare-nuk-eshte-prioritet\/#breadcrumb\"},\"inLanguage\":\"en-US\",\"potentialAction\":[{\"@type\":\"ReadAction\",\"target\":[\"https:\/\/www.visit-ulcinj.com\/blog\/2015\/02\/07\/forca-pb-iqk-dhe-ash-qeveria-e-unitetit-kombetare-nuk-eshte-prioritet\/\"]}]},{\"@type\":\"BreadcrumbList\",\"@id\":\"https:\/\/www.visit-ulcinj.com\/blog\/2015\/02\/07\/forca-pb-iqk-dhe-ash-qeveria-e-unitetit-kombetare-nuk-eshte-prioritet\/#breadcrumb\",\"itemListElement\":[{\"@type\":\"ListItem\",\"position\":1,\"name\":\"FORCA, PB, IQK dhe ASH: Qeveria e Unitetit komb\u00ebtar\u00eb nuk \u00ebsht\u00eb prioritet\"}]},{\"@type\":\"Person\",\"@id\":\"https:\/\/www.visit-ulcinj.com\/blog\/#\/schema\/person\/dcab619c614d3038751c63bc2aadc06d\",\"name\":\"ulqini\",\"sameAs\":[\"http:\/\/www.visit-ulcinj.com\"],\"url\":\"https:\/\/www.visit-ulcinj.com\/blog\/author\/admin\/\"}]}<\/script>\n<!-- \/ Yoast SEO plugin. -->","yoast_head_json":{"title":"FORCA, PB, IQK dhe ASH: Qeveria e Unitetit komb\u00ebtar\u00eb nuk \u00ebsht\u00eb prioritet - Lajme nga Ulqini","description":"\u201c\u00c7\u00ebshtja e Qeveris\u00eb s\u00eb Unitetit Komb\u00ebtar nuk mund t\u00eb trajtohet prioriteti i politik\u00ebs s\u00eb popujve pakic\u00eb, por ekzistojn\u00eb shum\u00eb \u00e7\u00ebshtje tjera t\u00eb hapura p\u00ebr","robots":{"index":"index","follow":"follow","max-snippet":"max-snippet:-1","max-image-preview":"max-image-preview:large","max-video-preview":"max-video-preview:-1"},"canonical":"https:\/\/www.visit-ulcinj.com\/blog\/2015\/02\/07\/forca-pb-iqk-dhe-ash-qeveria-e-unitetit-kombetare-nuk-eshte-prioritet\/","og_locale":"en_US","og_type":"article","og_title":"FORCA, PB, IQK dhe ASH: Qeveria e Unitetit komb\u00ebtar\u00eb nuk \u00ebsht\u00eb prioritet - Lajme nga Ulqini","og_description":"\u201c\u00c7\u00ebshtja e Qeveris\u00eb s\u00eb Unitetit Komb\u00ebtar nuk mund t\u00eb trajtohet prioriteti i politik\u00ebs s\u00eb popujve pakic\u00eb, por ekzistojn\u00eb shum\u00eb \u00e7\u00ebshtje tjera t\u00eb hapura p\u00ebr","og_url":"https:\/\/www.visit-ulcinj.com\/blog\/2015\/02\/07\/forca-pb-iqk-dhe-ash-qeveria-e-unitetit-kombetare-nuk-eshte-prioritet\/","og_site_name":"Lajme nga Ulqini","article_published_time":"2015-02-07T09:42:59+00:00","og_image":[{"url":"http:\/\/www.visit-ulcinj.com\/blog\/wp-content\/uploads\/2015\/02\/BOSNJACKA-STRANKA-FORCA-HGI.jpg"}],"twitter_misc":{"Written by":"ulqini","Est. reading time":"1 minute"},"schema":{"@context":"https:\/\/schema.org","@graph":[{"@type":"WebSite","@id":"https:\/\/www.visit-ulcinj.com\/blog\/#website","url":"https:\/\/www.visit-ulcinj.com\/blog\/","name":"Lajme nga Ulqini","description":"Lajme,Vijesti,Ulqini,Ulqin,Crna Gora,Mali i Zi","potentialAction":[{"@type":"SearchAction","target":{"@type":"EntryPoint","urlTemplate":"https:\/\/www.visit-ulcinj.com\/blog\/?s={search_term_string}"},"query-input":"required name=search_term_string"}],"inLanguage":"en-US"},{"@type":"ImageObject","inLanguage":"en-US","@id":"https:\/\/www.visit-ulcinj.com\/blog\/2015\/02\/07\/forca-pb-iqk-dhe-ash-qeveria-e-unitetit-kombetare-nuk-eshte-prioritet\/#primaryimage","url":"https:\/\/www.visit-ulcinj.com\/blog\/wp-content\/uploads\/2015\/02\/BOSNJACKA-STRANKA-FORCA-HGI.jpg","contentUrl":"https:\/\/www.visit-ulcinj.com\/blog\/wp-content\/uploads\/2015\/02\/BOSNJACKA-STRANKA-FORCA-HGI.jpg","width":660,"height":437},{"@type":"WebPage","@id":"https:\/\/www.visit-ulcinj.com\/blog\/2015\/02\/07\/forca-pb-iqk-dhe-ash-qeveria-e-unitetit-kombetare-nuk-eshte-prioritet\/#webpage","url":"https:\/\/www.visit-ulcinj.com\/blog\/2015\/02\/07\/forca-pb-iqk-dhe-ash-qeveria-e-unitetit-kombetare-nuk-eshte-prioritet\/","name":"FORCA, PB, IQK dhe ASH: Qeveria e Unitetit komb\u00ebtar\u00eb nuk \u00ebsht\u00eb prioritet - Lajme nga Ulqini","isPartOf":{"@id":"https:\/\/www.visit-ulcinj.com\/blog\/#website"},"primaryImageOfPage":{"@id":"https:\/\/www.visit-ulcinj.com\/blog\/2015\/02\/07\/forca-pb-iqk-dhe-ash-qeveria-e-unitetit-kombetare-nuk-eshte-prioritet\/#primaryimage"},"datePublished":"2015-02-07T09:42:59+00:00","dateModified":"2015-02-07T09:42:59+00:00","author":{"@id":"https:\/\/www.visit-ulcinj.com\/blog\/#\/schema\/person\/dcab619c614d3038751c63bc2aadc06d"},"description":"\u201c\u00c7\u00ebshtja e Qeveris\u00eb s\u00eb Unitetit Komb\u00ebtar nuk mund t\u00eb trajtohet prioriteti i politik\u00ebs s\u00eb popujve pakic\u00eb, por ekzistojn\u00eb shum\u00eb \u00e7\u00ebshtje tjera t\u00eb hapura p\u00ebr","breadcrumb":{"@id":"https:\/\/www.visit-ulcinj.com\/blog\/2015\/02\/07\/forca-pb-iqk-dhe-ash-qeveria-e-unitetit-kombetare-nuk-eshte-prioritet\/#breadcrumb"},"inLanguage":"en-US","potentialAction":[{"@type":"ReadAction","target":["https:\/\/www.visit-ulcinj.com\/blog\/2015\/02\/07\/forca-pb-iqk-dhe-ash-qeveria-e-unitetit-kombetare-nuk-eshte-prioritet\/"]}]},{"@type":"BreadcrumbList","@id":"https:\/\/www.visit-ulcinj.com\/blog\/2015\/02\/07\/forca-pb-iqk-dhe-ash-qeveria-e-unitetit-kombetare-nuk-eshte-prioritet\/#breadcrumb","itemListElement":[{"@type":"ListItem","position":1,"name":"FORCA, PB, IQK dhe ASH: Qeveria e Unitetit komb\u00ebtar\u00eb nuk \u00ebsht\u00eb prioritet"}]},{"@type":"Person","@id":"https:\/\/www.visit-ulcinj.com\/blog\/#\/schema\/person\/dcab619c614d3038751c63bc2aadc06d","name":"ulqini","sameAs":["http:\/\/www.visit-ulcinj.com"],"url":"https:\/\/www.visit-ulcinj.com\/blog\/author\/admin\/"}]}},"jetpack_featured_media_url":"","jetpack_sharing_enabled":true,"jetpack_shortlink":"https:\/\/wp.me\/pe6lTn-mZY","_links":{"self":[{"href":"https:\/\/www.visit-ulcinj.com\/blog\/wp-json\/wp\/v2\/posts\/88410"}],"collection":[{"href":"https:\/\/www.visit-ulcinj.com\/blog\/wp-json\/wp\/v2\/posts"}],"about":[{"href":"https:\/\/www.visit-ulcinj.com\/blog\/wp-json\/wp\/v2\/types\/post"}],"author":[{"embeddable":true,"href":"https:\/\/www.visit-ulcinj.com\/blog\/wp-json\/wp\/v2\/users\/1"}],"replies":[{"embeddable":true,"href":"https:\/\/www.visit-ulcinj.com\/blog\/wp-json\/wp\/v2\/comments?post=88410"}],"version-history":[{"count":1,"href":"https:\/\/www.visit-ulcinj.com\/blog\/wp-json\/wp\/v2\/posts\/88410\/revisions"}],"predecessor-version":[{"id":88412,"href":"https:\/\/www.visit-ulcinj.com\/blog\/wp-json\/wp\/v2\/posts\/88410\/revisions\/88412"}],"wp:attachment":[{"href":"https:\/\/www.visit-ulcinj.com\/blog\/wp-json\/wp\/v2\/media?parent=88410"}],"wp:term":[{"taxonomy":"category","embeddable":true,"href":"https:\/\/www.visit-ulcinj.com\/blog\/wp-json\/wp\/v2\/categories?post=88410"},{"taxonomy":"post_tag","embeddable":true,"href":"https:\/\/www.visit-ulcinj.com\/blog\/wp-json\/wp\/v2\/tags?post=88410"}],"curies":[{"name":"wp","href":"https:\/\/api.w.org\/{rel}","templated":true}]}}