{"id":88413,"date":"2015-02-07T11:14:40","date_gmt":"2015-02-07T10:14:40","guid":{"rendered":"http:\/\/www.visit-ulcinj.com\/blog\/?p=88413"},"modified":"2015-02-07T11:31:42","modified_gmt":"2015-02-07T10:31:42","slug":"gjeka-ruajtja-e-ekosistemit-detar-ne-komunen-e-ulqinit-per-gjeneratat-e-ardheshme","status":"publish","type":"post","link":"https:\/\/www.visit-ulcinj.com\/blog\/2015\/02\/07\/gjeka-ruajtja-e-ekosistemit-detar-ne-komunen-e-ulqinit-per-gjeneratat-e-ardheshme\/","title":{"rendered":"Gjeka: Ruajtja  e ekosistemit detar  n\u00eb  Komun\u00ebn e  Ulqinit p\u00ebr gjeneratat e ardheshme"},"content":{"rendered":"<p><a href=\"http:\/\/www.visit-ulcinj.com\/blog\/wp-content\/uploads\/2015\/02\/Ruajtja-e-ekosistemit-detar-n\u00eb-Komun\u00ebn-e-Ulqinit.jpg\"><img loading=\"lazy\" class=\"alignleft wp-image-88414\" src=\"http:\/\/www.visit-ulcinj.com\/blog\/wp-content\/uploads\/2015\/02\/Ruajtja-e-ekosistemit-detar-n\u00eb-Komun\u00ebn-e-Ulqinit.jpg\" alt=\"Ruajtja  e ekosistemit detar  n\u00eb  Komun\u00ebn e  Ulqinit\" width=\"508\" height=\"339\" srcset=\"https:\/\/www.visit-ulcinj.com\/blog\/wp-content\/uploads\/2015\/02\/Ruajtja-e-ekosistemit-detar-n\u00eb-Komun\u00ebn-e-Ulqinit.jpg 999w, https:\/\/www.visit-ulcinj.com\/blog\/wp-content\/uploads\/2015\/02\/Ruajtja-e-ekosistemit-detar-n\u00eb-Komun\u00ebn-e-Ulqinit-300x200.jpg 300w\" sizes=\"(max-width: 508px) 100vw, 508px\" \/><\/a>Kryetari I Komun\u00ebs Z. Fatmir Gjeka\u00a0 duke\u00a0 p\u00ebrsh\u00ebndetur\u00a0\u00a0 pjesmarr\u00ebsit e\u00a0 Konferenc\u00ebs s\u00eb par\u00eb t\u00eb projektit \u00a0,,Ruajtja\u00a0 e ekosistemit detar\u00a0 n\u00eb\u00a0 Komun\u00ebn e\u00a0 Ulqinit,, nd\u00ebr t\u00eb\u00a0 tjera tha se ,,Natyra\u00a0\u00a0 ka koh\u00eb\u00a0 q\u00eb \u00ebsht\u00eb\u00a0 duke\u00a0 u trajtuar\u00a0 n\u00eb\u00a0 m\u00ebnyr\u00eb\u00a0 jo korrekte , duke\u00a0 u par\u00eb \u00a0vet\u00ebm\u00a0\u00a0 si burim\u00a0\u00a0 i t\u00eb ardhurave\u00a0 dhe\u00a0 p\u00ebrfitimeve,, Mungesa\u00a0 e\u00a0 kontrollit\u00a0\u00a0 t\u00eb shtuar\u00a0\u00a0 theksoi \u00a0ai\u00a0 ka b\u00ebr\u00eb\u00a0 gjuetin\u00eb e peshkut\u00a0 mjaft\u00a0\u00a0 t\u00eb\u00a0 shfrenuar\u00a0 duke\u00a0 sjell\u00eb\u00a0 varf\u00ebrimin\u00a0 e flor\u00ebs dhe\u00a0 faun\u00ebs.<\/p>\n<p><a href=\"http:\/\/www.visit-ulcinj.com\/blog\/wp-content\/uploads\/2015\/02\/Ruajtja-e-ekosistemit-detar-n\u00eb-Komun\u00ebn-e-Ulqinit-1.jpg\"><img loading=\"lazy\" class=\"alignleft wp-image-88415\" src=\"http:\/\/www.visit-ulcinj.com\/blog\/wp-content\/uploads\/2015\/02\/Ruajtja-e-ekosistemit-detar-n\u00eb-Komun\u00ebn-e-Ulqinit-1.jpg\" alt=\"Ruajtja  e ekosistemit detar  n\u00eb  Komun\u00ebn e  Ulqinit-1\" width=\"508\" height=\"339\" srcset=\"https:\/\/www.visit-ulcinj.com\/blog\/wp-content\/uploads\/2015\/02\/Ruajtja-e-ekosistemit-detar-n\u00eb-Komun\u00ebn-e-Ulqinit-1.jpg 999w, https:\/\/www.visit-ulcinj.com\/blog\/wp-content\/uploads\/2015\/02\/Ruajtja-e-ekosistemit-detar-n\u00eb-Komun\u00ebn-e-Ulqinit-1-300x200.jpg 300w\" sizes=\"(max-width: 508px) 100vw, 508px\" \/><\/a><\/p>\n<p>Gjithnj\u00eb sipas\u00a0 Kryetarit\u00a0 specialist\u00ebt\u00a0 kan\u00eb ngritur\u00a0 z\u00ebrin\u00a0 se p\u00ebrdorimi\u00a0\u00a0 i mjeteve\u00a0 d\u00ebmtuese\u00a0\u00a0 gjat\u00eb peshkimit\u00a0\u00a0 ka c\u00ebnuar\u00a0\u00a0 rip\u00ebrtrirjen e\u00a0\u00a0 peshkut dhe\u00a0 zhdukjen e disa\u00a0 llojeve\u00a0 t\u00eb rralla. Ne,\u00a0 kemi k\u00ebrkuar\u00a0 dhe insistojm\u00eb\u00a0\u00a0 implementimin e p\u00ebrvoj\u00ebs\u00a0 evropiane\u00a0 n\u00eb\u00a0 ket\u00eb\u00a0 fush\u00eb ,dhe se\u00a0 projekti n\u00eb\u00a0 fjal\u00eb\u00a0 synon\u00a0 ruatjen\u00a0 e peshkut\u00a0 dhe shfrytezimin racional\u00a0 t\u00eb tij , synon shmangjen\u00a0 q\u00eb\u00a0 \u00ebsht\u00eb b\u00ebr\u00eb me\u00a0\u00a0 gjuetin\u00eb\u00a0 e paligjshme .Si i till\u00eb ai\u00a0 do t\u00eb p\u00ebrkrahet\u00a0 nga Komuna jon\u00eb\u00a0 sepse\u00a0 qart\u00eb parasheh\u00a0\u00a0 format\u00a0 dhe m\u00ebnyrat\u00a0\u00a0 e gjuetis\u00eb s\u00eb peshkut , n\u00eb t\u00eb n\u00ebnvizohet\u00a0 se mbledhja\u00a0 apo\u00a0\u00a0 tregtimi\u00a0\u00a0 i peshkut\u00a0\u00a0 me\u00a0 eksploziv, substance \u00a0kimike\u00a0 apo\u00a0\u00a0 cdo m\u00ebnyr\u00eb\u00a0\u00a0 tjet\u00ebr\u00a0 q\u00eb\u00a0\u00a0 e\u00a0 vret apo\u00a0 intoksinon\u00a0 at\u00eb\u00a0 \u00ebsht\u00eb\u00a0\u00a0 i kund\u00ebrligjsh\u00ebm.<\/p>\n<p><a href=\"http:\/\/www.visit-ulcinj.com\/blog\/wp-content\/uploads\/2015\/02\/Ruajtja-e-ekosistemit-detar-n\u00eb-Komun\u00ebn-e-Ulqinit-2.jpg\"><img loading=\"lazy\" class=\"alignleft wp-image-88416\" src=\"http:\/\/www.visit-ulcinj.com\/blog\/wp-content\/uploads\/2015\/02\/Ruajtja-e-ekosistemit-detar-n\u00eb-Komun\u00ebn-e-Ulqinit-2.jpg\" alt=\"Ruajtja  e ekosistemit detar  n\u00eb  Komun\u00ebn e  Ulqinit-2\" width=\"508\" height=\"339\" srcset=\"https:\/\/www.visit-ulcinj.com\/blog\/wp-content\/uploads\/2015\/02\/Ruajtja-e-ekosistemit-detar-n\u00eb-Komun\u00ebn-e-Ulqinit-2.jpg 999w, https:\/\/www.visit-ulcinj.com\/blog\/wp-content\/uploads\/2015\/02\/Ruajtja-e-ekosistemit-detar-n\u00eb-Komun\u00ebn-e-Ulqinit-2-300x200.jpg 300w\" sizes=\"(max-width: 508px) 100vw, 508px\" \/><\/a><\/p>\n<p>Duke shprehur\u00a0 konsiderat\u00ebn\u00a0 p\u00ebr Zyr\u00ebn p\u00ebr\u00a0 bashk\u00ebpunim nd\u00ebrkombtar\u00a0 si hartues\u00a0 i\u00a0 ketij projekti dhe\u00a0 Mbret\u00ebris\u00eb s\u00eb \u00a0Norvegjis\u00eb\u00a0 si mb\u00ebshtet\u00ebse\u00a0 t\u00eb tij\u00a0 Kryetari\u00a0 Gjeka\u00a0 p\u00ebrfundoi\u00a0 se ruajtja\u00a0 e potencialeve t\u00eb\u00a0\u00a0 zhvillimit\u00a0 t\u00eb peshkimit\u00a0 dhe akuakultur\u00ebs\u00a0 ka nj\u00eb r\u00ebnd\u00ebsi t\u00eb vecant\u00eb\u00a0 p\u00ebr Ulqinin, p\u00ebr\u00a0 qytetar\u00ebt e tij\u00a0 dhe gjeneratat e ardheshme.<\/p>\n","protected":false},"excerpt":{"rendered":"<p>Kryetari I Komun\u00ebs Z. Fatmir Gjeka\u00a0 duke\u00a0 p\u00ebrsh\u00ebndetur\u00a0\u00a0 pjesmarr\u00ebsit e\u00a0 Konferenc\u00ebs s\u00eb par\u00eb t\u00eb projektit \u00a0,,Ruajtja\u00a0 e ekosistemit detar\u00a0 n\u00eb\u00a0 Komun\u00ebn e\u00a0 Ulqinit,, nd\u00ebr t\u00eb\u00a0 tjera tha se ,,Natyra\u00a0\u00a0 ka koh\u00eb\u00a0 q\u00eb \u00ebsht\u00eb\u00a0 duke\u00a0 u trajtuar\u00a0 n\u00eb\u00a0 m\u00ebnyr\u00eb\u00a0 jo korrekte , duke\u00a0 u par\u00eb \u00a0vet\u00ebm\u00a0\u00a0 si burim\u00a0\u00a0 i t\u00eb ardhurave\u00a0 dhe\u00a0 p\u00ebrfitimeve,, Mungesa\u00a0 e\u00a0 kontrollit\u00a0\u00a0 [&hellip;]<\/p>\n","protected":false},"author":1,"featured_media":0,"comment_status":"closed","ping_status":"closed","sticky":false,"template":"","format":"standard","meta":{"spay_email":"","jetpack_publicize_message":"","jetpack_is_tweetstorm":false,"jetpack_publicize_feature_enabled":true},"categories":[1,11],"tags":[],"jetpack_publicize_connections":[],"yoast_head":"<!-- This site is optimized with the Yoast SEO plugin v19.1 - https:\/\/yoast.com\/wordpress\/plugins\/seo\/ -->\n<title>Gjeka: Ruajtja e ekosistemit detar n\u00eb Komun\u00ebn e Ulqinit p\u00ebr gjeneratat e ardheshme - Lajme nga Ulqini<\/title>\n<meta name=\"description\" content=\"Kryetari I Komun\u00ebs Z. Fatmir Gjeka\u00a0 duke\u00a0 p\u00ebrsh\u00ebndetur\u00a0\u00a0 pjesmarr\u00ebsit e\u00a0 Konferenc\u00ebs s\u00eb par\u00eb t\u00eb projektit \u00a0,,Ruajtja\u00a0 e ekosistemit detar\u00a0 n\u00eb\u00a0 Komun\u00ebn e\u00a0\" \/>\n<meta name=\"robots\" content=\"index, follow, max-snippet:-1, max-image-preview:large, max-video-preview:-1\" \/>\n<link rel=\"canonical\" href=\"https:\/\/www.visit-ulcinj.com\/blog\/2015\/02\/07\/gjeka-ruajtja-e-ekosistemit-detar-ne-komunen-e-ulqinit-per-gjeneratat-e-ardheshme\/\" \/>\n<meta property=\"og:locale\" content=\"en_US\" \/>\n<meta property=\"og:type\" content=\"article\" \/>\n<meta property=\"og:title\" content=\"Gjeka: Ruajtja e ekosistemit detar n\u00eb Komun\u00ebn e Ulqinit p\u00ebr gjeneratat e ardheshme - Lajme nga Ulqini\" \/>\n<meta property=\"og:description\" content=\"Kryetari I Komun\u00ebs Z. Fatmir Gjeka\u00a0 duke\u00a0 p\u00ebrsh\u00ebndetur\u00a0\u00a0 pjesmarr\u00ebsit e\u00a0 Konferenc\u00ebs s\u00eb par\u00eb t\u00eb projektit \u00a0,,Ruajtja\u00a0 e ekosistemit detar\u00a0 n\u00eb\u00a0 Komun\u00ebn e\u00a0\" \/>\n<meta property=\"og:url\" content=\"https:\/\/www.visit-ulcinj.com\/blog\/2015\/02\/07\/gjeka-ruajtja-e-ekosistemit-detar-ne-komunen-e-ulqinit-per-gjeneratat-e-ardheshme\/\" \/>\n<meta property=\"og:site_name\" content=\"Lajme nga Ulqini\" \/>\n<meta property=\"article:published_time\" content=\"2015-02-07T10:14:40+00:00\" \/>\n<meta property=\"article:modified_time\" content=\"2015-02-07T10:31:42+00:00\" \/>\n<meta name=\"twitter:label1\" content=\"Written by\" \/>\n\t<meta name=\"twitter:data1\" content=\"ulqini\" \/>\n\t<meta name=\"twitter:label2\" content=\"Est. reading time\" \/>\n\t<meta name=\"twitter:data2\" content=\"1 minute\" \/>\n<script type=\"application\/ld+json\" class=\"yoast-schema-graph\">{\"@context\":\"https:\/\/schema.org\",\"@graph\":[{\"@type\":\"WebSite\",\"@id\":\"https:\/\/www.visit-ulcinj.com\/blog\/#website\",\"url\":\"https:\/\/www.visit-ulcinj.com\/blog\/\",\"name\":\"Lajme nga Ulqini\",\"description\":\"Lajme,Vijesti,Ulqini,Ulqin,Crna Gora,Mali i Zi\",\"potentialAction\":[{\"@type\":\"SearchAction\",\"target\":{\"@type\":\"EntryPoint\",\"urlTemplate\":\"https:\/\/www.visit-ulcinj.com\/blog\/?s={search_term_string}\"},\"query-input\":\"required name=search_term_string\"}],\"inLanguage\":\"en-US\"},{\"@type\":\"WebPage\",\"@id\":\"https:\/\/www.visit-ulcinj.com\/blog\/2015\/02\/07\/gjeka-ruajtja-e-ekosistemit-detar-ne-komunen-e-ulqinit-per-gjeneratat-e-ardheshme\/#webpage\",\"url\":\"https:\/\/www.visit-ulcinj.com\/blog\/2015\/02\/07\/gjeka-ruajtja-e-ekosistemit-detar-ne-komunen-e-ulqinit-per-gjeneratat-e-ardheshme\/\",\"name\":\"Gjeka: Ruajtja e ekosistemit detar n\u00eb Komun\u00ebn e Ulqinit p\u00ebr gjeneratat e ardheshme - Lajme nga Ulqini\",\"isPartOf\":{\"@id\":\"https:\/\/www.visit-ulcinj.com\/blog\/#website\"},\"datePublished\":\"2015-02-07T10:14:40+00:00\",\"dateModified\":\"2015-02-07T10:31:42+00:00\",\"author\":{\"@id\":\"https:\/\/www.visit-ulcinj.com\/blog\/#\/schema\/person\/dcab619c614d3038751c63bc2aadc06d\"},\"description\":\"Kryetari I Komun\u00ebs Z. Fatmir Gjeka\u00a0 duke\u00a0 p\u00ebrsh\u00ebndetur\u00a0\u00a0 pjesmarr\u00ebsit e\u00a0 Konferenc\u00ebs s\u00eb par\u00eb t\u00eb projektit \u00a0,,Ruajtja\u00a0 e ekosistemit detar\u00a0 n\u00eb\u00a0 Komun\u00ebn e\u00a0\",\"breadcrumb\":{\"@id\":\"https:\/\/www.visit-ulcinj.com\/blog\/2015\/02\/07\/gjeka-ruajtja-e-ekosistemit-detar-ne-komunen-e-ulqinit-per-gjeneratat-e-ardheshme\/#breadcrumb\"},\"inLanguage\":\"en-US\",\"potentialAction\":[{\"@type\":\"ReadAction\",\"target\":[\"https:\/\/www.visit-ulcinj.com\/blog\/2015\/02\/07\/gjeka-ruajtja-e-ekosistemit-detar-ne-komunen-e-ulqinit-per-gjeneratat-e-ardheshme\/\"]}]},{\"@type\":\"BreadcrumbList\",\"@id\":\"https:\/\/www.visit-ulcinj.com\/blog\/2015\/02\/07\/gjeka-ruajtja-e-ekosistemit-detar-ne-komunen-e-ulqinit-per-gjeneratat-e-ardheshme\/#breadcrumb\",\"itemListElement\":[{\"@type\":\"ListItem\",\"position\":1,\"name\":\"Gjeka: Ruajtja e ekosistemit detar n\u00eb Komun\u00ebn e Ulqinit p\u00ebr gjeneratat e ardheshme\"}]},{\"@type\":\"Person\",\"@id\":\"https:\/\/www.visit-ulcinj.com\/blog\/#\/schema\/person\/dcab619c614d3038751c63bc2aadc06d\",\"name\":\"ulqini\",\"sameAs\":[\"http:\/\/www.visit-ulcinj.com\"],\"url\":\"https:\/\/www.visit-ulcinj.com\/blog\/author\/admin\/\"}]}<\/script>\n<!-- \/ Yoast SEO plugin. -->","yoast_head_json":{"title":"Gjeka: Ruajtja e ekosistemit detar n\u00eb Komun\u00ebn e Ulqinit p\u00ebr gjeneratat e ardheshme - Lajme nga Ulqini","description":"Kryetari I Komun\u00ebs Z. Fatmir Gjeka\u00a0 duke\u00a0 p\u00ebrsh\u00ebndetur\u00a0\u00a0 pjesmarr\u00ebsit e\u00a0 Konferenc\u00ebs s\u00eb par\u00eb t\u00eb projektit \u00a0,,Ruajtja\u00a0 e ekosistemit detar\u00a0 n\u00eb\u00a0 Komun\u00ebn e\u00a0","robots":{"index":"index","follow":"follow","max-snippet":"max-snippet:-1","max-image-preview":"max-image-preview:large","max-video-preview":"max-video-preview:-1"},"canonical":"https:\/\/www.visit-ulcinj.com\/blog\/2015\/02\/07\/gjeka-ruajtja-e-ekosistemit-detar-ne-komunen-e-ulqinit-per-gjeneratat-e-ardheshme\/","og_locale":"en_US","og_type":"article","og_title":"Gjeka: Ruajtja e ekosistemit detar n\u00eb Komun\u00ebn e Ulqinit p\u00ebr gjeneratat e ardheshme - Lajme nga Ulqini","og_description":"Kryetari I Komun\u00ebs Z. Fatmir Gjeka\u00a0 duke\u00a0 p\u00ebrsh\u00ebndetur\u00a0\u00a0 pjesmarr\u00ebsit e\u00a0 Konferenc\u00ebs s\u00eb par\u00eb t\u00eb projektit \u00a0,,Ruajtja\u00a0 e ekosistemit detar\u00a0 n\u00eb\u00a0 Komun\u00ebn e\u00a0","og_url":"https:\/\/www.visit-ulcinj.com\/blog\/2015\/02\/07\/gjeka-ruajtja-e-ekosistemit-detar-ne-komunen-e-ulqinit-per-gjeneratat-e-ardheshme\/","og_site_name":"Lajme nga Ulqini","article_published_time":"2015-02-07T10:14:40+00:00","article_modified_time":"2015-02-07T10:31:42+00:00","twitter_misc":{"Written by":"ulqini","Est. reading time":"1 minute"},"schema":{"@context":"https:\/\/schema.org","@graph":[{"@type":"WebSite","@id":"https:\/\/www.visit-ulcinj.com\/blog\/#website","url":"https:\/\/www.visit-ulcinj.com\/blog\/","name":"Lajme nga Ulqini","description":"Lajme,Vijesti,Ulqini,Ulqin,Crna Gora,Mali i Zi","potentialAction":[{"@type":"SearchAction","target":{"@type":"EntryPoint","urlTemplate":"https:\/\/www.visit-ulcinj.com\/blog\/?s={search_term_string}"},"query-input":"required name=search_term_string"}],"inLanguage":"en-US"},{"@type":"WebPage","@id":"https:\/\/www.visit-ulcinj.com\/blog\/2015\/02\/07\/gjeka-ruajtja-e-ekosistemit-detar-ne-komunen-e-ulqinit-per-gjeneratat-e-ardheshme\/#webpage","url":"https:\/\/www.visit-ulcinj.com\/blog\/2015\/02\/07\/gjeka-ruajtja-e-ekosistemit-detar-ne-komunen-e-ulqinit-per-gjeneratat-e-ardheshme\/","name":"Gjeka: Ruajtja e ekosistemit detar n\u00eb Komun\u00ebn e Ulqinit p\u00ebr gjeneratat e ardheshme - Lajme nga Ulqini","isPartOf":{"@id":"https:\/\/www.visit-ulcinj.com\/blog\/#website"},"datePublished":"2015-02-07T10:14:40+00:00","dateModified":"2015-02-07T10:31:42+00:00","author":{"@id":"https:\/\/www.visit-ulcinj.com\/blog\/#\/schema\/person\/dcab619c614d3038751c63bc2aadc06d"},"description":"Kryetari I Komun\u00ebs Z. Fatmir Gjeka\u00a0 duke\u00a0 p\u00ebrsh\u00ebndetur\u00a0\u00a0 pjesmarr\u00ebsit e\u00a0 Konferenc\u00ebs s\u00eb par\u00eb t\u00eb projektit \u00a0,,Ruajtja\u00a0 e ekosistemit detar\u00a0 n\u00eb\u00a0 Komun\u00ebn e\u00a0","breadcrumb":{"@id":"https:\/\/www.visit-ulcinj.com\/blog\/2015\/02\/07\/gjeka-ruajtja-e-ekosistemit-detar-ne-komunen-e-ulqinit-per-gjeneratat-e-ardheshme\/#breadcrumb"},"inLanguage":"en-US","potentialAction":[{"@type":"ReadAction","target":["https:\/\/www.visit-ulcinj.com\/blog\/2015\/02\/07\/gjeka-ruajtja-e-ekosistemit-detar-ne-komunen-e-ulqinit-per-gjeneratat-e-ardheshme\/"]}]},{"@type":"BreadcrumbList","@id":"https:\/\/www.visit-ulcinj.com\/blog\/2015\/02\/07\/gjeka-ruajtja-e-ekosistemit-detar-ne-komunen-e-ulqinit-per-gjeneratat-e-ardheshme\/#breadcrumb","itemListElement":[{"@type":"ListItem","position":1,"name":"Gjeka: Ruajtja e ekosistemit detar n\u00eb Komun\u00ebn e Ulqinit p\u00ebr gjeneratat e ardheshme"}]},{"@type":"Person","@id":"https:\/\/www.visit-ulcinj.com\/blog\/#\/schema\/person\/dcab619c614d3038751c63bc2aadc06d","name":"ulqini","sameAs":["http:\/\/www.visit-ulcinj.com"],"url":"https:\/\/www.visit-ulcinj.com\/blog\/author\/admin\/"}]}},"jetpack_featured_media_url":"","jetpack_sharing_enabled":true,"jetpack_shortlink":"https:\/\/wp.me\/pe6lTn-n01","_links":{"self":[{"href":"https:\/\/www.visit-ulcinj.com\/blog\/wp-json\/wp\/v2\/posts\/88413"}],"collection":[{"href":"https:\/\/www.visit-ulcinj.com\/blog\/wp-json\/wp\/v2\/posts"}],"about":[{"href":"https:\/\/www.visit-ulcinj.com\/blog\/wp-json\/wp\/v2\/types\/post"}],"author":[{"embeddable":true,"href":"https:\/\/www.visit-ulcinj.com\/blog\/wp-json\/wp\/v2\/users\/1"}],"replies":[{"embeddable":true,"href":"https:\/\/www.visit-ulcinj.com\/blog\/wp-json\/wp\/v2\/comments?post=88413"}],"version-history":[{"count":1,"href":"https:\/\/www.visit-ulcinj.com\/blog\/wp-json\/wp\/v2\/posts\/88413\/revisions"}],"predecessor-version":[{"id":88417,"href":"https:\/\/www.visit-ulcinj.com\/blog\/wp-json\/wp\/v2\/posts\/88413\/revisions\/88417"}],"wp:attachment":[{"href":"https:\/\/www.visit-ulcinj.com\/blog\/wp-json\/wp\/v2\/media?parent=88413"}],"wp:term":[{"taxonomy":"category","embeddable":true,"href":"https:\/\/www.visit-ulcinj.com\/blog\/wp-json\/wp\/v2\/categories?post=88413"},{"taxonomy":"post_tag","embeddable":true,"href":"https:\/\/www.visit-ulcinj.com\/blog\/wp-json\/wp\/v2\/tags?post=88413"}],"curies":[{"name":"wp","href":"https:\/\/api.w.org\/{rel}","templated":true}]}}