{"id":88418,"date":"2015-02-07T11:30:06","date_gmt":"2015-02-07T10:30:06","guid":{"rendered":"http:\/\/www.visit-ulcinj.com\/blog\/?p=88418"},"modified":"2015-02-08T06:17:49","modified_gmt":"2015-02-08T05:17:49","slug":"mbahet-konferenca-e-pare-per-ruajtjen-e-ekosistemit-detar-ne-komunen-e-ulqinit","status":"publish","type":"post","link":"https:\/\/www.visit-ulcinj.com\/blog\/2015\/02\/07\/mbahet-konferenca-e-pare-per-ruajtjen-e-ekosistemit-detar-ne-komunen-e-ulqinit\/","title":{"rendered":"Mbahet Konferenca e par\u00eb p\u00ebr Ruajtjen e ekosistemit detar n\u00eb Komun\u00ebn e Ulqinit"},"content":{"rendered":"<p><a href=\"http:\/\/www.visit-ulcinj.com\/blog\/wp-content\/uploads\/2015\/02\/Ruajtja-e-ekosistemit-detar-n\u00eb-Komun\u00ebn-e-Ulqinit-4.jpg\"><img loading=\"lazy\" class=\"alignleft wp-image-88420\" src=\"http:\/\/www.visit-ulcinj.com\/blog\/wp-content\/uploads\/2015\/02\/Ruajtja-e-ekosistemit-detar-n\u00eb-Komun\u00ebn-e-Ulqinit-4.jpg\" alt=\"Ruajtja  e ekosistemit detar  n\u00eb  Komun\u00ebn e  Ulqinit-4\" width=\"508\" height=\"339\" srcset=\"https:\/\/www.visit-ulcinj.com\/blog\/wp-content\/uploads\/2015\/02\/Ruajtja-e-ekosistemit-detar-n\u00eb-Komun\u00ebn-e-Ulqinit-4.jpg 999w, https:\/\/www.visit-ulcinj.com\/blog\/wp-content\/uploads\/2015\/02\/Ruajtja-e-ekosistemit-detar-n\u00eb-Komun\u00ebn-e-Ulqinit-4-300x200.jpg 300w\" sizes=\"(max-width: 508px) 100vw, 508px\" \/><\/a>N\u00eb\u00a0kuad\u00ebr te projektit \u201eRuajtja\u00a0 e ekosistemit detar\u00a0n\u00eb\u00a0Komun\u00ebn e\u00a0Ulqinit\u201c t\u00eb p\u00ebrgatitur nga Zyra p\u00ebr Bashk\u00ebpunim Nd\u00ebrkomb\u00ebtar dhe Projekte, sot ne Hotelin Dolcino n\u00eb ora 11:00h u mbajt konferenca e par\u00eb e cila sh\u00ebnon edhe fillimin e mir\u00ebfillt\u00eb t\u00eb implementimit t\u00eb k\u00ebtij projekt.<\/p>\n<p>N\u00eb konferenc\u00eb ishin prezent\u00eb partner\u00ebt e projektit n\u00eb m\u00ebs t\u00eb cil\u00ebve Sherbimi i Policis\u00eb Shtet\u00ebrore, Sh\u00ebrbimi i Inspeksionit Shtet\u00ebror, Ministria e Bujq\u00ebsis\u00eb dhe Zhvimilit Rural si dhe klubi i peshkimit sportiv \u201eBuna\u201c,<\/p>\n<p>T\u00eb gjith\u00eb partner\u00ebt e lart\u00ebp\u00ebrmendur n\u00ebnshkruan marr\u00ebveshtjen p\u00ebr bahsk\u00ebpunim n\u00eb dhe partneritet n\u00eb k\u00ebt\u00eb projekt.<\/p>\n<p>Iniciativa p\u00ebr k\u00ebt\u00eb projekt ka nisur para 3 vitesh n\u00eb nj\u00eb tryez\u00eb te rumbullak\u00ebt t\u00eb organizuar n\u00eb Hotelin Dolcino ku si tem\u00eb qendrore u diskuta peshkimi i jasht\u00ebligjsh\u00ebm n\u00eb Komunen e Ulqinit.<\/p>\n<p><a href=\"http:\/\/www.visit-ulcinj.com\/blog\/wp-content\/uploads\/2015\/02\/Ruajtja-e-ekosistemit-detar-n\u00eb-Komun\u00ebn-e-Ulqinit-3.jpg\"><img loading=\"lazy\" class=\"alignleft wp-image-88422\" src=\"http:\/\/www.visit-ulcinj.com\/blog\/wp-content\/uploads\/2015\/02\/Ruajtja-e-ekosistemit-detar-n\u00eb-Komun\u00ebn-e-Ulqinit-3.jpg\" alt=\"Ruajtja  e ekosistemit detar  n\u00eb  Komun\u00ebn e  Ulqinit-3\" width=\"508\" height=\"339\" srcset=\"https:\/\/www.visit-ulcinj.com\/blog\/wp-content\/uploads\/2015\/02\/Ruajtja-e-ekosistemit-detar-n\u00eb-Komun\u00ebn-e-Ulqinit-3.jpg 999w, https:\/\/www.visit-ulcinj.com\/blog\/wp-content\/uploads\/2015\/02\/Ruajtja-e-ekosistemit-detar-n\u00eb-Komun\u00ebn-e-Ulqinit-3-300x200.jpg 300w\" sizes=\"(max-width: 508px) 100vw, 508px\" \/><\/a><\/p>\n<p>Q\u00eb para 3 vitesh, Zyra p\u00ebr Bashk\u00ebpunim Nd\u00ebrkomb\u00ebtar dhe Projekte e p\u00ebrpiloi projektin n\u00eb fjal\u00eb i cili mbas 3 vitesh te plota arrin\u00eb t\u00eb siguroj\u00eb fondet nga Mbr\u00ebteria e Norvegjis\u00eb, n\u00eb ku u aplikua n\u00eb thirjen q\u00eb shpalli Ministria e Ekonomis\u00eb n\u00eb Mal t\u00eb Zi para Ambasad\u00ebs s\u00eb Mret\u00ebris\u00eb s\u00eb Norvegjeze.<\/p>\n<p>Projekti \u201eRuajtja\u00a0e Ekosistemit Detar\u00a0n\u00eb\u00a0Komun\u00ebn e\u00a0 Ulqinit\u201c sh\u00ebnjestron mbrojtjen e ekosistemit bregetar pergjat rivier\u00ebs s\u00eb Ulqinit me nje theks t\u00eb posa\u00e7em n\u00eb parandalimin e peshkimit t\u00eb jasht\u00ebligjsh\u00ebm.<\/p>\n<p><a href=\"http:\/\/www.visit-ulcinj.com\/blog\/wp-content\/uploads\/2015\/02\/Ruajtja-e-ekosistemit-detar-n\u00eb-Komun\u00ebn-e-Ulqinit-5.jpg\"><img loading=\"lazy\" class=\"alignleft wp-image-88423\" src=\"http:\/\/www.visit-ulcinj.com\/blog\/wp-content\/uploads\/2015\/02\/Ruajtja-e-ekosistemit-detar-n\u00eb-Komun\u00ebn-e-Ulqinit-5.jpg\" alt=\"Ruajtja  e ekosistemit detar  n\u00eb  Komun\u00ebn e  Ulqinit-5\" width=\"508\" height=\"339\" srcset=\"https:\/\/www.visit-ulcinj.com\/blog\/wp-content\/uploads\/2015\/02\/Ruajtja-e-ekosistemit-detar-n\u00eb-Komun\u00ebn-e-Ulqinit-5.jpg 999w, https:\/\/www.visit-ulcinj.com\/blog\/wp-content\/uploads\/2015\/02\/Ruajtja-e-ekosistemit-detar-n\u00eb-Komun\u00ebn-e-Ulqinit-5-300x200.jpg 300w\" sizes=\"(max-width: 508px) 100vw, 508px\" \/><\/a><\/p>\n<p>Vlera e projektit p\u00ebrfishin\u00eb 142.626,00 \u20ac, nga te cilat 85% i finanson ministria e Pun\u00ebve te Jashtme te Mbreterise se Norvegjis\u00eb, p\u00ebrderisa 15% \u00ebsht\u00eb bashk\u00ebfinansimi i Komun\u00ebs s\u00eb Ulqinit n\u00ebpermes Zyres p\u00ebr Bashk\u00ebpunim Nd\u00ebrkomb\u00ebtar dhe Projekte.<\/p>\n<p>Projekti zgjat 2 vite, dhe parashef aktivitete t\u00eb ndryshme si\u00e7 \u00ebsht\u00eb rritja e vet\u00ebdijes s\u00eb qytetar\u00ebve tan\u00eb drejt ruajtjes s\u00eb ekosistemit bregdetar, si dhe monitorimin e bregdetit n\u00eb koordinim me partner\u00ebt e projektit,<\/p>\n<p>Forcimi i kapaciteteve t\u00eb institucioneve perkat\u00ebs drejt mbrojtjes s\u00eb ekosistemit bregdetar si dhe krijimin e kushteve dhe stimulim drejt zhvillimit t\u00eb marikultur\u00ebs.<\/p>\n<p>Njekoh\u00ebsisht, ky projekt synon forcimin e bashkepunimit t\u00eb Komunes se Ulqinit me institucionet relevante ne mbrojtjen e ambijentit jet\u00ebsor n\u00eb t\u00eb ardhmen.<\/p>\n","protected":false},"excerpt":{"rendered":"<p>N\u00eb\u00a0kuad\u00ebr te projektit \u201eRuajtja\u00a0 e ekosistemit detar\u00a0n\u00eb\u00a0Komun\u00ebn e\u00a0Ulqinit\u201c t\u00eb p\u00ebrgatitur nga Zyra p\u00ebr Bashk\u00ebpunim Nd\u00ebrkomb\u00ebtar dhe Projekte, sot ne Hotelin Dolcino n\u00eb ora 11:00h u mbajt konferenca e par\u00eb e cila sh\u00ebnon edhe fillimin e mir\u00ebfillt\u00eb t\u00eb implementimit t\u00eb k\u00ebtij projekt. N\u00eb konferenc\u00eb ishin prezent\u00eb partner\u00ebt e projektit n\u00eb m\u00ebs t\u00eb cil\u00ebve Sherbimi i Policis\u00eb [&hellip;]<\/p>\n","protected":false},"author":1,"featured_media":0,"comment_status":"closed","ping_status":"closed","sticky":false,"template":"","format":"standard","meta":{"spay_email":"","jetpack_publicize_message":"","jetpack_is_tweetstorm":false,"jetpack_publicize_feature_enabled":true},"categories":[1,6950],"tags":[],"jetpack_publicize_connections":[],"yoast_head":"<!-- This site is optimized with the Yoast SEO plugin v19.1 - https:\/\/yoast.com\/wordpress\/plugins\/seo\/ -->\n<title>Mbahet Konferenca e par\u00eb p\u00ebr Ruajtjen e ekosistemit detar n\u00eb Komun\u00ebn e Ulqinit - Lajme nga Ulqini<\/title>\n<meta name=\"description\" content=\"N\u00eb\u00a0kuad\u00ebr te projektit \u201eRuajtja\u00a0 e ekosistemit detar\u00a0n\u00eb\u00a0Komun\u00ebn e\u00a0Ulqinit\u201c t\u00eb p\u00ebrgatitur nga Zyra p\u00ebr Bashk\u00ebpunim Nd\u00ebrkomb\u00ebtar dhe Projekte, sot ne\" \/>\n<meta name=\"robots\" content=\"index, follow, max-snippet:-1, max-image-preview:large, max-video-preview:-1\" \/>\n<link rel=\"canonical\" href=\"https:\/\/www.visit-ulcinj.com\/blog\/2015\/02\/07\/mbahet-konferenca-e-pare-per-ruajtjen-e-ekosistemit-detar-ne-komunen-e-ulqinit\/\" \/>\n<meta property=\"og:locale\" content=\"en_US\" \/>\n<meta property=\"og:type\" content=\"article\" \/>\n<meta property=\"og:title\" content=\"Mbahet Konferenca e par\u00eb p\u00ebr Ruajtjen e ekosistemit detar n\u00eb Komun\u00ebn e Ulqinit - Lajme nga Ulqini\" \/>\n<meta property=\"og:description\" content=\"N\u00eb\u00a0kuad\u00ebr te projektit \u201eRuajtja\u00a0 e ekosistemit detar\u00a0n\u00eb\u00a0Komun\u00ebn e\u00a0Ulqinit\u201c t\u00eb p\u00ebrgatitur nga Zyra p\u00ebr Bashk\u00ebpunim Nd\u00ebrkomb\u00ebtar dhe Projekte, sot ne\" \/>\n<meta property=\"og:url\" content=\"https:\/\/www.visit-ulcinj.com\/blog\/2015\/02\/07\/mbahet-konferenca-e-pare-per-ruajtjen-e-ekosistemit-detar-ne-komunen-e-ulqinit\/\" \/>\n<meta property=\"og:site_name\" content=\"Lajme nga Ulqini\" \/>\n<meta property=\"article:published_time\" content=\"2015-02-07T10:30:06+00:00\" \/>\n<meta property=\"article:modified_time\" content=\"2015-02-08T05:17:49+00:00\" \/>\n<meta name=\"twitter:label1\" content=\"Written by\" \/>\n\t<meta name=\"twitter:data1\" content=\"ulqini\" \/>\n\t<meta name=\"twitter:label2\" content=\"Est. reading time\" \/>\n\t<meta name=\"twitter:data2\" content=\"2 minutes\" \/>\n<script type=\"application\/ld+json\" class=\"yoast-schema-graph\">{\"@context\":\"https:\/\/schema.org\",\"@graph\":[{\"@type\":\"WebSite\",\"@id\":\"https:\/\/www.visit-ulcinj.com\/blog\/#website\",\"url\":\"https:\/\/www.visit-ulcinj.com\/blog\/\",\"name\":\"Lajme nga Ulqini\",\"description\":\"Lajme,Vijesti,Ulqini,Ulqin,Crna Gora,Mali i Zi\",\"potentialAction\":[{\"@type\":\"SearchAction\",\"target\":{\"@type\":\"EntryPoint\",\"urlTemplate\":\"https:\/\/www.visit-ulcinj.com\/blog\/?s={search_term_string}\"},\"query-input\":\"required name=search_term_string\"}],\"inLanguage\":\"en-US\"},{\"@type\":\"WebPage\",\"@id\":\"https:\/\/www.visit-ulcinj.com\/blog\/2015\/02\/07\/mbahet-konferenca-e-pare-per-ruajtjen-e-ekosistemit-detar-ne-komunen-e-ulqinit\/#webpage\",\"url\":\"https:\/\/www.visit-ulcinj.com\/blog\/2015\/02\/07\/mbahet-konferenca-e-pare-per-ruajtjen-e-ekosistemit-detar-ne-komunen-e-ulqinit\/\",\"name\":\"Mbahet Konferenca e par\u00eb p\u00ebr Ruajtjen e ekosistemit detar n\u00eb Komun\u00ebn e Ulqinit - Lajme nga Ulqini\",\"isPartOf\":{\"@id\":\"https:\/\/www.visit-ulcinj.com\/blog\/#website\"},\"datePublished\":\"2015-02-07T10:30:06+00:00\",\"dateModified\":\"2015-02-08T05:17:49+00:00\",\"author\":{\"@id\":\"https:\/\/www.visit-ulcinj.com\/blog\/#\/schema\/person\/dcab619c614d3038751c63bc2aadc06d\"},\"description\":\"N\u00eb\u00a0kuad\u00ebr te projektit \u201eRuajtja\u00a0 e ekosistemit detar\u00a0n\u00eb\u00a0Komun\u00ebn e\u00a0Ulqinit\u201c t\u00eb p\u00ebrgatitur nga Zyra p\u00ebr Bashk\u00ebpunim Nd\u00ebrkomb\u00ebtar dhe Projekte, sot ne\",\"breadcrumb\":{\"@id\":\"https:\/\/www.visit-ulcinj.com\/blog\/2015\/02\/07\/mbahet-konferenca-e-pare-per-ruajtjen-e-ekosistemit-detar-ne-komunen-e-ulqinit\/#breadcrumb\"},\"inLanguage\":\"en-US\",\"potentialAction\":[{\"@type\":\"ReadAction\",\"target\":[\"https:\/\/www.visit-ulcinj.com\/blog\/2015\/02\/07\/mbahet-konferenca-e-pare-per-ruajtjen-e-ekosistemit-detar-ne-komunen-e-ulqinit\/\"]}]},{\"@type\":\"BreadcrumbList\",\"@id\":\"https:\/\/www.visit-ulcinj.com\/blog\/2015\/02\/07\/mbahet-konferenca-e-pare-per-ruajtjen-e-ekosistemit-detar-ne-komunen-e-ulqinit\/#breadcrumb\",\"itemListElement\":[{\"@type\":\"ListItem\",\"position\":1,\"name\":\"Mbahet Konferenca e par\u00eb p\u00ebr Ruajtjen e ekosistemit detar n\u00eb Komun\u00ebn e Ulqinit\"}]},{\"@type\":\"Person\",\"@id\":\"https:\/\/www.visit-ulcinj.com\/blog\/#\/schema\/person\/dcab619c614d3038751c63bc2aadc06d\",\"name\":\"ulqini\",\"sameAs\":[\"http:\/\/www.visit-ulcinj.com\"],\"url\":\"https:\/\/www.visit-ulcinj.com\/blog\/author\/admin\/\"}]}<\/script>\n<!-- \/ Yoast SEO plugin. -->","yoast_head_json":{"title":"Mbahet Konferenca e par\u00eb p\u00ebr Ruajtjen e ekosistemit detar n\u00eb Komun\u00ebn e Ulqinit - Lajme nga Ulqini","description":"N\u00eb\u00a0kuad\u00ebr te projektit \u201eRuajtja\u00a0 e ekosistemit detar\u00a0n\u00eb\u00a0Komun\u00ebn e\u00a0Ulqinit\u201c t\u00eb p\u00ebrgatitur nga Zyra p\u00ebr Bashk\u00ebpunim Nd\u00ebrkomb\u00ebtar dhe Projekte, sot ne","robots":{"index":"index","follow":"follow","max-snippet":"max-snippet:-1","max-image-preview":"max-image-preview:large","max-video-preview":"max-video-preview:-1"},"canonical":"https:\/\/www.visit-ulcinj.com\/blog\/2015\/02\/07\/mbahet-konferenca-e-pare-per-ruajtjen-e-ekosistemit-detar-ne-komunen-e-ulqinit\/","og_locale":"en_US","og_type":"article","og_title":"Mbahet Konferenca e par\u00eb p\u00ebr Ruajtjen e ekosistemit detar n\u00eb Komun\u00ebn e Ulqinit - Lajme nga Ulqini","og_description":"N\u00eb\u00a0kuad\u00ebr te projektit \u201eRuajtja\u00a0 e ekosistemit detar\u00a0n\u00eb\u00a0Komun\u00ebn e\u00a0Ulqinit\u201c t\u00eb p\u00ebrgatitur nga Zyra p\u00ebr Bashk\u00ebpunim Nd\u00ebrkomb\u00ebtar dhe Projekte, sot ne","og_url":"https:\/\/www.visit-ulcinj.com\/blog\/2015\/02\/07\/mbahet-konferenca-e-pare-per-ruajtjen-e-ekosistemit-detar-ne-komunen-e-ulqinit\/","og_site_name":"Lajme nga Ulqini","article_published_time":"2015-02-07T10:30:06+00:00","article_modified_time":"2015-02-08T05:17:49+00:00","twitter_misc":{"Written by":"ulqini","Est. reading time":"2 minutes"},"schema":{"@context":"https:\/\/schema.org","@graph":[{"@type":"WebSite","@id":"https:\/\/www.visit-ulcinj.com\/blog\/#website","url":"https:\/\/www.visit-ulcinj.com\/blog\/","name":"Lajme nga Ulqini","description":"Lajme,Vijesti,Ulqini,Ulqin,Crna Gora,Mali i Zi","potentialAction":[{"@type":"SearchAction","target":{"@type":"EntryPoint","urlTemplate":"https:\/\/www.visit-ulcinj.com\/blog\/?s={search_term_string}"},"query-input":"required name=search_term_string"}],"inLanguage":"en-US"},{"@type":"WebPage","@id":"https:\/\/www.visit-ulcinj.com\/blog\/2015\/02\/07\/mbahet-konferenca-e-pare-per-ruajtjen-e-ekosistemit-detar-ne-komunen-e-ulqinit\/#webpage","url":"https:\/\/www.visit-ulcinj.com\/blog\/2015\/02\/07\/mbahet-konferenca-e-pare-per-ruajtjen-e-ekosistemit-detar-ne-komunen-e-ulqinit\/","name":"Mbahet Konferenca e par\u00eb p\u00ebr Ruajtjen e ekosistemit detar n\u00eb Komun\u00ebn e Ulqinit - Lajme nga Ulqini","isPartOf":{"@id":"https:\/\/www.visit-ulcinj.com\/blog\/#website"},"datePublished":"2015-02-07T10:30:06+00:00","dateModified":"2015-02-08T05:17:49+00:00","author":{"@id":"https:\/\/www.visit-ulcinj.com\/blog\/#\/schema\/person\/dcab619c614d3038751c63bc2aadc06d"},"description":"N\u00eb\u00a0kuad\u00ebr te projektit \u201eRuajtja\u00a0 e ekosistemit detar\u00a0n\u00eb\u00a0Komun\u00ebn e\u00a0Ulqinit\u201c t\u00eb p\u00ebrgatitur nga Zyra p\u00ebr Bashk\u00ebpunim Nd\u00ebrkomb\u00ebtar dhe Projekte, sot ne","breadcrumb":{"@id":"https:\/\/www.visit-ulcinj.com\/blog\/2015\/02\/07\/mbahet-konferenca-e-pare-per-ruajtjen-e-ekosistemit-detar-ne-komunen-e-ulqinit\/#breadcrumb"},"inLanguage":"en-US","potentialAction":[{"@type":"ReadAction","target":["https:\/\/www.visit-ulcinj.com\/blog\/2015\/02\/07\/mbahet-konferenca-e-pare-per-ruajtjen-e-ekosistemit-detar-ne-komunen-e-ulqinit\/"]}]},{"@type":"BreadcrumbList","@id":"https:\/\/www.visit-ulcinj.com\/blog\/2015\/02\/07\/mbahet-konferenca-e-pare-per-ruajtjen-e-ekosistemit-detar-ne-komunen-e-ulqinit\/#breadcrumb","itemListElement":[{"@type":"ListItem","position":1,"name":"Mbahet Konferenca e par\u00eb p\u00ebr Ruajtjen e ekosistemit detar n\u00eb Komun\u00ebn e Ulqinit"}]},{"@type":"Person","@id":"https:\/\/www.visit-ulcinj.com\/blog\/#\/schema\/person\/dcab619c614d3038751c63bc2aadc06d","name":"ulqini","sameAs":["http:\/\/www.visit-ulcinj.com"],"url":"https:\/\/www.visit-ulcinj.com\/blog\/author\/admin\/"}]}},"jetpack_featured_media_url":"","jetpack_sharing_enabled":true,"jetpack_shortlink":"https:\/\/wp.me\/pe6lTn-n06","_links":{"self":[{"href":"https:\/\/www.visit-ulcinj.com\/blog\/wp-json\/wp\/v2\/posts\/88418"}],"collection":[{"href":"https:\/\/www.visit-ulcinj.com\/blog\/wp-json\/wp\/v2\/posts"}],"about":[{"href":"https:\/\/www.visit-ulcinj.com\/blog\/wp-json\/wp\/v2\/types\/post"}],"author":[{"embeddable":true,"href":"https:\/\/www.visit-ulcinj.com\/blog\/wp-json\/wp\/v2\/users\/1"}],"replies":[{"embeddable":true,"href":"https:\/\/www.visit-ulcinj.com\/blog\/wp-json\/wp\/v2\/comments?post=88418"}],"version-history":[{"count":1,"href":"https:\/\/www.visit-ulcinj.com\/blog\/wp-json\/wp\/v2\/posts\/88418\/revisions"}],"predecessor-version":[{"id":88424,"href":"https:\/\/www.visit-ulcinj.com\/blog\/wp-json\/wp\/v2\/posts\/88418\/revisions\/88424"}],"wp:attachment":[{"href":"https:\/\/www.visit-ulcinj.com\/blog\/wp-json\/wp\/v2\/media?parent=88418"}],"wp:term":[{"taxonomy":"category","embeddable":true,"href":"https:\/\/www.visit-ulcinj.com\/blog\/wp-json\/wp\/v2\/categories?post=88418"},{"taxonomy":"post_tag","embeddable":true,"href":"https:\/\/www.visit-ulcinj.com\/blog\/wp-json\/wp\/v2\/tags?post=88418"}],"curies":[{"name":"wp","href":"https:\/\/api.w.org\/{rel}","templated":true}]}}