{"id":88433,"date":"2015-02-08T07:02:39","date_gmt":"2015-02-08T06:02:39","guid":{"rendered":"http:\/\/www.visit-ulcinj.com\/blog\/?p=88433"},"modified":"2015-02-08T07:02:39","modified_gmt":"2015-02-08T06:02:39","slug":"kf-prishtina-pergatitjet-vazhdon-per-disa-dite-ne-ulqin","status":"publish","type":"post","link":"https:\/\/www.visit-ulcinj.com\/blog\/2015\/02\/08\/kf-prishtina-pergatitjet-vazhdon-per-disa-dite-ne-ulqin\/","title":{"rendered":"KF Prishtina, p\u00ebrgatitjet i vazhdon p\u00ebr disa dit\u00eb n\u00eb Ulqin"},"content":{"rendered":"<p><a href=\"http:\/\/www.visit-ulcinj.com\/blog\/wp-content\/uploads\/2015\/02\/KF-Prishtina-Ulqin.jpg\"><img loading=\"lazy\" class=\"alignleft wp-image-88434\" src=\"http:\/\/www.visit-ulcinj.com\/blog\/wp-content\/uploads\/2015\/02\/KF-Prishtina-Ulqin.jpg\" alt=\"KF Prishtina-Ulqin\" width=\"508\" height=\"230\" srcset=\"https:\/\/www.visit-ulcinj.com\/blog\/wp-content\/uploads\/2015\/02\/KF-Prishtina-Ulqin.jpg 645w, https:\/\/www.visit-ulcinj.com\/blog\/wp-content\/uploads\/2015\/02\/KF-Prishtina-Ulqin-300x136.jpg 300w\" sizes=\"(max-width: 508px) 100vw, 508px\" \/><\/a>Skuadra me renome n\u00eb vend, Prishtina, p\u00ebrgatitjet i vazhdon p\u00ebr disa dit\u00eb n\u00eb Ulqin. Bardhekaltrit q\u00eb p\u00ebrfunduan vjesht\u00ebn n\u00eb vend t\u00eb pest\u00eb me 25 pik\u00eb, kan\u00eb synim titullin e kampionit n\u00eb Raiffeisen Superlig\u00eb. Prishtina n\u00ebnshkruan kontrat\u00eb me tre futbollist\u00eb t\u00eb rinj, Dren Gashi, Endrit Krasniqi dhe Arbnor Zeqiri.<\/p>\n<p>Skuadra ka filluar faz\u00ebn e dyt\u00eb p\u00ebrgatitore n\u00eb qytetin e bukur Ulqin. Akomodimi \u00ebsht\u00eb b\u00ebr\u00eb n\u00eb hotel \u201cOlympic\u201d, Ulqin. T\u00eb grumbulluar jan\u00eb 26 futbollist\u00eb: Kushtrim Mushica, Alban Mu\u00e7iqi, Visar Bekaj, Liridon Kukaj, Ahmet Haliti, Viktor Kuka, Fisnik Ramadanaj, Adnan Haxhaj, Armend Thaqi, Akil Makolli, Gentrit Begolli, Endrit Grainca, Mentor Zhdrella, Ylber Ramadani, Driton Krasniqi, Lorik Boshnjaku, Betim Haxhimusa, Granit Begolli, Durim Gashi, Bashkim Shala, Florim B\u00ebrbatovci, Festim Krasniqi dhe Shend Kelmendi, thuhet nga FC Prishtina.<\/p>\n<p>Bota Sot<\/p>\n","protected":false},"excerpt":{"rendered":"<p>Skuadra me renome n\u00eb vend, Prishtina, p\u00ebrgatitjet i vazhdon p\u00ebr disa dit\u00eb n\u00eb Ulqin. Bardhekaltrit q\u00eb p\u00ebrfunduan vjesht\u00ebn n\u00eb vend t\u00eb pest\u00eb me 25 pik\u00eb, kan\u00eb synim titullin e kampionit n\u00eb Raiffeisen Superlig\u00eb. Prishtina n\u00ebnshkruan kontrat\u00eb me tre futbollist\u00eb t\u00eb rinj, Dren Gashi, Endrit Krasniqi dhe Arbnor Zeqiri. Skuadra ka filluar faz\u00ebn e dyt\u00eb p\u00ebrgatitore [&hellip;]<\/p>\n","protected":false},"author":1,"featured_media":0,"comment_status":"closed","ping_status":"closed","sticky":false,"template":"","format":"standard","meta":{"spay_email":"","jetpack_publicize_message":"","jetpack_is_tweetstorm":false,"jetpack_publicize_feature_enabled":true},"categories":[3],"tags":[],"jetpack_publicize_connections":[],"yoast_head":"<!-- This site is optimized with the Yoast SEO plugin v19.1 - https:\/\/yoast.com\/wordpress\/plugins\/seo\/ -->\n<title>KF Prishtina, p\u00ebrgatitjet i vazhdon p\u00ebr disa dit\u00eb n\u00eb Ulqin - Lajme nga Ulqini<\/title>\n<meta name=\"description\" content=\"Skuadra me renome n\u00eb vend, Prishtina, p\u00ebrgatitjet i vazhdon p\u00ebr disa dit\u00eb n\u00eb Ulqin. Bardhekaltrit q\u00eb p\u00ebrfunduan vjesht\u00ebn n\u00eb vend t\u00eb pest\u00eb me 25 pik\u00eb, kan\u00eb\" \/>\n<meta name=\"robots\" content=\"index, follow, max-snippet:-1, max-image-preview:large, max-video-preview:-1\" \/>\n<link rel=\"canonical\" href=\"https:\/\/www.visit-ulcinj.com\/blog\/2015\/02\/08\/kf-prishtina-pergatitjet-vazhdon-per-disa-dite-ne-ulqin\/\" \/>\n<meta property=\"og:locale\" content=\"en_US\" \/>\n<meta property=\"og:type\" content=\"article\" \/>\n<meta property=\"og:title\" content=\"KF Prishtina, p\u00ebrgatitjet i vazhdon p\u00ebr disa dit\u00eb n\u00eb Ulqin - Lajme nga Ulqini\" \/>\n<meta property=\"og:description\" content=\"Skuadra me renome n\u00eb vend, Prishtina, p\u00ebrgatitjet i vazhdon p\u00ebr disa dit\u00eb n\u00eb Ulqin. Bardhekaltrit q\u00eb p\u00ebrfunduan vjesht\u00ebn n\u00eb vend t\u00eb pest\u00eb me 25 pik\u00eb, kan\u00eb\" \/>\n<meta property=\"og:url\" content=\"https:\/\/www.visit-ulcinj.com\/blog\/2015\/02\/08\/kf-prishtina-pergatitjet-vazhdon-per-disa-dite-ne-ulqin\/\" \/>\n<meta property=\"og:site_name\" content=\"Lajme nga Ulqini\" \/>\n<meta property=\"article:published_time\" content=\"2015-02-08T06:02:39+00:00\" \/>\n<meta property=\"og:image\" content=\"http:\/\/www.visit-ulcinj.com\/blog\/wp-content\/uploads\/2015\/02\/KF-Prishtina-Ulqin.jpg\" \/>\n<meta name=\"twitter:label1\" content=\"Written by\" \/>\n\t<meta name=\"twitter:data1\" content=\"ulqini\" \/>\n\t<meta name=\"twitter:label2\" content=\"Est. reading time\" \/>\n\t<meta name=\"twitter:data2\" content=\"1 minute\" \/>\n<script type=\"application\/ld+json\" class=\"yoast-schema-graph\">{\"@context\":\"https:\/\/schema.org\",\"@graph\":[{\"@type\":\"WebSite\",\"@id\":\"https:\/\/www.visit-ulcinj.com\/blog\/#website\",\"url\":\"https:\/\/www.visit-ulcinj.com\/blog\/\",\"name\":\"Lajme nga Ulqini\",\"description\":\"Lajme,Vijesti,Ulqini,Ulqin,Crna Gora,Mali i Zi\",\"potentialAction\":[{\"@type\":\"SearchAction\",\"target\":{\"@type\":\"EntryPoint\",\"urlTemplate\":\"https:\/\/www.visit-ulcinj.com\/blog\/?s={search_term_string}\"},\"query-input\":\"required name=search_term_string\"}],\"inLanguage\":\"en-US\"},{\"@type\":\"ImageObject\",\"inLanguage\":\"en-US\",\"@id\":\"https:\/\/www.visit-ulcinj.com\/blog\/2015\/02\/08\/kf-prishtina-pergatitjet-vazhdon-per-disa-dite-ne-ulqin\/#primaryimage\",\"url\":\"https:\/\/www.visit-ulcinj.com\/blog\/wp-content\/uploads\/2015\/02\/KF-Prishtina-Ulqin.jpg\",\"contentUrl\":\"https:\/\/www.visit-ulcinj.com\/blog\/wp-content\/uploads\/2015\/02\/KF-Prishtina-Ulqin.jpg\",\"width\":645,\"height\":292},{\"@type\":\"WebPage\",\"@id\":\"https:\/\/www.visit-ulcinj.com\/blog\/2015\/02\/08\/kf-prishtina-pergatitjet-vazhdon-per-disa-dite-ne-ulqin\/#webpage\",\"url\":\"https:\/\/www.visit-ulcinj.com\/blog\/2015\/02\/08\/kf-prishtina-pergatitjet-vazhdon-per-disa-dite-ne-ulqin\/\",\"name\":\"KF Prishtina, p\u00ebrgatitjet i vazhdon p\u00ebr disa dit\u00eb n\u00eb Ulqin - Lajme nga Ulqini\",\"isPartOf\":{\"@id\":\"https:\/\/www.visit-ulcinj.com\/blog\/#website\"},\"primaryImageOfPage\":{\"@id\":\"https:\/\/www.visit-ulcinj.com\/blog\/2015\/02\/08\/kf-prishtina-pergatitjet-vazhdon-per-disa-dite-ne-ulqin\/#primaryimage\"},\"datePublished\":\"2015-02-08T06:02:39+00:00\",\"dateModified\":\"2015-02-08T06:02:39+00:00\",\"author\":{\"@id\":\"https:\/\/www.visit-ulcinj.com\/blog\/#\/schema\/person\/dcab619c614d3038751c63bc2aadc06d\"},\"description\":\"Skuadra me renome n\u00eb vend, Prishtina, p\u00ebrgatitjet i vazhdon p\u00ebr disa dit\u00eb n\u00eb Ulqin. Bardhekaltrit q\u00eb p\u00ebrfunduan vjesht\u00ebn n\u00eb vend t\u00eb pest\u00eb me 25 pik\u00eb, kan\u00eb\",\"breadcrumb\":{\"@id\":\"https:\/\/www.visit-ulcinj.com\/blog\/2015\/02\/08\/kf-prishtina-pergatitjet-vazhdon-per-disa-dite-ne-ulqin\/#breadcrumb\"},\"inLanguage\":\"en-US\",\"potentialAction\":[{\"@type\":\"ReadAction\",\"target\":[\"https:\/\/www.visit-ulcinj.com\/blog\/2015\/02\/08\/kf-prishtina-pergatitjet-vazhdon-per-disa-dite-ne-ulqin\/\"]}]},{\"@type\":\"BreadcrumbList\",\"@id\":\"https:\/\/www.visit-ulcinj.com\/blog\/2015\/02\/08\/kf-prishtina-pergatitjet-vazhdon-per-disa-dite-ne-ulqin\/#breadcrumb\",\"itemListElement\":[{\"@type\":\"ListItem\",\"position\":1,\"name\":\"KF Prishtina, p\u00ebrgatitjet i vazhdon p\u00ebr disa dit\u00eb n\u00eb Ulqin\"}]},{\"@type\":\"Person\",\"@id\":\"https:\/\/www.visit-ulcinj.com\/blog\/#\/schema\/person\/dcab619c614d3038751c63bc2aadc06d\",\"name\":\"ulqini\",\"sameAs\":[\"http:\/\/www.visit-ulcinj.com\"],\"url\":\"https:\/\/www.visit-ulcinj.com\/blog\/author\/admin\/\"}]}<\/script>\n<!-- \/ Yoast SEO plugin. -->","yoast_head_json":{"title":"KF Prishtina, p\u00ebrgatitjet i vazhdon p\u00ebr disa dit\u00eb n\u00eb Ulqin - Lajme nga Ulqini","description":"Skuadra me renome n\u00eb vend, Prishtina, p\u00ebrgatitjet i vazhdon p\u00ebr disa dit\u00eb n\u00eb Ulqin. Bardhekaltrit q\u00eb p\u00ebrfunduan vjesht\u00ebn n\u00eb vend t\u00eb pest\u00eb me 25 pik\u00eb, kan\u00eb","robots":{"index":"index","follow":"follow","max-snippet":"max-snippet:-1","max-image-preview":"max-image-preview:large","max-video-preview":"max-video-preview:-1"},"canonical":"https:\/\/www.visit-ulcinj.com\/blog\/2015\/02\/08\/kf-prishtina-pergatitjet-vazhdon-per-disa-dite-ne-ulqin\/","og_locale":"en_US","og_type":"article","og_title":"KF Prishtina, p\u00ebrgatitjet i vazhdon p\u00ebr disa dit\u00eb n\u00eb Ulqin - Lajme nga Ulqini","og_description":"Skuadra me renome n\u00eb vend, Prishtina, p\u00ebrgatitjet i vazhdon p\u00ebr disa dit\u00eb n\u00eb Ulqin. Bardhekaltrit q\u00eb p\u00ebrfunduan vjesht\u00ebn n\u00eb vend t\u00eb pest\u00eb me 25 pik\u00eb, kan\u00eb","og_url":"https:\/\/www.visit-ulcinj.com\/blog\/2015\/02\/08\/kf-prishtina-pergatitjet-vazhdon-per-disa-dite-ne-ulqin\/","og_site_name":"Lajme nga Ulqini","article_published_time":"2015-02-08T06:02:39+00:00","og_image":[{"url":"http:\/\/www.visit-ulcinj.com\/blog\/wp-content\/uploads\/2015\/02\/KF-Prishtina-Ulqin.jpg"}],"twitter_misc":{"Written by":"ulqini","Est. reading time":"1 minute"},"schema":{"@context":"https:\/\/schema.org","@graph":[{"@type":"WebSite","@id":"https:\/\/www.visit-ulcinj.com\/blog\/#website","url":"https:\/\/www.visit-ulcinj.com\/blog\/","name":"Lajme nga Ulqini","description":"Lajme,Vijesti,Ulqini,Ulqin,Crna Gora,Mali i Zi","potentialAction":[{"@type":"SearchAction","target":{"@type":"EntryPoint","urlTemplate":"https:\/\/www.visit-ulcinj.com\/blog\/?s={search_term_string}"},"query-input":"required name=search_term_string"}],"inLanguage":"en-US"},{"@type":"ImageObject","inLanguage":"en-US","@id":"https:\/\/www.visit-ulcinj.com\/blog\/2015\/02\/08\/kf-prishtina-pergatitjet-vazhdon-per-disa-dite-ne-ulqin\/#primaryimage","url":"https:\/\/www.visit-ulcinj.com\/blog\/wp-content\/uploads\/2015\/02\/KF-Prishtina-Ulqin.jpg","contentUrl":"https:\/\/www.visit-ulcinj.com\/blog\/wp-content\/uploads\/2015\/02\/KF-Prishtina-Ulqin.jpg","width":645,"height":292},{"@type":"WebPage","@id":"https:\/\/www.visit-ulcinj.com\/blog\/2015\/02\/08\/kf-prishtina-pergatitjet-vazhdon-per-disa-dite-ne-ulqin\/#webpage","url":"https:\/\/www.visit-ulcinj.com\/blog\/2015\/02\/08\/kf-prishtina-pergatitjet-vazhdon-per-disa-dite-ne-ulqin\/","name":"KF Prishtina, p\u00ebrgatitjet i vazhdon p\u00ebr disa dit\u00eb n\u00eb Ulqin - Lajme nga Ulqini","isPartOf":{"@id":"https:\/\/www.visit-ulcinj.com\/blog\/#website"},"primaryImageOfPage":{"@id":"https:\/\/www.visit-ulcinj.com\/blog\/2015\/02\/08\/kf-prishtina-pergatitjet-vazhdon-per-disa-dite-ne-ulqin\/#primaryimage"},"datePublished":"2015-02-08T06:02:39+00:00","dateModified":"2015-02-08T06:02:39+00:00","author":{"@id":"https:\/\/www.visit-ulcinj.com\/blog\/#\/schema\/person\/dcab619c614d3038751c63bc2aadc06d"},"description":"Skuadra me renome n\u00eb vend, Prishtina, p\u00ebrgatitjet i vazhdon p\u00ebr disa dit\u00eb n\u00eb Ulqin. Bardhekaltrit q\u00eb p\u00ebrfunduan vjesht\u00ebn n\u00eb vend t\u00eb pest\u00eb me 25 pik\u00eb, kan\u00eb","breadcrumb":{"@id":"https:\/\/www.visit-ulcinj.com\/blog\/2015\/02\/08\/kf-prishtina-pergatitjet-vazhdon-per-disa-dite-ne-ulqin\/#breadcrumb"},"inLanguage":"en-US","potentialAction":[{"@type":"ReadAction","target":["https:\/\/www.visit-ulcinj.com\/blog\/2015\/02\/08\/kf-prishtina-pergatitjet-vazhdon-per-disa-dite-ne-ulqin\/"]}]},{"@type":"BreadcrumbList","@id":"https:\/\/www.visit-ulcinj.com\/blog\/2015\/02\/08\/kf-prishtina-pergatitjet-vazhdon-per-disa-dite-ne-ulqin\/#breadcrumb","itemListElement":[{"@type":"ListItem","position":1,"name":"KF Prishtina, p\u00ebrgatitjet i vazhdon p\u00ebr disa dit\u00eb n\u00eb Ulqin"}]},{"@type":"Person","@id":"https:\/\/www.visit-ulcinj.com\/blog\/#\/schema\/person\/dcab619c614d3038751c63bc2aadc06d","name":"ulqini","sameAs":["http:\/\/www.visit-ulcinj.com"],"url":"https:\/\/www.visit-ulcinj.com\/blog\/author\/admin\/"}]}},"jetpack_featured_media_url":"","jetpack_sharing_enabled":true,"jetpack_shortlink":"https:\/\/wp.me\/pe6lTn-n0l","_links":{"self":[{"href":"https:\/\/www.visit-ulcinj.com\/blog\/wp-json\/wp\/v2\/posts\/88433"}],"collection":[{"href":"https:\/\/www.visit-ulcinj.com\/blog\/wp-json\/wp\/v2\/posts"}],"about":[{"href":"https:\/\/www.visit-ulcinj.com\/blog\/wp-json\/wp\/v2\/types\/post"}],"author":[{"embeddable":true,"href":"https:\/\/www.visit-ulcinj.com\/blog\/wp-json\/wp\/v2\/users\/1"}],"replies":[{"embeddable":true,"href":"https:\/\/www.visit-ulcinj.com\/blog\/wp-json\/wp\/v2\/comments?post=88433"}],"version-history":[{"count":1,"href":"https:\/\/www.visit-ulcinj.com\/blog\/wp-json\/wp\/v2\/posts\/88433\/revisions"}],"predecessor-version":[{"id":88435,"href":"https:\/\/www.visit-ulcinj.com\/blog\/wp-json\/wp\/v2\/posts\/88433\/revisions\/88435"}],"wp:attachment":[{"href":"https:\/\/www.visit-ulcinj.com\/blog\/wp-json\/wp\/v2\/media?parent=88433"}],"wp:term":[{"taxonomy":"category","embeddable":true,"href":"https:\/\/www.visit-ulcinj.com\/blog\/wp-json\/wp\/v2\/categories?post=88433"},{"taxonomy":"post_tag","embeddable":true,"href":"https:\/\/www.visit-ulcinj.com\/blog\/wp-json\/wp\/v2\/tags?post=88433"}],"curies":[{"name":"wp","href":"https:\/\/api.w.org\/{rel}","templated":true}]}}