{"id":88443,"date":"2015-02-08T08:28:43","date_gmt":"2015-02-08T07:28:43","guid":{"rendered":"http:\/\/www.visit-ulcinj.com\/blog\/?p=88443"},"modified":"2015-02-08T08:28:43","modified_gmt":"2015-02-08T07:28:43","slug":"zeneli-shqiptaret-po-ikin-pas-hijes-se-hanes","status":"publish","type":"post","link":"https:\/\/www.visit-ulcinj.com\/blog\/2015\/02\/08\/zeneli-shqiptaret-po-ikin-pas-hijes-se-hanes\/","title":{"rendered":"Zeneli: Shqiptar\u00ebt po ikin pas hij\u00ebs s\u00eb han\u00ebs&#8230;.."},"content":{"rendered":"<p><strong><a href=\"http:\/\/www.visit-ulcinj.com\/blog\/wp-content\/uploads\/2014\/01\/haxhi-zeneli.jpg\"><img loading=\"lazy\" class=\"alignleft wp-image-78844 size-full\" src=\"http:\/\/www.visit-ulcinj.com\/blog\/wp-content\/uploads\/2014\/01\/haxhi-zeneli.jpg\" alt=\"haxhi-zeneli\" width=\"280\" height=\"236\" \/><\/a>Shkruan:Haxhi Zeneli<\/strong><\/p>\n<p>Pap\u00ebrgjegj\u00ebsia e nj\u00eb qeverie e cila ka&#8221;kapur demokracin p\u00ebr bishti&#8221;ka sjellur Shtetin e Kosov\u00ebs n\u00eb nj\u00eb shkall\u00eb shum\u00eb t\u00eb r\u00ebnd\u00eb:ekonomike,politike dhe morale.<\/p>\n<p>Shteti m\u00eb i ri i Europ\u00ebs,sot\u00eb p\u00ebrball\u00ebt me sfida t\u00eb m\u00ebdha.<\/p>\n<p>Kosova pas luft\u00ebs ishte n\u00eb gjend\u00ebje t\u00eb mjerueshme.Kaluan 15 vite q\u00eb kur\u00eb NATO, zbarkoj\u00eb s\u00eb bashku me Forcat Nd\u00ebrkomb\u00ebtare,t\u00eb cil\u00ebt erdh\u00ebn p\u00ebr t\u00eb administruar dhe ndihmuar k\u00ebt\u00eb vend.N\u00eb at\u00eb koh\u00eb d\u00ebgjoja nga shum\u00eb shok t\u00eb mi:si nga shqiptar\u00ebt,ashtu edhe t\u00eb huaj,kur\u00eb m\u00eb thonin:&#8221;se tashti Kosova do b\u00ebhet Zvic\u00ebrr&#8221;.Kosova n\u00eb 15 vjetorin e saj\u00eb,jo q\u00eb nuk u b\u00eb Zvic\u00ebrr,por nuk u b\u00eb as&#8221;Kosov\u00eb e plot\u00eb&#8221; e cila ka v\u00ebsht\u00ebr\u00ebsi t\u00eb mbroj\u00eb integritetin e saj\u00eb.Jeta n\u00eb Kosov\u00eb dita,dit\u00ebs po b\u00ebh\u00ebt edhe m\u00eb e v\u00ebshtir\u00eb.Me rastin e fundit vrejt\u00ebm sa shpejt Shteti i Kosov\u00ebs mund t\u00eb destabilizoh\u00ebt,ku u desh nj\u00eb fjal\u00eb e Serbit Jabllanoviq q\u00eb ti ofendoj\u00eb shqiptar\u00ebt,dhe nuk vonoj\u00eb shum\u00eb,me t\u00eb drejt\u00eb filloj\u00eb sherri.Me q\u00eb serbet historikisht,jan\u00eb t\u00eb shquar p\u00ebr t\u00eb krujuar konflikte,ata edhe k\u00ebsaj\u00eb her\u00eb me p\u00ebrpjekjet e tyre nuk munguan t\u00eb krijojn\u00eb trazira me fjal\u00ebt e tyre.Serbia duke krijuar trazira n\u00eb Kosov\u00eb,ajo krijon imazhet e k\u00ebqija t\u00eb k\u00ebti vendi her\u00eb pas here,n\u00eb m\u00ebnyra t\u00eb ndrysh\u00ebme.Se vet\u00ebm k\u00ebshtu Serbia mundoh\u00ebt ta mbaj gjall\u00eb shpres\u00ebn p\u00ebr tu rikthyar n\u00eb Kosov\u00eb.Medomos se k\u00ebt\u00eb po ju leht\u00ebson pun\u00ebn edhe disa qeveritar t\u00eb Kosov\u00ebs,me dash\u00ebje apo pa dash\u00ebje,t\u00eb cil\u00ebt kontrollojn\u00eb t\u00eb gjitha arter\u00ebjet e Kosov\u00ebs.<\/p>\n<p>Populli i Kosov\u00ebs pas \u00e7lirimit nga Serbija,drejtuan syt nga nd\u00ebrkomb\u00ebtar\u00ebt,dhe shpresuan se ata kan\u00eb p\u00ebr ta b\u00ebr\u00eb Kosov\u00ebn &#8220;lule&#8221;,me shpres\u00eb se do ti ofroj\u00eb k\u00ebti populli nj\u00eb jet\u00eb m\u00eb t\u00eb mir\u00eb.Por si\u00e7 e shofim,u mbush\u00ebn 15 vite,ku shumica e shqiptar\u00ebve s&#8217;po e shofin ende &#8220;drit\u00ebn n\u00eb fund t\u00eb tunelit&#8221;.<\/p>\n<p>P\u00ebrkundrazi Kosova u b\u00eb &#8220;Zvic\u00ebrr&#8221;p\u00ebr ata q\u00eb kishin duart n\u00eb &#8220;hambar t\u00eb drithit&#8221;ku pasuria e tyre mund t\u00eb numroh\u00ebt n\u00eb miliona euro.<\/p>\n<p>Andaj nj\u00eb fjal\u00eb thot\u00eb:&#8221;N\u00ebse don ta njihesh karakterin e nj\u00eb njeriut jepi fuqin e sundimit,pastaj do ta shohish se kush \u00ebsht\u00eb&#8221;<\/p>\n<p>Pas shum\u00eb mosmarrveshjeve q\u00eb pat\u00ebn qeveritar\u00ebt atje,apo si\u00e7 e quanin ata:&#8221;g\u00ebrr\u00e7 politik\u00eb&#8221;,qeveritar\u00ebt n\u00eb pushtet,b\u00ebnin \u00e7do gj\u00eb q\u00eb mos ta humbin pushtetin,kurse n\u00eb an\u00ebn tjet\u00ebr,autobus\u00ebt mbush\u00ebshin plot\u00eb me njer\u00ebz,q\u00eb ende ikin me linj\u00ebn e organizuar,p\u00ebr mes t\u00eb Beogradit,&#8221;p\u00ebr t\u00eb gjetur nj\u00eb jet\u00eb m\u00eb t\u00eb mir\u00eb&#8221;.Shqiptar\u00ebt p\u00ebrs\u00ebri po z\u00ebjn\u00eb qend\u00ebr\u00ebn e vemendjes n\u00eb mediat e Europ\u00ebs.Kurse qeveritar\u00ebt,luftojn\u00eb p\u00ebr pushtet.Kush ka p\u00ebrgjegj\u00ebsi p\u00ebr k\u00ebte?dhe p\u00ebr \u00e7&#8217;arsy qeveria nuk nd\u00ebrmerr masa?<\/p>\n<p>N\u00eb nj\u00eb shoq\u00ebri apo qeveri t\u00eb vet\u00ebdij\u00ebshme dhe demokratike jepet dorheq\u00ebje,p\u00ebr k\u00ebte q\u00eb ndodh\u00eb n\u00eb Kosov\u00eb,sepse \u00ebsht\u00eb d\u00ebshtim i manexhimit t\u00eb situat\u00ebs,dhe kjo nd\u00ebshkoh\u00ebt.<\/p>\n<p>P\u00ebr mos-suksesin e qeveritar\u00ebve,kjo rrug\u00eb e vuajt\u00ebjeve t\u00eb k\u00ebti popull s&#8217;ka t\u00eb ndalur,ku shumica e tyre kishin shpres\u00ebn n\u00eb Kosov\u00ebn e lir\u00eb,p\u00ebr nj\u00eb jet\u00eb m\u00eb t\u00eb mir\u00eb.<\/p>\n<p>Ky popull duroj\u00eb shum\u00eb n\u00eb luft\u00ebn e fundit.Ai u masakru dhe u dhunu mizorisht,vet\u00ebm q\u00eb Kosova t\u00eb fitoj\u00eb lirin\u00eb.Edhe pse p\u00ebrjetuan shum\u00eb vuajt\u00ebje,ata nuk e l\u00ebshuan Kosov\u00ebn,por q\u00ebndruan aty herojkisht.Kurse tashti,turmat e njerz\u00ebve q\u00eb kan\u00eb humbur besimin tek qeveritar\u00ebt,nuk kan\u00eb t\u00eb ndalur.Shqiptar\u00ebt jan\u00eb t\u00eb manipuluar n\u00eb k\u00ebt\u00eb drejtim,q\u00eb nuk i dih\u00ebt se si do t\u00eb p\u00ebrfundoj\u00eb!&#8221;Shqiptar\u00ebt po ikin pas hij\u00ebs s\u00eb Han\u00ebs,e cila zhyt\u00ebt n\u00eb uj\u00eb&#8221;,kurse nga ana e qeveris\u00eb nuk shofim nj\u00eb angazhim q\u00eb t\u00eb parandaloj\u00eb turmat,nga matrapaz\u00ebt,q\u00eb kan\u00eb p\u00ebr q\u00ebllim t\u00eb krijojn\u00eb huti dhe panik\u00eb tek populli,p\u00ebr ta zbrazur Kosov\u00ebn.<\/p>\n<p>Sipas k\u00ebsaj\u00eb q\u00eb po ndodh\u00eb n\u00eb Kosov\u00eb,k\u00ebtu d\u00ebshtuan edhe Nd\u00ebrkomb\u00ebtar\u00ebt t\u00eb cil\u00ebt nuk i kushtuan kujdesin e duhur Kosov\u00ebs,ata u korruptuan s\u00eb bashku me pushtetar\u00ebt.<\/p>\n<p>Nd\u00ebrkomb\u00ebtar\u00ebt q\u00eb erdh\u00ebn k\u00ebtu,ata shpejt harruan p\u00ebrse ishin aty!detyra e tyre ishte t\u00eb administroj\u00eb dhe ndihmoj\u00eb q\u00eb Kosova t\u00eb ken\u00eb m\u00eb leht\u00eb n\u00eb tejkalimin e kriz\u00ebs s\u00eb pas-luft\u00ebs.Por si\u00e7 duk\u00ebt ata u b\u00ebn\u00eb t\u00eb&#8221;shurdh\u00ebt&#8221;.P\u00ebr t\u00eb gjitha vuajtjet,nuk \u00ebsht\u00eb askush tjet\u00ebr fajtor:p\u00ebrve\u00e7 pushtetar\u00ebt dhe nd\u00ebrkomb\u00ebtaret.Ata vazhdimisht flasin p\u00ebr imazhin e Kosov\u00ebs.Por ata harruan se ishin aty p\u00ebr ta nd\u00ebrtuar,e jo p\u00ebr ta keq\u00ebsuar imazhin e Kosov\u00ebs.Kosova kishte nj\u00eb imazh m\u00eb t\u00eb mir\u00eb.Ajo ishte ideator\u00ebja e p\u00ebrmbyesj\u00ebs s\u00eb komunizmit n\u00eb Europ\u00ebn Lindore.Aty filloj\u00eb!me popullin dhe rinin e Kosov\u00ebs,q\u00eb ishte e past\u00ebrt dhe e pa korruptuar.Ishte ajo rini e cila nuk ju frigu makineris m\u00eb t\u00eb fort\u00eb n\u00eb Ballkan.Ishte ajo rini q\u00eb viteve t\u00eb 80&#8217;ta doli para tank\u00ebsave t\u00eb Serbis,p\u00ebr t\u00eb k\u00ebrkuar lirin,kurse sot pas k\u00ebsaj\u00eb gjend\u00ebje q\u00eb kan\u00eb krijuar pushtetar\u00ebt,po ju merret lirija.\u00c7far\u00eb mund t\u00eb prit\u00ebt ndryshe nga populli?t\u00eb cilit:&#8221;ja kan\u00eb afruar thik\u00ebn n\u00eb asht&#8221;.N\u00eb k\u00ebt\u00eb gj\u00ebnd\u00ebje q\u00eb Kosova gj\u00ebndet sot,asgj\u00eb nuk \u00ebsht\u00eb p\u00ebr tu habitur.Qeveritar\u00ebt mos t\u00eb arsytoh\u00ebn me p\u00ebrralla boshe:&#8221;se populli ka dalur n\u00eb rrug\u00eb ti marri pushtetin me dhun\u00eb&#8221;.Po na tregoni ju qeveritar,se \u00e7far\u00eb t\u00eb mire i keni b\u00ebr\u00eb popullit deri m\u00eb tani?sa vende pune keni krujuar?po! ju keni b\u00ebr\u00eb vet\u00ebm p\u00ebr vet\u00ebn tuaj,keni mbushur xhepat.<\/p>\n<p>Kosova po kalon n\u00ebp\u00ebr nj\u00eb situat\u00eb shum\u00eb t\u00eb v\u00ebshtir\u00eb,q\u00eb nuk e kishim imagj\u00ebnuar,s\u00eb paku jo nga ata q\u00eb dhan\u00eb \u00e7do gj\u00eb p\u00ebr tu fituar lirija,q\u00eb Kosova t\u00eb b\u00ebhet e pavarur.<\/p>\n<p>Kosova gj\u00ebnd\u00ebt para nj\u00eb prove t\u00eb demokracis!<\/p>\n<p>Nd\u00ebrsa nd\u00ebrkomb\u00ebtar\u00ebt v\u00ebshtrojn\u00eb anash!,mbase edhe kjo ishte pjes\u00eb e skenarit t\u00eb tyre!p\u00ebr t\u00eb vler\u00ebsuar,se a jan\u00eb gati shqiptar\u00ebt t\u00eb mbrojn\u00eb &#8220;shtetin demokratik&#8221;?<\/p>\n<p>Por si do q\u00eb t\u00eb jet\u00eb,&#8221;kjo lloj\u00eb e demokracis&#8221;nuk po tregon rezultate.P\u00ebr arsy se n\u00eb pushtet njer\u00ebzit po q\u00ebndrojn\u00eb gjat\u00eb.Dhe n\u00eb nj\u00eb demokraci t\u00eb till\u00eb,njeriu krijon fush\u00ebn e manipulimit,ku m\u00eb tep\u00ebr i ngjan nj\u00eb shteti diktatorial dhe komunist,ku pushteti nuk nryshon me idet e veprimit,q\u00eb nuk p\u00ebrfshin intelegjenc\u00ebn jasht\u00eb partis s\u00eb ti.Andaj ky model i k\u00ebsaj\u00eb demokracie duh\u00ebt t\u00eb rishikoh\u00ebt.<\/p>\n<p>Papunsia,\u00ebsht\u00eb nj\u00eb problem q\u00eb ka \u00e7uar popullin t\u00eb b\u00ebjn\u00eb zgjidh\u00ebje t\u00eb pa d\u00ebshiruara.<\/p>\n<p>Me vite,t\u00eb rinj\u00ebt e Kosov\u00ebs u l\u00ebn\u00eb n\u00eb m\u00ebshir\u00ebn e atyre q\u00eb erdh\u00ebn p\u00ebr t\u00eb manipuluar me shtetin e ri t\u00eb Kosov\u00ebs.Njer\u00ebz t\u00eb cil\u00ebt ishin d\u00ebrguar nga agjentatura armiq\u00ebsore,p\u00ebr ti prishur imazhin Kosov\u00ebs.K\u00ebto dashakeq\u00ebs shfryt\u00ebzuan pikat e zbraz\u00ebta t\u00eb shtetit,i cili ka humbur kontrollin, ose ishin bashk\u00ebpuntor t\u00eb tyre t\u00eb cil\u00ebt i kan\u00eb lejuar k\u00ebto vprime me q\u00ebllim,p\u00ebr ti prishur imazhin e saj\u00eb.<\/p>\n<p>K\u00ebto t\u00eb gjitha pra jan\u00eb produkt i pushtetar\u00ebve s\u00eb bashku me nd\u00ebrkomb\u00ebtar\u00ebt.<\/p>\n<p>Kosova u kritikua shpesh her\u00eb:&#8221;si rrezik p\u00ebr terroriz\u00ebmin islamik&#8221;!<\/p>\n<p>A ishin t\u00eb gjith\u00eb k\u00ebta nd\u00ebrkomb\u00ebtar\u00ebt aty t\u00eb pranish\u00ebm?ku me dekada para syve t\u00eb tyre,&#8221;k\u00ebta njer\u00ebz&#8221; regrutonin dhe indoktrinonin Rinin e Kosov\u00ebs p\u00ebr ti d\u00ebrguar n\u00eb luft\u00ebn e Siris dhe t\u00eb Irakut?.Si ka mund\u00ebsi,q\u00eb k\u00ebta nd\u00ebrkomb\u00ebtar paguheshin nga K\u00ebshill Europian?p\u00ebr t\u00eb v\u00ebzhguar dhe raportuar \u00e7do gj\u00eb q\u00eb ndodh\u00eb n\u00eb Kosov\u00eb.\u00c7far\u00eb raportuan ata?egziston nj\u00eb th\u00ebnje p\u00ebr k\u00ebt\u00eb:&#8221;n\u00ebse bariu nuk e ruen kopen si\u00e7 duh\u00ebt,at\u00ebher\u00eb vjen ujku dhe ja ha&#8221;,andaj si\u00e7 duk\u00ebt k\u00ebshtu ndodhi me Kosov\u00ebn,sepse krejt kjo u b\u00eb para syve t\u00eb gjith\u00eb pushtetar\u00ebve dhe nd\u00ebrkomb\u00ebtar\u00ebve t\u00eb&#8221;verb\u00ebrt&#8221;.Ata t\u00eb gjith\u00eb e dinin se \u00e7&#8217;far\u00eb po ndodh\u00ebte n\u00eb Kosov\u00eb.Kur\u00eb krahasojm\u00eb k\u00ebt\u00eb vend me t\u00eb kaluar\u00ebn,(e viteve t\u00eb 80&#8217;ta),kur\u00eb ne studijonim aty,sot ka ndryshuar shum\u00eb me k\u00ebt\u00eb&#8221;demokraci t\u00eb shum\u00eb pritur&#8221;.N\u00eb at\u00eb koh\u00eb Shqiptar\u00ebt t\u00eb ish Jugosllavis,ishin t\u00eb mish\u00ebruar me Kosov\u00ebn,ishte qend\u00ebr studenteske,ishte l\u00ebvizje komb\u00ebtare.Aty m\u00ebsuam se si ta duanim dhe \u00e7&#8217;monim kombin dhe m\u00ebm\u00eb Shqip\u00ebrin.Kjo ishte Kosova p\u00ebr neve.Kishim shpresat t\u00eb m\u00ebdha tek Kosova,sepse Shqip\u00ebriija p\u00ebr ne kishte perde t\u00eb hekurt,dhe s&#8217;kishim komunikim,andaj i kishim syt nga Kosova.Me t\u00eb gjitha k\u00ebto se \u00e7far\u00eb po ndodh\u00eb n\u00eb k\u00ebt\u00eb vend!na duk\u00ebt sikur po na krijoh\u00ebn plag\u00ebt t\u00eb reja.<\/p>\n<p>Pushtetar\u00ebt nuk kan\u00eb t\u00eb drejt t\u00eb ja shuajn\u00eb popullit drit\u00ebn e shpres\u00ebs s\u00eb bashkimit.<\/p>\n<p>Shqiptar\u00ebt jasht\u00eb Kosov\u00ebs dhe Shqip\u00ebris,q\u00eb ende po k\u00ebrkojn\u00eb t\u00eb drejtat e tyre,p\u00ebr t\u00eb mbetur Shqiptar,nga shtet\u00ebt q\u00eb i kan\u00eb sunduar dhe po i sundojn\u00eb,ndih\u00ebn t\u00eb shkujdesur,tashti su mbet\u00ebt gj\u00eb tjet\u00ebr,p\u00ebrve\u00e7 t\u00eb ulin kok\u00ebn p\u00ebr t\u00eb mbijetuar aty ku jetojn\u00eb.Shpresojm\u00eb t\u00eb \u00ebsht\u00eb &#8220;tranzicion&#8221;,por me shpres\u00eb se Kosova,edhe k\u00ebsaj\u00eb her\u00eb do t\u00eb sfidoj\u00eb.Kosova ka kaluar situata m\u00eb t\u00eb v\u00ebshtira,shpresojm\u00eb se shqiptar\u00ebt do t\u00eb gjejn\u00eb forc\u00ebn e bashkimit p\u00ebr ta m&#8217;poshtur k\u00ebt\u00eb t\u00eb keqe.Kjo tok\u00eb e vaditur me gjakun e horonj\u00ebve,meriton nj\u00eb t\u00eb ardh\u00ebme m\u00eb t\u00eb mir\u00eb.Nga plag\u00ebt e saja ka rrjedhur shum\u00eb gjak p\u00ebr t\u00eb arritur deri k\u00ebtu,dhe ai gjak i derdhur nuk b\u00ebhet uj\u00eb.<\/p>\n<p>Kosova ka shum\u00eb njer\u00ebz q\u00eb ja duan t\u00eb mir\u00ebn,t\u00eb cil\u00ebt nuk lejojn\u00eb t\u00eb luh\u00ebt me gjakun e d\u00ebshmor\u00ebve.Kemi besimin se ata kan\u00eb forc\u00ebn dhe do din\u00eb tu shmang\u00ebn grackave q\u00eb kan\u00eb kordisur armiq\u00ebt.<\/p>\n<p>&nbsp;<\/p>\n<p>&nbsp;<\/p>\n<p>New York,02\/07\/2015<\/p>\n<p>&nbsp;<\/p>\n","protected":false},"excerpt":{"rendered":"<p>Shkruan:Haxhi Zeneli Pap\u00ebrgjegj\u00ebsia e nj\u00eb qeverie e cila ka&#8221;kapur demokracin p\u00ebr bishti&#8221;ka sjellur Shtetin e Kosov\u00ebs n\u00eb nj\u00eb shkall\u00eb shum\u00eb t\u00eb r\u00ebnd\u00eb:ekonomike,politike dhe morale. Shteti m\u00eb i ri i Europ\u00ebs,sot\u00eb p\u00ebrball\u00ebt me sfida t\u00eb m\u00ebdha. Kosova pas luft\u00ebs ishte n\u00eb gjend\u00ebje t\u00eb mjerueshme.Kaluan 15 vite q\u00eb kur\u00eb NATO, zbarkoj\u00eb s\u00eb bashku me Forcat Nd\u00ebrkomb\u00ebtare,t\u00eb cil\u00ebt [&hellip;]<\/p>\n","protected":false},"author":1,"featured_media":0,"comment_status":"closed","ping_status":"closed","sticky":false,"template":"","format":"standard","meta":{"spay_email":"","jetpack_publicize_message":"","jetpack_is_tweetstorm":false,"jetpack_publicize_feature_enabled":true},"categories":[7],"tags":[],"jetpack_publicize_connections":[],"yoast_head":"<!-- This site is optimized with the Yoast SEO plugin v19.1 - https:\/\/yoast.com\/wordpress\/plugins\/seo\/ -->\n<title>Zeneli: Shqiptar\u00ebt po ikin pas hij\u00ebs s\u00eb han\u00ebs..... - Lajme nga Ulqini<\/title>\n<meta name=\"description\" content=\"Shkruan:Haxhi Zeneli Pap\u00ebrgjegj\u00ebsia e nj\u00eb qeverie e cila ka&quot;kapur demokracin p\u00ebr bishti&quot;ka sjellur Shtetin e Kosov\u00ebs n\u00eb nj\u00eb shkall\u00eb shum\u00eb t\u00eb\" \/>\n<meta name=\"robots\" content=\"index, follow, max-snippet:-1, max-image-preview:large, max-video-preview:-1\" \/>\n<link rel=\"canonical\" href=\"https:\/\/www.visit-ulcinj.com\/blog\/2015\/02\/08\/zeneli-shqiptaret-po-ikin-pas-hijes-se-hanes\/\" \/>\n<meta property=\"og:locale\" content=\"en_US\" \/>\n<meta property=\"og:type\" content=\"article\" \/>\n<meta property=\"og:title\" content=\"Zeneli: Shqiptar\u00ebt po ikin pas hij\u00ebs s\u00eb han\u00ebs..... - Lajme nga Ulqini\" \/>\n<meta property=\"og:description\" content=\"Shkruan:Haxhi Zeneli Pap\u00ebrgjegj\u00ebsia e nj\u00eb qeverie e cila ka&quot;kapur demokracin p\u00ebr bishti&quot;ka sjellur Shtetin e Kosov\u00ebs n\u00eb nj\u00eb shkall\u00eb shum\u00eb t\u00eb\" \/>\n<meta property=\"og:url\" content=\"https:\/\/www.visit-ulcinj.com\/blog\/2015\/02\/08\/zeneli-shqiptaret-po-ikin-pas-hijes-se-hanes\/\" \/>\n<meta property=\"og:site_name\" content=\"Lajme nga Ulqini\" \/>\n<meta property=\"article:published_time\" content=\"2015-02-08T07:28:43+00:00\" \/>\n<meta property=\"og:image\" content=\"http:\/\/www.visit-ulcinj.com\/blog\/wp-content\/uploads\/2014\/01\/haxhi-zeneli.jpg\" \/>\n<meta name=\"twitter:label1\" content=\"Written by\" \/>\n\t<meta name=\"twitter:data1\" content=\"ulqini\" \/>\n\t<meta name=\"twitter:label2\" content=\"Est. reading time\" \/>\n\t<meta name=\"twitter:data2\" content=\"9 minutes\" \/>\n<script type=\"application\/ld+json\" class=\"yoast-schema-graph\">{\"@context\":\"https:\/\/schema.org\",\"@graph\":[{\"@type\":\"WebSite\",\"@id\":\"https:\/\/www.visit-ulcinj.com\/blog\/#website\",\"url\":\"https:\/\/www.visit-ulcinj.com\/blog\/\",\"name\":\"Lajme nga Ulqini\",\"description\":\"Lajme,Vijesti,Ulqini,Ulqin,Crna Gora,Mali i Zi\",\"potentialAction\":[{\"@type\":\"SearchAction\",\"target\":{\"@type\":\"EntryPoint\",\"urlTemplate\":\"https:\/\/www.visit-ulcinj.com\/blog\/?s={search_term_string}\"},\"query-input\":\"required name=search_term_string\"}],\"inLanguage\":\"en-US\"},{\"@type\":\"ImageObject\",\"inLanguage\":\"en-US\",\"@id\":\"https:\/\/www.visit-ulcinj.com\/blog\/2015\/02\/08\/zeneli-shqiptaret-po-ikin-pas-hijes-se-hanes\/#primaryimage\",\"url\":\"https:\/\/www.visit-ulcinj.com\/blog\/wp-content\/uploads\/2014\/01\/haxhi-zeneli.jpg\",\"contentUrl\":\"https:\/\/www.visit-ulcinj.com\/blog\/wp-content\/uploads\/2014\/01\/haxhi-zeneli.jpg\",\"width\":280,\"height\":236},{\"@type\":\"WebPage\",\"@id\":\"https:\/\/www.visit-ulcinj.com\/blog\/2015\/02\/08\/zeneli-shqiptaret-po-ikin-pas-hijes-se-hanes\/#webpage\",\"url\":\"https:\/\/www.visit-ulcinj.com\/blog\/2015\/02\/08\/zeneli-shqiptaret-po-ikin-pas-hijes-se-hanes\/\",\"name\":\"Zeneli: Shqiptar\u00ebt po ikin pas hij\u00ebs s\u00eb han\u00ebs..... - Lajme nga Ulqini\",\"isPartOf\":{\"@id\":\"https:\/\/www.visit-ulcinj.com\/blog\/#website\"},\"primaryImageOfPage\":{\"@id\":\"https:\/\/www.visit-ulcinj.com\/blog\/2015\/02\/08\/zeneli-shqiptaret-po-ikin-pas-hijes-se-hanes\/#primaryimage\"},\"datePublished\":\"2015-02-08T07:28:43+00:00\",\"dateModified\":\"2015-02-08T07:28:43+00:00\",\"author\":{\"@id\":\"https:\/\/www.visit-ulcinj.com\/blog\/#\/schema\/person\/dcab619c614d3038751c63bc2aadc06d\"},\"description\":\"Shkruan:Haxhi Zeneli Pap\u00ebrgjegj\u00ebsia e nj\u00eb qeverie e cila ka\\\"kapur demokracin p\u00ebr bishti\\\"ka sjellur Shtetin e Kosov\u00ebs n\u00eb nj\u00eb shkall\u00eb shum\u00eb t\u00eb\",\"breadcrumb\":{\"@id\":\"https:\/\/www.visit-ulcinj.com\/blog\/2015\/02\/08\/zeneli-shqiptaret-po-ikin-pas-hijes-se-hanes\/#breadcrumb\"},\"inLanguage\":\"en-US\",\"potentialAction\":[{\"@type\":\"ReadAction\",\"target\":[\"https:\/\/www.visit-ulcinj.com\/blog\/2015\/02\/08\/zeneli-shqiptaret-po-ikin-pas-hijes-se-hanes\/\"]}]},{\"@type\":\"BreadcrumbList\",\"@id\":\"https:\/\/www.visit-ulcinj.com\/blog\/2015\/02\/08\/zeneli-shqiptaret-po-ikin-pas-hijes-se-hanes\/#breadcrumb\",\"itemListElement\":[{\"@type\":\"ListItem\",\"position\":1,\"name\":\"Zeneli: Shqiptar\u00ebt po ikin pas hij\u00ebs s\u00eb han\u00ebs&#8230;..\"}]},{\"@type\":\"Person\",\"@id\":\"https:\/\/www.visit-ulcinj.com\/blog\/#\/schema\/person\/dcab619c614d3038751c63bc2aadc06d\",\"name\":\"ulqini\",\"sameAs\":[\"http:\/\/www.visit-ulcinj.com\"],\"url\":\"https:\/\/www.visit-ulcinj.com\/blog\/author\/admin\/\"}]}<\/script>\n<!-- \/ Yoast SEO plugin. -->","yoast_head_json":{"title":"Zeneli: Shqiptar\u00ebt po ikin pas hij\u00ebs s\u00eb han\u00ebs..... - Lajme nga Ulqini","description":"Shkruan:Haxhi Zeneli Pap\u00ebrgjegj\u00ebsia e nj\u00eb qeverie e cila ka\"kapur demokracin p\u00ebr bishti\"ka sjellur Shtetin e Kosov\u00ebs n\u00eb nj\u00eb shkall\u00eb shum\u00eb t\u00eb","robots":{"index":"index","follow":"follow","max-snippet":"max-snippet:-1","max-image-preview":"max-image-preview:large","max-video-preview":"max-video-preview:-1"},"canonical":"https:\/\/www.visit-ulcinj.com\/blog\/2015\/02\/08\/zeneli-shqiptaret-po-ikin-pas-hijes-se-hanes\/","og_locale":"en_US","og_type":"article","og_title":"Zeneli: Shqiptar\u00ebt po ikin pas hij\u00ebs s\u00eb han\u00ebs..... - Lajme nga Ulqini","og_description":"Shkruan:Haxhi Zeneli Pap\u00ebrgjegj\u00ebsia e nj\u00eb qeverie e cila ka\"kapur demokracin p\u00ebr bishti\"ka sjellur Shtetin e Kosov\u00ebs n\u00eb nj\u00eb shkall\u00eb shum\u00eb t\u00eb","og_url":"https:\/\/www.visit-ulcinj.com\/blog\/2015\/02\/08\/zeneli-shqiptaret-po-ikin-pas-hijes-se-hanes\/","og_site_name":"Lajme nga Ulqini","article_published_time":"2015-02-08T07:28:43+00:00","og_image":[{"url":"http:\/\/www.visit-ulcinj.com\/blog\/wp-content\/uploads\/2014\/01\/haxhi-zeneli.jpg"}],"twitter_misc":{"Written by":"ulqini","Est. reading time":"9 minutes"},"schema":{"@context":"https:\/\/schema.org","@graph":[{"@type":"WebSite","@id":"https:\/\/www.visit-ulcinj.com\/blog\/#website","url":"https:\/\/www.visit-ulcinj.com\/blog\/","name":"Lajme nga Ulqini","description":"Lajme,Vijesti,Ulqini,Ulqin,Crna Gora,Mali i Zi","potentialAction":[{"@type":"SearchAction","target":{"@type":"EntryPoint","urlTemplate":"https:\/\/www.visit-ulcinj.com\/blog\/?s={search_term_string}"},"query-input":"required name=search_term_string"}],"inLanguage":"en-US"},{"@type":"ImageObject","inLanguage":"en-US","@id":"https:\/\/www.visit-ulcinj.com\/blog\/2015\/02\/08\/zeneli-shqiptaret-po-ikin-pas-hijes-se-hanes\/#primaryimage","url":"https:\/\/www.visit-ulcinj.com\/blog\/wp-content\/uploads\/2014\/01\/haxhi-zeneli.jpg","contentUrl":"https:\/\/www.visit-ulcinj.com\/blog\/wp-content\/uploads\/2014\/01\/haxhi-zeneli.jpg","width":280,"height":236},{"@type":"WebPage","@id":"https:\/\/www.visit-ulcinj.com\/blog\/2015\/02\/08\/zeneli-shqiptaret-po-ikin-pas-hijes-se-hanes\/#webpage","url":"https:\/\/www.visit-ulcinj.com\/blog\/2015\/02\/08\/zeneli-shqiptaret-po-ikin-pas-hijes-se-hanes\/","name":"Zeneli: Shqiptar\u00ebt po ikin pas hij\u00ebs s\u00eb han\u00ebs..... - Lajme nga Ulqini","isPartOf":{"@id":"https:\/\/www.visit-ulcinj.com\/blog\/#website"},"primaryImageOfPage":{"@id":"https:\/\/www.visit-ulcinj.com\/blog\/2015\/02\/08\/zeneli-shqiptaret-po-ikin-pas-hijes-se-hanes\/#primaryimage"},"datePublished":"2015-02-08T07:28:43+00:00","dateModified":"2015-02-08T07:28:43+00:00","author":{"@id":"https:\/\/www.visit-ulcinj.com\/blog\/#\/schema\/person\/dcab619c614d3038751c63bc2aadc06d"},"description":"Shkruan:Haxhi Zeneli Pap\u00ebrgjegj\u00ebsia e nj\u00eb qeverie e cila ka\"kapur demokracin p\u00ebr bishti\"ka sjellur Shtetin e Kosov\u00ebs n\u00eb nj\u00eb shkall\u00eb shum\u00eb t\u00eb","breadcrumb":{"@id":"https:\/\/www.visit-ulcinj.com\/blog\/2015\/02\/08\/zeneli-shqiptaret-po-ikin-pas-hijes-se-hanes\/#breadcrumb"},"inLanguage":"en-US","potentialAction":[{"@type":"ReadAction","target":["https:\/\/www.visit-ulcinj.com\/blog\/2015\/02\/08\/zeneli-shqiptaret-po-ikin-pas-hijes-se-hanes\/"]}]},{"@type":"BreadcrumbList","@id":"https:\/\/www.visit-ulcinj.com\/blog\/2015\/02\/08\/zeneli-shqiptaret-po-ikin-pas-hijes-se-hanes\/#breadcrumb","itemListElement":[{"@type":"ListItem","position":1,"name":"Zeneli: Shqiptar\u00ebt po ikin pas hij\u00ebs s\u00eb han\u00ebs&#8230;.."}]},{"@type":"Person","@id":"https:\/\/www.visit-ulcinj.com\/blog\/#\/schema\/person\/dcab619c614d3038751c63bc2aadc06d","name":"ulqini","sameAs":["http:\/\/www.visit-ulcinj.com"],"url":"https:\/\/www.visit-ulcinj.com\/blog\/author\/admin\/"}]}},"jetpack_featured_media_url":"","jetpack_sharing_enabled":true,"jetpack_shortlink":"https:\/\/wp.me\/pe6lTn-n0v","_links":{"self":[{"href":"https:\/\/www.visit-ulcinj.com\/blog\/wp-json\/wp\/v2\/posts\/88443"}],"collection":[{"href":"https:\/\/www.visit-ulcinj.com\/blog\/wp-json\/wp\/v2\/posts"}],"about":[{"href":"https:\/\/www.visit-ulcinj.com\/blog\/wp-json\/wp\/v2\/types\/post"}],"author":[{"embeddable":true,"href":"https:\/\/www.visit-ulcinj.com\/blog\/wp-json\/wp\/v2\/users\/1"}],"replies":[{"embeddable":true,"href":"https:\/\/www.visit-ulcinj.com\/blog\/wp-json\/wp\/v2\/comments?post=88443"}],"version-history":[{"count":1,"href":"https:\/\/www.visit-ulcinj.com\/blog\/wp-json\/wp\/v2\/posts\/88443\/revisions"}],"predecessor-version":[{"id":88444,"href":"https:\/\/www.visit-ulcinj.com\/blog\/wp-json\/wp\/v2\/posts\/88443\/revisions\/88444"}],"wp:attachment":[{"href":"https:\/\/www.visit-ulcinj.com\/blog\/wp-json\/wp\/v2\/media?parent=88443"}],"wp:term":[{"taxonomy":"category","embeddable":true,"href":"https:\/\/www.visit-ulcinj.com\/blog\/wp-json\/wp\/v2\/categories?post=88443"},{"taxonomy":"post_tag","embeddable":true,"href":"https:\/\/www.visit-ulcinj.com\/blog\/wp-json\/wp\/v2\/tags?post=88443"}],"curies":[{"name":"wp","href":"https:\/\/api.w.org\/{rel}","templated":true}]}}