{"id":88482,"date":"2015-02-09T18:18:46","date_gmt":"2015-02-09T17:18:46","guid":{"rendered":"http:\/\/www.visit-ulcinj.com\/blog\/?p=88482"},"modified":"2015-02-09T18:18:46","modified_gmt":"2015-02-09T17:18:46","slug":"perkrahje-e-shba-se-per-anetaresim-te-malit-te-zi-ne-nato","status":"publish","type":"post","link":"https:\/\/www.visit-ulcinj.com\/blog\/2015\/02\/09\/perkrahje-e-shba-se-per-anetaresim-te-malit-te-zi-ne-nato\/","title":{"rendered":"P\u00ebrkrahje e SHBA-s\u00eb p\u00ebr an\u00ebtar\u00ebsim t\u00eb Malit t\u00eb Zi n\u00eb NATO"},"content":{"rendered":"<p><a href=\"http:\/\/www.visit-ulcinj.com\/blog\/wp-content\/uploads\/2015\/02\/M.Djukanovic-\u2013-Dz.-Bajden-Munchen.jpg\"><img loading=\"lazy\" class=\"alignleft wp-image-88483\" src=\"http:\/\/www.visit-ulcinj.com\/blog\/wp-content\/uploads\/2015\/02\/M.Djukanovic-\u2013-Dz.-Bajden-Munchen.jpg\" alt=\"M.Djukanovic \u2013 Dz. Bajden -Munchen\" width=\"508\" height=\"382\" srcset=\"https:\/\/www.visit-ulcinj.com\/blog\/wp-content\/uploads\/2015\/02\/M.Djukanovic-\u2013-Dz.-Bajden-Munchen.jpg 450w, https:\/\/www.visit-ulcinj.com\/blog\/wp-content\/uploads\/2015\/02\/M.Djukanovic-\u2013-Dz.-Bajden-Munchen-300x225.jpg 300w\" sizes=\"(max-width: 508px) 100vw, 508px\" \/><\/a>SHBA pa m\u00ebdyshje e p\u00ebrkrahin Malin e Zi, n\u00eb rrug\u00ebn e an\u00ebtar\u00ebsimit n\u00eb NATO , ka kumtuar\u00a0 kryeministri, Millo Gjukanoviq,\u00a0 pas takimit me n\u00ebnpresidentin e SHBA, \u00a0\u00a0Xhozef\u00a0 Bajden, n\u00eb konferenc\u00ebn p\u00ebr sigurin\u00eb n\u00eb Mynih.<\/p>\n<p>Gjukanoviq,\u00a0 ka theksuar se SHBA kan\u00eb mir\u00ebkuptim p\u00ebr sfidat q\u00eb gjenden para Malit t\u00eb Zi n\u00eb rrug\u00ebn\u00a0 integruese,\u00a0 duke shtuar se Mali i Zi, me realizimin e rezultateve do t\u2019ua leht\u00ebsoj\u00eb pun\u00ebn partner\u00ebve\u00a0 dhe n\u00eb form\u00ebn m\u00eb t\u00eb d\u00ebshiruar do t\u00eb preferohet p\u00ebr an\u00ebtar\u00ebsim n\u00eb NATO.<\/p>\n<p>Ai, ka shtuar se \u00ebsht\u00eb i bindur se Mali i Zi, me rezultatet n\u00eb k\u00ebto sfera do t\u2019ua leht\u00ebsoj\u00eb pun\u00ebn\u00a0 partner\u00ebve euroatlantik\u00a0 q\u00eb deri n\u00eb fund\u00a0 t\u00eb k\u00ebtij viti t\u00eb sjellin vendim pozitiv p\u00ebr\u00a0 t\u00eb ftuar Malin e Zi n\u00eb NATO. Sipas fjal\u00ebve t\u00eb tij,\u00a0 n\u00eb SHBA\u00a0 ekziston vet\u00ebdija se p\u00ebr sigurin\u00eb evropiane \u00ebsht\u00eb me r\u00ebnd\u00ebsi zgjerimi i NATO-s.<\/p>\n<p>Gjukanoviq,\u00a0 ka p\u00ebrkujtuar se pas samitit n\u00eb Wells,\u00a0 \u00ebsht\u00eb kumtuar se Mali i Zi duhet t\u00eb vazhdoj\u00eb me reforma n\u00eb sferat ky\u00e7e. Prej mbajtjes s\u00eb samitit n\u00eb Kardif,\u00a0 e deri sot\u00a0 kemi b\u00ebr\u00eb progres t\u00eb madh\u00a0 kur \u00ebsht\u00eb fjala p\u00ebr sundimin e ligjit p\u00ebrmes zbatimit t\u00eb ligjeve t\u00eb miratuara dhe konstituimit t\u00eb institucioneve\u00a0 e q\u00eb jan\u00eb me r\u00ebnd\u00ebsi vendimtare p\u00ebr luft\u00ebn kund\u00ebr kriminalitetit\u00a0 dhe korrupsionit, ka theksuar Gjukanoviq.<\/p>\n<p>Ai,\u00a0 po ashtu ka shtuar se qeveria\u00a0 n\u00eb vazhdim\u00ebsi, punon edhe n\u00eb rritjen e p\u00ebrkrahjes s\u00eb opinionit\u00a0 p\u00ebr an\u00ebtar\u00ebsimin n\u00eb NATO.<\/p>\n<p>RTCG<\/p>\n","protected":false},"excerpt":{"rendered":"<p>SHBA pa m\u00ebdyshje e p\u00ebrkrahin Malin e Zi, n\u00eb rrug\u00ebn e an\u00ebtar\u00ebsimit n\u00eb NATO , ka kumtuar\u00a0 kryeministri, Millo Gjukanoviq,\u00a0 pas takimit me n\u00ebnpresidentin e SHBA, \u00a0\u00a0Xhozef\u00a0 Bajden, n\u00eb konferenc\u00ebn p\u00ebr sigurin\u00eb n\u00eb Mynih. Gjukanoviq,\u00a0 ka theksuar se SHBA kan\u00eb mir\u00ebkuptim p\u00ebr sfidat q\u00eb gjenden para Malit t\u00eb Zi n\u00eb rrug\u00ebn\u00a0 integruese,\u00a0 duke shtuar se [&hellip;]<\/p>\n","protected":false},"author":1,"featured_media":0,"comment_status":"closed","ping_status":"closed","sticky":false,"template":"","format":"standard","meta":{"spay_email":"","jetpack_publicize_message":"","jetpack_is_tweetstorm":false,"jetpack_publicize_feature_enabled":true},"categories":[7],"tags":[],"jetpack_publicize_connections":[],"yoast_head":"<!-- This site is optimized with the Yoast SEO plugin v19.1 - https:\/\/yoast.com\/wordpress\/plugins\/seo\/ -->\n<title>P\u00ebrkrahje e SHBA-s\u00eb p\u00ebr an\u00ebtar\u00ebsim t\u00eb Malit t\u00eb Zi n\u00eb NATO - Lajme nga Ulqini<\/title>\n<meta name=\"description\" content=\"SHBA pa m\u00ebdyshje e p\u00ebrkrahin Malin e Zi, n\u00eb rrug\u00ebn e an\u00ebtar\u00ebsimit n\u00eb NATO , ka kumtuar\u00a0 kryeministri, Millo Gjukanoviq,\u00a0 pas takimit me n\u00ebnpresidentin e\" \/>\n<meta name=\"robots\" content=\"index, follow, max-snippet:-1, max-image-preview:large, max-video-preview:-1\" \/>\n<link rel=\"canonical\" href=\"https:\/\/www.visit-ulcinj.com\/blog\/2015\/02\/09\/perkrahje-e-shba-se-per-anetaresim-te-malit-te-zi-ne-nato\/\" \/>\n<meta property=\"og:locale\" content=\"en_US\" \/>\n<meta property=\"og:type\" content=\"article\" \/>\n<meta property=\"og:title\" content=\"P\u00ebrkrahje e SHBA-s\u00eb p\u00ebr an\u00ebtar\u00ebsim t\u00eb Malit t\u00eb Zi n\u00eb NATO - Lajme nga Ulqini\" \/>\n<meta property=\"og:description\" content=\"SHBA pa m\u00ebdyshje e p\u00ebrkrahin Malin e Zi, n\u00eb rrug\u00ebn e an\u00ebtar\u00ebsimit n\u00eb NATO , ka kumtuar\u00a0 kryeministri, Millo Gjukanoviq,\u00a0 pas takimit me n\u00ebnpresidentin e\" \/>\n<meta property=\"og:url\" content=\"https:\/\/www.visit-ulcinj.com\/blog\/2015\/02\/09\/perkrahje-e-shba-se-per-anetaresim-te-malit-te-zi-ne-nato\/\" \/>\n<meta property=\"og:site_name\" content=\"Lajme nga Ulqini\" \/>\n<meta property=\"article:published_time\" content=\"2015-02-09T17:18:46+00:00\" \/>\n<meta name=\"twitter:label1\" content=\"Written by\" \/>\n\t<meta name=\"twitter:data1\" content=\"ulqini\" \/>\n\t<meta name=\"twitter:label2\" content=\"Est. reading time\" \/>\n\t<meta name=\"twitter:data2\" content=\"1 minute\" \/>\n<script type=\"application\/ld+json\" class=\"yoast-schema-graph\">{\"@context\":\"https:\/\/schema.org\",\"@graph\":[{\"@type\":\"WebSite\",\"@id\":\"https:\/\/www.visit-ulcinj.com\/blog\/#website\",\"url\":\"https:\/\/www.visit-ulcinj.com\/blog\/\",\"name\":\"Lajme nga Ulqini\",\"description\":\"Lajme,Vijesti,Ulqini,Ulqin,Crna Gora,Mali i Zi\",\"potentialAction\":[{\"@type\":\"SearchAction\",\"target\":{\"@type\":\"EntryPoint\",\"urlTemplate\":\"https:\/\/www.visit-ulcinj.com\/blog\/?s={search_term_string}\"},\"query-input\":\"required name=search_term_string\"}],\"inLanguage\":\"en-US\"},{\"@type\":\"WebPage\",\"@id\":\"https:\/\/www.visit-ulcinj.com\/blog\/2015\/02\/09\/perkrahje-e-shba-se-per-anetaresim-te-malit-te-zi-ne-nato\/#webpage\",\"url\":\"https:\/\/www.visit-ulcinj.com\/blog\/2015\/02\/09\/perkrahje-e-shba-se-per-anetaresim-te-malit-te-zi-ne-nato\/\",\"name\":\"P\u00ebrkrahje e SHBA-s\u00eb p\u00ebr an\u00ebtar\u00ebsim t\u00eb Malit t\u00eb Zi n\u00eb NATO - Lajme nga Ulqini\",\"isPartOf\":{\"@id\":\"https:\/\/www.visit-ulcinj.com\/blog\/#website\"},\"datePublished\":\"2015-02-09T17:18:46+00:00\",\"dateModified\":\"2015-02-09T17:18:46+00:00\",\"author\":{\"@id\":\"https:\/\/www.visit-ulcinj.com\/blog\/#\/schema\/person\/dcab619c614d3038751c63bc2aadc06d\"},\"description\":\"SHBA pa m\u00ebdyshje e p\u00ebrkrahin Malin e Zi, n\u00eb rrug\u00ebn e an\u00ebtar\u00ebsimit n\u00eb NATO , ka kumtuar\u00a0 kryeministri, Millo Gjukanoviq,\u00a0 pas takimit me n\u00ebnpresidentin e\",\"breadcrumb\":{\"@id\":\"https:\/\/www.visit-ulcinj.com\/blog\/2015\/02\/09\/perkrahje-e-shba-se-per-anetaresim-te-malit-te-zi-ne-nato\/#breadcrumb\"},\"inLanguage\":\"en-US\",\"potentialAction\":[{\"@type\":\"ReadAction\",\"target\":[\"https:\/\/www.visit-ulcinj.com\/blog\/2015\/02\/09\/perkrahje-e-shba-se-per-anetaresim-te-malit-te-zi-ne-nato\/\"]}]},{\"@type\":\"BreadcrumbList\",\"@id\":\"https:\/\/www.visit-ulcinj.com\/blog\/2015\/02\/09\/perkrahje-e-shba-se-per-anetaresim-te-malit-te-zi-ne-nato\/#breadcrumb\",\"itemListElement\":[{\"@type\":\"ListItem\",\"position\":1,\"name\":\"P\u00ebrkrahje e SHBA-s\u00eb p\u00ebr an\u00ebtar\u00ebsim t\u00eb Malit t\u00eb Zi n\u00eb NATO\"}]},{\"@type\":\"Person\",\"@id\":\"https:\/\/www.visit-ulcinj.com\/blog\/#\/schema\/person\/dcab619c614d3038751c63bc2aadc06d\",\"name\":\"ulqini\",\"sameAs\":[\"http:\/\/www.visit-ulcinj.com\"],\"url\":\"https:\/\/www.visit-ulcinj.com\/blog\/author\/admin\/\"}]}<\/script>\n<!-- \/ Yoast SEO plugin. -->","yoast_head_json":{"title":"P\u00ebrkrahje e SHBA-s\u00eb p\u00ebr an\u00ebtar\u00ebsim t\u00eb Malit t\u00eb Zi n\u00eb NATO - Lajme nga Ulqini","description":"SHBA pa m\u00ebdyshje e p\u00ebrkrahin Malin e Zi, n\u00eb rrug\u00ebn e an\u00ebtar\u00ebsimit n\u00eb NATO , ka kumtuar\u00a0 kryeministri, Millo Gjukanoviq,\u00a0 pas takimit me n\u00ebnpresidentin e","robots":{"index":"index","follow":"follow","max-snippet":"max-snippet:-1","max-image-preview":"max-image-preview:large","max-video-preview":"max-video-preview:-1"},"canonical":"https:\/\/www.visit-ulcinj.com\/blog\/2015\/02\/09\/perkrahje-e-shba-se-per-anetaresim-te-malit-te-zi-ne-nato\/","og_locale":"en_US","og_type":"article","og_title":"P\u00ebrkrahje e SHBA-s\u00eb p\u00ebr an\u00ebtar\u00ebsim t\u00eb Malit t\u00eb Zi n\u00eb NATO - Lajme nga Ulqini","og_description":"SHBA pa m\u00ebdyshje e p\u00ebrkrahin Malin e Zi, n\u00eb rrug\u00ebn e an\u00ebtar\u00ebsimit n\u00eb NATO , ka kumtuar\u00a0 kryeministri, Millo Gjukanoviq,\u00a0 pas takimit me n\u00ebnpresidentin e","og_url":"https:\/\/www.visit-ulcinj.com\/blog\/2015\/02\/09\/perkrahje-e-shba-se-per-anetaresim-te-malit-te-zi-ne-nato\/","og_site_name":"Lajme nga Ulqini","article_published_time":"2015-02-09T17:18:46+00:00","twitter_misc":{"Written by":"ulqini","Est. reading time":"1 minute"},"schema":{"@context":"https:\/\/schema.org","@graph":[{"@type":"WebSite","@id":"https:\/\/www.visit-ulcinj.com\/blog\/#website","url":"https:\/\/www.visit-ulcinj.com\/blog\/","name":"Lajme nga Ulqini","description":"Lajme,Vijesti,Ulqini,Ulqin,Crna Gora,Mali i Zi","potentialAction":[{"@type":"SearchAction","target":{"@type":"EntryPoint","urlTemplate":"https:\/\/www.visit-ulcinj.com\/blog\/?s={search_term_string}"},"query-input":"required name=search_term_string"}],"inLanguage":"en-US"},{"@type":"WebPage","@id":"https:\/\/www.visit-ulcinj.com\/blog\/2015\/02\/09\/perkrahje-e-shba-se-per-anetaresim-te-malit-te-zi-ne-nato\/#webpage","url":"https:\/\/www.visit-ulcinj.com\/blog\/2015\/02\/09\/perkrahje-e-shba-se-per-anetaresim-te-malit-te-zi-ne-nato\/","name":"P\u00ebrkrahje e SHBA-s\u00eb p\u00ebr an\u00ebtar\u00ebsim t\u00eb Malit t\u00eb Zi n\u00eb NATO - Lajme nga Ulqini","isPartOf":{"@id":"https:\/\/www.visit-ulcinj.com\/blog\/#website"},"datePublished":"2015-02-09T17:18:46+00:00","dateModified":"2015-02-09T17:18:46+00:00","author":{"@id":"https:\/\/www.visit-ulcinj.com\/blog\/#\/schema\/person\/dcab619c614d3038751c63bc2aadc06d"},"description":"SHBA pa m\u00ebdyshje e p\u00ebrkrahin Malin e Zi, n\u00eb rrug\u00ebn e an\u00ebtar\u00ebsimit n\u00eb NATO , ka kumtuar\u00a0 kryeministri, Millo Gjukanoviq,\u00a0 pas takimit me n\u00ebnpresidentin e","breadcrumb":{"@id":"https:\/\/www.visit-ulcinj.com\/blog\/2015\/02\/09\/perkrahje-e-shba-se-per-anetaresim-te-malit-te-zi-ne-nato\/#breadcrumb"},"inLanguage":"en-US","potentialAction":[{"@type":"ReadAction","target":["https:\/\/www.visit-ulcinj.com\/blog\/2015\/02\/09\/perkrahje-e-shba-se-per-anetaresim-te-malit-te-zi-ne-nato\/"]}]},{"@type":"BreadcrumbList","@id":"https:\/\/www.visit-ulcinj.com\/blog\/2015\/02\/09\/perkrahje-e-shba-se-per-anetaresim-te-malit-te-zi-ne-nato\/#breadcrumb","itemListElement":[{"@type":"ListItem","position":1,"name":"P\u00ebrkrahje e SHBA-s\u00eb p\u00ebr an\u00ebtar\u00ebsim t\u00eb Malit t\u00eb Zi n\u00eb NATO"}]},{"@type":"Person","@id":"https:\/\/www.visit-ulcinj.com\/blog\/#\/schema\/person\/dcab619c614d3038751c63bc2aadc06d","name":"ulqini","sameAs":["http:\/\/www.visit-ulcinj.com"],"url":"https:\/\/www.visit-ulcinj.com\/blog\/author\/admin\/"}]}},"jetpack_featured_media_url":"","jetpack_sharing_enabled":true,"jetpack_shortlink":"https:\/\/wp.me\/pe6lTn-n18","_links":{"self":[{"href":"https:\/\/www.visit-ulcinj.com\/blog\/wp-json\/wp\/v2\/posts\/88482"}],"collection":[{"href":"https:\/\/www.visit-ulcinj.com\/blog\/wp-json\/wp\/v2\/posts"}],"about":[{"href":"https:\/\/www.visit-ulcinj.com\/blog\/wp-json\/wp\/v2\/types\/post"}],"author":[{"embeddable":true,"href":"https:\/\/www.visit-ulcinj.com\/blog\/wp-json\/wp\/v2\/users\/1"}],"replies":[{"embeddable":true,"href":"https:\/\/www.visit-ulcinj.com\/blog\/wp-json\/wp\/v2\/comments?post=88482"}],"version-history":[{"count":1,"href":"https:\/\/www.visit-ulcinj.com\/blog\/wp-json\/wp\/v2\/posts\/88482\/revisions"}],"predecessor-version":[{"id":88484,"href":"https:\/\/www.visit-ulcinj.com\/blog\/wp-json\/wp\/v2\/posts\/88482\/revisions\/88484"}],"wp:attachment":[{"href":"https:\/\/www.visit-ulcinj.com\/blog\/wp-json\/wp\/v2\/media?parent=88482"}],"wp:term":[{"taxonomy":"category","embeddable":true,"href":"https:\/\/www.visit-ulcinj.com\/blog\/wp-json\/wp\/v2\/categories?post=88482"},{"taxonomy":"post_tag","embeddable":true,"href":"https:\/\/www.visit-ulcinj.com\/blog\/wp-json\/wp\/v2\/tags?post=88482"}],"curies":[{"name":"wp","href":"https:\/\/api.w.org\/{rel}","templated":true}]}}