{"id":88492,"date":"2015-02-10T00:11:49","date_gmt":"2015-02-09T23:11:49","guid":{"rendered":"http:\/\/www.visit-ulcinj.com\/blog\/?p=88492"},"modified":"2015-02-10T00:11:49","modified_gmt":"2015-02-09T23:11:49","slug":"fryhet-vjosa-derdhet-buna","status":"publish","type":"post","link":"https:\/\/www.visit-ulcinj.com\/blog\/2015\/02\/10\/fryhet-vjosa-derdhet-buna\/","title":{"rendered":"Fryhet Vjosa, derdhet Buna!"},"content":{"rendered":"<div id=\"stcpDiv\">\n<div><strong>Nga Gjon BRU\u00c7I \u00a0 \u00a0<\/strong><\/div>\n<div>K\u00ebshtu pati shkruar Noli tet\u00ebdhjet\u00eb e kat\u00ebr vite me par\u00eb n\u00eb poezin\u00eb \u201cAn\u00ebs lumenjve\u201d. Kur e shkroi k\u00ebt\u00eb poezi ishte muaji maj dhe shirat ishin stabilizuar prej diellit pranveror, \u00e7ka nuk u jepte mund\u00ebsi lumenjve t\u00eb fryheshin e derdheshin mbi fushat e N\u00ebnshkodr\u00ebs, t\u00eb Myzeqes\u00eb apo ult\u00ebsir\u00ebs s\u00eb Vlor\u00ebs. Por Noli nuk e kishte fjal\u00ebn p\u00ebr fryrje e derdhje ujrash t\u00eb lumenjve n\u00eb fjal\u00eb, por p\u00ebr fryrje e derdhje zem\u00ebrate e revolte t\u00eb banor\u00ebve q\u00eb shtriheshin \u201can\u00ebs s\u00eb k\u00ebtyre lumenjve\u201d. K\u00ebta lumenj nuk kan\u00eb ndryshuar. As banor\u00ebt pran\u00eb tyre, ve\u00e7se jan\u00eb shumuar, modernizuar e europianizuar. Edhe \u201cfryrja\u201d dhe \u201cderdhja\u201d e dallg\u00ebve t\u00eb t\u00eb par\u00ebve dhe zem\u00ebrata e t\u00eb dyt\u00ebve nuk kan\u00eb p\u00ebsuar ndonj\u00eb ndryshim t\u00eb madh. P\u00ebrve\u00e7se jan\u00eb b\u00ebr\u00eb m\u00eb t\u00eb ashpra, m\u00eb t\u00eb rrezikshme. T\u00eb parat, \u201cdallg\u00ebt\u201d, pak nga natyra dhe m\u00eb shum\u00eb nga sjellja e njeriut. T\u00eb dytat, zem\u00ebratat, vet\u00ebm nga sjellja e k\u00ebtyre t\u00eb fundit.<\/div>\n<div><\/div>\n<div>Nj\u00eb dekad\u00eb e gjys\u00ebm m\u00eb par\u00eb, Giuletto Chiesa dhe Marcello Villari, dy analist\u00eb italian\u00eb, duke komentuar kriz\u00ebn bot\u00ebrore q\u00eb \u201cdoli n\u00eb drit\u00eb\u201d n\u00eb fillim t\u00eb vitit 1992, n\u00eb librin e tyre \u201cSuperklan\u201d, botuar n\u00eb shqip nga Ne\u00eb Media Institut, thon\u00eb se n\u00eb drejtim e n\u00eb komand\u00eb t\u00eb ekonomis\u00eb bot\u00ebrore ka ardhur nj\u00eb \u201cklas\u00eb e re\u201d, t\u00eb cil\u00ebn ata e em\u00ebrtojn\u00eb \u201cSuperklas\u00eb\u201d. \u201cSuperklasa,-thon\u00eb ata, &#8211; \u00ebsht\u00eb nj\u00eb komunitet bashk\u00ebkohor\u00ebsh, kredoja e t\u00eb cil\u00ebve \u00ebsht\u00eb konsumi imediat i koh\u00ebs, i natyr\u00ebs, i kursimit, i pasuris\u00eb sociale. \u00cbsht\u00eb nj\u00eb klas\u00eb e cila horizont t\u00eb vet\u00ebm t\u00eb pap\u00ebrgjegjshm\u00ebris\u00eb s\u00eb saj ka vet\u00ebvrasjen\u201d.<\/div>\n<div><\/div>\n<div>Analist\u00ebt n\u00eb fjal\u00eb k\u00ebto konkluzione dhe p\u00ebrcaktime i nxor\u00ebn pasi studjuan situat\u00ebn n\u00eb vendet kryesore kapitaliste, \u00e7ka nuk e pat\u00ebn edhe fort t\u00eb leht\u00eb. Shum\u00eb m\u00eb kollaj do ta kishin, n\u00ebse do t\u00eb shikonin \u201csuperklas\u00ebn\u201d ton\u00eb, e cila erdhi n\u00eb drejtim n\u00eb fundvitet n\u00ebnt\u00ebdhjet\u00eb dhe me nj\u00eb nxitim t\u00eb jasht\u00ebzakonsh\u00ebm u radhit shum\u00eb shpejt me superklas\u00ebn e Europ\u00ebs, e cila kishte ardhur n\u00eb pushtet dhjetra dekada para saj.<\/div>\n<div><\/div>\n<div>Superklasa jon\u00eb q\u00eb erdhi n\u00eb fundvitet n\u00ebnt\u00ebdhjet\u00eb dhe vijon t\u00eb jet\u00eb ende n\u00eb drejtim, nuk ishte dhe nuk \u00ebsht\u00eb nj\u00eb klas\u00eb e mir\u00ebfillt\u00eb e shoq\u00ebris\u00eb shqiptare, por nj\u00eb konglomerat shtresash e individ\u00ebsh, t\u00eb cil\u00ebt nuk i lidhte e nuk i lidh as ideologjia e as programi me nj\u00ebri-tjetrin, p\u00ebrve\u00e7se q\u00ebllimi i fitimit maksimal dhe me \u00e7do mjet e \u00e7do m\u00ebnyr\u00eb. Le t\u00eb m\u00eb thot\u00eb ndonj\u00ebri se cilat jan\u00eb ideologjia dhe programi i Partis\u00eb Socialiste, q\u00eb p\u00ebrfaq\u00ebson aktualisht gjysm\u00ebn e superklas\u00ebs son\u00eb drejtuese. Apo i Partis\u00eb Demokratike q\u00eb zot\u00ebron gjysm\u00ebn tjet\u00ebr t\u00eb saj. Ideologjia e tyre e vetme, programi i tyre i vet\u00ebm \u00ebsht\u00eb \u201cFitimi\u201d, \u00ebsht\u00eb pasurimi maksimal dhe sa m\u00eb i shpejt\u00eb. Mbi k\u00ebt\u00eb baz\u00eb ata kan\u00eb nd\u00ebrtuar e po nd\u00ebrtojn\u00eb gjith\u00eb ngrehin\u00ebn e shtetit t\u00eb vet\u00ebquajtur demokratik, por q\u00eb realisht nuk ka asnj\u00eb gram nga kjo e fundit. Aktualisht n\u00eb vendin ton\u00eb nuk egziston asnj\u00eb pushtet tjet\u00ebr p\u00ebrve\u00e7 pushtetit t\u00eb paras\u00eb. Paraja vendos se si dhe nga kush do t\u00eb qeveriset vendi, duke filluar nga deputeti deri tek pushtetari, shtetari dhe gjith\u00eb n\u00ebpun\u00ebsit e lart\u00eb, q\u00eb p\u00ebrb\u00ebjn\u00eb superklas\u00ebn. Pjestar\u00ebt e k\u00ebsaj superklas\u00eb drejtuese n\u00eb shumic\u00ebn e rasteve jan\u00eb njer\u00ebz q\u00eb zot\u00ebrojn\u00eb pasuri t\u00eb m\u00ebdha, ose punojn\u00eb si manaxher\u00eb t\u00eb atyre q\u00eb i zot\u00ebrojn\u00eb k\u00ebto pasuri. Paraja dhe q\u00ebllimi i fitimit maksimal n\u00eb koh\u00ebn m\u00eb t\u00eb shkurt\u00ebr, ka diktuar e dikton programe t\u00eb nj\u00ebjta qeveritare, pavar\u00ebsisht se kush e ka radh\u00ebn e qeverisjes. K\u00ebto \u201cprograme\u201d l\u00ebkunden nga e majta n\u00eb t\u00eb djatht\u00eb dhe anasjelltas sipas \u201ckursit\u201d t\u00eb euros e dollarit dhe kurr\u00eb sipas interesave t\u00eb klas\u00ebs apo shtres\u00ebs s\u00eb cil\u00ebs i jan\u00eb p\u00ebrbetuar kur i kan\u00eb marr\u00eb vot\u00ebn e p\u00ebrfaq\u00ebsimit. Kjo lloj qeverisje ka nxjerr\u00eb n\u00eb sken\u00eb dy kontradikta themelore: shp\u00ebrndarjen gjithnj\u00eb e m\u00eb t\u00eb pabarabart\u00eb t\u00eb pasuris\u00eb dhe kontradikta tjet\u00ebr midis modelit t\u00eb zhvillimit ekonomik dhe natyr\u00ebs. E para ka sjell\u00eb kriz\u00ebn sociale dhe e dyta kriz\u00ebn mjedisore. \u201cLokomotiva ekonomike, &#8211; thuhet n\u00eb materialin e analist\u00ebve italian\u00eb, &#8211; \u00ebsht\u00eb drejt ndeshjes fatale me ekuilibrat natyror\u00eb t\u00eb planetit\u201d.<\/div>\n<div><\/div>\n<div>P\u00ebr t\u00eb dyja k\u00ebto kontradikta ne mund t\u00eb flasim me or\u00eb t\u00eb t\u00ebra, sepse po i shohim, prekim dhe p\u00ebrjetojm\u00eb \u00e7do dit\u00eb n\u00eb vendin ton\u00eb. Bat\u00ebrdia q\u00eb \u00ebsht\u00eb b\u00ebr\u00eb mbi natyr\u00ebn shqiptare n\u00eb em\u00ebr t\u00eb fitimit \u00ebsht\u00eb kaq e madhe, kaq e m\u00ebnxyrshme, sa askush nuk ka t\u00eb drejt\u00eb t\u00eb thot\u00eb nj\u00eb gjys\u00ebm fjale p\u00ebr natyr\u00ebn apo t\u00eb justifikohet me shprehjen \u201cfatkeq\u00ebsi natyrore\u201d. Kjo e fundit duhet z\u00ebvend\u00ebsuar me \u201cfatkeq\u00ebsi njer\u00ebzore\u201d, ose m\u00eb sakt\u00eb \u201cfatkeq\u00ebsi shtet\u00ebrore\u201d. \u00cbsht\u00eb e v\u00ebrtet\u00eb se pas viteve n\u00ebnt\u00ebdhjet\u00eb shum\u00eb qytetar\u00eb kan\u00eb nd\u00ebrtuar banesa e kan\u00eb zgjedhur p\u00ebr vendbanim vende ku rrezikohen nga p\u00ebrmbytjet dhe fatkeq\u00ebsit\u00eb e tjera t\u00eb natyr\u00ebs. Por k\u00ebto nd\u00ebrtime ata i kan\u00eb b\u00ebr\u00eb n\u00eb syt\u00eb e shtetit ligjor t\u00eb demokracis\u00eb, i cili, p\u00ebr hir t\u00eb vot\u00ebs, dhe t\u00eb fitimit q\u00eb sjell ajo, ka heshtur e madje stimuluar k\u00ebt\u00eb veprim, kur duhej t\u00eb b\u00ebnte t\u00eb kund\u00ebrt\u00ebn.<\/div>\n<div><\/div>\n<div>Bat\u00ebrdia mbi tok\u00ebn e natyr\u00ebn shqiptare, mbi pyjet, fushat, kanalet, lumenjt\u00eb dhe gjith\u00eb territorin e vendit gjat\u00eb k\u00ebtyre dy dekadave e gjys\u00ebm t\u00eb \u201cekonomis\u00eb s\u00eb lir\u00eb t\u00eb tregut\u201d \u00ebsht\u00eb e pashembullt. Transformimet, ose m\u00eb sakt\u00eb shformimet q\u00eb i jan\u00eb b\u00ebr\u00eb relievit ton\u00eb jan\u00eb t\u00eb krahasueshme vet\u00ebm me vitet e para t\u00eb formimit t\u00eb globit. Emisioni \u201cFiks \u2013 Fare\u201d i disa net\u00ebve m\u00eb par\u00eb na e pruri n\u00eb ekran k\u00ebt\u00eb shformim, kur na tregoi bat\u00ebrdin\u00eb n\u00eb pyje, n\u00eb lumenj, n\u00eb fushat kur dikur prodhonim buk\u00ebn, n\u00eb t\u00eb gjith\u00eb territorin i cili \u00ebsht\u00eb zhgarravitur e b\u00ebr\u00eb si nj\u00eb varr i pambyllur. Dhe tani, k\u00ebt\u00eb bat\u00ebrdi q\u00eb e lejoi e madje e nxiti shteti, po na e shpagon natyra, duke na p\u00ebrmbytur me uj\u00ebra nga veriu n\u00eb jug\u00eb n\u00eb m\u00ebnyr\u00eb ciklike.<\/div>\n<div><\/div>\n<div>A mund t\u00eb dilet nga kjo kriz\u00eb mjedisore? Shteti borgjez aktual e ka ta pamundur. Me ndihma mjerane q\u00eb p\u00ebrfshijn\u00eb paket\u00ebn \u201cBuk\u00eb dhe uj\u00eb\u201d; me d\u00ebmshp\u00ebrblime q\u00eb kurr\u00eb nuk realizohen; me premtime p\u00ebr investime q\u00eb sapo kalon p\u00ebrmbytja harrohen, nuk mund t\u00eb rikuperohen d\u00ebmet e k\u00ebtyre fatkeq\u00ebsive natyroro-njer\u00ebzore-shtet\u00ebrore. Politikat shtet\u00ebrore t\u00eb zhvillimit kan\u00eb n\u00eb qend\u00ebr fitimin maksimal n\u00eb koh\u00ebn m\u00eb t\u00eb shkurt\u00ebr dhe jo strategjin\u00eb komb\u00ebtare t\u00eb k\u00ebtij zhvillimi. Dhe fitimi maksimal n\u00eb koh\u00ebn m\u00eb t\u00eb shkurt\u00ebr arrihet me shitjen ose privatizimin total t\u00eb pasuris\u00eb komb\u00ebtare, me nd\u00ebrtime \u201crrokaqiejsh\u201d t\u00eb sh\u00ebmtuar n\u00eb qytete tashm\u00eb t\u00eb sh\u00ebmtirosur; me fasone ku punohet si argat\u00ebt e shekullit t\u00eb 18-t\u00eb; me \u201cCall Center\u201d-in italian ku pun\u00ebsohet \u201ckrahu i lir\u00eb\u201d i shqiptarit; me kazinora, telebingo e llotarira t\u00eb tjera t\u00eb fatit ku dergjen t\u00eb rinjt\u00eb dhe t\u00eb papun\u00ebt shpres\u00ebhumbur, etj., etj. q\u00eb kan\u00eb z\u00ebvend\u00ebsuar nd\u00ebrmarrjet e dikurshme t\u00eb prodhimit idustrialo-bujq\u00ebsor t\u00eb harruara tashm\u00eb edhe nga banor\u00ebt e k\u00ebtij vendi. Parulla q\u00eb nuk citohet, por zbatohet e atyre q\u00eb kan\u00eb qeverisjen e radh\u00ebs \u00ebsht\u00eb \u201cMerre fitimin dhe largohu me vrap\u201d. Largohu me vrap se pas kat\u00ebr vjet\u00ebsh, e shumta tet\u00eb, vjen \u201crrotacioni i pushtetit\u201d ku \u201copozitari\u201d t\u00eb nxjerr n\u00eb stolin rezerv\u00eb. T\u00eb gjith\u00eb e kuptojm\u00eb se rikuperimi i mjedisit natyror ku banojm\u00eb k\u00ebrkon jo vet\u00ebm investime t\u00eb m\u00ebdha kapitale, por edhe dekada n\u00eb koh\u00eb p\u00ebr realizim. Qeveritar\u00ebt dhe pushtetar\u00ebt e sistemit aktual, edhe po t\u2019i kishin mund\u00ebsit\u00eb financiare dhe teknike p\u00ebr realizimin e k\u00ebtyre investimeve, nuk do t\u00eb preferonin t\u2019i realizonin, sepse fal\u00eb p\u00ebrkohshm\u00ebris\u00eb n\u00eb pushtet nuk do t\u00eb arrinin t\u00eb vilnin fitimin e tyre, i cili \u201cvjen\u201d pas disa dekadave. Ata nuk kan\u00eb koh\u00eb t\u00eb presin \u201cdekadat\u201d. Ndaj investimet i drejtojn\u00eb tek \u201cveprat\u201d e lehta e t\u00eb shpejta n\u00eb fitim, duke e kthyer edhe vet\u00eb sistemin kapitalist tradicional n\u00eb \u201ckapitaliz\u00ebm manaxherial\u201d.<\/div>\n<div><\/div>\n<div>Nj\u00eb bat\u00ebrdi si ajo mbi natyr\u00ebn, e ndoshta m\u00eb e madhe \u00ebsht\u00eb b\u00ebr\u00eb gjat\u00eb k\u00ebtyre dy dekadave e gjys\u00ebm mbi gjendjen social-shoq\u00ebrore t\u00eb popullit shqiptar. Hendeku social midis shumic\u00ebs s\u00eb varf\u00ebr dhe pakic\u00ebs super t\u00eb pasur po thellohet \u00e7do dit\u00eb. Ky \u201chendek\u201d \u00ebsht\u00eb krijuar jo vet\u00ebm me abuzime, me korrupsion, me kontraband\u00eb, me krime etj., q\u00eb sistemi kapitalist i ka me shumic\u00eb, por edhe me \u201cligje demokratike t\u00eb shtetit t\u00eb s\u00eb drejt\u00ebs\u201d. Hidhni nj\u00eb sy kalimthi mbi privilegjet m\u00eb t\u00eb dukshme q\u00eb \u201cshteti i s\u00eb drejt\u00ebs\u201d, q\u00eb shteti \u201cdemokratik\u201d i afron superklas\u00ebs son\u00eb drejtuese. Deputet\u00ebt, ministrat, zyrtar\u00ebt e lart\u00eb jo vet\u00ebm pagat i kan\u00eb dhjetra fish m\u00eb t\u00eb m\u00ebdha se n\u00ebpun\u00ebsit e zakonsh\u00ebm, por g\u00ebzojn\u00eb privilegje t\u00eb tjera q\u00eb e trefishojn\u00eb pag\u00ebn baz\u00eb. Vet\u00ebm p\u00ebr telefonin celular, deputeti yn\u00eb merr 170 mij\u00eb lek t\u00eb vjetra, e barabart\u00eb kjo me pensionin mesatar t\u00eb nj\u00eb shqiptari. P\u00ebr t\u00eb mos folur p\u00ebr privilegjet e llojit \u201cFullani\u201d, paga e t\u00eb cilit ishte sa kat\u00ebr paga presidenciale. P\u00ebrmend\u00ebm pagat e zyrtar\u00ebve, por ato nuk jan\u00eb asgj\u00eb p\u00ebrpara fitimeve q\u00eb rrjedhin prej tenderave t\u00eb investimeve rajonale e nacionale, donacioneve dhe ndihmave q\u00eb jepen nga organizata e shoqata komb\u00ebtare e nd\u00ebrkomb\u00ebtare, t\u00eb cilat n\u00eb shumic\u00eb p\u00ebrfundojn\u00eb n\u00eb xhepat e \u201cmanaxher\u00ebve t\u00eb kapitalizmit manaxherial\u201d.<\/div>\n<div><\/div>\n<div>Q\u00eb t\u00eb kuptosh se sa i thell\u00eb \u00ebsht\u00eb b\u00ebr\u00eb \u201chendeku social\u201d n\u00eb Shqip\u00ebrin\u00eb ton\u00eb, mjafton t\u00eb b\u00ebsh nj\u00eb inkursion nga qendra e kryeqyteti gjer n\u00eb periferi t\u00eb Bathores, apo zona t\u00eb tjera t\u00eb Tiran\u00ebs. N\u00eb nj\u00ebzet kilometra distanc\u00eb nga qendra n\u00eb \u201crrethina\u201d do t\u00eb shoh\u00ebsh se ky hendek social \u00ebsht\u00eb b\u00ebr\u00eb i pakap\u00ebrcyesh\u00ebm. Le pastaj sikur t\u00eb marrim mundimin e t\u00eb shkojm\u00eb n\u00eb cepat ekstrem\u00eb t\u00eb territorit t\u00eb vendit, aty ku arrin vet\u00ebm \u201cFiks \u2013 Fare\u201d dhe \u201cShqip\u00ebria tjet\u00ebr\u201d e gazetarit Marin Mema. Aty do t\u00eb shohim se \u201chendeku\u201d n\u00eb fjal\u00eb \u00ebsht\u00eb b\u00ebr\u00eb humner\u00eb e v\u00ebrtet\u00eb.<\/div>\n<div><\/div>\n<div>Kriza socialo-mjedisore e vendit ton\u00eb nuk \u00ebsht\u00eb jetime. Ajo i ka simotrat n\u00eb t\u00eb gjitha vendet ku sundon kapitali dhe mballoma e tij, \u201cekonomia e lir\u00eb e tregut\u201d. Por vendi dhe populli yn\u00eb, ashtu si\u00e7 ka \u201csimot\u00ebr\u201d kriz\u00ebn globale, mund t\u00eb ket\u00eb \u201csimot\u00ebr\u201d dhe l\u00ebvizjen popullore. N\u00eb sip\u00ebrfaqe gjendja duket e qet\u00eb, por nj\u00eb sy i v\u00ebmendsh\u00ebm dhe nj\u00eb vesh q\u00eb d\u00ebgjon, sheh e kupton se posht\u00eb k\u00ebsaj qet\u00ebsie, \u201cBuna\u201d dhe \u201cVjosa\u201d po fryhen. Dhe jo vet\u00ebm me uj\u00eb, t\u00eb cilin mund ta p\u00ebrballojm\u00eb disi me paketa m\u00ebshire e premtime sh\u00ebllire. Por \u201cBuna\u201d, \u201cVjosa\u201d dhe gjith\u00eb lumenjt\u00eb e Shqip\u00ebris\u00eb po fryhen me zem\u00ebrat\u00eb. Dhe kur kjo fryrje kalon limitin e zakonsh\u00ebm, at\u00ebher\u00eb del p\u00ebrs\u00ebri Noli e shkruan: \u201cDhe nj\u00eb z\u00eb v\u00ebgon nga lumi \/ M\u00eb bu\u00e7et, m\u00eb zgjon nga gjumi \/ Se mileti po gatitet \/ Se tirani lebetitet \/ Se p\u00eblcet , k\u00ebrcet furtuna \/ Fryhet Vjosa, derdhet Buna \/ Skuqet Semani dhe Drini \/ Dridhet beu dhe z\u00ebngjini \/ Se pas vdekjes ndriti jeta \/ Dhe kudo gj\u00ebmon trumpeta: Ngrehuni dhe bjeruni \/ Korrini dhe shtypini \/ katundar\u2019 e pun\u00ebtor\u00eb \/ Q\u00eb nga Shkodra gjer n\u00eb Vlor\u00eb!<\/div>\n<div><\/div>\n<div>Borgjez\u00ebt akuzojn\u00eb komunist\u00ebt se organizojn\u00eb revolucione q\u00eb sipas tyre prishin stabilitetin dhe shkat\u00ebrrojn\u00eb jet\u00ebn paq\u00ebsore t\u00eb shoq\u00ebris\u00eb. Kjo \u00ebsht\u00eb nj\u00eb g\u00ebnjesht\u00ebr q\u00eb nuk besohet. Revolucionin nuk e shkaktojn\u00eb komunist\u00ebt, por vet\u00eb borgjez\u00ebt, kapitalist\u00ebt me shfryt\u00ebzimin e eg\u00ebr q\u00eb ata aplikojn\u00eb mbi masat, me hendekun social q\u00eb ata krijojn\u00eb. Komunist\u00ebt nuk b\u00ebjn\u00eb gj\u00eb tjet\u00ebr ve\u00e7se vrapojn\u00eb t\u00eb dalin n\u00eb krye t\u00eb masave q\u00eb l\u00ebvizja e tyre revolucionare t\u00eb mos devijohet e manipulohet nga borgjez\u00ebt, si\u00e7 ka ndodhur e po ndodh edhe sot. A nuk kemi si shembull Greqin\u00eb, ku l\u00ebvizja popullore kund\u00ebr kapitalit ka marr\u00eb p\u00ebrmasa t\u00eb frikshme. Ndaj dhe kapitalist\u00ebt e t\u00eb gjitha vendeve t\u00eb Unionit Europian, si nj\u00eb trup i vet\u00ebm jan\u00eb hedhur n\u00eb aksion p\u00ebr \u201cmanaxhimin\u201d e k\u00ebsaj l\u00ebvizje, q\u00eb rrezikon kapitalin e tyre.<\/div>\n<div><\/div>\n<div>Udh\u00ebheq\u00ebsi i popullit shqiptar Enver Hoxha, n\u00eb Kongresin e 7-t\u00eb t\u00eb PPSH, q\u00eb u mbajt n\u00eb vitin 1976, duke analizuar situat\u00ebn nd\u00ebrkomb\u00ebtare dhe proceset revolucionare q\u00eb e p\u00ebrshkonin at\u00eb, konkludoi se \u201cbota ndodhet n\u00eb nj\u00eb faz\u00eb kur \u00e7\u00ebshtja e revolucionit dhe \u00e7lirimit komb\u00ebtar nuk \u00ebsht\u00eb vet\u00ebm nj\u00eb aspirat\u00eb e nj\u00eb perspektiv\u00eb, por edhe nj\u00eb problem i shtruar p\u00ebr zgjidhje\u201d. Ky p\u00ebrcaktim i Enver Hoxh\u00ebs, jo vet\u00ebm nuk \u00ebsht\u00eb vjetruar, por p\u00ebrkundrazi \u00ebsht\u00eb m\u00eb aktual se kurr\u00eb!<\/div>\n<\/div>\n<div><strong><span class=\"fsl fwb\">Gazeta SOT<\/span><\/strong><\/div>\n","protected":false},"excerpt":{"rendered":"<p>Nga Gjon BRU\u00c7I \u00a0 \u00a0 K\u00ebshtu pati shkruar Noli tet\u00ebdhjet\u00eb e kat\u00ebr vite me par\u00eb n\u00eb poezin\u00eb \u201cAn\u00ebs lumenjve\u201d. Kur e shkroi k\u00ebt\u00eb poezi ishte muaji maj dhe shirat ishin stabilizuar prej diellit pranveror, \u00e7ka nuk u jepte mund\u00ebsi lumenjve t\u00eb fryheshin e derdheshin mbi fushat e N\u00ebnshkodr\u00ebs, t\u00eb Myzeqes\u00eb apo ult\u00ebsir\u00ebs s\u00eb Vlor\u00ebs. Por [&hellip;]<\/p>\n","protected":false},"author":1,"featured_media":0,"comment_status":"closed","ping_status":"closed","sticky":false,"template":"","format":"standard","meta":{"spay_email":"","jetpack_publicize_message":"","jetpack_is_tweetstorm":false,"jetpack_publicize_feature_enabled":true},"categories":[8],"tags":[],"jetpack_publicize_connections":[],"yoast_head":"<!-- This site is optimized with the Yoast SEO plugin v19.1 - https:\/\/yoast.com\/wordpress\/plugins\/seo\/ -->\n<title>Fryhet Vjosa, derdhet Buna! - Lajme nga Ulqini<\/title>\n<meta name=\"description\" content=\"Nga Gjon BRU\u00c7I \u00a0 \u00a0 K\u00ebshtu pati shkruar Noli tet\u00ebdhjet\u00eb e kat\u00ebr vite me par\u00eb n\u00eb poezin\u00eb \u201cAn\u00ebs lumenjve\u201d. Kur e shkroi k\u00ebt\u00eb poezi ishte muaji maj dhe shirat\" \/>\n<meta name=\"robots\" content=\"index, follow, max-snippet:-1, max-image-preview:large, max-video-preview:-1\" \/>\n<link rel=\"canonical\" href=\"https:\/\/www.visit-ulcinj.com\/blog\/2015\/02\/10\/fryhet-vjosa-derdhet-buna\/\" \/>\n<meta property=\"og:locale\" content=\"en_US\" \/>\n<meta property=\"og:type\" content=\"article\" \/>\n<meta property=\"og:title\" content=\"Fryhet Vjosa, derdhet Buna! - Lajme nga Ulqini\" \/>\n<meta property=\"og:description\" content=\"Nga Gjon BRU\u00c7I \u00a0 \u00a0 K\u00ebshtu pati shkruar Noli tet\u00ebdhjet\u00eb e kat\u00ebr vite me par\u00eb n\u00eb poezin\u00eb \u201cAn\u00ebs lumenjve\u201d. Kur e shkroi k\u00ebt\u00eb poezi ishte muaji maj dhe shirat\" \/>\n<meta property=\"og:url\" content=\"https:\/\/www.visit-ulcinj.com\/blog\/2015\/02\/10\/fryhet-vjosa-derdhet-buna\/\" \/>\n<meta property=\"og:site_name\" content=\"Lajme nga Ulqini\" \/>\n<meta property=\"article:published_time\" content=\"2015-02-09T23:11:49+00:00\" \/>\n<meta name=\"twitter:label1\" content=\"Written by\" \/>\n\t<meta name=\"twitter:data1\" content=\"ulqini\" \/>\n\t<meta name=\"twitter:label2\" content=\"Est. reading time\" \/>\n\t<meta name=\"twitter:data2\" content=\"11 minutes\" \/>\n<script type=\"application\/ld+json\" class=\"yoast-schema-graph\">{\"@context\":\"https:\/\/schema.org\",\"@graph\":[{\"@type\":\"WebSite\",\"@id\":\"https:\/\/www.visit-ulcinj.com\/blog\/#website\",\"url\":\"https:\/\/www.visit-ulcinj.com\/blog\/\",\"name\":\"Lajme nga Ulqini\",\"description\":\"Lajme,Vijesti,Ulqini,Ulqin,Crna Gora,Mali i Zi\",\"potentialAction\":[{\"@type\":\"SearchAction\",\"target\":{\"@type\":\"EntryPoint\",\"urlTemplate\":\"https:\/\/www.visit-ulcinj.com\/blog\/?s={search_term_string}\"},\"query-input\":\"required name=search_term_string\"}],\"inLanguage\":\"en-US\"},{\"@type\":\"WebPage\",\"@id\":\"https:\/\/www.visit-ulcinj.com\/blog\/2015\/02\/10\/fryhet-vjosa-derdhet-buna\/#webpage\",\"url\":\"https:\/\/www.visit-ulcinj.com\/blog\/2015\/02\/10\/fryhet-vjosa-derdhet-buna\/\",\"name\":\"Fryhet Vjosa, derdhet Buna! - Lajme nga Ulqini\",\"isPartOf\":{\"@id\":\"https:\/\/www.visit-ulcinj.com\/blog\/#website\"},\"datePublished\":\"2015-02-09T23:11:49+00:00\",\"dateModified\":\"2015-02-09T23:11:49+00:00\",\"author\":{\"@id\":\"https:\/\/www.visit-ulcinj.com\/blog\/#\/schema\/person\/dcab619c614d3038751c63bc2aadc06d\"},\"description\":\"Nga Gjon BRU\u00c7I \u00a0 \u00a0 K\u00ebshtu pati shkruar Noli tet\u00ebdhjet\u00eb e kat\u00ebr vite me par\u00eb n\u00eb poezin\u00eb \u201cAn\u00ebs lumenjve\u201d. Kur e shkroi k\u00ebt\u00eb poezi ishte muaji maj dhe shirat\",\"breadcrumb\":{\"@id\":\"https:\/\/www.visit-ulcinj.com\/blog\/2015\/02\/10\/fryhet-vjosa-derdhet-buna\/#breadcrumb\"},\"inLanguage\":\"en-US\",\"potentialAction\":[{\"@type\":\"ReadAction\",\"target\":[\"https:\/\/www.visit-ulcinj.com\/blog\/2015\/02\/10\/fryhet-vjosa-derdhet-buna\/\"]}]},{\"@type\":\"BreadcrumbList\",\"@id\":\"https:\/\/www.visit-ulcinj.com\/blog\/2015\/02\/10\/fryhet-vjosa-derdhet-buna\/#breadcrumb\",\"itemListElement\":[{\"@type\":\"ListItem\",\"position\":1,\"name\":\"Fryhet Vjosa, derdhet Buna!\"}]},{\"@type\":\"Person\",\"@id\":\"https:\/\/www.visit-ulcinj.com\/blog\/#\/schema\/person\/dcab619c614d3038751c63bc2aadc06d\",\"name\":\"ulqini\",\"sameAs\":[\"http:\/\/www.visit-ulcinj.com\"],\"url\":\"https:\/\/www.visit-ulcinj.com\/blog\/author\/admin\/\"}]}<\/script>\n<!-- \/ Yoast SEO plugin. -->","yoast_head_json":{"title":"Fryhet Vjosa, derdhet Buna! - Lajme nga Ulqini","description":"Nga Gjon BRU\u00c7I \u00a0 \u00a0 K\u00ebshtu pati shkruar Noli tet\u00ebdhjet\u00eb e kat\u00ebr vite me par\u00eb n\u00eb poezin\u00eb \u201cAn\u00ebs lumenjve\u201d. Kur e shkroi k\u00ebt\u00eb poezi ishte muaji maj dhe shirat","robots":{"index":"index","follow":"follow","max-snippet":"max-snippet:-1","max-image-preview":"max-image-preview:large","max-video-preview":"max-video-preview:-1"},"canonical":"https:\/\/www.visit-ulcinj.com\/blog\/2015\/02\/10\/fryhet-vjosa-derdhet-buna\/","og_locale":"en_US","og_type":"article","og_title":"Fryhet Vjosa, derdhet Buna! - Lajme nga Ulqini","og_description":"Nga Gjon BRU\u00c7I \u00a0 \u00a0 K\u00ebshtu pati shkruar Noli tet\u00ebdhjet\u00eb e kat\u00ebr vite me par\u00eb n\u00eb poezin\u00eb \u201cAn\u00ebs lumenjve\u201d. Kur e shkroi k\u00ebt\u00eb poezi ishte muaji maj dhe shirat","og_url":"https:\/\/www.visit-ulcinj.com\/blog\/2015\/02\/10\/fryhet-vjosa-derdhet-buna\/","og_site_name":"Lajme nga Ulqini","article_published_time":"2015-02-09T23:11:49+00:00","twitter_misc":{"Written by":"ulqini","Est. reading time":"11 minutes"},"schema":{"@context":"https:\/\/schema.org","@graph":[{"@type":"WebSite","@id":"https:\/\/www.visit-ulcinj.com\/blog\/#website","url":"https:\/\/www.visit-ulcinj.com\/blog\/","name":"Lajme nga Ulqini","description":"Lajme,Vijesti,Ulqini,Ulqin,Crna Gora,Mali i Zi","potentialAction":[{"@type":"SearchAction","target":{"@type":"EntryPoint","urlTemplate":"https:\/\/www.visit-ulcinj.com\/blog\/?s={search_term_string}"},"query-input":"required name=search_term_string"}],"inLanguage":"en-US"},{"@type":"WebPage","@id":"https:\/\/www.visit-ulcinj.com\/blog\/2015\/02\/10\/fryhet-vjosa-derdhet-buna\/#webpage","url":"https:\/\/www.visit-ulcinj.com\/blog\/2015\/02\/10\/fryhet-vjosa-derdhet-buna\/","name":"Fryhet Vjosa, derdhet Buna! - Lajme nga Ulqini","isPartOf":{"@id":"https:\/\/www.visit-ulcinj.com\/blog\/#website"},"datePublished":"2015-02-09T23:11:49+00:00","dateModified":"2015-02-09T23:11:49+00:00","author":{"@id":"https:\/\/www.visit-ulcinj.com\/blog\/#\/schema\/person\/dcab619c614d3038751c63bc2aadc06d"},"description":"Nga Gjon BRU\u00c7I \u00a0 \u00a0 K\u00ebshtu pati shkruar Noli tet\u00ebdhjet\u00eb e kat\u00ebr vite me par\u00eb n\u00eb poezin\u00eb \u201cAn\u00ebs lumenjve\u201d. Kur e shkroi k\u00ebt\u00eb poezi ishte muaji maj dhe shirat","breadcrumb":{"@id":"https:\/\/www.visit-ulcinj.com\/blog\/2015\/02\/10\/fryhet-vjosa-derdhet-buna\/#breadcrumb"},"inLanguage":"en-US","potentialAction":[{"@type":"ReadAction","target":["https:\/\/www.visit-ulcinj.com\/blog\/2015\/02\/10\/fryhet-vjosa-derdhet-buna\/"]}]},{"@type":"BreadcrumbList","@id":"https:\/\/www.visit-ulcinj.com\/blog\/2015\/02\/10\/fryhet-vjosa-derdhet-buna\/#breadcrumb","itemListElement":[{"@type":"ListItem","position":1,"name":"Fryhet Vjosa, derdhet Buna!"}]},{"@type":"Person","@id":"https:\/\/www.visit-ulcinj.com\/blog\/#\/schema\/person\/dcab619c614d3038751c63bc2aadc06d","name":"ulqini","sameAs":["http:\/\/www.visit-ulcinj.com"],"url":"https:\/\/www.visit-ulcinj.com\/blog\/author\/admin\/"}]}},"jetpack_featured_media_url":"","jetpack_sharing_enabled":true,"jetpack_shortlink":"https:\/\/wp.me\/pe6lTn-n1i","_links":{"self":[{"href":"https:\/\/www.visit-ulcinj.com\/blog\/wp-json\/wp\/v2\/posts\/88492"}],"collection":[{"href":"https:\/\/www.visit-ulcinj.com\/blog\/wp-json\/wp\/v2\/posts"}],"about":[{"href":"https:\/\/www.visit-ulcinj.com\/blog\/wp-json\/wp\/v2\/types\/post"}],"author":[{"embeddable":true,"href":"https:\/\/www.visit-ulcinj.com\/blog\/wp-json\/wp\/v2\/users\/1"}],"replies":[{"embeddable":true,"href":"https:\/\/www.visit-ulcinj.com\/blog\/wp-json\/wp\/v2\/comments?post=88492"}],"version-history":[{"count":1,"href":"https:\/\/www.visit-ulcinj.com\/blog\/wp-json\/wp\/v2\/posts\/88492\/revisions"}],"predecessor-version":[{"id":88493,"href":"https:\/\/www.visit-ulcinj.com\/blog\/wp-json\/wp\/v2\/posts\/88492\/revisions\/88493"}],"wp:attachment":[{"href":"https:\/\/www.visit-ulcinj.com\/blog\/wp-json\/wp\/v2\/media?parent=88492"}],"wp:term":[{"taxonomy":"category","embeddable":true,"href":"https:\/\/www.visit-ulcinj.com\/blog\/wp-json\/wp\/v2\/categories?post=88492"},{"taxonomy":"post_tag","embeddable":true,"href":"https:\/\/www.visit-ulcinj.com\/blog\/wp-json\/wp\/v2\/tags?post=88492"}],"curies":[{"name":"wp","href":"https:\/\/api.w.org\/{rel}","templated":true}]}}