{"id":88494,"date":"2015-02-10T00:15:24","date_gmt":"2015-02-09T23:15:24","guid":{"rendered":"http:\/\/www.visit-ulcinj.com\/blog\/?p=88494"},"modified":"2015-02-10T00:15:24","modified_gmt":"2015-02-09T23:15:24","slug":"permbytje-ne-nenshkoder-rriten-shkarkimet-ne-vaun-e-dejes-video","status":"publish","type":"post","link":"https:\/\/www.visit-ulcinj.com\/blog\/2015\/02\/10\/permbytje-ne-nenshkoder-rriten-shkarkimet-ne-vaun-e-dejes-video\/","title":{"rendered":"P\u00ebrmbytje n\u00eb N\u00ebnShkod\u00ebr  rriten shkarkimet n\u00eb Vaun e Dej\u00ebs &#8211; Video"},"content":{"rendered":"<div id=\"stcpDiv\"><strong><a href=\"http:\/\/www.visit-ulcinj.com\/blog\/wp-content\/uploads\/2014\/01\/permbytjet-ne-shkoder.jpg\"><img loading=\"lazy\" class=\"alignleft wp-image-78691\" src=\"http:\/\/www.visit-ulcinj.com\/blog\/wp-content\/uploads\/2014\/01\/permbytjet-ne-shkoder.jpg\" alt=\"permbytjet ne shkoder\" width=\"508\" height=\"286\" srcset=\"https:\/\/www.visit-ulcinj.com\/blog\/wp-content\/uploads\/2014\/01\/permbytjet-ne-shkoder.jpg 640w, https:\/\/www.visit-ulcinj.com\/blog\/wp-content\/uploads\/2014\/01\/permbytjet-ne-shkoder-300x168.jpg 300w\" sizes=\"(max-width: 508px) 100vw, 508px\" \/><\/a>SHKODER<\/strong> &#8211;\u00a0Shkarkimet nga HEC-et e kaskad\u00ebs s\u00eb Drinit kan\u00eb dh\u00ebn\u00eb shenjat e para t\u00eb rrezikut t\u00eb p\u00ebrmbytjes n\u00eb zon\u00ebn e N\u00ebnShkodr\u00ebs. M\u00ebngjesin e s\u00eb h\u00ebn\u00ebs uj\u00ebrat e lumit Buna dol\u00ebn nga shtrati nd\u00ebrsa p\u00ebrmbyt\u00ebn tokat e komun\u00ebs Ana e Malit. Aktualisht, jan\u00eb 380 ha tok\u00eb t\u00eb p\u00ebrmbytura nd\u00ebrsa uji \u00ebsht\u00eb larg banesave.<\/p>\n<p>\u201c<em>Menaxhimi i kaskad\u00ebs s\u00eb Drinit n\u00ebqoft\u00ebse do mbesin k\u00ebto nivele dhe duke pasur parasysh dhe favorizimin e koh\u00ebs nuk ka pas ndonj\u00eb problem, ka p\u00ebrmbytje n\u00eb fush\u00ebn e Obotit 90 hektar\u00eb dhe n\u00eb fshatin Obliq 70 hektar\u00eb, por nuk \u00ebsht\u00eb problematike p\u00ebrsa i p\u00ebrket sht\u00ebpive, bllokimit t\u00eb rrug\u00ebve, ka d\u00ebmtime vet\u00ebm n\u00eb Feragjera Jonxh\u00eb edhe Aslla\u201d<\/em>, u shpreh Xhevat Mollca, kryetar i Komun\u00ebs Ana e Malit.<\/p>\n<p>Nga ana tjet\u00ebr kryeplaku i Obotit Gregor Pema thekson se pavar\u00ebsisht rritjes s\u00eb nivelit t\u00eb uj\u00ebrave t\u00eb Bun\u00ebs situata nuk paraqitet problematike.<\/p>\n<p><em>\u201cSituata sot n\u00eb fshatin Obot nuk \u00ebsht\u00eb shum\u00eb e r\u00ebnduar, hidrocentralet nuk e kan\u00eb \u00e7uar aq shum\u00eb ujin sa t\u00eb dal\u00eb n\u00eb sip\u00ebrfaqe t\u00eb tok\u00ebs\u201d<\/em>, u shpreh zoti Pema.<\/p>\n<p>Korporata Elektroenergjetike Shqiptare hapi portat e hidrocentraleve t\u00eb m\u00ebdhenj n\u00eb kaskad\u00ebn e Drinit. Pas Fierz\u00ebs q\u00eb po shkarkon, edhe Vau i Dej\u00ebs nisi t\u00eb shkarkoj\u00eb sasin\u00eb e tep\u00ebrt t\u00eb ujit.<\/p>\n<p>Nd\u00ebrkoh\u00eb, lajmi i mir\u00eb \u00ebsht\u00eb se me uljen e temperaturave jan\u00eb nd\u00ebrprer\u00eb reshjet e shiut mbi kaskad\u00ebn e Drinit, \u00e7ka do thot\u00eb se ka nj\u00eb r\u00ebnie t\u00eb prurjeve n\u00eb krahasim me dit\u00ebt m\u00eb par\u00eb dhe kjo mund t\u00eb ndikoj\u00eb n\u00eb uljen e shkarkimeve nga hidrocentralet mbi lumin Drin.<\/p>\n<p><strong><em>Redaksia online<br \/>\n(f.m\/shqiptarja.com)\u00a0\u00a0<\/em> <\/strong><\/div>\n<div><!--YouTube Error: bad URL entered--><\/div>\n","protected":false},"excerpt":{"rendered":"<p>SHKODER &#8211;\u00a0Shkarkimet nga HEC-et e kaskad\u00ebs s\u00eb Drinit kan\u00eb dh\u00ebn\u00eb shenjat e para t\u00eb rrezikut t\u00eb p\u00ebrmbytjes n\u00eb zon\u00ebn e N\u00ebnShkodr\u00ebs. M\u00ebngjesin e s\u00eb h\u00ebn\u00ebs uj\u00ebrat e lumit Buna dol\u00ebn nga shtrati nd\u00ebrsa p\u00ebrmbyt\u00ebn tokat e komun\u00ebs Ana e Malit. Aktualisht, jan\u00eb 380 ha tok\u00eb t\u00eb p\u00ebrmbytura nd\u00ebrsa uji \u00ebsht\u00eb larg banesave. \u201cMenaxhimi i kaskad\u00ebs [&hellip;]<\/p>\n","protected":false},"author":1,"featured_media":0,"comment_status":"closed","ping_status":"closed","sticky":false,"template":"","format":"standard","meta":{"spay_email":"","jetpack_publicize_message":"","jetpack_is_tweetstorm":false,"jetpack_publicize_feature_enabled":true},"categories":[14],"tags":[],"jetpack_publicize_connections":[],"yoast_head":"<!-- This site is optimized with the Yoast SEO plugin v19.1 - https:\/\/yoast.com\/wordpress\/plugins\/seo\/ -->\n<title>P\u00ebrmbytje n\u00eb N\u00ebnShkod\u00ebr rriten shkarkimet n\u00eb Vaun e Dej\u00ebs - Video - Lajme nga Ulqini<\/title>\n<meta name=\"description\" content=\"SHKODER -\u00a0Shkarkimet nga HEC-et e kaskad\u00ebs s\u00eb Drinit kan\u00eb dh\u00ebn\u00eb shenjat e para t\u00eb rrezikut t\u00eb p\u00ebrmbytjes n\u00eb zon\u00ebn e N\u00ebnShkodr\u00ebs. M\u00ebngjesin e s\u00eb h\u00ebn\u00ebs\" \/>\n<meta name=\"robots\" content=\"index, follow, max-snippet:-1, max-image-preview:large, max-video-preview:-1\" \/>\n<link rel=\"canonical\" href=\"https:\/\/www.visit-ulcinj.com\/blog\/2015\/02\/10\/permbytje-ne-nenshkoder-rriten-shkarkimet-ne-vaun-e-dejes-video\/\" \/>\n<meta property=\"og:locale\" content=\"en_US\" \/>\n<meta property=\"og:type\" content=\"article\" \/>\n<meta property=\"og:title\" content=\"P\u00ebrmbytje n\u00eb N\u00ebnShkod\u00ebr rriten shkarkimet n\u00eb Vaun e Dej\u00ebs - Video - Lajme nga Ulqini\" \/>\n<meta property=\"og:description\" content=\"SHKODER -\u00a0Shkarkimet nga HEC-et e kaskad\u00ebs s\u00eb Drinit kan\u00eb dh\u00ebn\u00eb shenjat e para t\u00eb rrezikut t\u00eb p\u00ebrmbytjes n\u00eb zon\u00ebn e N\u00ebnShkodr\u00ebs. M\u00ebngjesin e s\u00eb h\u00ebn\u00ebs\" \/>\n<meta property=\"og:url\" content=\"https:\/\/www.visit-ulcinj.com\/blog\/2015\/02\/10\/permbytje-ne-nenshkoder-rriten-shkarkimet-ne-vaun-e-dejes-video\/\" \/>\n<meta property=\"og:site_name\" content=\"Lajme nga Ulqini\" \/>\n<meta property=\"article:published_time\" content=\"2015-02-09T23:15:24+00:00\" \/>\n<meta property=\"og:image\" content=\"http:\/\/www.visit-ulcinj.com\/blog\/wp-content\/uploads\/2014\/01\/permbytjet-ne-shkoder.jpg\" \/>\n<meta name=\"twitter:label1\" content=\"Written by\" \/>\n\t<meta name=\"twitter:data1\" content=\"ulqini\" \/>\n\t<meta name=\"twitter:label2\" content=\"Est. reading time\" \/>\n\t<meta name=\"twitter:data2\" content=\"2 minutes\" \/>\n<script type=\"application\/ld+json\" class=\"yoast-schema-graph\">{\"@context\":\"https:\/\/schema.org\",\"@graph\":[{\"@type\":\"WebSite\",\"@id\":\"https:\/\/www.visit-ulcinj.com\/blog\/#website\",\"url\":\"https:\/\/www.visit-ulcinj.com\/blog\/\",\"name\":\"Lajme nga Ulqini\",\"description\":\"Lajme,Vijesti,Ulqini,Ulqin,Crna Gora,Mali i Zi\",\"potentialAction\":[{\"@type\":\"SearchAction\",\"target\":{\"@type\":\"EntryPoint\",\"urlTemplate\":\"https:\/\/www.visit-ulcinj.com\/blog\/?s={search_term_string}\"},\"query-input\":\"required name=search_term_string\"}],\"inLanguage\":\"en-US\"},{\"@type\":\"ImageObject\",\"inLanguage\":\"en-US\",\"@id\":\"https:\/\/www.visit-ulcinj.com\/blog\/2015\/02\/10\/permbytje-ne-nenshkoder-rriten-shkarkimet-ne-vaun-e-dejes-video\/#primaryimage\",\"url\":\"https:\/\/www.visit-ulcinj.com\/blog\/wp-content\/uploads\/2014\/01\/permbytjet-ne-shkoder.jpg\",\"contentUrl\":\"https:\/\/www.visit-ulcinj.com\/blog\/wp-content\/uploads\/2014\/01\/permbytjet-ne-shkoder.jpg\",\"width\":640,\"height\":360},{\"@type\":\"WebPage\",\"@id\":\"https:\/\/www.visit-ulcinj.com\/blog\/2015\/02\/10\/permbytje-ne-nenshkoder-rriten-shkarkimet-ne-vaun-e-dejes-video\/#webpage\",\"url\":\"https:\/\/www.visit-ulcinj.com\/blog\/2015\/02\/10\/permbytje-ne-nenshkoder-rriten-shkarkimet-ne-vaun-e-dejes-video\/\",\"name\":\"P\u00ebrmbytje n\u00eb N\u00ebnShkod\u00ebr rriten shkarkimet n\u00eb Vaun e Dej\u00ebs - Video - Lajme nga Ulqini\",\"isPartOf\":{\"@id\":\"https:\/\/www.visit-ulcinj.com\/blog\/#website\"},\"primaryImageOfPage\":{\"@id\":\"https:\/\/www.visit-ulcinj.com\/blog\/2015\/02\/10\/permbytje-ne-nenshkoder-rriten-shkarkimet-ne-vaun-e-dejes-video\/#primaryimage\"},\"datePublished\":\"2015-02-09T23:15:24+00:00\",\"dateModified\":\"2015-02-09T23:15:24+00:00\",\"author\":{\"@id\":\"https:\/\/www.visit-ulcinj.com\/blog\/#\/schema\/person\/dcab619c614d3038751c63bc2aadc06d\"},\"description\":\"SHKODER -\u00a0Shkarkimet nga HEC-et e kaskad\u00ebs s\u00eb Drinit kan\u00eb dh\u00ebn\u00eb shenjat e para t\u00eb rrezikut t\u00eb p\u00ebrmbytjes n\u00eb zon\u00ebn e N\u00ebnShkodr\u00ebs. M\u00ebngjesin e s\u00eb h\u00ebn\u00ebs\",\"breadcrumb\":{\"@id\":\"https:\/\/www.visit-ulcinj.com\/blog\/2015\/02\/10\/permbytje-ne-nenshkoder-rriten-shkarkimet-ne-vaun-e-dejes-video\/#breadcrumb\"},\"inLanguage\":\"en-US\",\"potentialAction\":[{\"@type\":\"ReadAction\",\"target\":[\"https:\/\/www.visit-ulcinj.com\/blog\/2015\/02\/10\/permbytje-ne-nenshkoder-rriten-shkarkimet-ne-vaun-e-dejes-video\/\"]}]},{\"@type\":\"BreadcrumbList\",\"@id\":\"https:\/\/www.visit-ulcinj.com\/blog\/2015\/02\/10\/permbytje-ne-nenshkoder-rriten-shkarkimet-ne-vaun-e-dejes-video\/#breadcrumb\",\"itemListElement\":[{\"@type\":\"ListItem\",\"position\":1,\"name\":\"P\u00ebrmbytje n\u00eb N\u00ebnShkod\u00ebr rriten shkarkimet n\u00eb Vaun e Dej\u00ebs &#8211; Video\"}]},{\"@type\":\"Person\",\"@id\":\"https:\/\/www.visit-ulcinj.com\/blog\/#\/schema\/person\/dcab619c614d3038751c63bc2aadc06d\",\"name\":\"ulqini\",\"sameAs\":[\"http:\/\/www.visit-ulcinj.com\"],\"url\":\"https:\/\/www.visit-ulcinj.com\/blog\/author\/admin\/\"}]}<\/script>\n<!-- \/ Yoast SEO plugin. -->","yoast_head_json":{"title":"P\u00ebrmbytje n\u00eb N\u00ebnShkod\u00ebr rriten shkarkimet n\u00eb Vaun e Dej\u00ebs - Video - Lajme nga Ulqini","description":"SHKODER -\u00a0Shkarkimet nga HEC-et e kaskad\u00ebs s\u00eb Drinit kan\u00eb dh\u00ebn\u00eb shenjat e para t\u00eb rrezikut t\u00eb p\u00ebrmbytjes n\u00eb zon\u00ebn e N\u00ebnShkodr\u00ebs. M\u00ebngjesin e s\u00eb h\u00ebn\u00ebs","robots":{"index":"index","follow":"follow","max-snippet":"max-snippet:-1","max-image-preview":"max-image-preview:large","max-video-preview":"max-video-preview:-1"},"canonical":"https:\/\/www.visit-ulcinj.com\/blog\/2015\/02\/10\/permbytje-ne-nenshkoder-rriten-shkarkimet-ne-vaun-e-dejes-video\/","og_locale":"en_US","og_type":"article","og_title":"P\u00ebrmbytje n\u00eb N\u00ebnShkod\u00ebr rriten shkarkimet n\u00eb Vaun e Dej\u00ebs - Video - Lajme nga Ulqini","og_description":"SHKODER -\u00a0Shkarkimet nga HEC-et e kaskad\u00ebs s\u00eb Drinit kan\u00eb dh\u00ebn\u00eb shenjat e para t\u00eb rrezikut t\u00eb p\u00ebrmbytjes n\u00eb zon\u00ebn e N\u00ebnShkodr\u00ebs. M\u00ebngjesin e s\u00eb h\u00ebn\u00ebs","og_url":"https:\/\/www.visit-ulcinj.com\/blog\/2015\/02\/10\/permbytje-ne-nenshkoder-rriten-shkarkimet-ne-vaun-e-dejes-video\/","og_site_name":"Lajme nga Ulqini","article_published_time":"2015-02-09T23:15:24+00:00","og_image":[{"url":"http:\/\/www.visit-ulcinj.com\/blog\/wp-content\/uploads\/2014\/01\/permbytjet-ne-shkoder.jpg"}],"twitter_misc":{"Written by":"ulqini","Est. reading time":"2 minutes"},"schema":{"@context":"https:\/\/schema.org","@graph":[{"@type":"WebSite","@id":"https:\/\/www.visit-ulcinj.com\/blog\/#website","url":"https:\/\/www.visit-ulcinj.com\/blog\/","name":"Lajme nga Ulqini","description":"Lajme,Vijesti,Ulqini,Ulqin,Crna Gora,Mali i Zi","potentialAction":[{"@type":"SearchAction","target":{"@type":"EntryPoint","urlTemplate":"https:\/\/www.visit-ulcinj.com\/blog\/?s={search_term_string}"},"query-input":"required name=search_term_string"}],"inLanguage":"en-US"},{"@type":"ImageObject","inLanguage":"en-US","@id":"https:\/\/www.visit-ulcinj.com\/blog\/2015\/02\/10\/permbytje-ne-nenshkoder-rriten-shkarkimet-ne-vaun-e-dejes-video\/#primaryimage","url":"https:\/\/www.visit-ulcinj.com\/blog\/wp-content\/uploads\/2014\/01\/permbytjet-ne-shkoder.jpg","contentUrl":"https:\/\/www.visit-ulcinj.com\/blog\/wp-content\/uploads\/2014\/01\/permbytjet-ne-shkoder.jpg","width":640,"height":360},{"@type":"WebPage","@id":"https:\/\/www.visit-ulcinj.com\/blog\/2015\/02\/10\/permbytje-ne-nenshkoder-rriten-shkarkimet-ne-vaun-e-dejes-video\/#webpage","url":"https:\/\/www.visit-ulcinj.com\/blog\/2015\/02\/10\/permbytje-ne-nenshkoder-rriten-shkarkimet-ne-vaun-e-dejes-video\/","name":"P\u00ebrmbytje n\u00eb N\u00ebnShkod\u00ebr rriten shkarkimet n\u00eb Vaun e Dej\u00ebs - Video - Lajme nga Ulqini","isPartOf":{"@id":"https:\/\/www.visit-ulcinj.com\/blog\/#website"},"primaryImageOfPage":{"@id":"https:\/\/www.visit-ulcinj.com\/blog\/2015\/02\/10\/permbytje-ne-nenshkoder-rriten-shkarkimet-ne-vaun-e-dejes-video\/#primaryimage"},"datePublished":"2015-02-09T23:15:24+00:00","dateModified":"2015-02-09T23:15:24+00:00","author":{"@id":"https:\/\/www.visit-ulcinj.com\/blog\/#\/schema\/person\/dcab619c614d3038751c63bc2aadc06d"},"description":"SHKODER -\u00a0Shkarkimet nga HEC-et e kaskad\u00ebs s\u00eb Drinit kan\u00eb dh\u00ebn\u00eb shenjat e para t\u00eb rrezikut t\u00eb p\u00ebrmbytjes n\u00eb zon\u00ebn e N\u00ebnShkodr\u00ebs. M\u00ebngjesin e s\u00eb h\u00ebn\u00ebs","breadcrumb":{"@id":"https:\/\/www.visit-ulcinj.com\/blog\/2015\/02\/10\/permbytje-ne-nenshkoder-rriten-shkarkimet-ne-vaun-e-dejes-video\/#breadcrumb"},"inLanguage":"en-US","potentialAction":[{"@type":"ReadAction","target":["https:\/\/www.visit-ulcinj.com\/blog\/2015\/02\/10\/permbytje-ne-nenshkoder-rriten-shkarkimet-ne-vaun-e-dejes-video\/"]}]},{"@type":"BreadcrumbList","@id":"https:\/\/www.visit-ulcinj.com\/blog\/2015\/02\/10\/permbytje-ne-nenshkoder-rriten-shkarkimet-ne-vaun-e-dejes-video\/#breadcrumb","itemListElement":[{"@type":"ListItem","position":1,"name":"P\u00ebrmbytje n\u00eb N\u00ebnShkod\u00ebr rriten shkarkimet n\u00eb Vaun e Dej\u00ebs &#8211; Video"}]},{"@type":"Person","@id":"https:\/\/www.visit-ulcinj.com\/blog\/#\/schema\/person\/dcab619c614d3038751c63bc2aadc06d","name":"ulqini","sameAs":["http:\/\/www.visit-ulcinj.com"],"url":"https:\/\/www.visit-ulcinj.com\/blog\/author\/admin\/"}]}},"jetpack_featured_media_url":"","jetpack_sharing_enabled":true,"jetpack_shortlink":"https:\/\/wp.me\/pe6lTn-n1k","_links":{"self":[{"href":"https:\/\/www.visit-ulcinj.com\/blog\/wp-json\/wp\/v2\/posts\/88494"}],"collection":[{"href":"https:\/\/www.visit-ulcinj.com\/blog\/wp-json\/wp\/v2\/posts"}],"about":[{"href":"https:\/\/www.visit-ulcinj.com\/blog\/wp-json\/wp\/v2\/types\/post"}],"author":[{"embeddable":true,"href":"https:\/\/www.visit-ulcinj.com\/blog\/wp-json\/wp\/v2\/users\/1"}],"replies":[{"embeddable":true,"href":"https:\/\/www.visit-ulcinj.com\/blog\/wp-json\/wp\/v2\/comments?post=88494"}],"version-history":[{"count":1,"href":"https:\/\/www.visit-ulcinj.com\/blog\/wp-json\/wp\/v2\/posts\/88494\/revisions"}],"predecessor-version":[{"id":88495,"href":"https:\/\/www.visit-ulcinj.com\/blog\/wp-json\/wp\/v2\/posts\/88494\/revisions\/88495"}],"wp:attachment":[{"href":"https:\/\/www.visit-ulcinj.com\/blog\/wp-json\/wp\/v2\/media?parent=88494"}],"wp:term":[{"taxonomy":"category","embeddable":true,"href":"https:\/\/www.visit-ulcinj.com\/blog\/wp-json\/wp\/v2\/categories?post=88494"},{"taxonomy":"post_tag","embeddable":true,"href":"https:\/\/www.visit-ulcinj.com\/blog\/wp-json\/wp\/v2\/tags?post=88494"}],"curies":[{"name":"wp","href":"https:\/\/api.w.org\/{rel}","templated":true}]}}