{"id":88524,"date":"2015-02-12T08:05:49","date_gmt":"2015-02-12T07:05:49","guid":{"rendered":"http:\/\/www.visit-ulcinj.com\/blog\/?p=88524"},"modified":"2015-02-12T08:07:05","modified_gmt":"2015-02-12T07:07:05","slug":"vazhdon-bashkepunimi-midis-karateisteve-te-ulqinit-dhe-tivarit","status":"publish","type":"post","link":"https:\/\/www.visit-ulcinj.com\/blog\/2015\/02\/12\/vazhdon-bashkepunimi-midis-karateisteve-te-ulqinit-dhe-tivarit\/","title":{"rendered":"Vazhdon bashk\u00ebpunimi midis karateist\u00ebve t\u00eb Ulqinit dhe Tivarit"},"content":{"rendered":"<p><a href=\"http:\/\/www.visit-ulcinj.com\/blog\/wp-content\/uploads\/2015\/02\/Karate-Ulcinj-Bar.jpg\"><img loading=\"lazy\" class=\"alignleft wp-image-88522\" src=\"http:\/\/www.visit-ulcinj.com\/blog\/wp-content\/uploads\/2015\/02\/Karate-Ulcinj-Bar.jpg\" alt=\"Karate-Ulcinj-Bar\" width=\"508\" height=\"381\" srcset=\"https:\/\/www.visit-ulcinj.com\/blog\/wp-content\/uploads\/2015\/02\/Karate-Ulcinj-Bar.jpg 960w, https:\/\/www.visit-ulcinj.com\/blog\/wp-content\/uploads\/2015\/02\/Karate-Ulcinj-Bar-300x225.jpg 300w\" sizes=\"(max-width: 508px) 100vw, 508px\" \/><\/a>M\u00eb 10 shkurt 2015, Unioni i Klubeve t\u00eb Karates\u00eb \u201eUlqini\u201d dhe \u201cRei\u201d prit\u00ebn an\u00ebtar\u00ebt e Klubit t\u00eb Karates\u00eb \u201cTivari\u201d n\u00eb ambientet e tyre p\u00ebr t\u00eb zhvilluar nj\u00eb st\u00ebrvitje t\u00eb p\u00ebrbashk\u00ebt, duke vazhduar n\u00eb k\u00ebt\u00eb m\u00ebnyr\u00eb bashk\u00ebpunimin n\u00eb mes t\u00eb tyre dhe shk\u00ebmbyer p\u00ebrvojat p\u00ebr avansimin e garuesve n\u00eb k\u00ebt\u00eb sport.<\/p>\n<p>Trajningun e udh\u00ebhoqi<span class=\"text_exposed_show\"> karateisti m\u00eb i mir\u00eb n\u00eb Mal t\u00eb Zi dhe nj\u00ebkoh\u00ebsisht trajner i suksesh\u00ebm i Klubit t\u00eb Karates\u00eb \u201cTivari\u201d, Allmir Cecunjanin.<\/span><\/p>\n<div class=\"text_exposed_show\">\n<p>N\u00eb k\u00ebt\u00eb st\u00ebrvitje mori pjes\u00eb \u201cTivari\u201d me nj\u00eb ekip t\u00eb par\u00eb t\u00eb tyre me emra shum\u00eb t\u00eb njohur, si\u00e7 \u00ebsht\u00eb Jozo Daboviq, Lubisha Mihajloviq, Arsenije Tadiq, Martin Lushi, Irma Li\u00e7ina, si dhe me garuesit e tjer\u00eb t\u00eb nivelit t\u00eb lart\u00eb Stefan Goj\u00e7eviq, Milosh Adxhiq,Vasilisa Bujiq, Arijan Ko\u00e7an dhe Damir \u00c7oloviq.<\/p>\n<p>Nga klubet tona i prit\u00ebn garuesit e ekipit t\u00eb par\u00eb Seida Suma, Adonis Markashi, Antigona Rama, Edin Kraja, Andrea Dragojeviq, Edin Veisiloviq, Behlul Peri, Edmond Mehmedi, Venesa Nuhi, Marko Daboviq, Adnan Kuqi, Allmir Hajdari dhe Dardan Ceka.<\/p>\n<p>Shpresojm\u00eb q\u00eb ky bashk\u00ebpunim do t\u00eb vazhdoj\u00eb dhe shum\u00eb shpejt do t\u00eb shihen edhe rezultatet nga k\u00ebto st\u00ebrvitje t\u00eb p\u00ebrbashk\u00ebta, &#8211; shprehen trajner\u00ebt e Unionit t\u00eb Klubeve t\u00eb Karates\u00eb \u201cUlqini\u201d dhe \u201cRei\u201d.<\/p>\n<p>SH\u00cbRBIMI INFORMATIV I UNIONIT T\u00cb KLUBEVE T\u00cb KARATES\u00cb \u201cULQINI\u201d DHE \u201cREI\u201d<\/p>\n<p class=\"_5pbw\" data-ft=\"{&quot;tn&quot;:&quot;C&quot;}\"><strong><span class=\"fwb fcg\" data-ft=\"{&quot;tn&quot;:&quot;;&quot;}\"><a id=\"js_1u\" href=\"https:\/\/www.facebook.com\/profile.php?id=100004481448085&amp;fref=nf\" data-hovercard=\"\/ajax\/hovercard\/user.php?id=100004481448085&amp;extragetparams=%7B%22fref%22%3A%22nf%22%7D\">Karate Club Ulqini-Ulcinj Montenegro Facebook<\/a><\/span><\/strong><\/p>\n<\/div>\n","protected":false},"excerpt":{"rendered":"<p>M\u00eb 10 shkurt 2015, Unioni i Klubeve t\u00eb Karates\u00eb \u201eUlqini\u201d dhe \u201cRei\u201d prit\u00ebn an\u00ebtar\u00ebt e Klubit t\u00eb Karates\u00eb \u201cTivari\u201d n\u00eb ambientet e tyre p\u00ebr t\u00eb zhvilluar nj\u00eb st\u00ebrvitje t\u00eb p\u00ebrbashk\u00ebt, duke vazhduar n\u00eb k\u00ebt\u00eb m\u00ebnyr\u00eb bashk\u00ebpunimin n\u00eb mes t\u00eb tyre dhe shk\u00ebmbyer p\u00ebrvojat p\u00ebr avansimin e garuesve n\u00eb k\u00ebt\u00eb sport. Trajningun e udh\u00ebhoqi karateisti m\u00eb [&hellip;]<\/p>\n","protected":false},"author":1,"featured_media":0,"comment_status":"closed","ping_status":"closed","sticky":false,"template":"","format":"standard","meta":{"spay_email":"","jetpack_publicize_message":"","jetpack_is_tweetstorm":false,"jetpack_publicize_feature_enabled":true},"categories":[14],"tags":[],"jetpack_publicize_connections":[],"yoast_head":"<!-- This site is optimized with the Yoast SEO plugin v19.1 - https:\/\/yoast.com\/wordpress\/plugins\/seo\/ -->\n<title>Vazhdon bashk\u00ebpunimi midis karateist\u00ebve t\u00eb Ulqinit dhe Tivarit - Lajme nga Ulqini<\/title>\n<meta name=\"description\" content=\"M\u00eb 10 shkurt 2015, Unioni i Klubeve t\u00eb Karates\u00eb \u201eUlqini\u201d dhe \u201cRei\u201d prit\u00ebn an\u00ebtar\u00ebt e Klubit t\u00eb Karates\u00eb \u201cTivari\u201d n\u00eb ambientet e tyre p\u00ebr t\u00eb zhvilluar nj\u00eb\" \/>\n<meta name=\"robots\" content=\"index, follow, max-snippet:-1, max-image-preview:large, max-video-preview:-1\" \/>\n<link rel=\"canonical\" href=\"https:\/\/www.visit-ulcinj.com\/blog\/2015\/02\/12\/vazhdon-bashkepunimi-midis-karateisteve-te-ulqinit-dhe-tivarit\/\" \/>\n<meta property=\"og:locale\" content=\"en_US\" \/>\n<meta property=\"og:type\" content=\"article\" \/>\n<meta property=\"og:title\" content=\"Vazhdon bashk\u00ebpunimi midis karateist\u00ebve t\u00eb Ulqinit dhe Tivarit - Lajme nga Ulqini\" \/>\n<meta property=\"og:description\" content=\"M\u00eb 10 shkurt 2015, Unioni i Klubeve t\u00eb Karates\u00eb \u201eUlqini\u201d dhe \u201cRei\u201d prit\u00ebn an\u00ebtar\u00ebt e Klubit t\u00eb Karates\u00eb \u201cTivari\u201d n\u00eb ambientet e tyre p\u00ebr t\u00eb zhvilluar nj\u00eb\" \/>\n<meta property=\"og:url\" content=\"https:\/\/www.visit-ulcinj.com\/blog\/2015\/02\/12\/vazhdon-bashkepunimi-midis-karateisteve-te-ulqinit-dhe-tivarit\/\" \/>\n<meta property=\"og:site_name\" content=\"Lajme nga Ulqini\" \/>\n<meta property=\"article:published_time\" content=\"2015-02-12T07:05:49+00:00\" \/>\n<meta property=\"article:modified_time\" content=\"2015-02-12T07:07:05+00:00\" \/>\n<meta property=\"og:image\" content=\"http:\/\/www.visit-ulcinj.com\/blog\/wp-content\/uploads\/2015\/02\/Karate-Ulcinj-Bar.jpg\" \/>\n<meta name=\"twitter:label1\" content=\"Written by\" \/>\n\t<meta name=\"twitter:data1\" content=\"ulqini\" \/>\n\t<meta name=\"twitter:label2\" content=\"Est. reading time\" \/>\n\t<meta name=\"twitter:data2\" content=\"1 minute\" \/>\n<script type=\"application\/ld+json\" class=\"yoast-schema-graph\">{\"@context\":\"https:\/\/schema.org\",\"@graph\":[{\"@type\":\"WebSite\",\"@id\":\"https:\/\/www.visit-ulcinj.com\/blog\/#website\",\"url\":\"https:\/\/www.visit-ulcinj.com\/blog\/\",\"name\":\"Lajme nga Ulqini\",\"description\":\"Lajme,Vijesti,Ulqini,Ulqin,Crna Gora,Mali i Zi\",\"potentialAction\":[{\"@type\":\"SearchAction\",\"target\":{\"@type\":\"EntryPoint\",\"urlTemplate\":\"https:\/\/www.visit-ulcinj.com\/blog\/?s={search_term_string}\"},\"query-input\":\"required name=search_term_string\"}],\"inLanguage\":\"en-US\"},{\"@type\":\"ImageObject\",\"inLanguage\":\"en-US\",\"@id\":\"https:\/\/www.visit-ulcinj.com\/blog\/2015\/02\/12\/vazhdon-bashkepunimi-midis-karateisteve-te-ulqinit-dhe-tivarit\/#primaryimage\",\"url\":\"https:\/\/www.visit-ulcinj.com\/blog\/wp-content\/uploads\/2015\/02\/Karate-Ulcinj-Bar.jpg\",\"contentUrl\":\"https:\/\/www.visit-ulcinj.com\/blog\/wp-content\/uploads\/2015\/02\/Karate-Ulcinj-Bar.jpg\",\"width\":960,\"height\":720},{\"@type\":\"WebPage\",\"@id\":\"https:\/\/www.visit-ulcinj.com\/blog\/2015\/02\/12\/vazhdon-bashkepunimi-midis-karateisteve-te-ulqinit-dhe-tivarit\/#webpage\",\"url\":\"https:\/\/www.visit-ulcinj.com\/blog\/2015\/02\/12\/vazhdon-bashkepunimi-midis-karateisteve-te-ulqinit-dhe-tivarit\/\",\"name\":\"Vazhdon bashk\u00ebpunimi midis karateist\u00ebve t\u00eb Ulqinit dhe Tivarit - Lajme nga Ulqini\",\"isPartOf\":{\"@id\":\"https:\/\/www.visit-ulcinj.com\/blog\/#website\"},\"primaryImageOfPage\":{\"@id\":\"https:\/\/www.visit-ulcinj.com\/blog\/2015\/02\/12\/vazhdon-bashkepunimi-midis-karateisteve-te-ulqinit-dhe-tivarit\/#primaryimage\"},\"datePublished\":\"2015-02-12T07:05:49+00:00\",\"dateModified\":\"2015-02-12T07:07:05+00:00\",\"author\":{\"@id\":\"https:\/\/www.visit-ulcinj.com\/blog\/#\/schema\/person\/dcab619c614d3038751c63bc2aadc06d\"},\"description\":\"M\u00eb 10 shkurt 2015, Unioni i Klubeve t\u00eb Karates\u00eb \u201eUlqini\u201d dhe \u201cRei\u201d prit\u00ebn an\u00ebtar\u00ebt e Klubit t\u00eb Karates\u00eb \u201cTivari\u201d n\u00eb ambientet e tyre p\u00ebr t\u00eb zhvilluar nj\u00eb\",\"breadcrumb\":{\"@id\":\"https:\/\/www.visit-ulcinj.com\/blog\/2015\/02\/12\/vazhdon-bashkepunimi-midis-karateisteve-te-ulqinit-dhe-tivarit\/#breadcrumb\"},\"inLanguage\":\"en-US\",\"potentialAction\":[{\"@type\":\"ReadAction\",\"target\":[\"https:\/\/www.visit-ulcinj.com\/blog\/2015\/02\/12\/vazhdon-bashkepunimi-midis-karateisteve-te-ulqinit-dhe-tivarit\/\"]}]},{\"@type\":\"BreadcrumbList\",\"@id\":\"https:\/\/www.visit-ulcinj.com\/blog\/2015\/02\/12\/vazhdon-bashkepunimi-midis-karateisteve-te-ulqinit-dhe-tivarit\/#breadcrumb\",\"itemListElement\":[{\"@type\":\"ListItem\",\"position\":1,\"name\":\"Vazhdon bashk\u00ebpunimi midis karateist\u00ebve t\u00eb Ulqinit dhe Tivarit\"}]},{\"@type\":\"Person\",\"@id\":\"https:\/\/www.visit-ulcinj.com\/blog\/#\/schema\/person\/dcab619c614d3038751c63bc2aadc06d\",\"name\":\"ulqini\",\"sameAs\":[\"http:\/\/www.visit-ulcinj.com\"],\"url\":\"https:\/\/www.visit-ulcinj.com\/blog\/author\/admin\/\"}]}<\/script>\n<!-- \/ Yoast SEO plugin. -->","yoast_head_json":{"title":"Vazhdon bashk\u00ebpunimi midis karateist\u00ebve t\u00eb Ulqinit dhe Tivarit - Lajme nga Ulqini","description":"M\u00eb 10 shkurt 2015, Unioni i Klubeve t\u00eb Karates\u00eb \u201eUlqini\u201d dhe \u201cRei\u201d prit\u00ebn an\u00ebtar\u00ebt e Klubit t\u00eb Karates\u00eb \u201cTivari\u201d n\u00eb ambientet e tyre p\u00ebr t\u00eb zhvilluar nj\u00eb","robots":{"index":"index","follow":"follow","max-snippet":"max-snippet:-1","max-image-preview":"max-image-preview:large","max-video-preview":"max-video-preview:-1"},"canonical":"https:\/\/www.visit-ulcinj.com\/blog\/2015\/02\/12\/vazhdon-bashkepunimi-midis-karateisteve-te-ulqinit-dhe-tivarit\/","og_locale":"en_US","og_type":"article","og_title":"Vazhdon bashk\u00ebpunimi midis karateist\u00ebve t\u00eb Ulqinit dhe Tivarit - Lajme nga Ulqini","og_description":"M\u00eb 10 shkurt 2015, Unioni i Klubeve t\u00eb Karates\u00eb \u201eUlqini\u201d dhe \u201cRei\u201d prit\u00ebn an\u00ebtar\u00ebt e Klubit t\u00eb Karates\u00eb \u201cTivari\u201d n\u00eb ambientet e tyre p\u00ebr t\u00eb zhvilluar nj\u00eb","og_url":"https:\/\/www.visit-ulcinj.com\/blog\/2015\/02\/12\/vazhdon-bashkepunimi-midis-karateisteve-te-ulqinit-dhe-tivarit\/","og_site_name":"Lajme nga Ulqini","article_published_time":"2015-02-12T07:05:49+00:00","article_modified_time":"2015-02-12T07:07:05+00:00","og_image":[{"url":"http:\/\/www.visit-ulcinj.com\/blog\/wp-content\/uploads\/2015\/02\/Karate-Ulcinj-Bar.jpg"}],"twitter_misc":{"Written by":"ulqini","Est. reading time":"1 minute"},"schema":{"@context":"https:\/\/schema.org","@graph":[{"@type":"WebSite","@id":"https:\/\/www.visit-ulcinj.com\/blog\/#website","url":"https:\/\/www.visit-ulcinj.com\/blog\/","name":"Lajme nga Ulqini","description":"Lajme,Vijesti,Ulqini,Ulqin,Crna Gora,Mali i Zi","potentialAction":[{"@type":"SearchAction","target":{"@type":"EntryPoint","urlTemplate":"https:\/\/www.visit-ulcinj.com\/blog\/?s={search_term_string}"},"query-input":"required name=search_term_string"}],"inLanguage":"en-US"},{"@type":"ImageObject","inLanguage":"en-US","@id":"https:\/\/www.visit-ulcinj.com\/blog\/2015\/02\/12\/vazhdon-bashkepunimi-midis-karateisteve-te-ulqinit-dhe-tivarit\/#primaryimage","url":"https:\/\/www.visit-ulcinj.com\/blog\/wp-content\/uploads\/2015\/02\/Karate-Ulcinj-Bar.jpg","contentUrl":"https:\/\/www.visit-ulcinj.com\/blog\/wp-content\/uploads\/2015\/02\/Karate-Ulcinj-Bar.jpg","width":960,"height":720},{"@type":"WebPage","@id":"https:\/\/www.visit-ulcinj.com\/blog\/2015\/02\/12\/vazhdon-bashkepunimi-midis-karateisteve-te-ulqinit-dhe-tivarit\/#webpage","url":"https:\/\/www.visit-ulcinj.com\/blog\/2015\/02\/12\/vazhdon-bashkepunimi-midis-karateisteve-te-ulqinit-dhe-tivarit\/","name":"Vazhdon bashk\u00ebpunimi midis karateist\u00ebve t\u00eb Ulqinit dhe Tivarit - Lajme nga Ulqini","isPartOf":{"@id":"https:\/\/www.visit-ulcinj.com\/blog\/#website"},"primaryImageOfPage":{"@id":"https:\/\/www.visit-ulcinj.com\/blog\/2015\/02\/12\/vazhdon-bashkepunimi-midis-karateisteve-te-ulqinit-dhe-tivarit\/#primaryimage"},"datePublished":"2015-02-12T07:05:49+00:00","dateModified":"2015-02-12T07:07:05+00:00","author":{"@id":"https:\/\/www.visit-ulcinj.com\/blog\/#\/schema\/person\/dcab619c614d3038751c63bc2aadc06d"},"description":"M\u00eb 10 shkurt 2015, Unioni i Klubeve t\u00eb Karates\u00eb \u201eUlqini\u201d dhe \u201cRei\u201d prit\u00ebn an\u00ebtar\u00ebt e Klubit t\u00eb Karates\u00eb \u201cTivari\u201d n\u00eb ambientet e tyre p\u00ebr t\u00eb zhvilluar nj\u00eb","breadcrumb":{"@id":"https:\/\/www.visit-ulcinj.com\/blog\/2015\/02\/12\/vazhdon-bashkepunimi-midis-karateisteve-te-ulqinit-dhe-tivarit\/#breadcrumb"},"inLanguage":"en-US","potentialAction":[{"@type":"ReadAction","target":["https:\/\/www.visit-ulcinj.com\/blog\/2015\/02\/12\/vazhdon-bashkepunimi-midis-karateisteve-te-ulqinit-dhe-tivarit\/"]}]},{"@type":"BreadcrumbList","@id":"https:\/\/www.visit-ulcinj.com\/blog\/2015\/02\/12\/vazhdon-bashkepunimi-midis-karateisteve-te-ulqinit-dhe-tivarit\/#breadcrumb","itemListElement":[{"@type":"ListItem","position":1,"name":"Vazhdon bashk\u00ebpunimi midis karateist\u00ebve t\u00eb Ulqinit dhe Tivarit"}]},{"@type":"Person","@id":"https:\/\/www.visit-ulcinj.com\/blog\/#\/schema\/person\/dcab619c614d3038751c63bc2aadc06d","name":"ulqini","sameAs":["http:\/\/www.visit-ulcinj.com"],"url":"https:\/\/www.visit-ulcinj.com\/blog\/author\/admin\/"}]}},"jetpack_featured_media_url":"","jetpack_sharing_enabled":true,"jetpack_shortlink":"https:\/\/wp.me\/pe6lTn-n1O","_links":{"self":[{"href":"https:\/\/www.visit-ulcinj.com\/blog\/wp-json\/wp\/v2\/posts\/88524"}],"collection":[{"href":"https:\/\/www.visit-ulcinj.com\/blog\/wp-json\/wp\/v2\/posts"}],"about":[{"href":"https:\/\/www.visit-ulcinj.com\/blog\/wp-json\/wp\/v2\/types\/post"}],"author":[{"embeddable":true,"href":"https:\/\/www.visit-ulcinj.com\/blog\/wp-json\/wp\/v2\/users\/1"}],"replies":[{"embeddable":true,"href":"https:\/\/www.visit-ulcinj.com\/blog\/wp-json\/wp\/v2\/comments?post=88524"}],"version-history":[{"count":1,"href":"https:\/\/www.visit-ulcinj.com\/blog\/wp-json\/wp\/v2\/posts\/88524\/revisions"}],"predecessor-version":[{"id":88525,"href":"https:\/\/www.visit-ulcinj.com\/blog\/wp-json\/wp\/v2\/posts\/88524\/revisions\/88525"}],"wp:attachment":[{"href":"https:\/\/www.visit-ulcinj.com\/blog\/wp-json\/wp\/v2\/media?parent=88524"}],"wp:term":[{"taxonomy":"category","embeddable":true,"href":"https:\/\/www.visit-ulcinj.com\/blog\/wp-json\/wp\/v2\/categories?post=88524"},{"taxonomy":"post_tag","embeddable":true,"href":"https:\/\/www.visit-ulcinj.com\/blog\/wp-json\/wp\/v2\/tags?post=88524"}],"curies":[{"name":"wp","href":"https:\/\/api.w.org\/{rel}","templated":true}]}}