{"id":88542,"date":"2015-02-13T14:39:14","date_gmt":"2015-02-13T13:39:14","guid":{"rendered":"http:\/\/www.visit-ulcinj.com\/blog\/?p=88542"},"modified":"2015-02-14T13:02:43","modified_gmt":"2015-02-14T12:02:43","slug":"perfaqsuesi-kompanise-jordaneze-interesohet-per-investime-ne-ulqin","status":"publish","type":"post","link":"https:\/\/www.visit-ulcinj.com\/blog\/2015\/02\/13\/perfaqsuesi-kompanise-jordaneze-interesohet-per-investime-ne-ulqin\/","title":{"rendered":"P\u00ebrfaqsuesi i kompanis\u00eb Jordaneze interesohet p\u00ebr investime n\u00eb Ulqin"},"content":{"rendered":"<p><a href=\"http:\/\/www.visit-ulcinj.com\/blog\/wp-content\/uploads\/2015\/02\/Moafaq-Taamneh-in-Ulcinj-Montenegro.jpg\"><img loading=\"lazy\" class=\"alignleft wp-image-88544\" src=\"http:\/\/www.visit-ulcinj.com\/blog\/wp-content\/uploads\/2015\/02\/Moafaq-Taamneh-in-Ulcinj-Montenegro.jpg\" alt=\"Moafaq Ta'amneh-in-Ulcinj-Montenegro\" width=\"508\" height=\"286\" srcset=\"https:\/\/www.visit-ulcinj.com\/blog\/wp-content\/uploads\/2015\/02\/Moafaq-Taamneh-in-Ulcinj-Montenegro.jpg 999w, https:\/\/www.visit-ulcinj.com\/blog\/wp-content\/uploads\/2015\/02\/Moafaq-Taamneh-in-Ulcinj-Montenegro-300x169.jpg 300w\" sizes=\"(max-width: 508px) 100vw, 508px\" \/><\/a>N\u00eb Komun\u00ebn e Ulqinit n\u00eb nj\u00eb vizit\u00eb pune me n\u00ebnkryetarin Mavriq, q\u00ebndroi p\u00ebrfaqsuesi i kompanis\u00eb Jordaneze Z. Moafaq Ta&#8217;amneh, e cila merret me transport dhe logjistik\u00eb t\u00eb pem\u00ebve dhe perimeve brenda dhe jasht\u00eb Europ\u00ebs.<br \/>\nTema e takimit ishte informative, p\u00ebr mund\u00ebsin\u00eb e marrjes s\u00eb tok\u00ebs s\u00eb Komun\u00ebs me qera dhe p\u00ebr kultivimin e perimeve, t\u00eb cilat do eksportoheshin me gjat\u00eb n\u00eb Jordan n\u00ebp\u00ebrmjet portit t\u00eb Tivarit.<br \/>\nN\u00ebnkryetari Mavriq dhe p\u00ebrfaqsuesi i Zyr\u00ebs p\u00ebr marrdh\u00ebnie nd\u00ebrkomb\u00ebtare dhe projekte Latif Haxhibrahimi, ju prezantuan t\u00eb pranishmeve benefititet t\u00eb cilat Komuna e Ulqinit iu ofron investitorve p\u00ebr investim n\u00eb bujq\u00ebsi, si qiradhenia e tok\u00ebs, tatimet etj. Nj\u00ebherit u promovuan edhe kushtet klimatike p\u00ebr rritjen e perimeve n\u00eb k\u00ebt\u00eb zon\u00eb. Poashtu u bisedua edhe p\u00ebr nevojen e hapjes s\u00eb pikes s\u00eb grumbullimit te asortimanit prodhues, si dhe mundesia e plasimit t\u00eb prodhimeve bujq\u00ebsore n\u00eb shtetet e rajonit dhe shtetet e lindjes.<br \/>\nPas takimit n\u00eb Komun\u00eb, p\u00ebr vizitor\u00ebt n\u00eb fjal\u00eb u organizua edhe nj\u00eb vizit\u00eb n\u00eb tok\u00ebn e Komun\u00ebs n\u00eb Zogaj, ku mund t\u00eb bindeshin direkt na kushtet e ofruara p\u00ebr bujq\u00ebsi. N\u00eb t\u00eb ardhmen do te merren analizat e tok\u00ebs bujq\u00ebsore n\u00eb baz\u00eb t\u00eb s\u00eb cilave do t\u00eb definohet edhe se cilat produkte mund t\u00eb kultivohen dhe cili \u00ebsht\u00eb tregu i shitjes s\u00eb tyre.<\/p>\n<p>Komuna Ulqinit<\/p>\n","protected":false},"excerpt":{"rendered":"<p>N\u00eb Komun\u00ebn e Ulqinit n\u00eb nj\u00eb vizit\u00eb pune me n\u00ebnkryetarin Mavriq, q\u00ebndroi p\u00ebrfaqsuesi i kompanis\u00eb Jordaneze Z. Moafaq Ta&#8217;amneh, e cila merret me transport dhe logjistik\u00eb t\u00eb pem\u00ebve dhe perimeve brenda dhe jasht\u00eb Europ\u00ebs. Tema e takimit ishte informative, p\u00ebr mund\u00ebsin\u00eb e marrjes s\u00eb tok\u00ebs s\u00eb Komun\u00ebs me qera dhe p\u00ebr kultivimin e perimeve, t\u00eb [&hellip;]<\/p>\n","protected":false},"author":1,"featured_media":0,"comment_status":"closed","ping_status":"closed","sticky":false,"template":"","format":"standard","meta":{"spay_email":"","jetpack_publicize_message":"","jetpack_is_tweetstorm":false,"jetpack_publicize_feature_enabled":true},"categories":[10,1],"tags":[],"jetpack_publicize_connections":[],"yoast_head":"<!-- This site is optimized with the Yoast SEO plugin v19.1 - https:\/\/yoast.com\/wordpress\/plugins\/seo\/ -->\n<title>P\u00ebrfaqsuesi i kompanis\u00eb Jordaneze interesohet p\u00ebr investime n\u00eb Ulqin - Lajme nga Ulqini<\/title>\n<meta name=\"description\" content=\"N\u00eb Komun\u00ebn e Ulqinit n\u00eb nj\u00eb vizit\u00eb pune me n\u00ebnkryetarin Mavriq, q\u00ebndroi p\u00ebrfaqsuesi i kompanis\u00eb Jordaneze Z. Moafaq Ta&#039;amneh, e cila merret me transport\" \/>\n<meta name=\"robots\" content=\"index, follow, max-snippet:-1, max-image-preview:large, max-video-preview:-1\" \/>\n<link rel=\"canonical\" href=\"https:\/\/www.visit-ulcinj.com\/blog\/2015\/02\/13\/perfaqsuesi-kompanise-jordaneze-interesohet-per-investime-ne-ulqin\/\" \/>\n<meta property=\"og:locale\" content=\"en_US\" \/>\n<meta property=\"og:type\" content=\"article\" \/>\n<meta property=\"og:title\" content=\"P\u00ebrfaqsuesi i kompanis\u00eb Jordaneze interesohet p\u00ebr investime n\u00eb Ulqin - Lajme nga Ulqini\" \/>\n<meta property=\"og:description\" content=\"N\u00eb Komun\u00ebn e Ulqinit n\u00eb nj\u00eb vizit\u00eb pune me n\u00ebnkryetarin Mavriq, q\u00ebndroi p\u00ebrfaqsuesi i kompanis\u00eb Jordaneze Z. Moafaq Ta&#039;amneh, e cila merret me transport\" \/>\n<meta property=\"og:url\" content=\"https:\/\/www.visit-ulcinj.com\/blog\/2015\/02\/13\/perfaqsuesi-kompanise-jordaneze-interesohet-per-investime-ne-ulqin\/\" \/>\n<meta property=\"og:site_name\" content=\"Lajme nga Ulqini\" \/>\n<meta property=\"article:published_time\" content=\"2015-02-13T13:39:14+00:00\" \/>\n<meta property=\"article:modified_time\" content=\"2015-02-14T12:02:43+00:00\" \/>\n<meta property=\"og:image\" content=\"http:\/\/www.visit-ulcinj.com\/blog\/wp-content\/uploads\/2015\/02\/Moafaq-Taamneh-in-Ulcinj-Montenegro.jpg\" \/>\n<meta name=\"twitter:label1\" content=\"Written by\" \/>\n\t<meta name=\"twitter:data1\" content=\"ulqini\" \/>\n\t<meta name=\"twitter:label2\" content=\"Est. reading time\" \/>\n\t<meta name=\"twitter:data2\" content=\"1 minute\" \/>\n<script type=\"application\/ld+json\" class=\"yoast-schema-graph\">{\"@context\":\"https:\/\/schema.org\",\"@graph\":[{\"@type\":\"WebSite\",\"@id\":\"https:\/\/www.visit-ulcinj.com\/blog\/#website\",\"url\":\"https:\/\/www.visit-ulcinj.com\/blog\/\",\"name\":\"Lajme nga Ulqini\",\"description\":\"Lajme,Vijesti,Ulqini,Ulqin,Crna Gora,Mali i Zi\",\"potentialAction\":[{\"@type\":\"SearchAction\",\"target\":{\"@type\":\"EntryPoint\",\"urlTemplate\":\"https:\/\/www.visit-ulcinj.com\/blog\/?s={search_term_string}\"},\"query-input\":\"required name=search_term_string\"}],\"inLanguage\":\"en-US\"},{\"@type\":\"ImageObject\",\"inLanguage\":\"en-US\",\"@id\":\"https:\/\/www.visit-ulcinj.com\/blog\/2015\/02\/13\/perfaqsuesi-kompanise-jordaneze-interesohet-per-investime-ne-ulqin\/#primaryimage\",\"url\":\"https:\/\/www.visit-ulcinj.com\/blog\/wp-content\/uploads\/2015\/02\/Moafaq-Taamneh-in-Ulcinj-Montenegro.jpg\",\"contentUrl\":\"https:\/\/www.visit-ulcinj.com\/blog\/wp-content\/uploads\/2015\/02\/Moafaq-Taamneh-in-Ulcinj-Montenegro.jpg\",\"width\":999,\"height\":562},{\"@type\":\"WebPage\",\"@id\":\"https:\/\/www.visit-ulcinj.com\/blog\/2015\/02\/13\/perfaqsuesi-kompanise-jordaneze-interesohet-per-investime-ne-ulqin\/#webpage\",\"url\":\"https:\/\/www.visit-ulcinj.com\/blog\/2015\/02\/13\/perfaqsuesi-kompanise-jordaneze-interesohet-per-investime-ne-ulqin\/\",\"name\":\"P\u00ebrfaqsuesi i kompanis\u00eb Jordaneze interesohet p\u00ebr investime n\u00eb Ulqin - Lajme nga Ulqini\",\"isPartOf\":{\"@id\":\"https:\/\/www.visit-ulcinj.com\/blog\/#website\"},\"primaryImageOfPage\":{\"@id\":\"https:\/\/www.visit-ulcinj.com\/blog\/2015\/02\/13\/perfaqsuesi-kompanise-jordaneze-interesohet-per-investime-ne-ulqin\/#primaryimage\"},\"datePublished\":\"2015-02-13T13:39:14+00:00\",\"dateModified\":\"2015-02-14T12:02:43+00:00\",\"author\":{\"@id\":\"https:\/\/www.visit-ulcinj.com\/blog\/#\/schema\/person\/dcab619c614d3038751c63bc2aadc06d\"},\"description\":\"N\u00eb Komun\u00ebn e Ulqinit n\u00eb nj\u00eb vizit\u00eb pune me n\u00ebnkryetarin Mavriq, q\u00ebndroi p\u00ebrfaqsuesi i kompanis\u00eb Jordaneze Z. Moafaq Ta'amneh, e cila merret me transport\",\"breadcrumb\":{\"@id\":\"https:\/\/www.visit-ulcinj.com\/blog\/2015\/02\/13\/perfaqsuesi-kompanise-jordaneze-interesohet-per-investime-ne-ulqin\/#breadcrumb\"},\"inLanguage\":\"en-US\",\"potentialAction\":[{\"@type\":\"ReadAction\",\"target\":[\"https:\/\/www.visit-ulcinj.com\/blog\/2015\/02\/13\/perfaqsuesi-kompanise-jordaneze-interesohet-per-investime-ne-ulqin\/\"]}]},{\"@type\":\"BreadcrumbList\",\"@id\":\"https:\/\/www.visit-ulcinj.com\/blog\/2015\/02\/13\/perfaqsuesi-kompanise-jordaneze-interesohet-per-investime-ne-ulqin\/#breadcrumb\",\"itemListElement\":[{\"@type\":\"ListItem\",\"position\":1,\"name\":\"P\u00ebrfaqsuesi i kompanis\u00eb Jordaneze interesohet p\u00ebr investime n\u00eb Ulqin\"}]},{\"@type\":\"Person\",\"@id\":\"https:\/\/www.visit-ulcinj.com\/blog\/#\/schema\/person\/dcab619c614d3038751c63bc2aadc06d\",\"name\":\"ulqini\",\"sameAs\":[\"http:\/\/www.visit-ulcinj.com\"],\"url\":\"https:\/\/www.visit-ulcinj.com\/blog\/author\/admin\/\"}]}<\/script>\n<!-- \/ Yoast SEO plugin. -->","yoast_head_json":{"title":"P\u00ebrfaqsuesi i kompanis\u00eb Jordaneze interesohet p\u00ebr investime n\u00eb Ulqin - Lajme nga Ulqini","description":"N\u00eb Komun\u00ebn e Ulqinit n\u00eb nj\u00eb vizit\u00eb pune me n\u00ebnkryetarin Mavriq, q\u00ebndroi p\u00ebrfaqsuesi i kompanis\u00eb Jordaneze Z. Moafaq Ta'amneh, e cila merret me transport","robots":{"index":"index","follow":"follow","max-snippet":"max-snippet:-1","max-image-preview":"max-image-preview:large","max-video-preview":"max-video-preview:-1"},"canonical":"https:\/\/www.visit-ulcinj.com\/blog\/2015\/02\/13\/perfaqsuesi-kompanise-jordaneze-interesohet-per-investime-ne-ulqin\/","og_locale":"en_US","og_type":"article","og_title":"P\u00ebrfaqsuesi i kompanis\u00eb Jordaneze interesohet p\u00ebr investime n\u00eb Ulqin - Lajme nga Ulqini","og_description":"N\u00eb Komun\u00ebn e Ulqinit n\u00eb nj\u00eb vizit\u00eb pune me n\u00ebnkryetarin Mavriq, q\u00ebndroi p\u00ebrfaqsuesi i kompanis\u00eb Jordaneze Z. Moafaq Ta'amneh, e cila merret me transport","og_url":"https:\/\/www.visit-ulcinj.com\/blog\/2015\/02\/13\/perfaqsuesi-kompanise-jordaneze-interesohet-per-investime-ne-ulqin\/","og_site_name":"Lajme nga Ulqini","article_published_time":"2015-02-13T13:39:14+00:00","article_modified_time":"2015-02-14T12:02:43+00:00","og_image":[{"url":"http:\/\/www.visit-ulcinj.com\/blog\/wp-content\/uploads\/2015\/02\/Moafaq-Taamneh-in-Ulcinj-Montenegro.jpg"}],"twitter_misc":{"Written by":"ulqini","Est. reading time":"1 minute"},"schema":{"@context":"https:\/\/schema.org","@graph":[{"@type":"WebSite","@id":"https:\/\/www.visit-ulcinj.com\/blog\/#website","url":"https:\/\/www.visit-ulcinj.com\/blog\/","name":"Lajme nga Ulqini","description":"Lajme,Vijesti,Ulqini,Ulqin,Crna Gora,Mali i Zi","potentialAction":[{"@type":"SearchAction","target":{"@type":"EntryPoint","urlTemplate":"https:\/\/www.visit-ulcinj.com\/blog\/?s={search_term_string}"},"query-input":"required name=search_term_string"}],"inLanguage":"en-US"},{"@type":"ImageObject","inLanguage":"en-US","@id":"https:\/\/www.visit-ulcinj.com\/blog\/2015\/02\/13\/perfaqsuesi-kompanise-jordaneze-interesohet-per-investime-ne-ulqin\/#primaryimage","url":"https:\/\/www.visit-ulcinj.com\/blog\/wp-content\/uploads\/2015\/02\/Moafaq-Taamneh-in-Ulcinj-Montenegro.jpg","contentUrl":"https:\/\/www.visit-ulcinj.com\/blog\/wp-content\/uploads\/2015\/02\/Moafaq-Taamneh-in-Ulcinj-Montenegro.jpg","width":999,"height":562},{"@type":"WebPage","@id":"https:\/\/www.visit-ulcinj.com\/blog\/2015\/02\/13\/perfaqsuesi-kompanise-jordaneze-interesohet-per-investime-ne-ulqin\/#webpage","url":"https:\/\/www.visit-ulcinj.com\/blog\/2015\/02\/13\/perfaqsuesi-kompanise-jordaneze-interesohet-per-investime-ne-ulqin\/","name":"P\u00ebrfaqsuesi i kompanis\u00eb Jordaneze interesohet p\u00ebr investime n\u00eb Ulqin - Lajme nga Ulqini","isPartOf":{"@id":"https:\/\/www.visit-ulcinj.com\/blog\/#website"},"primaryImageOfPage":{"@id":"https:\/\/www.visit-ulcinj.com\/blog\/2015\/02\/13\/perfaqsuesi-kompanise-jordaneze-interesohet-per-investime-ne-ulqin\/#primaryimage"},"datePublished":"2015-02-13T13:39:14+00:00","dateModified":"2015-02-14T12:02:43+00:00","author":{"@id":"https:\/\/www.visit-ulcinj.com\/blog\/#\/schema\/person\/dcab619c614d3038751c63bc2aadc06d"},"description":"N\u00eb Komun\u00ebn e Ulqinit n\u00eb nj\u00eb vizit\u00eb pune me n\u00ebnkryetarin Mavriq, q\u00ebndroi p\u00ebrfaqsuesi i kompanis\u00eb Jordaneze Z. Moafaq Ta'amneh, e cila merret me transport","breadcrumb":{"@id":"https:\/\/www.visit-ulcinj.com\/blog\/2015\/02\/13\/perfaqsuesi-kompanise-jordaneze-interesohet-per-investime-ne-ulqin\/#breadcrumb"},"inLanguage":"en-US","potentialAction":[{"@type":"ReadAction","target":["https:\/\/www.visit-ulcinj.com\/blog\/2015\/02\/13\/perfaqsuesi-kompanise-jordaneze-interesohet-per-investime-ne-ulqin\/"]}]},{"@type":"BreadcrumbList","@id":"https:\/\/www.visit-ulcinj.com\/blog\/2015\/02\/13\/perfaqsuesi-kompanise-jordaneze-interesohet-per-investime-ne-ulqin\/#breadcrumb","itemListElement":[{"@type":"ListItem","position":1,"name":"P\u00ebrfaqsuesi i kompanis\u00eb Jordaneze interesohet p\u00ebr investime n\u00eb Ulqin"}]},{"@type":"Person","@id":"https:\/\/www.visit-ulcinj.com\/blog\/#\/schema\/person\/dcab619c614d3038751c63bc2aadc06d","name":"ulqini","sameAs":["http:\/\/www.visit-ulcinj.com"],"url":"https:\/\/www.visit-ulcinj.com\/blog\/author\/admin\/"}]}},"jetpack_featured_media_url":"","jetpack_sharing_enabled":true,"jetpack_shortlink":"https:\/\/wp.me\/pe6lTn-n26","_links":{"self":[{"href":"https:\/\/www.visit-ulcinj.com\/blog\/wp-json\/wp\/v2\/posts\/88542"}],"collection":[{"href":"https:\/\/www.visit-ulcinj.com\/blog\/wp-json\/wp\/v2\/posts"}],"about":[{"href":"https:\/\/www.visit-ulcinj.com\/blog\/wp-json\/wp\/v2\/types\/post"}],"author":[{"embeddable":true,"href":"https:\/\/www.visit-ulcinj.com\/blog\/wp-json\/wp\/v2\/users\/1"}],"replies":[{"embeddable":true,"href":"https:\/\/www.visit-ulcinj.com\/blog\/wp-json\/wp\/v2\/comments?post=88542"}],"version-history":[{"count":1,"href":"https:\/\/www.visit-ulcinj.com\/blog\/wp-json\/wp\/v2\/posts\/88542\/revisions"}],"predecessor-version":[{"id":88545,"href":"https:\/\/www.visit-ulcinj.com\/blog\/wp-json\/wp\/v2\/posts\/88542\/revisions\/88545"}],"wp:attachment":[{"href":"https:\/\/www.visit-ulcinj.com\/blog\/wp-json\/wp\/v2\/media?parent=88542"}],"wp:term":[{"taxonomy":"category","embeddable":true,"href":"https:\/\/www.visit-ulcinj.com\/blog\/wp-json\/wp\/v2\/categories?post=88542"},{"taxonomy":"post_tag","embeddable":true,"href":"https:\/\/www.visit-ulcinj.com\/blog\/wp-json\/wp\/v2\/tags?post=88542"}],"curies":[{"name":"wp","href":"https:\/\/api.w.org\/{rel}","templated":true}]}}