{"id":88555,"date":"2015-02-14T12:55:21","date_gmt":"2015-02-14T11:55:21","guid":{"rendered":"http:\/\/www.visit-ulcinj.com\/blog\/?p=88555"},"modified":"2015-02-14T21:16:08","modified_gmt":"2015-02-14T20:16:08","slug":"erozion-ne-grykederdhjen-e-bunes-video","status":"publish","type":"post","link":"https:\/\/www.visit-ulcinj.com\/blog\/2015\/02\/14\/erozion-ne-grykederdhjen-e-bunes-video\/","title":{"rendered":"Erozion n\u00eb gryk\u00ebderdhjen e Bun\u00ebs &#8211; Video"},"content":{"rendered":"<p><a href=\"http:\/\/www.visit-ulcinj.com\/blog\/wp-content\/uploads\/2009\/06\/lumi-buna_4.jpg\"><img loading=\"lazy\" class=\"alignleft wp-image-23532\" src=\"http:\/\/www.visit-ulcinj.com\/blog\/wp-content\/uploads\/2009\/06\/lumi-buna_4.jpg\" alt=\"lumi buna_4\" width=\"508\" height=\"317\" srcset=\"https:\/\/www.visit-ulcinj.com\/blog\/wp-content\/uploads\/2009\/06\/lumi-buna_4.jpg 640w, https:\/\/www.visit-ulcinj.com\/blog\/wp-content\/uploads\/2009\/06\/lumi-buna_4-300x187.jpg 300w\" sizes=\"(max-width: 508px) 100vw, 508px\" \/><\/a>Ali Salaj<\/p>\n<p>N\u00eb gryk\u00ebderdhjen e Lumit Buna, si n\u00eb an\u00ebn e Malit t\u00eb Zi, ashtu edhe n\u00eb at\u00eb t\u00eb Shqip\u00ebris\u00eb v\u00ebrehen disa dukuri natyrore q\u00eb po shkat\u00ebrrojn\u00eb vij\u00ebn bregdetare duke krijuar edhe disa ishuj t\u00eb vegj\u00ebl.<\/p>\n<p>Gjeograf\u00ebt nga Shkodra dhe Ulqini theksojn\u00eb se duhet marr\u00eb masa p\u00ebr parandalimin e k\u00ebsaj dukurie dhe, pak a shum\u00eb ,t\u00eb ruhet bukuria e ve\u00e7ant\u00eb natyrore e k\u00ebsaj zone.<\/p>\n<p>P\u00ebr m\u00eb shum\u00eb ndiqeni kronik\u00ebn e p\u00ebrgaditur nga korrespondenti i Z\u00ebrit t\u00eb Amerik\u00ebs, <span class=\"il\">Ali<\/span> <span class=\"il\">Salaj<\/span>.<\/p>\n<p><strong>VAO<\/strong><\/p>\n<p><iframe loading=\"lazy\" src=\"http:\/\/zeriamerikes.share.voanews.eu\/flashembed.aspx?t=vid&amp;id=2637344&amp;w=640&amp;h=363&amp;skin=embeded\" width=\"508\" height=\"363\" frameborder=\"0\" scrolling=\"no\"><\/iframe><\/p>\n","protected":false},"excerpt":{"rendered":"<p>Ali Salaj N\u00eb gryk\u00ebderdhjen e Lumit Buna, si n\u00eb an\u00ebn e Malit t\u00eb Zi, ashtu edhe n\u00eb at\u00eb t\u00eb Shqip\u00ebris\u00eb v\u00ebrehen disa dukuri natyrore q\u00eb po shkat\u00ebrrojn\u00eb vij\u00ebn bregdetare duke krijuar edhe disa ishuj t\u00eb vegj\u00ebl. Gjeograf\u00ebt nga Shkodra dhe Ulqini theksojn\u00eb se duhet marr\u00eb masa p\u00ebr parandalimin e k\u00ebsaj dukurie dhe, pak a shum\u00eb [&hellip;]<\/p>\n","protected":false},"author":1,"featured_media":0,"comment_status":"closed","ping_status":"closed","sticky":false,"template":"","format":"standard","meta":{"spay_email":"","jetpack_publicize_message":"","jetpack_is_tweetstorm":false,"jetpack_publicize_feature_enabled":true},"categories":[1,11],"tags":[],"jetpack_publicize_connections":[],"yoast_head":"<!-- This site is optimized with the Yoast SEO plugin v19.1 - https:\/\/yoast.com\/wordpress\/plugins\/seo\/ -->\n<title>Erozion n\u00eb gryk\u00ebderdhjen e Bun\u00ebs - Video - Lajme nga Ulqini<\/title>\n<meta name=\"description\" content=\"Ali Salaj N\u00eb gryk\u00ebderdhjen e Lumit Buna, si n\u00eb an\u00ebn e Malit t\u00eb Zi, ashtu edhe n\u00eb at\u00eb t\u00eb Shqip\u00ebris\u00eb v\u00ebrehen disa dukuri natyrore q\u00eb po shkat\u00ebrrojn\u00eb vij\u00ebn\" \/>\n<meta name=\"robots\" content=\"index, follow, max-snippet:-1, max-image-preview:large, max-video-preview:-1\" \/>\n<link rel=\"canonical\" href=\"https:\/\/www.visit-ulcinj.com\/blog\/2015\/02\/14\/erozion-ne-grykederdhjen-e-bunes-video\/\" \/>\n<meta property=\"og:locale\" content=\"en_US\" \/>\n<meta property=\"og:type\" content=\"article\" \/>\n<meta property=\"og:title\" content=\"Erozion n\u00eb gryk\u00ebderdhjen e Bun\u00ebs - Video - Lajme nga Ulqini\" \/>\n<meta property=\"og:description\" content=\"Ali Salaj N\u00eb gryk\u00ebderdhjen e Lumit Buna, si n\u00eb an\u00ebn e Malit t\u00eb Zi, ashtu edhe n\u00eb at\u00eb t\u00eb Shqip\u00ebris\u00eb v\u00ebrehen disa dukuri natyrore q\u00eb po shkat\u00ebrrojn\u00eb vij\u00ebn\" \/>\n<meta property=\"og:url\" content=\"https:\/\/www.visit-ulcinj.com\/blog\/2015\/02\/14\/erozion-ne-grykederdhjen-e-bunes-video\/\" \/>\n<meta property=\"og:site_name\" content=\"Lajme nga Ulqini\" \/>\n<meta property=\"article:published_time\" content=\"2015-02-14T11:55:21+00:00\" \/>\n<meta property=\"article:modified_time\" content=\"2015-02-14T20:16:08+00:00\" \/>\n<meta property=\"og:image\" content=\"http:\/\/www.visit-ulcinj.com\/blog\/wp-content\/uploads\/2009\/06\/lumi-buna_4.jpg\" \/>\n<meta name=\"twitter:label1\" content=\"Written by\" \/>\n\t<meta name=\"twitter:data1\" content=\"ulqini\" \/>\n<script type=\"application\/ld+json\" class=\"yoast-schema-graph\">{\"@context\":\"https:\/\/schema.org\",\"@graph\":[{\"@type\":\"WebSite\",\"@id\":\"https:\/\/www.visit-ulcinj.com\/blog\/#website\",\"url\":\"https:\/\/www.visit-ulcinj.com\/blog\/\",\"name\":\"Lajme nga Ulqini\",\"description\":\"Lajme,Vijesti,Ulqini,Ulqin,Crna Gora,Mali i Zi\",\"potentialAction\":[{\"@type\":\"SearchAction\",\"target\":{\"@type\":\"EntryPoint\",\"urlTemplate\":\"https:\/\/www.visit-ulcinj.com\/blog\/?s={search_term_string}\"},\"query-input\":\"required name=search_term_string\"}],\"inLanguage\":\"en-US\"},{\"@type\":\"ImageObject\",\"inLanguage\":\"en-US\",\"@id\":\"https:\/\/www.visit-ulcinj.com\/blog\/2015\/02\/14\/erozion-ne-grykederdhjen-e-bunes-video\/#primaryimage\",\"url\":\"https:\/\/www.visit-ulcinj.com\/blog\/wp-content\/uploads\/2009\/06\/lumi-buna_4.jpg\",\"contentUrl\":\"https:\/\/www.visit-ulcinj.com\/blog\/wp-content\/uploads\/2009\/06\/lumi-buna_4.jpg\",\"width\":\"640\",\"height\":\"399\"},{\"@type\":\"WebPage\",\"@id\":\"https:\/\/www.visit-ulcinj.com\/blog\/2015\/02\/14\/erozion-ne-grykederdhjen-e-bunes-video\/#webpage\",\"url\":\"https:\/\/www.visit-ulcinj.com\/blog\/2015\/02\/14\/erozion-ne-grykederdhjen-e-bunes-video\/\",\"name\":\"Erozion n\u00eb gryk\u00ebderdhjen e Bun\u00ebs - Video - Lajme nga Ulqini\",\"isPartOf\":{\"@id\":\"https:\/\/www.visit-ulcinj.com\/blog\/#website\"},\"primaryImageOfPage\":{\"@id\":\"https:\/\/www.visit-ulcinj.com\/blog\/2015\/02\/14\/erozion-ne-grykederdhjen-e-bunes-video\/#primaryimage\"},\"datePublished\":\"2015-02-14T11:55:21+00:00\",\"dateModified\":\"2015-02-14T20:16:08+00:00\",\"author\":{\"@id\":\"https:\/\/www.visit-ulcinj.com\/blog\/#\/schema\/person\/dcab619c614d3038751c63bc2aadc06d\"},\"description\":\"Ali Salaj N\u00eb gryk\u00ebderdhjen e Lumit Buna, si n\u00eb an\u00ebn e Malit t\u00eb Zi, ashtu edhe n\u00eb at\u00eb t\u00eb Shqip\u00ebris\u00eb v\u00ebrehen disa dukuri natyrore q\u00eb po shkat\u00ebrrojn\u00eb vij\u00ebn\",\"breadcrumb\":{\"@id\":\"https:\/\/www.visit-ulcinj.com\/blog\/2015\/02\/14\/erozion-ne-grykederdhjen-e-bunes-video\/#breadcrumb\"},\"inLanguage\":\"en-US\",\"potentialAction\":[{\"@type\":\"ReadAction\",\"target\":[\"https:\/\/www.visit-ulcinj.com\/blog\/2015\/02\/14\/erozion-ne-grykederdhjen-e-bunes-video\/\"]}]},{\"@type\":\"BreadcrumbList\",\"@id\":\"https:\/\/www.visit-ulcinj.com\/blog\/2015\/02\/14\/erozion-ne-grykederdhjen-e-bunes-video\/#breadcrumb\",\"itemListElement\":[{\"@type\":\"ListItem\",\"position\":1,\"name\":\"Erozion n\u00eb gryk\u00ebderdhjen e Bun\u00ebs &#8211; Video\"}]},{\"@type\":\"Person\",\"@id\":\"https:\/\/www.visit-ulcinj.com\/blog\/#\/schema\/person\/dcab619c614d3038751c63bc2aadc06d\",\"name\":\"ulqini\",\"sameAs\":[\"http:\/\/www.visit-ulcinj.com\"],\"url\":\"https:\/\/www.visit-ulcinj.com\/blog\/author\/admin\/\"}]}<\/script>\n<!-- \/ Yoast SEO plugin. -->","yoast_head_json":{"title":"Erozion n\u00eb gryk\u00ebderdhjen e Bun\u00ebs - Video - Lajme nga Ulqini","description":"Ali Salaj N\u00eb gryk\u00ebderdhjen e Lumit Buna, si n\u00eb an\u00ebn e Malit t\u00eb Zi, ashtu edhe n\u00eb at\u00eb t\u00eb Shqip\u00ebris\u00eb v\u00ebrehen disa dukuri natyrore q\u00eb po shkat\u00ebrrojn\u00eb vij\u00ebn","robots":{"index":"index","follow":"follow","max-snippet":"max-snippet:-1","max-image-preview":"max-image-preview:large","max-video-preview":"max-video-preview:-1"},"canonical":"https:\/\/www.visit-ulcinj.com\/blog\/2015\/02\/14\/erozion-ne-grykederdhjen-e-bunes-video\/","og_locale":"en_US","og_type":"article","og_title":"Erozion n\u00eb gryk\u00ebderdhjen e Bun\u00ebs - Video - Lajme nga Ulqini","og_description":"Ali Salaj N\u00eb gryk\u00ebderdhjen e Lumit Buna, si n\u00eb an\u00ebn e Malit t\u00eb Zi, ashtu edhe n\u00eb at\u00eb t\u00eb Shqip\u00ebris\u00eb v\u00ebrehen disa dukuri natyrore q\u00eb po shkat\u00ebrrojn\u00eb vij\u00ebn","og_url":"https:\/\/www.visit-ulcinj.com\/blog\/2015\/02\/14\/erozion-ne-grykederdhjen-e-bunes-video\/","og_site_name":"Lajme nga Ulqini","article_published_time":"2015-02-14T11:55:21+00:00","article_modified_time":"2015-02-14T20:16:08+00:00","og_image":[{"url":"http:\/\/www.visit-ulcinj.com\/blog\/wp-content\/uploads\/2009\/06\/lumi-buna_4.jpg"}],"twitter_misc":{"Written by":"ulqini"},"schema":{"@context":"https:\/\/schema.org","@graph":[{"@type":"WebSite","@id":"https:\/\/www.visit-ulcinj.com\/blog\/#website","url":"https:\/\/www.visit-ulcinj.com\/blog\/","name":"Lajme nga Ulqini","description":"Lajme,Vijesti,Ulqini,Ulqin,Crna Gora,Mali i Zi","potentialAction":[{"@type":"SearchAction","target":{"@type":"EntryPoint","urlTemplate":"https:\/\/www.visit-ulcinj.com\/blog\/?s={search_term_string}"},"query-input":"required name=search_term_string"}],"inLanguage":"en-US"},{"@type":"ImageObject","inLanguage":"en-US","@id":"https:\/\/www.visit-ulcinj.com\/blog\/2015\/02\/14\/erozion-ne-grykederdhjen-e-bunes-video\/#primaryimage","url":"https:\/\/www.visit-ulcinj.com\/blog\/wp-content\/uploads\/2009\/06\/lumi-buna_4.jpg","contentUrl":"https:\/\/www.visit-ulcinj.com\/blog\/wp-content\/uploads\/2009\/06\/lumi-buna_4.jpg","width":"640","height":"399"},{"@type":"WebPage","@id":"https:\/\/www.visit-ulcinj.com\/blog\/2015\/02\/14\/erozion-ne-grykederdhjen-e-bunes-video\/#webpage","url":"https:\/\/www.visit-ulcinj.com\/blog\/2015\/02\/14\/erozion-ne-grykederdhjen-e-bunes-video\/","name":"Erozion n\u00eb gryk\u00ebderdhjen e Bun\u00ebs - Video - Lajme nga Ulqini","isPartOf":{"@id":"https:\/\/www.visit-ulcinj.com\/blog\/#website"},"primaryImageOfPage":{"@id":"https:\/\/www.visit-ulcinj.com\/blog\/2015\/02\/14\/erozion-ne-grykederdhjen-e-bunes-video\/#primaryimage"},"datePublished":"2015-02-14T11:55:21+00:00","dateModified":"2015-02-14T20:16:08+00:00","author":{"@id":"https:\/\/www.visit-ulcinj.com\/blog\/#\/schema\/person\/dcab619c614d3038751c63bc2aadc06d"},"description":"Ali Salaj N\u00eb gryk\u00ebderdhjen e Lumit Buna, si n\u00eb an\u00ebn e Malit t\u00eb Zi, ashtu edhe n\u00eb at\u00eb t\u00eb Shqip\u00ebris\u00eb v\u00ebrehen disa dukuri natyrore q\u00eb po shkat\u00ebrrojn\u00eb vij\u00ebn","breadcrumb":{"@id":"https:\/\/www.visit-ulcinj.com\/blog\/2015\/02\/14\/erozion-ne-grykederdhjen-e-bunes-video\/#breadcrumb"},"inLanguage":"en-US","potentialAction":[{"@type":"ReadAction","target":["https:\/\/www.visit-ulcinj.com\/blog\/2015\/02\/14\/erozion-ne-grykederdhjen-e-bunes-video\/"]}]},{"@type":"BreadcrumbList","@id":"https:\/\/www.visit-ulcinj.com\/blog\/2015\/02\/14\/erozion-ne-grykederdhjen-e-bunes-video\/#breadcrumb","itemListElement":[{"@type":"ListItem","position":1,"name":"Erozion n\u00eb gryk\u00ebderdhjen e Bun\u00ebs &#8211; Video"}]},{"@type":"Person","@id":"https:\/\/www.visit-ulcinj.com\/blog\/#\/schema\/person\/dcab619c614d3038751c63bc2aadc06d","name":"ulqini","sameAs":["http:\/\/www.visit-ulcinj.com"],"url":"https:\/\/www.visit-ulcinj.com\/blog\/author\/admin\/"}]}},"jetpack_featured_media_url":"","jetpack_sharing_enabled":true,"jetpack_shortlink":"https:\/\/wp.me\/pe6lTn-n2j","_links":{"self":[{"href":"https:\/\/www.visit-ulcinj.com\/blog\/wp-json\/wp\/v2\/posts\/88555"}],"collection":[{"href":"https:\/\/www.visit-ulcinj.com\/blog\/wp-json\/wp\/v2\/posts"}],"about":[{"href":"https:\/\/www.visit-ulcinj.com\/blog\/wp-json\/wp\/v2\/types\/post"}],"author":[{"embeddable":true,"href":"https:\/\/www.visit-ulcinj.com\/blog\/wp-json\/wp\/v2\/users\/1"}],"replies":[{"embeddable":true,"href":"https:\/\/www.visit-ulcinj.com\/blog\/wp-json\/wp\/v2\/comments?post=88555"}],"version-history":[{"count":3,"href":"https:\/\/www.visit-ulcinj.com\/blog\/wp-json\/wp\/v2\/posts\/88555\/revisions"}],"predecessor-version":[{"id":88558,"href":"https:\/\/www.visit-ulcinj.com\/blog\/wp-json\/wp\/v2\/posts\/88555\/revisions\/88558"}],"wp:attachment":[{"href":"https:\/\/www.visit-ulcinj.com\/blog\/wp-json\/wp\/v2\/media?parent=88555"}],"wp:term":[{"taxonomy":"category","embeddable":true,"href":"https:\/\/www.visit-ulcinj.com\/blog\/wp-json\/wp\/v2\/categories?post=88555"},{"taxonomy":"post_tag","embeddable":true,"href":"https:\/\/www.visit-ulcinj.com\/blog\/wp-json\/wp\/v2\/tags?post=88555"}],"curies":[{"name":"wp","href":"https:\/\/api.w.org\/{rel}","templated":true}]}}