{"id":88565,"date":"2015-02-14T14:06:53","date_gmt":"2015-02-14T13:06:53","guid":{"rendered":"http:\/\/www.visit-ulcinj.com\/blog\/?p=88565"},"modified":"2015-02-16T14:48:59","modified_gmt":"2015-02-16T13:48:59","slug":"sutjeska-ka-kerkuar-falje-sigal-prishtines","status":"publish","type":"post","link":"https:\/\/www.visit-ulcinj.com\/blog\/2015\/02\/14\/sutjeska-ka-kerkuar-falje-sigal-prishtines\/","title":{"rendered":"Sutjeska ka k\u00ebrkuar falje Sigal Prishtin\u00ebs"},"content":{"rendered":"<div id=\"post-100635\" class=\"post-100635 post type-post status-publish format-standard has-post-thumbnail hentry category-sporti\">\n<div class=\"right-content\">\n<div class=\"content-wrap\">\n<p>Klubi basketbollistik nga Mali i Zi, <em>Sutjeska<\/em> ka k\u00ebrkuar falje p\u00ebr incidentin e shkaktuar ndaj <em>Sigal Prishtin\u00ebs<\/em> n\u00eb kuad\u00ebr t\u00eb Lig\u00ebs Ballkanike.<\/p>\n<p><a href=\"http:\/\/www.visit-ulcinj.com\/blog\/wp-content\/uploads\/2015\/02\/Sigal-Prishtina.jpg\"><img loading=\"lazy\" class=\"alignleft wp-image-88566\" src=\"http:\/\/www.visit-ulcinj.com\/blog\/wp-content\/uploads\/2015\/02\/Sigal-Prishtina.jpg\" alt=\"Sigal Prishtina\" width=\"508\" height=\"286\" srcset=\"https:\/\/www.visit-ulcinj.com\/blog\/wp-content\/uploads\/2015\/02\/Sigal-Prishtina.jpg 960w, https:\/\/www.visit-ulcinj.com\/blog\/wp-content\/uploads\/2015\/02\/Sigal-Prishtina-300x169.jpg 300w\" sizes=\"(max-width: 508px) 100vw, 508px\" \/><\/a>Takimi u nd\u00ebrpre pasi tifoz\u00ebt vend\u00ebs kan\u00eb filluar t\u00eb gjuajn\u00eb drejt lojtar\u00ebve t\u00eb bank\u00ebs rezerv\u00eb t\u00eb <em>Sigal Prishtin\u00ebs<\/em>, nd\u00ebrsa pas k\u00ebtyre sulmeve gjyqtar\u00ebt e takimit kan\u00eb nd\u00ebrprer\u00eb ndeshjen.<\/p>\n<p>Kreu i klubit t\u00eb<em> Sutjeska-s<\/em>, Darko Petrovic ka k\u00ebrkuar falje n\u00eb em\u00ebr t\u00eb tij dhe t\u00eb klubit p\u00ebr ngjarjen q\u00eb ndodhi n\u00eb takimin ndaj <em>Prishtin\u00ebs.<\/em><\/p>\n<blockquote><p><em>\u201cPersonalisht dhe n\u00eb em\u00ebr t\u00eb klubit i k\u00ebrkoj falje Prishtin\u00ebs dhe menaxhmentit t\u00eb saj, por edhe Lig\u00ebs Ballkanike p\u00ebr ngjarjet e ndodhura n\u00eb at\u00eb takim. Sutjeska kishte aranzhuar spektak\u00ebl, por ndodhi e kund\u00ebrta pasi disa individ filluan t\u00eb hidhnin l\u00ebnd\u00eb plas\u00ebse n\u00eb bankin\u00ebn e Sigal Prishtin\u00ebs p\u00ebr ta nd\u00ebrprer\u00eb k\u00ebt\u00eb ngjarje. Sutjeska do t\u00eb vazhdoj\u00eb t\u00eb punoj\u00eb n\u00eb t\u00eb mir\u00eb t\u00eb sportit dhe t\u2019i mbaj\u00eb marr\u00ebdh\u00ebniet e mira me t\u00eb gjith\u00eb\u201d<\/em>, ka shkruar Petrovic n\u00eb letr\u00ebn e k\u00ebrkimfaljes.<\/p><\/blockquote>\n<p>Nd\u00ebrsa sot (e premte) pritet q\u00eb Liga Ballkanike t\u00eb dal me vendimin dhe masat q\u00eb do t\u00eb merren ndaj klubit malazez.<\/p>\n<\/div>\n<\/div>\n<\/div>\n<div class=\"clear\">\u00a0KosovaLive<\/div>\n<div class=\"clear\"><!--YouTube Error: bad URL entered--><\/div>\n","protected":false},"excerpt":{"rendered":"<p>Klubi basketbollistik nga Mali i Zi, Sutjeska ka k\u00ebrkuar falje p\u00ebr incidentin e shkaktuar ndaj Sigal Prishtin\u00ebs n\u00eb kuad\u00ebr t\u00eb Lig\u00ebs Ballkanike. Takimi u nd\u00ebrpre pasi tifoz\u00ebt vend\u00ebs kan\u00eb filluar t\u00eb gjuajn\u00eb drejt lojtar\u00ebve t\u00eb bank\u00ebs rezerv\u00eb t\u00eb Sigal Prishtin\u00ebs, nd\u00ebrsa pas k\u00ebtyre sulmeve gjyqtar\u00ebt e takimit kan\u00eb nd\u00ebrprer\u00eb ndeshjen. Kreu i klubit t\u00eb Sutjeska-s, [&hellip;]<\/p>\n","protected":false},"author":1,"featured_media":0,"comment_status":"closed","ping_status":"closed","sticky":false,"template":"","format":"standard","meta":{"spay_email":"","jetpack_publicize_message":"","jetpack_is_tweetstorm":false,"jetpack_publicize_feature_enabled":true},"categories":[3],"tags":[],"jetpack_publicize_connections":[],"yoast_head":"<!-- This site is optimized with the Yoast SEO plugin v19.1 - https:\/\/yoast.com\/wordpress\/plugins\/seo\/ -->\n<title>Sutjeska ka k\u00ebrkuar falje Sigal Prishtin\u00ebs - Lajme nga Ulqini<\/title>\n<meta name=\"description\" content=\"Klubi basketbollistik nga Mali i Zi, Sutjeska ka k\u00ebrkuar falje p\u00ebr incidentin e shkaktuar ndaj Sigal Prishtin\u00ebs n\u00eb kuad\u00ebr t\u00eb Lig\u00ebs Ballkanike. Takimi u\" \/>\n<meta name=\"robots\" content=\"index, follow, max-snippet:-1, max-image-preview:large, max-video-preview:-1\" \/>\n<link rel=\"canonical\" href=\"https:\/\/www.visit-ulcinj.com\/blog\/2015\/02\/14\/sutjeska-ka-kerkuar-falje-sigal-prishtines\/\" \/>\n<meta property=\"og:locale\" content=\"en_US\" \/>\n<meta property=\"og:type\" content=\"article\" \/>\n<meta property=\"og:title\" content=\"Sutjeska ka k\u00ebrkuar falje Sigal Prishtin\u00ebs - Lajme nga Ulqini\" \/>\n<meta property=\"og:description\" content=\"Klubi basketbollistik nga Mali i Zi, Sutjeska ka k\u00ebrkuar falje p\u00ebr incidentin e shkaktuar ndaj Sigal Prishtin\u00ebs n\u00eb kuad\u00ebr t\u00eb Lig\u00ebs Ballkanike. Takimi u\" \/>\n<meta property=\"og:url\" content=\"https:\/\/www.visit-ulcinj.com\/blog\/2015\/02\/14\/sutjeska-ka-kerkuar-falje-sigal-prishtines\/\" \/>\n<meta property=\"og:site_name\" content=\"Lajme nga Ulqini\" \/>\n<meta property=\"article:published_time\" content=\"2015-02-14T13:06:53+00:00\" \/>\n<meta property=\"article:modified_time\" content=\"2015-02-16T13:48:59+00:00\" \/>\n<meta property=\"og:image\" content=\"http:\/\/www.visit-ulcinj.com\/blog\/wp-content\/uploads\/2015\/02\/Sigal-Prishtina.jpg\" \/>\n<meta name=\"twitter:label1\" content=\"Written by\" \/>\n\t<meta name=\"twitter:data1\" content=\"ulqini\" \/>\n\t<meta name=\"twitter:label2\" content=\"Est. reading time\" \/>\n\t<meta name=\"twitter:data2\" content=\"1 minute\" \/>\n<script type=\"application\/ld+json\" class=\"yoast-schema-graph\">{\"@context\":\"https:\/\/schema.org\",\"@graph\":[{\"@type\":\"WebSite\",\"@id\":\"https:\/\/www.visit-ulcinj.com\/blog\/#website\",\"url\":\"https:\/\/www.visit-ulcinj.com\/blog\/\",\"name\":\"Lajme nga Ulqini\",\"description\":\"Lajme,Vijesti,Ulqini,Ulqin,Crna Gora,Mali i Zi\",\"potentialAction\":[{\"@type\":\"SearchAction\",\"target\":{\"@type\":\"EntryPoint\",\"urlTemplate\":\"https:\/\/www.visit-ulcinj.com\/blog\/?s={search_term_string}\"},\"query-input\":\"required name=search_term_string\"}],\"inLanguage\":\"en-US\"},{\"@type\":\"ImageObject\",\"inLanguage\":\"en-US\",\"@id\":\"https:\/\/www.visit-ulcinj.com\/blog\/2015\/02\/14\/sutjeska-ka-kerkuar-falje-sigal-prishtines\/#primaryimage\",\"url\":\"https:\/\/www.visit-ulcinj.com\/blog\/wp-content\/uploads\/2015\/02\/Sigal-Prishtina.jpg\",\"contentUrl\":\"https:\/\/www.visit-ulcinj.com\/blog\/wp-content\/uploads\/2015\/02\/Sigal-Prishtina.jpg\",\"width\":960,\"height\":540},{\"@type\":\"WebPage\",\"@id\":\"https:\/\/www.visit-ulcinj.com\/blog\/2015\/02\/14\/sutjeska-ka-kerkuar-falje-sigal-prishtines\/#webpage\",\"url\":\"https:\/\/www.visit-ulcinj.com\/blog\/2015\/02\/14\/sutjeska-ka-kerkuar-falje-sigal-prishtines\/\",\"name\":\"Sutjeska ka k\u00ebrkuar falje Sigal Prishtin\u00ebs - Lajme nga Ulqini\",\"isPartOf\":{\"@id\":\"https:\/\/www.visit-ulcinj.com\/blog\/#website\"},\"primaryImageOfPage\":{\"@id\":\"https:\/\/www.visit-ulcinj.com\/blog\/2015\/02\/14\/sutjeska-ka-kerkuar-falje-sigal-prishtines\/#primaryimage\"},\"datePublished\":\"2015-02-14T13:06:53+00:00\",\"dateModified\":\"2015-02-16T13:48:59+00:00\",\"author\":{\"@id\":\"https:\/\/www.visit-ulcinj.com\/blog\/#\/schema\/person\/dcab619c614d3038751c63bc2aadc06d\"},\"description\":\"Klubi basketbollistik nga Mali i Zi, Sutjeska ka k\u00ebrkuar falje p\u00ebr incidentin e shkaktuar ndaj Sigal Prishtin\u00ebs n\u00eb kuad\u00ebr t\u00eb Lig\u00ebs Ballkanike. Takimi u\",\"breadcrumb\":{\"@id\":\"https:\/\/www.visit-ulcinj.com\/blog\/2015\/02\/14\/sutjeska-ka-kerkuar-falje-sigal-prishtines\/#breadcrumb\"},\"inLanguage\":\"en-US\",\"potentialAction\":[{\"@type\":\"ReadAction\",\"target\":[\"https:\/\/www.visit-ulcinj.com\/blog\/2015\/02\/14\/sutjeska-ka-kerkuar-falje-sigal-prishtines\/\"]}]},{\"@type\":\"BreadcrumbList\",\"@id\":\"https:\/\/www.visit-ulcinj.com\/blog\/2015\/02\/14\/sutjeska-ka-kerkuar-falje-sigal-prishtines\/#breadcrumb\",\"itemListElement\":[{\"@type\":\"ListItem\",\"position\":1,\"name\":\"Sutjeska ka k\u00ebrkuar falje Sigal Prishtin\u00ebs\"}]},{\"@type\":\"Person\",\"@id\":\"https:\/\/www.visit-ulcinj.com\/blog\/#\/schema\/person\/dcab619c614d3038751c63bc2aadc06d\",\"name\":\"ulqini\",\"sameAs\":[\"http:\/\/www.visit-ulcinj.com\"],\"url\":\"https:\/\/www.visit-ulcinj.com\/blog\/author\/admin\/\"}]}<\/script>\n<!-- \/ Yoast SEO plugin. -->","yoast_head_json":{"title":"Sutjeska ka k\u00ebrkuar falje Sigal Prishtin\u00ebs - Lajme nga Ulqini","description":"Klubi basketbollistik nga Mali i Zi, Sutjeska ka k\u00ebrkuar falje p\u00ebr incidentin e shkaktuar ndaj Sigal Prishtin\u00ebs n\u00eb kuad\u00ebr t\u00eb Lig\u00ebs Ballkanike. Takimi u","robots":{"index":"index","follow":"follow","max-snippet":"max-snippet:-1","max-image-preview":"max-image-preview:large","max-video-preview":"max-video-preview:-1"},"canonical":"https:\/\/www.visit-ulcinj.com\/blog\/2015\/02\/14\/sutjeska-ka-kerkuar-falje-sigal-prishtines\/","og_locale":"en_US","og_type":"article","og_title":"Sutjeska ka k\u00ebrkuar falje Sigal Prishtin\u00ebs - Lajme nga Ulqini","og_description":"Klubi basketbollistik nga Mali i Zi, Sutjeska ka k\u00ebrkuar falje p\u00ebr incidentin e shkaktuar ndaj Sigal Prishtin\u00ebs n\u00eb kuad\u00ebr t\u00eb Lig\u00ebs Ballkanike. Takimi u","og_url":"https:\/\/www.visit-ulcinj.com\/blog\/2015\/02\/14\/sutjeska-ka-kerkuar-falje-sigal-prishtines\/","og_site_name":"Lajme nga Ulqini","article_published_time":"2015-02-14T13:06:53+00:00","article_modified_time":"2015-02-16T13:48:59+00:00","og_image":[{"url":"http:\/\/www.visit-ulcinj.com\/blog\/wp-content\/uploads\/2015\/02\/Sigal-Prishtina.jpg"}],"twitter_misc":{"Written by":"ulqini","Est. reading time":"1 minute"},"schema":{"@context":"https:\/\/schema.org","@graph":[{"@type":"WebSite","@id":"https:\/\/www.visit-ulcinj.com\/blog\/#website","url":"https:\/\/www.visit-ulcinj.com\/blog\/","name":"Lajme nga Ulqini","description":"Lajme,Vijesti,Ulqini,Ulqin,Crna Gora,Mali i Zi","potentialAction":[{"@type":"SearchAction","target":{"@type":"EntryPoint","urlTemplate":"https:\/\/www.visit-ulcinj.com\/blog\/?s={search_term_string}"},"query-input":"required name=search_term_string"}],"inLanguage":"en-US"},{"@type":"ImageObject","inLanguage":"en-US","@id":"https:\/\/www.visit-ulcinj.com\/blog\/2015\/02\/14\/sutjeska-ka-kerkuar-falje-sigal-prishtines\/#primaryimage","url":"https:\/\/www.visit-ulcinj.com\/blog\/wp-content\/uploads\/2015\/02\/Sigal-Prishtina.jpg","contentUrl":"https:\/\/www.visit-ulcinj.com\/blog\/wp-content\/uploads\/2015\/02\/Sigal-Prishtina.jpg","width":960,"height":540},{"@type":"WebPage","@id":"https:\/\/www.visit-ulcinj.com\/blog\/2015\/02\/14\/sutjeska-ka-kerkuar-falje-sigal-prishtines\/#webpage","url":"https:\/\/www.visit-ulcinj.com\/blog\/2015\/02\/14\/sutjeska-ka-kerkuar-falje-sigal-prishtines\/","name":"Sutjeska ka k\u00ebrkuar falje Sigal Prishtin\u00ebs - Lajme nga Ulqini","isPartOf":{"@id":"https:\/\/www.visit-ulcinj.com\/blog\/#website"},"primaryImageOfPage":{"@id":"https:\/\/www.visit-ulcinj.com\/blog\/2015\/02\/14\/sutjeska-ka-kerkuar-falje-sigal-prishtines\/#primaryimage"},"datePublished":"2015-02-14T13:06:53+00:00","dateModified":"2015-02-16T13:48:59+00:00","author":{"@id":"https:\/\/www.visit-ulcinj.com\/blog\/#\/schema\/person\/dcab619c614d3038751c63bc2aadc06d"},"description":"Klubi basketbollistik nga Mali i Zi, Sutjeska ka k\u00ebrkuar falje p\u00ebr incidentin e shkaktuar ndaj Sigal Prishtin\u00ebs n\u00eb kuad\u00ebr t\u00eb Lig\u00ebs Ballkanike. Takimi u","breadcrumb":{"@id":"https:\/\/www.visit-ulcinj.com\/blog\/2015\/02\/14\/sutjeska-ka-kerkuar-falje-sigal-prishtines\/#breadcrumb"},"inLanguage":"en-US","potentialAction":[{"@type":"ReadAction","target":["https:\/\/www.visit-ulcinj.com\/blog\/2015\/02\/14\/sutjeska-ka-kerkuar-falje-sigal-prishtines\/"]}]},{"@type":"BreadcrumbList","@id":"https:\/\/www.visit-ulcinj.com\/blog\/2015\/02\/14\/sutjeska-ka-kerkuar-falje-sigal-prishtines\/#breadcrumb","itemListElement":[{"@type":"ListItem","position":1,"name":"Sutjeska ka k\u00ebrkuar falje Sigal Prishtin\u00ebs"}]},{"@type":"Person","@id":"https:\/\/www.visit-ulcinj.com\/blog\/#\/schema\/person\/dcab619c614d3038751c63bc2aadc06d","name":"ulqini","sameAs":["http:\/\/www.visit-ulcinj.com"],"url":"https:\/\/www.visit-ulcinj.com\/blog\/author\/admin\/"}]}},"jetpack_featured_media_url":"","jetpack_sharing_enabled":true,"jetpack_shortlink":"https:\/\/wp.me\/pe6lTn-n2t","_links":{"self":[{"href":"https:\/\/www.visit-ulcinj.com\/blog\/wp-json\/wp\/v2\/posts\/88565"}],"collection":[{"href":"https:\/\/www.visit-ulcinj.com\/blog\/wp-json\/wp\/v2\/posts"}],"about":[{"href":"https:\/\/www.visit-ulcinj.com\/blog\/wp-json\/wp\/v2\/types\/post"}],"author":[{"embeddable":true,"href":"https:\/\/www.visit-ulcinj.com\/blog\/wp-json\/wp\/v2\/users\/1"}],"replies":[{"embeddable":true,"href":"https:\/\/www.visit-ulcinj.com\/blog\/wp-json\/wp\/v2\/comments?post=88565"}],"version-history":[{"count":2,"href":"https:\/\/www.visit-ulcinj.com\/blog\/wp-json\/wp\/v2\/posts\/88565\/revisions"}],"predecessor-version":[{"id":88591,"href":"https:\/\/www.visit-ulcinj.com\/blog\/wp-json\/wp\/v2\/posts\/88565\/revisions\/88591"}],"wp:attachment":[{"href":"https:\/\/www.visit-ulcinj.com\/blog\/wp-json\/wp\/v2\/media?parent=88565"}],"wp:term":[{"taxonomy":"category","embeddable":true,"href":"https:\/\/www.visit-ulcinj.com\/blog\/wp-json\/wp\/v2\/categories?post=88565"},{"taxonomy":"post_tag","embeddable":true,"href":"https:\/\/www.visit-ulcinj.com\/blog\/wp-json\/wp\/v2\/tags?post=88565"}],"curies":[{"name":"wp","href":"https:\/\/api.w.org\/{rel}","templated":true}]}}