{"id":88577,"date":"2015-02-15T13:02:22","date_gmt":"2015-02-15T12:02:22","guid":{"rendered":"http:\/\/www.visit-ulcinj.com\/blog\/?p=88577"},"modified":"2015-02-15T13:02:22","modified_gmt":"2015-02-15T12:02:22","slug":"adrovic-razvlasceni-grad-ulcinj","status":"publish","type":"post","link":"https:\/\/www.visit-ulcinj.com\/blog\/2015\/02\/15\/adrovic-razvlasceni-grad-ulcinj\/","title":{"rendered":"Adrovic: Razvla\u0161\u0107eni grad Ulcinj"},"content":{"rendered":"<p>Stav Novinara<\/p>\n<p><strong>Samir Adrovi\u0107<\/strong><\/p>\n<p>Zlo\u010din je, gospodine premijeru, \u0161to se razvojni projekti realizuju svugdje po primorju osim u Ulcinju. Ne znam da li znate da u Ulcinju od ukupno 30 hotela nema nijednog sa pet zvjezdica.<\/p>\n<p><a href=\"http:\/\/www.visit-ulcinj.com\/blog\/wp-content\/uploads\/2012\/12\/Kanal-Port-Milena.jpg\"><img loading=\"lazy\" class=\"alignleft wp-image-66587\" src=\"http:\/\/www.visit-ulcinj.com\/blog\/wp-content\/uploads\/2012\/12\/Kanal-Port-Milena.jpg\" alt=\"Kanal-Port-Milena\" width=\"508\" height=\"221\" srcset=\"https:\/\/www.visit-ulcinj.com\/blog\/wp-content\/uploads\/2012\/12\/Kanal-Port-Milena.jpg 954w, https:\/\/www.visit-ulcinj.com\/blog\/wp-content\/uploads\/2012\/12\/Kanal-Port-Milena-300x130.jpg 300w\" sizes=\"(max-width: 508px) 100vw, 508px\" \/><\/a><\/p>\n<p>Gostuju\u0107i u emisiji Radija Crne Gore premijer Milo \u0110ukanovi\u0107 pojasnio je da oni koji su protiv razvojnih projekata dr\u017eave, \u010dine zlo\u010din prema narodu. Ne znam da li je premijer mislio na svog koalicionog partnera na dr\u017eavnom nivou koji se protivi prodaji Kralji\u010dine pla\u017ee, ali je u svakom slu\u010daju malo ju\u017enije pogodio u centar. Kona\u010dno se na\u0161ao neko da stvari nazove pravim imenom, ali je premijer pominjanjem zlo\u010dina nesumnjivo naje\u017eio i neke svoje bliske sada\u0161nje i biv\u0161e saradnike. Nijesam \u010duo da je predsjednika Vlade neko tu\u017eio zbog izjave, pa \u0107u termin koristiti relaksirano jer nijesam ja rekao da je zlo\u010din to \u0161to je premijer kazao. Zato se vratimo na stvarno mjesto zlo\u010dina.<\/p>\n<p>Zlo\u010din je, gospodine premijeru, \u0161to se razvojni projekti realizuju svugdje po primorju osim u Ulcinju. Ne znam da li znate da u Ulcinju od ukupno 30 hotela nema nijednog sa pet zvjezdica. Hoteli Jadran, Galeb i Lido trebalo je prve goste da prime jo\u0161 prije \u0161est ili sedam godina, ali se investitori, koje su birali va\u0161i saradnici, ne glaskaju osim kad treba zaklju\u010diti aneks ugovora sa novim rokovima.<\/p>\n<p>Nije te\u0161ko izra\u010dunati koliko su grad i dr\u017eava izgubili \u0161to nemamo goste u tim hotelima. Vjerujem da je i Vama kao i meni neprijatno kada kupac Lida javno ka\u017ee da ne\u0107e po\u0161tovati ugovor, jer je u me\u0111uvremenu po\u010delo da mu smrdi sa Port Milene, a vlasnik Otranta se brecne biv\u0161em ministru turizma i u lice mu ka\u017ee da ga ne\u0107e poslu\u0161ati da otvori hotel. Ni jedan ni drugi nijesu odgovarali zbog javnog vrije\u0111anja i nipoda\u0161tavanja dr\u017eavnih institucija.<\/p>\n<p>Zlo\u010din je, gospodine premijeru, i to \u0161to u Valdanosu trune 18.000 stoljetnih stabala maslina. Biv\u0161i vlasnici strpljivo \u010dekaju da im vlast vrati ono \u0161to je nekada bilo njihovo pa na silu uzeto radi izgradnje vojne baze. Za one koji ne znaju o \u010demu je rije\u010d, bazu ni danas, poslije skoro 40 godina, nije mogu\u0107e vidjeti golim okom. Kapija na ulazu, koja asocira na investiciona i turisti\u010dka vojna dostignu\u0107a vi\u0161e od rije\u010di govori da je najljep\u0161a uvala na Jadranu i dalje zarobljena. Ni tu nam ne trebaju Pitagore, Euklidi, Arhimedi ili Dekarti da bismo izra\u010dunali koliko gubi grad a koliko dr\u017eava zbog neubiranja ploda.<\/p>\n<p>Zlo\u010din je, gospodine premijeru, i \u0161to evo 20 godina Port Milena svakog dana sve vi\u0161e smrdi dok se na njenom dnu gomilaju tone fekalija. Ko \u0107e vi\u0161e zapamtiti koliko puta su je Va\u0161i i na\u0161i ministri \u010distili, dubili i revitalizovali &#8211; ali ne\u0161to ne ide. Ne vjerujem da puno Va\u0161ih saradnika zadu\u017eenih za tu oblast zna \u0161ta uop\u0161te zna\u010di rije\u010d kalimera. Provjerite. Te naprave za izlov ribe bile su simbol Port Milene, jedinstveni znak posebnosti Ulcinja i atrakcija za turiste. Danas tamo ribari ne idu a kalimere, opustjele, propadaju. Ba\u0161 kao i kanal koji nosi ime potonje crnogorske kraljice. \u010cudi \u0161to na\u0161 princ makar ne izdejstvuje promjenu imena kanala.<\/p>\n<p>Zlo\u010din je, gospodine premijeru, i \u0161to ulcinjska Solana nije proizvela so ove godine i pitanje je da li \u0107e ikad vi\u0161e. Pogoni su u krajnje depresivnom stanju, bazeni trajno o\u0161te\u0107eni, zar\u0111ale dresine se spremaju put \u017eeljezare a samohodni transporter je sve samo ne hodan. Znam da je Solana u privatnom vlasni\u0161tvu i da fond poku\u0161ava sve ne bi li makar dio od 15 milioina kvadrata pretvorio u gra\u0111evinsko zemlji\u0161te. A Solana je mogla i morala biti na\u0161 za\u0161titini znak i brend da je bilo makar malo vi\u0161e volje. I tamo je danas pusto.<\/p>\n<p>Zlo\u010din je, gospodine premijeru, \u0161to su u naletu nesre\u0107ne privatizacije nestala brojna ulcinjska preduze\u0107a. U nekima se, znaju to va\u0161i biv\u0161i saradnici, namjerno uvodio ste\u010daj da bi se kasnije imovina raspar\u010davala za izmirivanje povjerioca. Ulcinjska rivijera danas muku mu\u010di da sva dva preostala hotela i nudisti\u010dkim naseljem opstane na tr\u017ei\u0161tu i zabilje\u017ei pozitivan izvje\u0161taj o poslovanju. Dok su je gurali u ste\u010daj, va\u0161i biv\u0161i saradnici kupovali su u Italiji namje\u0161taj za Budvansku rivijeru. A ova prva Rivijera nekada je gradila Budvu i ovu drugu Rivijeru \u0161lepala sa sobom u kataloge presti\u017enih evropskih i svjetskih agencija.<\/p>\n<p>Zlo\u010din je, gospodine premijeru, \u0161to niko ne reaguje kada srbijanske i kosovske firme pusto\u0161e gradski bud\u017eet na osnovu pravosna\u017enih presuda na\u0161ih sudova a na osnovu sporova od prije tri ili \u010detiri decenije. Znam, re\u0107i \u0107ete da su na\u0161i sudovi nezavisni ali ne vjerujem da bi presude bile takve da su u pitanju Budva ili Podgorica. Nepostoje\u0107i Partizanski put, koga su zastupale dvije firma iz Bara ve\u0107 se naplatio dva puta po 700.000 eura.<\/p>\n<p>Posljednja presuda je bila u korist Op\u0161tine, ali ko \u0107e sad i od koga to naplatiti. Na redu je pri\u0161tinski Rekreaturs, kojim gazduje Atlas grupa i koji za sru\u0161ene objekte u naselju K1 u \u0160toju 1984. godine tra\u017ei 10,5 miliona eura. Mo\u017eda tu i ne bi bilo ni\u0161ta \u010dudno, da rje\u0161enje o ru\u0161enju 573 apartmana nije donijela Podgorica, a ne Ulcinj. Ako izgubi i taj spor, Ulcinj \u0107e definitivno kliznuti u bankrot.<\/p>\n<p>Na kraju, zlo\u010din je, gospodine premijeru, \u0161to je Ulcinj danas potpuno razvla\u0161\u0107en. Ulcinjani se ne pitaju sa svojim gradom jer se sve va\u017enije odluke donose u Budvi i Podgorici. Javno preduze\u0107e iz Budve suvereno gospodari najljep\u0161om obalom na primorju, neodgovorni investitori najatraktivijim imanjima u gradu dok najva\u017enije urbanisti\u010dke planove usvaja Va\u0161a Vlada. Najuticajniji ljudi u gradu poput Ljora, Fatmira, Ljuba, Nazifa, Mehmeda ili Mehmeta mogu samo zaposliti ponekog u ionako pretrpanim javnim preduze\u0107ima, organizovati izbore za mis i novogodi\u0161nje koncerte, izdejstvovati gra\u0111evinske dozvole za objekte ili raspisati tendere za sitnije investicije.<\/p>\n<p>Ni\u0161ta sudbinsko nije u rukama Ulcinjana. Gradom gospodare ljudi iz va\u0161e Vlade, Morskog dobra, Eurofonda, Rok\u0161peda, Capital estateta, Montenegra, razni Dobrovi, Orlove i drugi mje\u0161tanima nepoznati ljudi. Oni imaju stvarnu mo\u0107 jer im ne mo\u017ee niko ni\u0161ta, osim vas. Zato vas pozivam da prekinete agoniju grada koji mo\u017ee da izdr\u017eava pola dr\u017eave a na rubu je bankrota i siroma\u0161tva. Ulcinjani su miran narod i znaju da cijene u\u010dinjena dobra. Provjerite, premijeru.<\/p>\n<p><strong>Izvor: Vijesti Online<\/strong><\/p>\n","protected":false},"excerpt":{"rendered":"<p>Stav Novinara Samir Adrovi\u0107 Zlo\u010din je, gospodine premijeru, \u0161to se razvojni projekti realizuju svugdje po primorju osim u Ulcinju. Ne znam da li znate da u Ulcinju od ukupno 30 hotela nema nijednog sa pet zvjezdica. Gostuju\u0107i u emisiji Radija Crne Gore premijer Milo \u0110ukanovi\u0107 pojasnio je da oni koji su protiv razvojnih projekata dr\u017eave, [&hellip;]<\/p>\n","protected":false},"author":1,"featured_media":0,"comment_status":"closed","ping_status":"closed","sticky":false,"template":"","format":"standard","meta":{"spay_email":"","jetpack_publicize_message":"","jetpack_is_tweetstorm":false,"jetpack_publicize_feature_enabled":true},"categories":[8337],"tags":[],"jetpack_publicize_connections":[],"yoast_head":"<!-- This site is optimized with the Yoast SEO plugin v19.1 - https:\/\/yoast.com\/wordpress\/plugins\/seo\/ -->\n<title>Adrovic: Razvla\u0161\u0107eni grad Ulcinj - Lajme nga Ulqini<\/title>\n<meta name=\"description\" content=\"Stav Novinara Samir Adrovi\u0107 Zlo\u010din je, gospodine premijeru, \u0161to se razvojni projekti realizuju svugdje po primorju osim u Ulcinju. Ne znam da li znate da\" \/>\n<meta name=\"robots\" content=\"index, follow, max-snippet:-1, max-image-preview:large, max-video-preview:-1\" \/>\n<link rel=\"canonical\" href=\"https:\/\/www.visit-ulcinj.com\/blog\/2015\/02\/15\/adrovic-razvlasceni-grad-ulcinj\/\" \/>\n<meta property=\"og:locale\" content=\"en_US\" \/>\n<meta property=\"og:type\" content=\"article\" \/>\n<meta property=\"og:title\" content=\"Adrovic: Razvla\u0161\u0107eni grad Ulcinj - Lajme nga Ulqini\" \/>\n<meta property=\"og:description\" content=\"Stav Novinara Samir Adrovi\u0107 Zlo\u010din je, gospodine premijeru, \u0161to se razvojni projekti realizuju svugdje po primorju osim u Ulcinju. Ne znam da li znate da\" \/>\n<meta property=\"og:url\" content=\"https:\/\/www.visit-ulcinj.com\/blog\/2015\/02\/15\/adrovic-razvlasceni-grad-ulcinj\/\" \/>\n<meta property=\"og:site_name\" content=\"Lajme nga Ulqini\" \/>\n<meta property=\"article:published_time\" content=\"2015-02-15T12:02:22+00:00\" \/>\n<meta property=\"og:image\" content=\"http:\/\/www.visit-ulcinj.com\/blog\/wp-content\/uploads\/2012\/12\/Kanal-Port-Milena.jpg\" \/>\n<meta name=\"twitter:label1\" content=\"Written by\" \/>\n\t<meta name=\"twitter:data1\" content=\"ulqini\" \/>\n\t<meta name=\"twitter:label2\" content=\"Est. reading time\" \/>\n\t<meta name=\"twitter:data2\" content=\"6 minutes\" \/>\n<script type=\"application\/ld+json\" class=\"yoast-schema-graph\">{\"@context\":\"https:\/\/schema.org\",\"@graph\":[{\"@type\":\"WebSite\",\"@id\":\"https:\/\/www.visit-ulcinj.com\/blog\/#website\",\"url\":\"https:\/\/www.visit-ulcinj.com\/blog\/\",\"name\":\"Lajme nga Ulqini\",\"description\":\"Lajme,Vijesti,Ulqini,Ulqin,Crna Gora,Mali i Zi\",\"potentialAction\":[{\"@type\":\"SearchAction\",\"target\":{\"@type\":\"EntryPoint\",\"urlTemplate\":\"https:\/\/www.visit-ulcinj.com\/blog\/?s={search_term_string}\"},\"query-input\":\"required name=search_term_string\"}],\"inLanguage\":\"en-US\"},{\"@type\":\"ImageObject\",\"inLanguage\":\"en-US\",\"@id\":\"https:\/\/www.visit-ulcinj.com\/blog\/2015\/02\/15\/adrovic-razvlasceni-grad-ulcinj\/#primaryimage\",\"url\":\"https:\/\/www.visit-ulcinj.com\/blog\/wp-content\/uploads\/2012\/12\/Kanal-Port-Milena.jpg\",\"contentUrl\":\"https:\/\/www.visit-ulcinj.com\/blog\/wp-content\/uploads\/2012\/12\/Kanal-Port-Milena.jpg\",\"width\":\"954\",\"height\":\"415\"},{\"@type\":\"WebPage\",\"@id\":\"https:\/\/www.visit-ulcinj.com\/blog\/2015\/02\/15\/adrovic-razvlasceni-grad-ulcinj\/#webpage\",\"url\":\"https:\/\/www.visit-ulcinj.com\/blog\/2015\/02\/15\/adrovic-razvlasceni-grad-ulcinj\/\",\"name\":\"Adrovic: Razvla\u0161\u0107eni grad Ulcinj - Lajme nga Ulqini\",\"isPartOf\":{\"@id\":\"https:\/\/www.visit-ulcinj.com\/blog\/#website\"},\"primaryImageOfPage\":{\"@id\":\"https:\/\/www.visit-ulcinj.com\/blog\/2015\/02\/15\/adrovic-razvlasceni-grad-ulcinj\/#primaryimage\"},\"datePublished\":\"2015-02-15T12:02:22+00:00\",\"dateModified\":\"2015-02-15T12:02:22+00:00\",\"author\":{\"@id\":\"https:\/\/www.visit-ulcinj.com\/blog\/#\/schema\/person\/dcab619c614d3038751c63bc2aadc06d\"},\"description\":\"Stav Novinara Samir Adrovi\u0107 Zlo\u010din je, gospodine premijeru, \u0161to se razvojni projekti realizuju svugdje po primorju osim u Ulcinju. Ne znam da li znate da\",\"breadcrumb\":{\"@id\":\"https:\/\/www.visit-ulcinj.com\/blog\/2015\/02\/15\/adrovic-razvlasceni-grad-ulcinj\/#breadcrumb\"},\"inLanguage\":\"en-US\",\"potentialAction\":[{\"@type\":\"ReadAction\",\"target\":[\"https:\/\/www.visit-ulcinj.com\/blog\/2015\/02\/15\/adrovic-razvlasceni-grad-ulcinj\/\"]}]},{\"@type\":\"BreadcrumbList\",\"@id\":\"https:\/\/www.visit-ulcinj.com\/blog\/2015\/02\/15\/adrovic-razvlasceni-grad-ulcinj\/#breadcrumb\",\"itemListElement\":[{\"@type\":\"ListItem\",\"position\":1,\"name\":\"Adrovic: Razvla\u0161\u0107eni grad Ulcinj\"}]},{\"@type\":\"Person\",\"@id\":\"https:\/\/www.visit-ulcinj.com\/blog\/#\/schema\/person\/dcab619c614d3038751c63bc2aadc06d\",\"name\":\"ulqini\",\"sameAs\":[\"http:\/\/www.visit-ulcinj.com\"],\"url\":\"https:\/\/www.visit-ulcinj.com\/blog\/author\/admin\/\"}]}<\/script>\n<!-- \/ Yoast SEO plugin. -->","yoast_head_json":{"title":"Adrovic: Razvla\u0161\u0107eni grad Ulcinj - Lajme nga Ulqini","description":"Stav Novinara Samir Adrovi\u0107 Zlo\u010din je, gospodine premijeru, \u0161to se razvojni projekti realizuju svugdje po primorju osim u Ulcinju. Ne znam da li znate da","robots":{"index":"index","follow":"follow","max-snippet":"max-snippet:-1","max-image-preview":"max-image-preview:large","max-video-preview":"max-video-preview:-1"},"canonical":"https:\/\/www.visit-ulcinj.com\/blog\/2015\/02\/15\/adrovic-razvlasceni-grad-ulcinj\/","og_locale":"en_US","og_type":"article","og_title":"Adrovic: Razvla\u0161\u0107eni grad Ulcinj - Lajme nga Ulqini","og_description":"Stav Novinara Samir Adrovi\u0107 Zlo\u010din je, gospodine premijeru, \u0161to se razvojni projekti realizuju svugdje po primorju osim u Ulcinju. Ne znam da li znate da","og_url":"https:\/\/www.visit-ulcinj.com\/blog\/2015\/02\/15\/adrovic-razvlasceni-grad-ulcinj\/","og_site_name":"Lajme nga Ulqini","article_published_time":"2015-02-15T12:02:22+00:00","og_image":[{"url":"http:\/\/www.visit-ulcinj.com\/blog\/wp-content\/uploads\/2012\/12\/Kanal-Port-Milena.jpg"}],"twitter_misc":{"Written by":"ulqini","Est. reading time":"6 minutes"},"schema":{"@context":"https:\/\/schema.org","@graph":[{"@type":"WebSite","@id":"https:\/\/www.visit-ulcinj.com\/blog\/#website","url":"https:\/\/www.visit-ulcinj.com\/blog\/","name":"Lajme nga Ulqini","description":"Lajme,Vijesti,Ulqini,Ulqin,Crna Gora,Mali i Zi","potentialAction":[{"@type":"SearchAction","target":{"@type":"EntryPoint","urlTemplate":"https:\/\/www.visit-ulcinj.com\/blog\/?s={search_term_string}"},"query-input":"required name=search_term_string"}],"inLanguage":"en-US"},{"@type":"ImageObject","inLanguage":"en-US","@id":"https:\/\/www.visit-ulcinj.com\/blog\/2015\/02\/15\/adrovic-razvlasceni-grad-ulcinj\/#primaryimage","url":"https:\/\/www.visit-ulcinj.com\/blog\/wp-content\/uploads\/2012\/12\/Kanal-Port-Milena.jpg","contentUrl":"https:\/\/www.visit-ulcinj.com\/blog\/wp-content\/uploads\/2012\/12\/Kanal-Port-Milena.jpg","width":"954","height":"415"},{"@type":"WebPage","@id":"https:\/\/www.visit-ulcinj.com\/blog\/2015\/02\/15\/adrovic-razvlasceni-grad-ulcinj\/#webpage","url":"https:\/\/www.visit-ulcinj.com\/blog\/2015\/02\/15\/adrovic-razvlasceni-grad-ulcinj\/","name":"Adrovic: Razvla\u0161\u0107eni grad Ulcinj - Lajme nga Ulqini","isPartOf":{"@id":"https:\/\/www.visit-ulcinj.com\/blog\/#website"},"primaryImageOfPage":{"@id":"https:\/\/www.visit-ulcinj.com\/blog\/2015\/02\/15\/adrovic-razvlasceni-grad-ulcinj\/#primaryimage"},"datePublished":"2015-02-15T12:02:22+00:00","dateModified":"2015-02-15T12:02:22+00:00","author":{"@id":"https:\/\/www.visit-ulcinj.com\/blog\/#\/schema\/person\/dcab619c614d3038751c63bc2aadc06d"},"description":"Stav Novinara Samir Adrovi\u0107 Zlo\u010din je, gospodine premijeru, \u0161to se razvojni projekti realizuju svugdje po primorju osim u Ulcinju. Ne znam da li znate da","breadcrumb":{"@id":"https:\/\/www.visit-ulcinj.com\/blog\/2015\/02\/15\/adrovic-razvlasceni-grad-ulcinj\/#breadcrumb"},"inLanguage":"en-US","potentialAction":[{"@type":"ReadAction","target":["https:\/\/www.visit-ulcinj.com\/blog\/2015\/02\/15\/adrovic-razvlasceni-grad-ulcinj\/"]}]},{"@type":"BreadcrumbList","@id":"https:\/\/www.visit-ulcinj.com\/blog\/2015\/02\/15\/adrovic-razvlasceni-grad-ulcinj\/#breadcrumb","itemListElement":[{"@type":"ListItem","position":1,"name":"Adrovic: Razvla\u0161\u0107eni grad Ulcinj"}]},{"@type":"Person","@id":"https:\/\/www.visit-ulcinj.com\/blog\/#\/schema\/person\/dcab619c614d3038751c63bc2aadc06d","name":"ulqini","sameAs":["http:\/\/www.visit-ulcinj.com"],"url":"https:\/\/www.visit-ulcinj.com\/blog\/author\/admin\/"}]}},"jetpack_featured_media_url":"","jetpack_sharing_enabled":true,"jetpack_shortlink":"https:\/\/wp.me\/pe6lTn-n2F","_links":{"self":[{"href":"https:\/\/www.visit-ulcinj.com\/blog\/wp-json\/wp\/v2\/posts\/88577"}],"collection":[{"href":"https:\/\/www.visit-ulcinj.com\/blog\/wp-json\/wp\/v2\/posts"}],"about":[{"href":"https:\/\/www.visit-ulcinj.com\/blog\/wp-json\/wp\/v2\/types\/post"}],"author":[{"embeddable":true,"href":"https:\/\/www.visit-ulcinj.com\/blog\/wp-json\/wp\/v2\/users\/1"}],"replies":[{"embeddable":true,"href":"https:\/\/www.visit-ulcinj.com\/blog\/wp-json\/wp\/v2\/comments?post=88577"}],"version-history":[{"count":1,"href":"https:\/\/www.visit-ulcinj.com\/blog\/wp-json\/wp\/v2\/posts\/88577\/revisions"}],"predecessor-version":[{"id":88578,"href":"https:\/\/www.visit-ulcinj.com\/blog\/wp-json\/wp\/v2\/posts\/88577\/revisions\/88578"}],"wp:attachment":[{"href":"https:\/\/www.visit-ulcinj.com\/blog\/wp-json\/wp\/v2\/media?parent=88577"}],"wp:term":[{"taxonomy":"category","embeddable":true,"href":"https:\/\/www.visit-ulcinj.com\/blog\/wp-json\/wp\/v2\/categories?post=88577"},{"taxonomy":"post_tag","embeddable":true,"href":"https:\/\/www.visit-ulcinj.com\/blog\/wp-json\/wp\/v2\/tags?post=88577"}],"curies":[{"name":"wp","href":"https:\/\/api.w.org\/{rel}","templated":true}]}}