{"id":88586,"date":"2015-02-16T14:38:05","date_gmt":"2015-02-16T13:38:05","guid":{"rendered":"http:\/\/www.visit-ulcinj.com\/blog\/?p=88586"},"modified":"2015-02-16T15:31:59","modified_gmt":"2015-02-16T14:31:59","slug":"ja-ofron-nje-milion-euro-per-ndertimin-e-nje-pike-kufitare-te-perbashket-mes-shqiperise-dhe-malit-te-zi","status":"publish","type":"post","link":"https:\/\/www.visit-ulcinj.com\/blog\/2015\/02\/16\/ja-ofron-nje-milion-euro-per-ndertimin-e-nje-pike-kufitare-te-perbashket-mes-shqiperise-dhe-malit-te-zi\/","title":{"rendered":"BE-ja ofron nj\u00eb milion euro p\u00ebr nd\u00ebrtimin e nj\u00eb pike kufitare t\u00eb p\u00ebrbashk\u00ebt mes Shqip\u00ebris\u00eb dhe Malit t\u00eb Zi"},"content":{"rendered":"<p><a href=\"http:\/\/www.visit-ulcinj.com\/blog\/wp-content\/uploads\/2011\/08\/KUFIRI-SUKUBIN-MURIQAN.jpg\"><img loading=\"lazy\" class=\"alignleft wp-image-49887\" src=\"http:\/\/www.visit-ulcinj.com\/blog\/wp-content\/uploads\/2011\/08\/KUFIRI-SUKUBIN-MURIQAN.jpg\" alt=\"KUFIRI SUKUBIN-MURIQAN\" width=\"508\" height=\"296\" srcset=\"https:\/\/www.visit-ulcinj.com\/blog\/wp-content\/uploads\/2011\/08\/KUFIRI-SUKUBIN-MURIQAN.jpg 629w, https:\/\/www.visit-ulcinj.com\/blog\/wp-content\/uploads\/2011\/08\/KUFIRI-SUKUBIN-MURIQAN-300x175.jpg 300w\" sizes=\"(max-width: 508px) 100vw, 508px\" \/><\/a>Deri n\u00eb fund t\u00eb k\u00ebtij vitit, Mali i Zi dhe Shqip\u00ebria do t\u00eb ken\u00eb nj\u00eb kalim t\u00eb ri kufitar q\u00eb synon t\u00eb zgjidh\u00eb nj\u00eb problem afatgjat\u00eb t\u00eb bllokimit t\u00eb trafikut n\u00eb k\u00ebt\u00eb zon\u00eb. Delegacioni i BE-s\u00eb n\u00eb Malin e Zi kumtoi se do t\u2019i ofronte secilit vend nga 500,000 euro p\u00ebr nd\u00ebrtimin e pik\u00ebs s\u00eb re kufitare q\u00eb kalon n\u00eb Grabon \u2013 Cem I Trieshit af\u00ebr kryeqytetit, Podgoric\u00eb. Puna n\u00eb an\u00ebn shqiptare do t\u00eb p\u00ebrfshij\u00eb gjithashtu nd\u00ebrtimin e lidhjeve rrugore me kalimin e p\u00ebrbashk\u00ebt t\u00eb kufirit. P\u00ebrve\u00e7 leht\u00ebsimit t\u00eb trafikut midis dy vendeve fqinje, kalimi i ri kufitar dhe rrug\u00ebt lidh\u00ebse n\u00eb Shqip\u00ebri pritet t\u00eb p\u00ebrshpejtojn\u00eb trafikun edhe brenda Malit t\u00eb Zi. Kjo sepse pales n\u00eb Mal t\u00eb Zi do t\u2019i jepet mund\u00ebsia t\u00eb udh\u00ebtojn\u00eb nga jugu n\u00eb veri p\u00ebrmes Shqip\u00ebris\u00eb, gj\u00eb q\u00eb \u00ebsht\u00eb potencialisht m\u00eb e shpejt\u00eb. \u201cKoha e udh\u00ebtimit nga Podgorica n\u00eb Plav\u00eb dhe n\u00eb zon\u00ebn Andrijevic\u00eb n\u00eb veri t\u00eb Malit t\u00eb Zi do t\u00eb pak\u00ebsohet ndjesh\u00ebm\u201d u kumtua nga delegacioni i BE-s\u00eb. Nd\u00ebrsa, Qeveria e Malit t\u00eb Zi ka publikuar marr\u00ebveshjen n\u00eb baz\u00eb t\u00eb cil\u00ebs patentat e shoferit t\u00eb l\u00ebshuara n\u00eb k\u00ebt\u00eb vend vlejn\u00eb edhe n\u00eb Shqip\u00ebri. Marr\u00ebveshja p\u00ebr k\u00ebt\u00eb, si\u00e7 thuhet n\u00eb kumtes\u00ebn e kabinetit t\u00eb Millo Gjukanoviq, \u00ebsht\u00eb n\u00ebnshkruar n\u00eb Tiran\u00eb m\u00eb 15 dhjetor. P\u00ebrndryshe, me p\u00ebrkrahjen e Bashkimit Evropian, Mali i Zi dhe Shqip\u00ebria do t\u00eb nd\u00ebrtojn\u00eb edhe disa pika t\u00eb p\u00ebrbashk\u00ebta kufitare.<\/p>\n<p>TVCG<\/p>\n","protected":false},"excerpt":{"rendered":"<p>Deri n\u00eb fund t\u00eb k\u00ebtij vitit, Mali i Zi dhe Shqip\u00ebria do t\u00eb ken\u00eb nj\u00eb kalim t\u00eb ri kufitar q\u00eb synon t\u00eb zgjidh\u00eb nj\u00eb problem afatgjat\u00eb t\u00eb bllokimit t\u00eb trafikut n\u00eb k\u00ebt\u00eb zon\u00eb. Delegacioni i BE-s\u00eb n\u00eb Malin e Zi kumtoi se do t\u2019i ofronte secilit vend nga 500,000 euro p\u00ebr nd\u00ebrtimin e pik\u00ebs s\u00eb [&hellip;]<\/p>\n","protected":false},"author":1,"featured_media":0,"comment_status":"closed","ping_status":"closed","sticky":false,"template":"","format":"standard","meta":{"spay_email":"","jetpack_publicize_message":"","jetpack_is_tweetstorm":false,"jetpack_publicize_feature_enabled":true},"categories":[7],"tags":[],"jetpack_publicize_connections":[],"yoast_head":"<!-- This site is optimized with the Yoast SEO plugin v19.1 - https:\/\/yoast.com\/wordpress\/plugins\/seo\/ -->\n<title>BE-ja ofron nj\u00eb milion euro p\u00ebr nd\u00ebrtimin e nj\u00eb pike kufitare t\u00eb p\u00ebrbashk\u00ebt mes Shqip\u00ebris\u00eb dhe Malit t\u00eb Zi - Lajme nga Ulqini<\/title>\n<meta name=\"description\" content=\"Deri n\u00eb fund t\u00eb k\u00ebtij vitit, Mali i Zi dhe Shqip\u00ebria do t\u00eb ken\u00eb nj\u00eb kalim t\u00eb ri kufitar q\u00eb synon t\u00eb zgjidh\u00eb nj\u00eb problem afatgjat\u00eb t\u00eb bllokimit t\u00eb trafikut\" \/>\n<meta name=\"robots\" content=\"index, follow, max-snippet:-1, max-image-preview:large, max-video-preview:-1\" \/>\n<link rel=\"canonical\" href=\"https:\/\/www.visit-ulcinj.com\/blog\/2015\/02\/16\/ja-ofron-nje-milion-euro-per-ndertimin-e-nje-pike-kufitare-te-perbashket-mes-shqiperise-dhe-malit-te-zi\/\" \/>\n<meta property=\"og:locale\" content=\"en_US\" \/>\n<meta property=\"og:type\" content=\"article\" \/>\n<meta property=\"og:title\" content=\"BE-ja ofron nj\u00eb milion euro p\u00ebr nd\u00ebrtimin e nj\u00eb pike kufitare t\u00eb p\u00ebrbashk\u00ebt mes Shqip\u00ebris\u00eb dhe Malit t\u00eb Zi - Lajme nga Ulqini\" \/>\n<meta property=\"og:description\" content=\"Deri n\u00eb fund t\u00eb k\u00ebtij vitit, Mali i Zi dhe Shqip\u00ebria do t\u00eb ken\u00eb nj\u00eb kalim t\u00eb ri kufitar q\u00eb synon t\u00eb zgjidh\u00eb nj\u00eb problem afatgjat\u00eb t\u00eb bllokimit t\u00eb trafikut\" \/>\n<meta property=\"og:url\" content=\"https:\/\/www.visit-ulcinj.com\/blog\/2015\/02\/16\/ja-ofron-nje-milion-euro-per-ndertimin-e-nje-pike-kufitare-te-perbashket-mes-shqiperise-dhe-malit-te-zi\/\" \/>\n<meta property=\"og:site_name\" content=\"Lajme nga Ulqini\" \/>\n<meta property=\"article:published_time\" content=\"2015-02-16T13:38:05+00:00\" \/>\n<meta property=\"article:modified_time\" content=\"2015-02-16T14:31:59+00:00\" \/>\n<meta property=\"og:image\" content=\"http:\/\/www.visit-ulcinj.com\/blog\/wp-content\/uploads\/2011\/08\/KUFIRI-SUKUBIN-MURIQAN.jpg\" \/>\n<meta name=\"twitter:label1\" content=\"Written by\" \/>\n\t<meta name=\"twitter:data1\" content=\"ulqini\" \/>\n\t<meta name=\"twitter:label2\" content=\"Est. reading time\" \/>\n\t<meta name=\"twitter:data2\" content=\"1 minute\" \/>\n<script type=\"application\/ld+json\" class=\"yoast-schema-graph\">{\"@context\":\"https:\/\/schema.org\",\"@graph\":[{\"@type\":\"WebSite\",\"@id\":\"https:\/\/www.visit-ulcinj.com\/blog\/#website\",\"url\":\"https:\/\/www.visit-ulcinj.com\/blog\/\",\"name\":\"Lajme nga Ulqini\",\"description\":\"Lajme,Vijesti,Ulqini,Ulqin,Crna Gora,Mali i Zi\",\"potentialAction\":[{\"@type\":\"SearchAction\",\"target\":{\"@type\":\"EntryPoint\",\"urlTemplate\":\"https:\/\/www.visit-ulcinj.com\/blog\/?s={search_term_string}\"},\"query-input\":\"required name=search_term_string\"}],\"inLanguage\":\"en-US\"},{\"@type\":\"ImageObject\",\"inLanguage\":\"en-US\",\"@id\":\"https:\/\/www.visit-ulcinj.com\/blog\/2015\/02\/16\/ja-ofron-nje-milion-euro-per-ndertimin-e-nje-pike-kufitare-te-perbashket-mes-shqiperise-dhe-malit-te-zi\/#primaryimage\",\"url\":\"https:\/\/www.visit-ulcinj.com\/blog\/wp-content\/uploads\/2011\/08\/KUFIRI-SUKUBIN-MURIQAN.jpg\",\"contentUrl\":\"https:\/\/www.visit-ulcinj.com\/blog\/wp-content\/uploads\/2011\/08\/KUFIRI-SUKUBIN-MURIQAN.jpg\",\"width\":\"629\",\"height\":\"367\"},{\"@type\":\"WebPage\",\"@id\":\"https:\/\/www.visit-ulcinj.com\/blog\/2015\/02\/16\/ja-ofron-nje-milion-euro-per-ndertimin-e-nje-pike-kufitare-te-perbashket-mes-shqiperise-dhe-malit-te-zi\/#webpage\",\"url\":\"https:\/\/www.visit-ulcinj.com\/blog\/2015\/02\/16\/ja-ofron-nje-milion-euro-per-ndertimin-e-nje-pike-kufitare-te-perbashket-mes-shqiperise-dhe-malit-te-zi\/\",\"name\":\"BE-ja ofron nj\u00eb milion euro p\u00ebr nd\u00ebrtimin e nj\u00eb pike kufitare t\u00eb p\u00ebrbashk\u00ebt mes Shqip\u00ebris\u00eb dhe Malit t\u00eb Zi - Lajme nga Ulqini\",\"isPartOf\":{\"@id\":\"https:\/\/www.visit-ulcinj.com\/blog\/#website\"},\"primaryImageOfPage\":{\"@id\":\"https:\/\/www.visit-ulcinj.com\/blog\/2015\/02\/16\/ja-ofron-nje-milion-euro-per-ndertimin-e-nje-pike-kufitare-te-perbashket-mes-shqiperise-dhe-malit-te-zi\/#primaryimage\"},\"datePublished\":\"2015-02-16T13:38:05+00:00\",\"dateModified\":\"2015-02-16T14:31:59+00:00\",\"author\":{\"@id\":\"https:\/\/www.visit-ulcinj.com\/blog\/#\/schema\/person\/dcab619c614d3038751c63bc2aadc06d\"},\"description\":\"Deri n\u00eb fund t\u00eb k\u00ebtij vitit, Mali i Zi dhe Shqip\u00ebria do t\u00eb ken\u00eb nj\u00eb kalim t\u00eb ri kufitar q\u00eb synon t\u00eb zgjidh\u00eb nj\u00eb problem afatgjat\u00eb t\u00eb bllokimit t\u00eb trafikut\",\"breadcrumb\":{\"@id\":\"https:\/\/www.visit-ulcinj.com\/blog\/2015\/02\/16\/ja-ofron-nje-milion-euro-per-ndertimin-e-nje-pike-kufitare-te-perbashket-mes-shqiperise-dhe-malit-te-zi\/#breadcrumb\"},\"inLanguage\":\"en-US\",\"potentialAction\":[{\"@type\":\"ReadAction\",\"target\":[\"https:\/\/www.visit-ulcinj.com\/blog\/2015\/02\/16\/ja-ofron-nje-milion-euro-per-ndertimin-e-nje-pike-kufitare-te-perbashket-mes-shqiperise-dhe-malit-te-zi\/\"]}]},{\"@type\":\"BreadcrumbList\",\"@id\":\"https:\/\/www.visit-ulcinj.com\/blog\/2015\/02\/16\/ja-ofron-nje-milion-euro-per-ndertimin-e-nje-pike-kufitare-te-perbashket-mes-shqiperise-dhe-malit-te-zi\/#breadcrumb\",\"itemListElement\":[{\"@type\":\"ListItem\",\"position\":1,\"name\":\"BE-ja ofron nj\u00eb milion euro p\u00ebr nd\u00ebrtimin e nj\u00eb pike kufitare t\u00eb p\u00ebrbashk\u00ebt mes Shqip\u00ebris\u00eb dhe Malit t\u00eb Zi\"}]},{\"@type\":\"Person\",\"@id\":\"https:\/\/www.visit-ulcinj.com\/blog\/#\/schema\/person\/dcab619c614d3038751c63bc2aadc06d\",\"name\":\"ulqini\",\"sameAs\":[\"http:\/\/www.visit-ulcinj.com\"],\"url\":\"https:\/\/www.visit-ulcinj.com\/blog\/author\/admin\/\"}]}<\/script>\n<!-- \/ Yoast SEO plugin. -->","yoast_head_json":{"title":"BE-ja ofron nj\u00eb milion euro p\u00ebr nd\u00ebrtimin e nj\u00eb pike kufitare t\u00eb p\u00ebrbashk\u00ebt mes Shqip\u00ebris\u00eb dhe Malit t\u00eb Zi - Lajme nga Ulqini","description":"Deri n\u00eb fund t\u00eb k\u00ebtij vitit, Mali i Zi dhe Shqip\u00ebria do t\u00eb ken\u00eb nj\u00eb kalim t\u00eb ri kufitar q\u00eb synon t\u00eb zgjidh\u00eb nj\u00eb problem afatgjat\u00eb t\u00eb bllokimit t\u00eb trafikut","robots":{"index":"index","follow":"follow","max-snippet":"max-snippet:-1","max-image-preview":"max-image-preview:large","max-video-preview":"max-video-preview:-1"},"canonical":"https:\/\/www.visit-ulcinj.com\/blog\/2015\/02\/16\/ja-ofron-nje-milion-euro-per-ndertimin-e-nje-pike-kufitare-te-perbashket-mes-shqiperise-dhe-malit-te-zi\/","og_locale":"en_US","og_type":"article","og_title":"BE-ja ofron nj\u00eb milion euro p\u00ebr nd\u00ebrtimin e nj\u00eb pike kufitare t\u00eb p\u00ebrbashk\u00ebt mes Shqip\u00ebris\u00eb dhe Malit t\u00eb Zi - Lajme nga Ulqini","og_description":"Deri n\u00eb fund t\u00eb k\u00ebtij vitit, Mali i Zi dhe Shqip\u00ebria do t\u00eb ken\u00eb nj\u00eb kalim t\u00eb ri kufitar q\u00eb synon t\u00eb zgjidh\u00eb nj\u00eb problem afatgjat\u00eb t\u00eb bllokimit t\u00eb trafikut","og_url":"https:\/\/www.visit-ulcinj.com\/blog\/2015\/02\/16\/ja-ofron-nje-milion-euro-per-ndertimin-e-nje-pike-kufitare-te-perbashket-mes-shqiperise-dhe-malit-te-zi\/","og_site_name":"Lajme nga Ulqini","article_published_time":"2015-02-16T13:38:05+00:00","article_modified_time":"2015-02-16T14:31:59+00:00","og_image":[{"url":"http:\/\/www.visit-ulcinj.com\/blog\/wp-content\/uploads\/2011\/08\/KUFIRI-SUKUBIN-MURIQAN.jpg"}],"twitter_misc":{"Written by":"ulqini","Est. reading time":"1 minute"},"schema":{"@context":"https:\/\/schema.org","@graph":[{"@type":"WebSite","@id":"https:\/\/www.visit-ulcinj.com\/blog\/#website","url":"https:\/\/www.visit-ulcinj.com\/blog\/","name":"Lajme nga Ulqini","description":"Lajme,Vijesti,Ulqini,Ulqin,Crna Gora,Mali i Zi","potentialAction":[{"@type":"SearchAction","target":{"@type":"EntryPoint","urlTemplate":"https:\/\/www.visit-ulcinj.com\/blog\/?s={search_term_string}"},"query-input":"required name=search_term_string"}],"inLanguage":"en-US"},{"@type":"ImageObject","inLanguage":"en-US","@id":"https:\/\/www.visit-ulcinj.com\/blog\/2015\/02\/16\/ja-ofron-nje-milion-euro-per-ndertimin-e-nje-pike-kufitare-te-perbashket-mes-shqiperise-dhe-malit-te-zi\/#primaryimage","url":"https:\/\/www.visit-ulcinj.com\/blog\/wp-content\/uploads\/2011\/08\/KUFIRI-SUKUBIN-MURIQAN.jpg","contentUrl":"https:\/\/www.visit-ulcinj.com\/blog\/wp-content\/uploads\/2011\/08\/KUFIRI-SUKUBIN-MURIQAN.jpg","width":"629","height":"367"},{"@type":"WebPage","@id":"https:\/\/www.visit-ulcinj.com\/blog\/2015\/02\/16\/ja-ofron-nje-milion-euro-per-ndertimin-e-nje-pike-kufitare-te-perbashket-mes-shqiperise-dhe-malit-te-zi\/#webpage","url":"https:\/\/www.visit-ulcinj.com\/blog\/2015\/02\/16\/ja-ofron-nje-milion-euro-per-ndertimin-e-nje-pike-kufitare-te-perbashket-mes-shqiperise-dhe-malit-te-zi\/","name":"BE-ja ofron nj\u00eb milion euro p\u00ebr nd\u00ebrtimin e nj\u00eb pike kufitare t\u00eb p\u00ebrbashk\u00ebt mes Shqip\u00ebris\u00eb dhe Malit t\u00eb Zi - Lajme nga Ulqini","isPartOf":{"@id":"https:\/\/www.visit-ulcinj.com\/blog\/#website"},"primaryImageOfPage":{"@id":"https:\/\/www.visit-ulcinj.com\/blog\/2015\/02\/16\/ja-ofron-nje-milion-euro-per-ndertimin-e-nje-pike-kufitare-te-perbashket-mes-shqiperise-dhe-malit-te-zi\/#primaryimage"},"datePublished":"2015-02-16T13:38:05+00:00","dateModified":"2015-02-16T14:31:59+00:00","author":{"@id":"https:\/\/www.visit-ulcinj.com\/blog\/#\/schema\/person\/dcab619c614d3038751c63bc2aadc06d"},"description":"Deri n\u00eb fund t\u00eb k\u00ebtij vitit, Mali i Zi dhe Shqip\u00ebria do t\u00eb ken\u00eb nj\u00eb kalim t\u00eb ri kufitar q\u00eb synon t\u00eb zgjidh\u00eb nj\u00eb problem afatgjat\u00eb t\u00eb bllokimit t\u00eb trafikut","breadcrumb":{"@id":"https:\/\/www.visit-ulcinj.com\/blog\/2015\/02\/16\/ja-ofron-nje-milion-euro-per-ndertimin-e-nje-pike-kufitare-te-perbashket-mes-shqiperise-dhe-malit-te-zi\/#breadcrumb"},"inLanguage":"en-US","potentialAction":[{"@type":"ReadAction","target":["https:\/\/www.visit-ulcinj.com\/blog\/2015\/02\/16\/ja-ofron-nje-milion-euro-per-ndertimin-e-nje-pike-kufitare-te-perbashket-mes-shqiperise-dhe-malit-te-zi\/"]}]},{"@type":"BreadcrumbList","@id":"https:\/\/www.visit-ulcinj.com\/blog\/2015\/02\/16\/ja-ofron-nje-milion-euro-per-ndertimin-e-nje-pike-kufitare-te-perbashket-mes-shqiperise-dhe-malit-te-zi\/#breadcrumb","itemListElement":[{"@type":"ListItem","position":1,"name":"BE-ja ofron nj\u00eb milion euro p\u00ebr nd\u00ebrtimin e nj\u00eb pike kufitare t\u00eb p\u00ebrbashk\u00ebt mes Shqip\u00ebris\u00eb dhe Malit t\u00eb Zi"}]},{"@type":"Person","@id":"https:\/\/www.visit-ulcinj.com\/blog\/#\/schema\/person\/dcab619c614d3038751c63bc2aadc06d","name":"ulqini","sameAs":["http:\/\/www.visit-ulcinj.com"],"url":"https:\/\/www.visit-ulcinj.com\/blog\/author\/admin\/"}]}},"jetpack_featured_media_url":"","jetpack_sharing_enabled":true,"jetpack_shortlink":"https:\/\/wp.me\/pe6lTn-n2O","_links":{"self":[{"href":"https:\/\/www.visit-ulcinj.com\/blog\/wp-json\/wp\/v2\/posts\/88586"}],"collection":[{"href":"https:\/\/www.visit-ulcinj.com\/blog\/wp-json\/wp\/v2\/posts"}],"about":[{"href":"https:\/\/www.visit-ulcinj.com\/blog\/wp-json\/wp\/v2\/types\/post"}],"author":[{"embeddable":true,"href":"https:\/\/www.visit-ulcinj.com\/blog\/wp-json\/wp\/v2\/users\/1"}],"replies":[{"embeddable":true,"href":"https:\/\/www.visit-ulcinj.com\/blog\/wp-json\/wp\/v2\/comments?post=88586"}],"version-history":[{"count":1,"href":"https:\/\/www.visit-ulcinj.com\/blog\/wp-json\/wp\/v2\/posts\/88586\/revisions"}],"predecessor-version":[{"id":88587,"href":"https:\/\/www.visit-ulcinj.com\/blog\/wp-json\/wp\/v2\/posts\/88586\/revisions\/88587"}],"wp:attachment":[{"href":"https:\/\/www.visit-ulcinj.com\/blog\/wp-json\/wp\/v2\/media?parent=88586"}],"wp:term":[{"taxonomy":"category","embeddable":true,"href":"https:\/\/www.visit-ulcinj.com\/blog\/wp-json\/wp\/v2\/categories?post=88586"},{"taxonomy":"post_tag","embeddable":true,"href":"https:\/\/www.visit-ulcinj.com\/blog\/wp-json\/wp\/v2\/tags?post=88586"}],"curies":[{"name":"wp","href":"https:\/\/api.w.org\/{rel}","templated":true}]}}