{"id":88588,"date":"2015-02-16T14:46:02","date_gmt":"2015-02-16T13:46:02","guid":{"rendered":"http:\/\/www.visit-ulcinj.com\/blog\/?p=88588"},"modified":"2015-02-16T14:46:02","modified_gmt":"2015-02-16T13:46:02","slug":"tifozet-e-prishtines-premtojne-mikpritje-per-sutjesken","status":"publish","type":"post","link":"https:\/\/www.visit-ulcinj.com\/blog\/2015\/02\/16\/tifozet-e-prishtines-premtojne-mikpritje-per-sutjesken\/","title":{"rendered":"Tifoz\u00ebt e Prishtin\u00ebs, premtojn\u00eb mikpritje p\u00ebr Sutjesk\u00ebn"},"content":{"rendered":"<h4><a href=\"http:\/\/www.visit-ulcinj.com\/blog\/wp-content\/uploads\/2015\/02\/plisat-e-prishtines.jpg\"><img loading=\"lazy\" class=\"alignleft wp-image-88589\" src=\"http:\/\/www.visit-ulcinj.com\/blog\/wp-content\/uploads\/2015\/02\/plisat-e-prishtines.jpg\" alt=\"plisat-e-prishtines\" width=\"508\" height=\"251\" srcset=\"https:\/\/www.visit-ulcinj.com\/blog\/wp-content\/uploads\/2015\/02\/plisat-e-prishtines.jpg 646w, https:\/\/www.visit-ulcinj.com\/blog\/wp-content\/uploads\/2015\/02\/plisat-e-prishtines-300x148.jpg 300w\" sizes=\"(max-width: 508px) 100vw, 508px\" \/><\/a>Grupi i tifoz\u00ebve t\u00eb Prishtin\u00ebs, Plisat kan\u00eb premtuar se do ta mir\u00ebpresin skuadr\u00ebn nga Mali i Zi, Sutjesk\u00ebn n\u00eb takimin e t\u00eb m\u00ebrkur\u00ebs n\u00eb kuad\u00ebr t\u00eb Lig\u00ebs Ballkanike.<\/h4>\n<p>Ky premtim vjen pak dit\u00eb pasi tifoz\u00ebt e Sutjesk\u00ebs sulmuan lojtar\u00ebt e Prishtin\u00ebs n\u00eb ndeshjen q\u00eb po zhvillohej n\u00eb Nikshiq t\u00eb Malit t\u00eb Zi. Kjo ndeshje ishte nd\u00ebrprer\u00eb n\u00eb periudh\u00ebn e par\u00eb dhe p\u00ebr t\u00eb raportuan edhe medie t\u00eb njohura nd\u00ebrkomb\u00ebtare.<\/p>\n<p>\u201cT\u00eb m\u00ebrkur\u00ebn klubi jon\u00eb i zemr\u00ebs KB Prishtina do ta zhvilloj\u00eb ndeshjen e radh\u00ebs kund\u00ebr ekipit KK Sutjeska nga Mali i Zi. Ndeshja, q\u00eb do t\u00eb zhvillohet dit\u00ebn e m\u00ebrkur\u00eb ka nj\u00eb r\u00ebnd\u00ebsi t\u00eb madhe, fitorja n\u00eb k\u00ebt\u00eb ndeshje \u00ebsht\u00eb e domosdoshme sepse kjo fitore \u00ebsht\u00eb nj\u00eb hap para p\u00ebr t\u2019u kualifikuar n\u00eb \u201cFinalFour\u201d dhe pjesa tjet\u00ebr e r\u00ebnd\u00ebsishme \u00ebsht\u00eb se ne edhe k\u00ebt\u00eb radh\u00eb do t\u00eb tregojm\u00eb civilizim dhe nj\u00eb anim korrekt\u201d, thuhet n\u00eb njoftimin e b\u00ebr\u00eb nga Plisat.<\/p>\n<p>Plisat e cil\u00ebsojn\u00eb shum\u00eb t\u00eb r\u00ebnd\u00ebsish\u00ebm takimin me Sutjesk\u00ebn dhe premtojn\u00eb befasi t\u00eb m\u00ebdha nga ana e tyre.<\/p>\n<p>\u201cSkuadra jon\u00eb \u00ebsht\u00eb pritur n\u00eb m\u00ebnyr\u00ebn m\u00eb t\u00eb keqe n\u00eb Nikshiq mir\u00ebpo ne nuk do ta b\u00ebjm\u00eb t\u00eb nj\u00ebjt\u00ebn gj\u00eb si\u00e7 e b\u00ebn\u00eb tifoz\u00ebt ndaj ekipit ton\u00eb, n\u00eb k\u00ebt\u00eb ndeshje do t\u00eb ket\u00eb befasi t\u00eb m\u00ebdha nga ana jon\u00eb\u201d, kan\u00eb njoftuar Plisat p\u00ebrmes Facebookut.<\/p>\n<p><strong>\u00a9 KOHA.net<\/strong><\/p>\n<!--YouTube Error: bad URL entered-->\n","protected":false},"excerpt":{"rendered":"<p>Grupi i tifoz\u00ebve t\u00eb Prishtin\u00ebs, Plisat kan\u00eb premtuar se do ta mir\u00ebpresin skuadr\u00ebn nga Mali i Zi, Sutjesk\u00ebn n\u00eb takimin e t\u00eb m\u00ebrkur\u00ebs n\u00eb kuad\u00ebr t\u00eb Lig\u00ebs Ballkanike. Ky premtim vjen pak dit\u00eb pasi tifoz\u00ebt e Sutjesk\u00ebs sulmuan lojtar\u00ebt e Prishtin\u00ebs n\u00eb ndeshjen q\u00eb po zhvillohej n\u00eb Nikshiq t\u00eb Malit t\u00eb Zi. Kjo ndeshje ishte [&hellip;]<\/p>\n","protected":false},"author":1,"featured_media":0,"comment_status":"closed","ping_status":"closed","sticky":false,"template":"","format":"standard","meta":{"spay_email":"","jetpack_publicize_message":"","jetpack_is_tweetstorm":false,"jetpack_publicize_feature_enabled":true},"categories":[3],"tags":[],"jetpack_publicize_connections":[],"yoast_head":"<!-- This site is optimized with the Yoast SEO plugin v19.1 - https:\/\/yoast.com\/wordpress\/plugins\/seo\/ -->\n<title>Tifoz\u00ebt e Prishtin\u00ebs, premtojn\u00eb mikpritje p\u00ebr Sutjesk\u00ebn - Lajme nga Ulqini<\/title>\n<meta name=\"description\" content=\"Grupi i tifoz\u00ebve t\u00eb Prishtin\u00ebs, Plisat kan\u00eb premtuar se do ta mir\u00ebpresin skuadr\u00ebn nga Mali i Zi, Sutjesk\u00ebn n\u00eb takimin e t\u00eb m\u00ebrkur\u00ebs n\u00eb kuad\u00ebr t\u00eb Lig\u00ebs\" \/>\n<meta name=\"robots\" content=\"index, follow, max-snippet:-1, max-image-preview:large, max-video-preview:-1\" \/>\n<link rel=\"canonical\" href=\"https:\/\/www.visit-ulcinj.com\/blog\/2015\/02\/16\/tifozet-e-prishtines-premtojne-mikpritje-per-sutjesken\/\" \/>\n<meta property=\"og:locale\" content=\"en_US\" \/>\n<meta property=\"og:type\" content=\"article\" \/>\n<meta property=\"og:title\" content=\"Tifoz\u00ebt e Prishtin\u00ebs, premtojn\u00eb mikpritje p\u00ebr Sutjesk\u00ebn - Lajme nga Ulqini\" \/>\n<meta property=\"og:description\" content=\"Grupi i tifoz\u00ebve t\u00eb Prishtin\u00ebs, Plisat kan\u00eb premtuar se do ta mir\u00ebpresin skuadr\u00ebn nga Mali i Zi, Sutjesk\u00ebn n\u00eb takimin e t\u00eb m\u00ebrkur\u00ebs n\u00eb kuad\u00ebr t\u00eb Lig\u00ebs\" \/>\n<meta property=\"og:url\" content=\"https:\/\/www.visit-ulcinj.com\/blog\/2015\/02\/16\/tifozet-e-prishtines-premtojne-mikpritje-per-sutjesken\/\" \/>\n<meta property=\"og:site_name\" content=\"Lajme nga Ulqini\" \/>\n<meta property=\"article:published_time\" content=\"2015-02-16T13:46:02+00:00\" \/>\n<meta property=\"og:image\" content=\"http:\/\/www.visit-ulcinj.com\/blog\/wp-content\/uploads\/2015\/02\/plisat-e-prishtines.jpg\" \/>\n<meta name=\"twitter:label1\" content=\"Written by\" \/>\n\t<meta name=\"twitter:data1\" content=\"ulqini\" \/>\n\t<meta name=\"twitter:label2\" content=\"Est. reading time\" \/>\n\t<meta name=\"twitter:data2\" content=\"1 minute\" \/>\n<script type=\"application\/ld+json\" class=\"yoast-schema-graph\">{\"@context\":\"https:\/\/schema.org\",\"@graph\":[{\"@type\":\"WebSite\",\"@id\":\"https:\/\/www.visit-ulcinj.com\/blog\/#website\",\"url\":\"https:\/\/www.visit-ulcinj.com\/blog\/\",\"name\":\"Lajme nga Ulqini\",\"description\":\"Lajme,Vijesti,Ulqini,Ulqin,Crna Gora,Mali i Zi\",\"potentialAction\":[{\"@type\":\"SearchAction\",\"target\":{\"@type\":\"EntryPoint\",\"urlTemplate\":\"https:\/\/www.visit-ulcinj.com\/blog\/?s={search_term_string}\"},\"query-input\":\"required name=search_term_string\"}],\"inLanguage\":\"en-US\"},{\"@type\":\"ImageObject\",\"inLanguage\":\"en-US\",\"@id\":\"https:\/\/www.visit-ulcinj.com\/blog\/2015\/02\/16\/tifozet-e-prishtines-premtojne-mikpritje-per-sutjesken\/#primaryimage\",\"url\":\"https:\/\/www.visit-ulcinj.com\/blog\/wp-content\/uploads\/2015\/02\/plisat-e-prishtines.jpg\",\"contentUrl\":\"https:\/\/www.visit-ulcinj.com\/blog\/wp-content\/uploads\/2015\/02\/plisat-e-prishtines.jpg\",\"width\":646,\"height\":319},{\"@type\":\"WebPage\",\"@id\":\"https:\/\/www.visit-ulcinj.com\/blog\/2015\/02\/16\/tifozet-e-prishtines-premtojne-mikpritje-per-sutjesken\/#webpage\",\"url\":\"https:\/\/www.visit-ulcinj.com\/blog\/2015\/02\/16\/tifozet-e-prishtines-premtojne-mikpritje-per-sutjesken\/\",\"name\":\"Tifoz\u00ebt e Prishtin\u00ebs, premtojn\u00eb mikpritje p\u00ebr Sutjesk\u00ebn - Lajme nga Ulqini\",\"isPartOf\":{\"@id\":\"https:\/\/www.visit-ulcinj.com\/blog\/#website\"},\"primaryImageOfPage\":{\"@id\":\"https:\/\/www.visit-ulcinj.com\/blog\/2015\/02\/16\/tifozet-e-prishtines-premtojne-mikpritje-per-sutjesken\/#primaryimage\"},\"datePublished\":\"2015-02-16T13:46:02+00:00\",\"dateModified\":\"2015-02-16T13:46:02+00:00\",\"author\":{\"@id\":\"https:\/\/www.visit-ulcinj.com\/blog\/#\/schema\/person\/dcab619c614d3038751c63bc2aadc06d\"},\"description\":\"Grupi i tifoz\u00ebve t\u00eb Prishtin\u00ebs, Plisat kan\u00eb premtuar se do ta mir\u00ebpresin skuadr\u00ebn nga Mali i Zi, Sutjesk\u00ebn n\u00eb takimin e t\u00eb m\u00ebrkur\u00ebs n\u00eb kuad\u00ebr t\u00eb Lig\u00ebs\",\"breadcrumb\":{\"@id\":\"https:\/\/www.visit-ulcinj.com\/blog\/2015\/02\/16\/tifozet-e-prishtines-premtojne-mikpritje-per-sutjesken\/#breadcrumb\"},\"inLanguage\":\"en-US\",\"potentialAction\":[{\"@type\":\"ReadAction\",\"target\":[\"https:\/\/www.visit-ulcinj.com\/blog\/2015\/02\/16\/tifozet-e-prishtines-premtojne-mikpritje-per-sutjesken\/\"]}]},{\"@type\":\"BreadcrumbList\",\"@id\":\"https:\/\/www.visit-ulcinj.com\/blog\/2015\/02\/16\/tifozet-e-prishtines-premtojne-mikpritje-per-sutjesken\/#breadcrumb\",\"itemListElement\":[{\"@type\":\"ListItem\",\"position\":1,\"name\":\"Tifoz\u00ebt e Prishtin\u00ebs, premtojn\u00eb mikpritje p\u00ebr Sutjesk\u00ebn\"}]},{\"@type\":\"Person\",\"@id\":\"https:\/\/www.visit-ulcinj.com\/blog\/#\/schema\/person\/dcab619c614d3038751c63bc2aadc06d\",\"name\":\"ulqini\",\"sameAs\":[\"http:\/\/www.visit-ulcinj.com\"],\"url\":\"https:\/\/www.visit-ulcinj.com\/blog\/author\/admin\/\"}]}<\/script>\n<!-- \/ Yoast SEO plugin. -->","yoast_head_json":{"title":"Tifoz\u00ebt e Prishtin\u00ebs, premtojn\u00eb mikpritje p\u00ebr Sutjesk\u00ebn - Lajme nga Ulqini","description":"Grupi i tifoz\u00ebve t\u00eb Prishtin\u00ebs, Plisat kan\u00eb premtuar se do ta mir\u00ebpresin skuadr\u00ebn nga Mali i Zi, Sutjesk\u00ebn n\u00eb takimin e t\u00eb m\u00ebrkur\u00ebs n\u00eb kuad\u00ebr t\u00eb Lig\u00ebs","robots":{"index":"index","follow":"follow","max-snippet":"max-snippet:-1","max-image-preview":"max-image-preview:large","max-video-preview":"max-video-preview:-1"},"canonical":"https:\/\/www.visit-ulcinj.com\/blog\/2015\/02\/16\/tifozet-e-prishtines-premtojne-mikpritje-per-sutjesken\/","og_locale":"en_US","og_type":"article","og_title":"Tifoz\u00ebt e Prishtin\u00ebs, premtojn\u00eb mikpritje p\u00ebr Sutjesk\u00ebn - Lajme nga Ulqini","og_description":"Grupi i tifoz\u00ebve t\u00eb Prishtin\u00ebs, Plisat kan\u00eb premtuar se do ta mir\u00ebpresin skuadr\u00ebn nga Mali i Zi, Sutjesk\u00ebn n\u00eb takimin e t\u00eb m\u00ebrkur\u00ebs n\u00eb kuad\u00ebr t\u00eb Lig\u00ebs","og_url":"https:\/\/www.visit-ulcinj.com\/blog\/2015\/02\/16\/tifozet-e-prishtines-premtojne-mikpritje-per-sutjesken\/","og_site_name":"Lajme nga Ulqini","article_published_time":"2015-02-16T13:46:02+00:00","og_image":[{"url":"http:\/\/www.visit-ulcinj.com\/blog\/wp-content\/uploads\/2015\/02\/plisat-e-prishtines.jpg"}],"twitter_misc":{"Written by":"ulqini","Est. reading time":"1 minute"},"schema":{"@context":"https:\/\/schema.org","@graph":[{"@type":"WebSite","@id":"https:\/\/www.visit-ulcinj.com\/blog\/#website","url":"https:\/\/www.visit-ulcinj.com\/blog\/","name":"Lajme nga Ulqini","description":"Lajme,Vijesti,Ulqini,Ulqin,Crna Gora,Mali i Zi","potentialAction":[{"@type":"SearchAction","target":{"@type":"EntryPoint","urlTemplate":"https:\/\/www.visit-ulcinj.com\/blog\/?s={search_term_string}"},"query-input":"required name=search_term_string"}],"inLanguage":"en-US"},{"@type":"ImageObject","inLanguage":"en-US","@id":"https:\/\/www.visit-ulcinj.com\/blog\/2015\/02\/16\/tifozet-e-prishtines-premtojne-mikpritje-per-sutjesken\/#primaryimage","url":"https:\/\/www.visit-ulcinj.com\/blog\/wp-content\/uploads\/2015\/02\/plisat-e-prishtines.jpg","contentUrl":"https:\/\/www.visit-ulcinj.com\/blog\/wp-content\/uploads\/2015\/02\/plisat-e-prishtines.jpg","width":646,"height":319},{"@type":"WebPage","@id":"https:\/\/www.visit-ulcinj.com\/blog\/2015\/02\/16\/tifozet-e-prishtines-premtojne-mikpritje-per-sutjesken\/#webpage","url":"https:\/\/www.visit-ulcinj.com\/blog\/2015\/02\/16\/tifozet-e-prishtines-premtojne-mikpritje-per-sutjesken\/","name":"Tifoz\u00ebt e Prishtin\u00ebs, premtojn\u00eb mikpritje p\u00ebr Sutjesk\u00ebn - Lajme nga Ulqini","isPartOf":{"@id":"https:\/\/www.visit-ulcinj.com\/blog\/#website"},"primaryImageOfPage":{"@id":"https:\/\/www.visit-ulcinj.com\/blog\/2015\/02\/16\/tifozet-e-prishtines-premtojne-mikpritje-per-sutjesken\/#primaryimage"},"datePublished":"2015-02-16T13:46:02+00:00","dateModified":"2015-02-16T13:46:02+00:00","author":{"@id":"https:\/\/www.visit-ulcinj.com\/blog\/#\/schema\/person\/dcab619c614d3038751c63bc2aadc06d"},"description":"Grupi i tifoz\u00ebve t\u00eb Prishtin\u00ebs, Plisat kan\u00eb premtuar se do ta mir\u00ebpresin skuadr\u00ebn nga Mali i Zi, Sutjesk\u00ebn n\u00eb takimin e t\u00eb m\u00ebrkur\u00ebs n\u00eb kuad\u00ebr t\u00eb Lig\u00ebs","breadcrumb":{"@id":"https:\/\/www.visit-ulcinj.com\/blog\/2015\/02\/16\/tifozet-e-prishtines-premtojne-mikpritje-per-sutjesken\/#breadcrumb"},"inLanguage":"en-US","potentialAction":[{"@type":"ReadAction","target":["https:\/\/www.visit-ulcinj.com\/blog\/2015\/02\/16\/tifozet-e-prishtines-premtojne-mikpritje-per-sutjesken\/"]}]},{"@type":"BreadcrumbList","@id":"https:\/\/www.visit-ulcinj.com\/blog\/2015\/02\/16\/tifozet-e-prishtines-premtojne-mikpritje-per-sutjesken\/#breadcrumb","itemListElement":[{"@type":"ListItem","position":1,"name":"Tifoz\u00ebt e Prishtin\u00ebs, premtojn\u00eb mikpritje p\u00ebr Sutjesk\u00ebn"}]},{"@type":"Person","@id":"https:\/\/www.visit-ulcinj.com\/blog\/#\/schema\/person\/dcab619c614d3038751c63bc2aadc06d","name":"ulqini","sameAs":["http:\/\/www.visit-ulcinj.com"],"url":"https:\/\/www.visit-ulcinj.com\/blog\/author\/admin\/"}]}},"jetpack_featured_media_url":"","jetpack_sharing_enabled":true,"jetpack_shortlink":"https:\/\/wp.me\/pe6lTn-n2Q","_links":{"self":[{"href":"https:\/\/www.visit-ulcinj.com\/blog\/wp-json\/wp\/v2\/posts\/88588"}],"collection":[{"href":"https:\/\/www.visit-ulcinj.com\/blog\/wp-json\/wp\/v2\/posts"}],"about":[{"href":"https:\/\/www.visit-ulcinj.com\/blog\/wp-json\/wp\/v2\/types\/post"}],"author":[{"embeddable":true,"href":"https:\/\/www.visit-ulcinj.com\/blog\/wp-json\/wp\/v2\/users\/1"}],"replies":[{"embeddable":true,"href":"https:\/\/www.visit-ulcinj.com\/blog\/wp-json\/wp\/v2\/comments?post=88588"}],"version-history":[{"count":1,"href":"https:\/\/www.visit-ulcinj.com\/blog\/wp-json\/wp\/v2\/posts\/88588\/revisions"}],"predecessor-version":[{"id":88590,"href":"https:\/\/www.visit-ulcinj.com\/blog\/wp-json\/wp\/v2\/posts\/88588\/revisions\/88590"}],"wp:attachment":[{"href":"https:\/\/www.visit-ulcinj.com\/blog\/wp-json\/wp\/v2\/media?parent=88588"}],"wp:term":[{"taxonomy":"category","embeddable":true,"href":"https:\/\/www.visit-ulcinj.com\/blog\/wp-json\/wp\/v2\/categories?post=88588"},{"taxonomy":"post_tag","embeddable":true,"href":"https:\/\/www.visit-ulcinj.com\/blog\/wp-json\/wp\/v2\/tags?post=88588"}],"curies":[{"name":"wp","href":"https:\/\/api.w.org\/{rel}","templated":true}]}}