{"id":88616,"date":"2015-02-16T16:03:11","date_gmt":"2015-02-16T15:03:11","guid":{"rendered":"http:\/\/www.visit-ulcinj.com\/blog\/?p=88616"},"modified":"2015-02-16T16:03:11","modified_gmt":"2015-02-16T15:03:11","slug":"aksidentohet-greta-koci","status":"publish","type":"post","link":"https:\/\/www.visit-ulcinj.com\/blog\/2015\/02\/16\/aksidentohet-greta-koci\/","title":{"rendered":"Aksidentohet Greta Ko\u00e7i"},"content":{"rendered":"<p><a href=\"http:\/\/www.visit-ulcinj.com\/blog\/wp-content\/uploads\/2015\/02\/Aksidentohet-Greta-Koci-spital.jpg\"><img loading=\"lazy\" class=\"alignleft wp-image-88617\" src=\"http:\/\/www.visit-ulcinj.com\/blog\/wp-content\/uploads\/2015\/02\/Aksidentohet-Greta-Koci-spital.jpg\" alt=\"Aksidentohet Greta Koci-spital\" width=\"508\" height=\"637\" \/><\/a>Tre t\u00eb rinj t\u00eb Forumit Rinor t\u00eb Partis\u00eb Demokratike mes tyre edhe k\u00ebng\u00ebtarja Greta Ko\u00e7i jan\u00eb aksidentuar dit\u00ebn e sotme n\u00eb rrug\u00ebn q\u00eb ishin nisur drejt Novosel\u00ebs n\u00eb Vlor\u00eb ku do t\u00eb \u00e7onin ndihma p\u00ebr familjet e prekura nga p\u00ebrmbytura.<\/p>\n<p>Ngjarja ka ndodhur paraditen e sotme, ku t\u00eb plagosur krahas Greta Ko\u00e7it kan\u00eb mbetur edhe dy t\u00eb rinjt\u00eb e tjer\u00eb t\u00eb FRPD, Arsen Zenelaj dhe Melita Moho.<br \/>\n<a href=\"http:\/\/www.visit-ulcinj.com\/blog\/wp-content\/uploads\/2015\/02\/Aksidentohet-Greta-Koci-vetura.jpg\"><img loading=\"lazy\" class=\"alignleft wp-image-88618\" src=\"http:\/\/www.visit-ulcinj.com\/blog\/wp-content\/uploads\/2015\/02\/Aksidentohet-Greta-Koci-vetura.jpg\" alt=\"Aksidentohet Greta Koci-vetura\" width=\"508\" height=\"361\" \/><\/a><br \/>\nTre t\u00eb rinjt\u00eb jan\u00eb d\u00ebrguar n\u00eb Spitalin e Traum\u00ebs ku po marrin\u00a0ndihm\u00ebn e par\u00eb mjek\u00ebsore. Nga t\u00eb dh\u00ebnat e para b\u00ebhet e ditur se Greta Ko\u00e7i ka p\u00ebsuar shembje n\u00eb kok\u00eb dhe n\u00eb mjek\u00ebr, por fatmir\u00ebsisht \u00ebsht\u00eb jasht\u00eb rrezikut p\u00ebr jet\u00ebn.<\/p>\n<p><a href=\"http:\/\/www.visit-ulcinj.com\/blog\/wp-content\/uploads\/2015\/02\/greta-koci.jpg\"><img loading=\"lazy\" class=\"alignleft wp-image-88619\" src=\"http:\/\/www.visit-ulcinj.com\/blog\/wp-content\/uploads\/2015\/02\/greta-koci.jpg\" alt=\"greta-koci\" width=\"508\" height=\"321\" \/><\/a><br \/>\nDeri m\u00eb tani mbeten ende t\u00eb paqarta rrethanat e aksidentit, nd\u00ebrsa ka nisur puna p\u00ebr zbardhjen e plot\u00eb t\u00eb saj.<\/p>\n<p>Z\u00ebri<\/p>\n<!--YouTube Error: bad URL entered-->\n","protected":false},"excerpt":{"rendered":"<p>Tre t\u00eb rinj t\u00eb Forumit Rinor t\u00eb Partis\u00eb Demokratike mes tyre edhe k\u00ebng\u00ebtarja Greta Ko\u00e7i jan\u00eb aksidentuar dit\u00ebn e sotme n\u00eb rrug\u00ebn q\u00eb ishin nisur drejt Novosel\u00ebs n\u00eb Vlor\u00eb ku do t\u00eb \u00e7onin ndihma p\u00ebr familjet e prekura nga p\u00ebrmbytura. Ngjarja ka ndodhur paraditen e sotme, ku t\u00eb plagosur krahas Greta Ko\u00e7it kan\u00eb mbetur edhe [&hellip;]<\/p>\n","protected":false},"author":1,"featured_media":0,"comment_status":"closed","ping_status":"closed","sticky":false,"template":"","format":"standard","meta":{"spay_email":"","jetpack_publicize_message":"","jetpack_is_tweetstorm":false,"jetpack_publicize_feature_enabled":true},"categories":[1],"tags":[],"jetpack_publicize_connections":[],"yoast_head":"<!-- This site is optimized with the Yoast SEO plugin v19.1 - https:\/\/yoast.com\/wordpress\/plugins\/seo\/ -->\n<title>Aksidentohet Greta Ko\u00e7i - Lajme nga Ulqini<\/title>\n<meta name=\"description\" content=\"Tre t\u00eb rinj t\u00eb Forumit Rinor t\u00eb Partis\u00eb Demokratike mes tyre edhe k\u00ebng\u00ebtarja Greta Ko\u00e7i jan\u00eb aksidentuar dit\u00ebn e sotme n\u00eb rrug\u00ebn q\u00eb ishin nisur drejt\" \/>\n<meta name=\"robots\" content=\"index, follow, max-snippet:-1, max-image-preview:large, max-video-preview:-1\" \/>\n<link rel=\"canonical\" href=\"https:\/\/www.visit-ulcinj.com\/blog\/2015\/02\/16\/aksidentohet-greta-koci\/\" \/>\n<meta property=\"og:locale\" content=\"en_US\" \/>\n<meta property=\"og:type\" content=\"article\" \/>\n<meta property=\"og:title\" content=\"Aksidentohet Greta Ko\u00e7i - Lajme nga Ulqini\" \/>\n<meta property=\"og:description\" content=\"Tre t\u00eb rinj t\u00eb Forumit Rinor t\u00eb Partis\u00eb Demokratike mes tyre edhe k\u00ebng\u00ebtarja Greta Ko\u00e7i jan\u00eb aksidentuar dit\u00ebn e sotme n\u00eb rrug\u00ebn q\u00eb ishin nisur drejt\" \/>\n<meta property=\"og:url\" content=\"https:\/\/www.visit-ulcinj.com\/blog\/2015\/02\/16\/aksidentohet-greta-koci\/\" \/>\n<meta property=\"og:site_name\" content=\"Lajme nga Ulqini\" \/>\n<meta property=\"article:published_time\" content=\"2015-02-16T15:03:11+00:00\" \/>\n<meta property=\"og:image\" content=\"http:\/\/www.visit-ulcinj.com\/blog\/wp-content\/uploads\/2015\/02\/Aksidentohet-Greta-Koci-spital.jpg\" \/>\n<meta name=\"twitter:label1\" content=\"Written by\" \/>\n\t<meta name=\"twitter:data1\" content=\"ulqini\" \/>\n\t<meta name=\"twitter:label2\" content=\"Est. reading time\" \/>\n\t<meta name=\"twitter:data2\" content=\"1 minute\" \/>\n<script type=\"application\/ld+json\" class=\"yoast-schema-graph\">{\"@context\":\"https:\/\/schema.org\",\"@graph\":[{\"@type\":\"WebSite\",\"@id\":\"https:\/\/www.visit-ulcinj.com\/blog\/#website\",\"url\":\"https:\/\/www.visit-ulcinj.com\/blog\/\",\"name\":\"Lajme nga Ulqini\",\"description\":\"Lajme,Vijesti,Ulqini,Ulqin,Crna Gora,Mali i Zi\",\"potentialAction\":[{\"@type\":\"SearchAction\",\"target\":{\"@type\":\"EntryPoint\",\"urlTemplate\":\"https:\/\/www.visit-ulcinj.com\/blog\/?s={search_term_string}\"},\"query-input\":\"required name=search_term_string\"}],\"inLanguage\":\"en-US\"},{\"@type\":\"ImageObject\",\"inLanguage\":\"en-US\",\"@id\":\"https:\/\/www.visit-ulcinj.com\/blog\/2015\/02\/16\/aksidentohet-greta-koci\/#primaryimage\",\"url\":\"http:\/\/www.visit-ulcinj.com\/blog\/wp-content\/uploads\/2015\/02\/Aksidentohet-Greta-Koci-spital.jpg\",\"contentUrl\":\"http:\/\/www.visit-ulcinj.com\/blog\/wp-content\/uploads\/2015\/02\/Aksidentohet-Greta-Koci-spital.jpg\"},{\"@type\":\"WebPage\",\"@id\":\"https:\/\/www.visit-ulcinj.com\/blog\/2015\/02\/16\/aksidentohet-greta-koci\/#webpage\",\"url\":\"https:\/\/www.visit-ulcinj.com\/blog\/2015\/02\/16\/aksidentohet-greta-koci\/\",\"name\":\"Aksidentohet Greta Ko\u00e7i - Lajme nga Ulqini\",\"isPartOf\":{\"@id\":\"https:\/\/www.visit-ulcinj.com\/blog\/#website\"},\"primaryImageOfPage\":{\"@id\":\"https:\/\/www.visit-ulcinj.com\/blog\/2015\/02\/16\/aksidentohet-greta-koci\/#primaryimage\"},\"datePublished\":\"2015-02-16T15:03:11+00:00\",\"dateModified\":\"2015-02-16T15:03:11+00:00\",\"author\":{\"@id\":\"https:\/\/www.visit-ulcinj.com\/blog\/#\/schema\/person\/dcab619c614d3038751c63bc2aadc06d\"},\"description\":\"Tre t\u00eb rinj t\u00eb Forumit Rinor t\u00eb Partis\u00eb Demokratike mes tyre edhe k\u00ebng\u00ebtarja Greta Ko\u00e7i jan\u00eb aksidentuar dit\u00ebn e sotme n\u00eb rrug\u00ebn q\u00eb ishin nisur drejt\",\"breadcrumb\":{\"@id\":\"https:\/\/www.visit-ulcinj.com\/blog\/2015\/02\/16\/aksidentohet-greta-koci\/#breadcrumb\"},\"inLanguage\":\"en-US\",\"potentialAction\":[{\"@type\":\"ReadAction\",\"target\":[\"https:\/\/www.visit-ulcinj.com\/blog\/2015\/02\/16\/aksidentohet-greta-koci\/\"]}]},{\"@type\":\"BreadcrumbList\",\"@id\":\"https:\/\/www.visit-ulcinj.com\/blog\/2015\/02\/16\/aksidentohet-greta-koci\/#breadcrumb\",\"itemListElement\":[{\"@type\":\"ListItem\",\"position\":1,\"name\":\"Aksidentohet Greta Ko\u00e7i\"}]},{\"@type\":\"Person\",\"@id\":\"https:\/\/www.visit-ulcinj.com\/blog\/#\/schema\/person\/dcab619c614d3038751c63bc2aadc06d\",\"name\":\"ulqini\",\"sameAs\":[\"http:\/\/www.visit-ulcinj.com\"],\"url\":\"https:\/\/www.visit-ulcinj.com\/blog\/author\/admin\/\"}]}<\/script>\n<!-- \/ Yoast SEO plugin. -->","yoast_head_json":{"title":"Aksidentohet Greta Ko\u00e7i - Lajme nga Ulqini","description":"Tre t\u00eb rinj t\u00eb Forumit Rinor t\u00eb Partis\u00eb Demokratike mes tyre edhe k\u00ebng\u00ebtarja Greta Ko\u00e7i jan\u00eb aksidentuar dit\u00ebn e sotme n\u00eb rrug\u00ebn q\u00eb ishin nisur drejt","robots":{"index":"index","follow":"follow","max-snippet":"max-snippet:-1","max-image-preview":"max-image-preview:large","max-video-preview":"max-video-preview:-1"},"canonical":"https:\/\/www.visit-ulcinj.com\/blog\/2015\/02\/16\/aksidentohet-greta-koci\/","og_locale":"en_US","og_type":"article","og_title":"Aksidentohet Greta Ko\u00e7i - Lajme nga Ulqini","og_description":"Tre t\u00eb rinj t\u00eb Forumit Rinor t\u00eb Partis\u00eb Demokratike mes tyre edhe k\u00ebng\u00ebtarja Greta Ko\u00e7i jan\u00eb aksidentuar dit\u00ebn e sotme n\u00eb rrug\u00ebn q\u00eb ishin nisur drejt","og_url":"https:\/\/www.visit-ulcinj.com\/blog\/2015\/02\/16\/aksidentohet-greta-koci\/","og_site_name":"Lajme nga Ulqini","article_published_time":"2015-02-16T15:03:11+00:00","og_image":[{"url":"http:\/\/www.visit-ulcinj.com\/blog\/wp-content\/uploads\/2015\/02\/Aksidentohet-Greta-Koci-spital.jpg"}],"twitter_misc":{"Written by":"ulqini","Est. reading time":"1 minute"},"schema":{"@context":"https:\/\/schema.org","@graph":[{"@type":"WebSite","@id":"https:\/\/www.visit-ulcinj.com\/blog\/#website","url":"https:\/\/www.visit-ulcinj.com\/blog\/","name":"Lajme nga Ulqini","description":"Lajme,Vijesti,Ulqini,Ulqin,Crna Gora,Mali i Zi","potentialAction":[{"@type":"SearchAction","target":{"@type":"EntryPoint","urlTemplate":"https:\/\/www.visit-ulcinj.com\/blog\/?s={search_term_string}"},"query-input":"required name=search_term_string"}],"inLanguage":"en-US"},{"@type":"ImageObject","inLanguage":"en-US","@id":"https:\/\/www.visit-ulcinj.com\/blog\/2015\/02\/16\/aksidentohet-greta-koci\/#primaryimage","url":"http:\/\/www.visit-ulcinj.com\/blog\/wp-content\/uploads\/2015\/02\/Aksidentohet-Greta-Koci-spital.jpg","contentUrl":"http:\/\/www.visit-ulcinj.com\/blog\/wp-content\/uploads\/2015\/02\/Aksidentohet-Greta-Koci-spital.jpg"},{"@type":"WebPage","@id":"https:\/\/www.visit-ulcinj.com\/blog\/2015\/02\/16\/aksidentohet-greta-koci\/#webpage","url":"https:\/\/www.visit-ulcinj.com\/blog\/2015\/02\/16\/aksidentohet-greta-koci\/","name":"Aksidentohet Greta Ko\u00e7i - Lajme nga Ulqini","isPartOf":{"@id":"https:\/\/www.visit-ulcinj.com\/blog\/#website"},"primaryImageOfPage":{"@id":"https:\/\/www.visit-ulcinj.com\/blog\/2015\/02\/16\/aksidentohet-greta-koci\/#primaryimage"},"datePublished":"2015-02-16T15:03:11+00:00","dateModified":"2015-02-16T15:03:11+00:00","author":{"@id":"https:\/\/www.visit-ulcinj.com\/blog\/#\/schema\/person\/dcab619c614d3038751c63bc2aadc06d"},"description":"Tre t\u00eb rinj t\u00eb Forumit Rinor t\u00eb Partis\u00eb Demokratike mes tyre edhe k\u00ebng\u00ebtarja Greta Ko\u00e7i jan\u00eb aksidentuar dit\u00ebn e sotme n\u00eb rrug\u00ebn q\u00eb ishin nisur drejt","breadcrumb":{"@id":"https:\/\/www.visit-ulcinj.com\/blog\/2015\/02\/16\/aksidentohet-greta-koci\/#breadcrumb"},"inLanguage":"en-US","potentialAction":[{"@type":"ReadAction","target":["https:\/\/www.visit-ulcinj.com\/blog\/2015\/02\/16\/aksidentohet-greta-koci\/"]}]},{"@type":"BreadcrumbList","@id":"https:\/\/www.visit-ulcinj.com\/blog\/2015\/02\/16\/aksidentohet-greta-koci\/#breadcrumb","itemListElement":[{"@type":"ListItem","position":1,"name":"Aksidentohet Greta Ko\u00e7i"}]},{"@type":"Person","@id":"https:\/\/www.visit-ulcinj.com\/blog\/#\/schema\/person\/dcab619c614d3038751c63bc2aadc06d","name":"ulqini","sameAs":["http:\/\/www.visit-ulcinj.com"],"url":"https:\/\/www.visit-ulcinj.com\/blog\/author\/admin\/"}]}},"jetpack_featured_media_url":"","jetpack_sharing_enabled":true,"jetpack_shortlink":"https:\/\/wp.me\/pe6lTn-n3i","_links":{"self":[{"href":"https:\/\/www.visit-ulcinj.com\/blog\/wp-json\/wp\/v2\/posts\/88616"}],"collection":[{"href":"https:\/\/www.visit-ulcinj.com\/blog\/wp-json\/wp\/v2\/posts"}],"about":[{"href":"https:\/\/www.visit-ulcinj.com\/blog\/wp-json\/wp\/v2\/types\/post"}],"author":[{"embeddable":true,"href":"https:\/\/www.visit-ulcinj.com\/blog\/wp-json\/wp\/v2\/users\/1"}],"replies":[{"embeddable":true,"href":"https:\/\/www.visit-ulcinj.com\/blog\/wp-json\/wp\/v2\/comments?post=88616"}],"version-history":[{"count":1,"href":"https:\/\/www.visit-ulcinj.com\/blog\/wp-json\/wp\/v2\/posts\/88616\/revisions"}],"predecessor-version":[{"id":88620,"href":"https:\/\/www.visit-ulcinj.com\/blog\/wp-json\/wp\/v2\/posts\/88616\/revisions\/88620"}],"wp:attachment":[{"href":"https:\/\/www.visit-ulcinj.com\/blog\/wp-json\/wp\/v2\/media?parent=88616"}],"wp:term":[{"taxonomy":"category","embeddable":true,"href":"https:\/\/www.visit-ulcinj.com\/blog\/wp-json\/wp\/v2\/categories?post=88616"},{"taxonomy":"post_tag","embeddable":true,"href":"https:\/\/www.visit-ulcinj.com\/blog\/wp-json\/wp\/v2\/tags?post=88616"}],"curies":[{"name":"wp","href":"https:\/\/api.w.org\/{rel}","templated":true}]}}