{"id":88621,"date":"2015-02-16T16:08:57","date_gmt":"2015-02-16T15:08:57","guid":{"rendered":"http:\/\/www.visit-ulcinj.com\/blog\/?p=88621"},"modified":"2015-02-16T16:08:57","modified_gmt":"2015-02-16T15:08:57","slug":"publikohet-dueti-blero-ft-shkurta-gashi-video","status":"publish","type":"post","link":"https:\/\/www.visit-ulcinj.com\/blog\/2015\/02\/16\/publikohet-dueti-blero-ft-shkurta-gashi-video\/","title":{"rendered":"Publikohet dueti Blero ft Shkurta Gashi &#8211; Video"},"content":{"rendered":"<p><strong><a href=\"http:\/\/www.visit-ulcinj.com\/blog\/wp-content\/uploads\/2015\/02\/Blero-ft-Shkurta-Gashi.jpg\"><img loading=\"lazy\" class=\"alignleft wp-image-88622\" src=\"http:\/\/www.visit-ulcinj.com\/blog\/wp-content\/uploads\/2015\/02\/Blero-ft-Shkurta-Gashi.jpg\" alt=\"Blero ft Shkurta Gashi\" width=\"508\" height=\"286\" \/><\/a>Sapo \u00ebsht\u00eb publikuar dueti n\u00eb mes k\u00ebng\u00ebtar\u00ebve Blero dhe Shkurta Gashi. K\u00ebnga mban titullin \u201c5\u201d dhe \u00ebsht\u00eb e punuar me tekstshkrues Fatmir Muja dhe Blero, nd\u00ebrsa muzika nga Astrit Stafaj. Bashk\u00eb m\u00eb k\u00ebng\u00ebn \u00ebsht\u00eb publikuar edhe videoklipi. <\/strong><\/p>\n<p>N\u00eb klip, pos Bleros dhe Shkurt\u00ebs shihet edhe nj\u00eb vajz\u00eb tjet\u00ebr, por t\u00eb cil\u00ebs kamera asnj\u00ebher\u00eb nuk ia fokuson fytyr\u00ebn.<\/p>\n<p>K\u00ebnga pritet t\u00eb jet\u00eb nj\u00eb hit tjet\u00ebr i Bleros pas k\u00ebng\u00ebs \u201cN.u.n.\u201d<strong><em>\/ Kosovarja\/<\/em><\/strong><\/p>\n<!--YouTube Error: bad URL entered-->\n","protected":false},"excerpt":{"rendered":"<p>Sapo \u00ebsht\u00eb publikuar dueti n\u00eb mes k\u00ebng\u00ebtar\u00ebve Blero dhe Shkurta Gashi. K\u00ebnga mban titullin \u201c5\u201d dhe \u00ebsht\u00eb e punuar me tekstshkrues Fatmir Muja dhe Blero, nd\u00ebrsa muzika nga Astrit Stafaj. Bashk\u00eb m\u00eb k\u00ebng\u00ebn \u00ebsht\u00eb publikuar edhe videoklipi. N\u00eb klip, pos Bleros dhe Shkurt\u00ebs shihet edhe nj\u00eb vajz\u00eb tjet\u00ebr, por t\u00eb cil\u00ebs kamera asnj\u00ebher\u00eb nuk ia [&hellip;]<\/p>\n","protected":false},"author":1,"featured_media":0,"comment_status":"closed","ping_status":"closed","sticky":false,"template":"","format":"standard","meta":{"spay_email":"","jetpack_publicize_message":"","jetpack_is_tweetstorm":false,"jetpack_publicize_feature_enabled":true},"categories":[1],"tags":[],"jetpack_publicize_connections":[],"yoast_head":"<!-- This site is optimized with the Yoast SEO plugin v19.1 - https:\/\/yoast.com\/wordpress\/plugins\/seo\/ -->\n<title>Publikohet dueti Blero ft Shkurta Gashi - Video - Lajme nga Ulqini<\/title>\n<meta name=\"description\" content=\"Sapo \u00ebsht\u00eb publikuar dueti n\u00eb mes k\u00ebng\u00ebtar\u00ebve Blero dhe Shkurta Gashi. K\u00ebnga mban titullin \u201c5\u201d dhe \u00ebsht\u00eb e punuar me tekstshkrues Fatmir Muja dhe Blero,\" \/>\n<meta name=\"robots\" content=\"index, follow, max-snippet:-1, max-image-preview:large, max-video-preview:-1\" \/>\n<link rel=\"canonical\" href=\"https:\/\/www.visit-ulcinj.com\/blog\/2015\/02\/16\/publikohet-dueti-blero-ft-shkurta-gashi-video\/\" \/>\n<meta property=\"og:locale\" content=\"en_US\" \/>\n<meta property=\"og:type\" content=\"article\" \/>\n<meta property=\"og:title\" content=\"Publikohet dueti Blero ft Shkurta Gashi - Video - Lajme nga Ulqini\" \/>\n<meta property=\"og:description\" content=\"Sapo \u00ebsht\u00eb publikuar dueti n\u00eb mes k\u00ebng\u00ebtar\u00ebve Blero dhe Shkurta Gashi. K\u00ebnga mban titullin \u201c5\u201d dhe \u00ebsht\u00eb e punuar me tekstshkrues Fatmir Muja dhe Blero,\" \/>\n<meta property=\"og:url\" content=\"https:\/\/www.visit-ulcinj.com\/blog\/2015\/02\/16\/publikohet-dueti-blero-ft-shkurta-gashi-video\/\" \/>\n<meta property=\"og:site_name\" content=\"Lajme nga Ulqini\" \/>\n<meta property=\"article:published_time\" content=\"2015-02-16T15:08:57+00:00\" \/>\n<meta property=\"og:image\" content=\"http:\/\/www.visit-ulcinj.com\/blog\/wp-content\/uploads\/2015\/02\/Blero-ft-Shkurta-Gashi.jpg\" \/>\n<meta name=\"twitter:label1\" content=\"Written by\" \/>\n\t<meta name=\"twitter:data1\" content=\"ulqini\" \/>\n\t<meta name=\"twitter:label2\" content=\"Est. reading time\" \/>\n\t<meta name=\"twitter:data2\" content=\"1 minute\" \/>\n<script type=\"application\/ld+json\" class=\"yoast-schema-graph\">{\"@context\":\"https:\/\/schema.org\",\"@graph\":[{\"@type\":\"WebSite\",\"@id\":\"https:\/\/www.visit-ulcinj.com\/blog\/#website\",\"url\":\"https:\/\/www.visit-ulcinj.com\/blog\/\",\"name\":\"Lajme nga Ulqini\",\"description\":\"Lajme,Vijesti,Ulqini,Ulqin,Crna Gora,Mali i Zi\",\"potentialAction\":[{\"@type\":\"SearchAction\",\"target\":{\"@type\":\"EntryPoint\",\"urlTemplate\":\"https:\/\/www.visit-ulcinj.com\/blog\/?s={search_term_string}\"},\"query-input\":\"required name=search_term_string\"}],\"inLanguage\":\"en-US\"},{\"@type\":\"ImageObject\",\"inLanguage\":\"en-US\",\"@id\":\"https:\/\/www.visit-ulcinj.com\/blog\/2015\/02\/16\/publikohet-dueti-blero-ft-shkurta-gashi-video\/#primaryimage\",\"url\":\"http:\/\/www.visit-ulcinj.com\/blog\/wp-content\/uploads\/2015\/02\/Blero-ft-Shkurta-Gashi.jpg\",\"contentUrl\":\"http:\/\/www.visit-ulcinj.com\/blog\/wp-content\/uploads\/2015\/02\/Blero-ft-Shkurta-Gashi.jpg\"},{\"@type\":\"WebPage\",\"@id\":\"https:\/\/www.visit-ulcinj.com\/blog\/2015\/02\/16\/publikohet-dueti-blero-ft-shkurta-gashi-video\/#webpage\",\"url\":\"https:\/\/www.visit-ulcinj.com\/blog\/2015\/02\/16\/publikohet-dueti-blero-ft-shkurta-gashi-video\/\",\"name\":\"Publikohet dueti Blero ft Shkurta Gashi - Video - Lajme nga Ulqini\",\"isPartOf\":{\"@id\":\"https:\/\/www.visit-ulcinj.com\/blog\/#website\"},\"primaryImageOfPage\":{\"@id\":\"https:\/\/www.visit-ulcinj.com\/blog\/2015\/02\/16\/publikohet-dueti-blero-ft-shkurta-gashi-video\/#primaryimage\"},\"datePublished\":\"2015-02-16T15:08:57+00:00\",\"dateModified\":\"2015-02-16T15:08:57+00:00\",\"author\":{\"@id\":\"https:\/\/www.visit-ulcinj.com\/blog\/#\/schema\/person\/dcab619c614d3038751c63bc2aadc06d\"},\"description\":\"Sapo \u00ebsht\u00eb publikuar dueti n\u00eb mes k\u00ebng\u00ebtar\u00ebve Blero dhe Shkurta Gashi. K\u00ebnga mban titullin \u201c5\u201d dhe \u00ebsht\u00eb e punuar me tekstshkrues Fatmir Muja dhe Blero,\",\"breadcrumb\":{\"@id\":\"https:\/\/www.visit-ulcinj.com\/blog\/2015\/02\/16\/publikohet-dueti-blero-ft-shkurta-gashi-video\/#breadcrumb\"},\"inLanguage\":\"en-US\",\"potentialAction\":[{\"@type\":\"ReadAction\",\"target\":[\"https:\/\/www.visit-ulcinj.com\/blog\/2015\/02\/16\/publikohet-dueti-blero-ft-shkurta-gashi-video\/\"]}]},{\"@type\":\"BreadcrumbList\",\"@id\":\"https:\/\/www.visit-ulcinj.com\/blog\/2015\/02\/16\/publikohet-dueti-blero-ft-shkurta-gashi-video\/#breadcrumb\",\"itemListElement\":[{\"@type\":\"ListItem\",\"position\":1,\"name\":\"Publikohet dueti Blero ft Shkurta Gashi &#8211; Video\"}]},{\"@type\":\"Person\",\"@id\":\"https:\/\/www.visit-ulcinj.com\/blog\/#\/schema\/person\/dcab619c614d3038751c63bc2aadc06d\",\"name\":\"ulqini\",\"sameAs\":[\"http:\/\/www.visit-ulcinj.com\"],\"url\":\"https:\/\/www.visit-ulcinj.com\/blog\/author\/admin\/\"}]}<\/script>\n<!-- \/ Yoast SEO plugin. -->","yoast_head_json":{"title":"Publikohet dueti Blero ft Shkurta Gashi - Video - Lajme nga Ulqini","description":"Sapo \u00ebsht\u00eb publikuar dueti n\u00eb mes k\u00ebng\u00ebtar\u00ebve Blero dhe Shkurta Gashi. K\u00ebnga mban titullin \u201c5\u201d dhe \u00ebsht\u00eb e punuar me tekstshkrues Fatmir Muja dhe Blero,","robots":{"index":"index","follow":"follow","max-snippet":"max-snippet:-1","max-image-preview":"max-image-preview:large","max-video-preview":"max-video-preview:-1"},"canonical":"https:\/\/www.visit-ulcinj.com\/blog\/2015\/02\/16\/publikohet-dueti-blero-ft-shkurta-gashi-video\/","og_locale":"en_US","og_type":"article","og_title":"Publikohet dueti Blero ft Shkurta Gashi - Video - Lajme nga Ulqini","og_description":"Sapo \u00ebsht\u00eb publikuar dueti n\u00eb mes k\u00ebng\u00ebtar\u00ebve Blero dhe Shkurta Gashi. K\u00ebnga mban titullin \u201c5\u201d dhe \u00ebsht\u00eb e punuar me tekstshkrues Fatmir Muja dhe Blero,","og_url":"https:\/\/www.visit-ulcinj.com\/blog\/2015\/02\/16\/publikohet-dueti-blero-ft-shkurta-gashi-video\/","og_site_name":"Lajme nga Ulqini","article_published_time":"2015-02-16T15:08:57+00:00","og_image":[{"url":"http:\/\/www.visit-ulcinj.com\/blog\/wp-content\/uploads\/2015\/02\/Blero-ft-Shkurta-Gashi.jpg"}],"twitter_misc":{"Written by":"ulqini","Est. reading time":"1 minute"},"schema":{"@context":"https:\/\/schema.org","@graph":[{"@type":"WebSite","@id":"https:\/\/www.visit-ulcinj.com\/blog\/#website","url":"https:\/\/www.visit-ulcinj.com\/blog\/","name":"Lajme nga Ulqini","description":"Lajme,Vijesti,Ulqini,Ulqin,Crna Gora,Mali i Zi","potentialAction":[{"@type":"SearchAction","target":{"@type":"EntryPoint","urlTemplate":"https:\/\/www.visit-ulcinj.com\/blog\/?s={search_term_string}"},"query-input":"required name=search_term_string"}],"inLanguage":"en-US"},{"@type":"ImageObject","inLanguage":"en-US","@id":"https:\/\/www.visit-ulcinj.com\/blog\/2015\/02\/16\/publikohet-dueti-blero-ft-shkurta-gashi-video\/#primaryimage","url":"http:\/\/www.visit-ulcinj.com\/blog\/wp-content\/uploads\/2015\/02\/Blero-ft-Shkurta-Gashi.jpg","contentUrl":"http:\/\/www.visit-ulcinj.com\/blog\/wp-content\/uploads\/2015\/02\/Blero-ft-Shkurta-Gashi.jpg"},{"@type":"WebPage","@id":"https:\/\/www.visit-ulcinj.com\/blog\/2015\/02\/16\/publikohet-dueti-blero-ft-shkurta-gashi-video\/#webpage","url":"https:\/\/www.visit-ulcinj.com\/blog\/2015\/02\/16\/publikohet-dueti-blero-ft-shkurta-gashi-video\/","name":"Publikohet dueti Blero ft Shkurta Gashi - Video - Lajme nga Ulqini","isPartOf":{"@id":"https:\/\/www.visit-ulcinj.com\/blog\/#website"},"primaryImageOfPage":{"@id":"https:\/\/www.visit-ulcinj.com\/blog\/2015\/02\/16\/publikohet-dueti-blero-ft-shkurta-gashi-video\/#primaryimage"},"datePublished":"2015-02-16T15:08:57+00:00","dateModified":"2015-02-16T15:08:57+00:00","author":{"@id":"https:\/\/www.visit-ulcinj.com\/blog\/#\/schema\/person\/dcab619c614d3038751c63bc2aadc06d"},"description":"Sapo \u00ebsht\u00eb publikuar dueti n\u00eb mes k\u00ebng\u00ebtar\u00ebve Blero dhe Shkurta Gashi. K\u00ebnga mban titullin \u201c5\u201d dhe \u00ebsht\u00eb e punuar me tekstshkrues Fatmir Muja dhe Blero,","breadcrumb":{"@id":"https:\/\/www.visit-ulcinj.com\/blog\/2015\/02\/16\/publikohet-dueti-blero-ft-shkurta-gashi-video\/#breadcrumb"},"inLanguage":"en-US","potentialAction":[{"@type":"ReadAction","target":["https:\/\/www.visit-ulcinj.com\/blog\/2015\/02\/16\/publikohet-dueti-blero-ft-shkurta-gashi-video\/"]}]},{"@type":"BreadcrumbList","@id":"https:\/\/www.visit-ulcinj.com\/blog\/2015\/02\/16\/publikohet-dueti-blero-ft-shkurta-gashi-video\/#breadcrumb","itemListElement":[{"@type":"ListItem","position":1,"name":"Publikohet dueti Blero ft Shkurta Gashi &#8211; Video"}]},{"@type":"Person","@id":"https:\/\/www.visit-ulcinj.com\/blog\/#\/schema\/person\/dcab619c614d3038751c63bc2aadc06d","name":"ulqini","sameAs":["http:\/\/www.visit-ulcinj.com"],"url":"https:\/\/www.visit-ulcinj.com\/blog\/author\/admin\/"}]}},"jetpack_featured_media_url":"","jetpack_sharing_enabled":true,"jetpack_shortlink":"https:\/\/wp.me\/pe6lTn-n3n","_links":{"self":[{"href":"https:\/\/www.visit-ulcinj.com\/blog\/wp-json\/wp\/v2\/posts\/88621"}],"collection":[{"href":"https:\/\/www.visit-ulcinj.com\/blog\/wp-json\/wp\/v2\/posts"}],"about":[{"href":"https:\/\/www.visit-ulcinj.com\/blog\/wp-json\/wp\/v2\/types\/post"}],"author":[{"embeddable":true,"href":"https:\/\/www.visit-ulcinj.com\/blog\/wp-json\/wp\/v2\/users\/1"}],"replies":[{"embeddable":true,"href":"https:\/\/www.visit-ulcinj.com\/blog\/wp-json\/wp\/v2\/comments?post=88621"}],"version-history":[{"count":1,"href":"https:\/\/www.visit-ulcinj.com\/blog\/wp-json\/wp\/v2\/posts\/88621\/revisions"}],"predecessor-version":[{"id":88623,"href":"https:\/\/www.visit-ulcinj.com\/blog\/wp-json\/wp\/v2\/posts\/88621\/revisions\/88623"}],"wp:attachment":[{"href":"https:\/\/www.visit-ulcinj.com\/blog\/wp-json\/wp\/v2\/media?parent=88621"}],"wp:term":[{"taxonomy":"category","embeddable":true,"href":"https:\/\/www.visit-ulcinj.com\/blog\/wp-json\/wp\/v2\/categories?post=88621"},{"taxonomy":"post_tag","embeddable":true,"href":"https:\/\/www.visit-ulcinj.com\/blog\/wp-json\/wp\/v2\/tags?post=88621"}],"curies":[{"name":"wp","href":"https:\/\/api.w.org\/{rel}","templated":true}]}}