{"id":88626,"date":"2015-02-16T16:22:56","date_gmt":"2015-02-16T15:22:56","guid":{"rendered":"http:\/\/www.visit-ulcinj.com\/blog\/?p=88626"},"modified":"2015-02-16T16:22:56","modified_gmt":"2015-02-16T15:22:56","slug":"abazovic-vlada-nacionalnih-podjela","status":"publish","type":"post","link":"https:\/\/www.visit-ulcinj.com\/blog\/2015\/02\/16\/abazovic-vlada-nacionalnih-podjela\/","title":{"rendered":"Abazovic: Vlada nacionalnih podjela"},"content":{"rendered":"<div class=\"info hide_on_550\">\n<div class=\"name\"><strong><a href=\"http:\/\/www.visit-ulcinj.com\/blog\/wp-content\/uploads\/2014\/09\/Dritan-Abazovic.jpg\"><img loading=\"lazy\" class=\"alignleft wp-image-85034\" src=\"http:\/\/www.visit-ulcinj.com\/blog\/wp-content\/uploads\/2014\/09\/Dritan-Abazovic.jpg\" alt=\"Dritan-Abazovic\" width=\"508\" height=\"339\" srcset=\"https:\/\/www.visit-ulcinj.com\/blog\/wp-content\/uploads\/2014\/09\/Dritan-Abazovic.jpg 960w, https:\/\/www.visit-ulcinj.com\/blog\/wp-content\/uploads\/2014\/09\/Dritan-Abazovic-300x200.jpg 300w\" sizes=\"(max-width: 508px) 100vw, 508px\" \/><\/a>Dritan Abazovi\u0107<\/strong><\/div>\n<div class=\"title\"><strong>KATAKOMBA<\/strong><\/div>\n<\/div>\n<p><strong>Na RTCG su danima, bez prethodno ostvarenog politi\u010dkog dogovora, tra\u017eili da opozicija poka\u017ee program rada te budu\u0107e vlade. Da ka\u017eemo ko bi bio premijer, potpredsjednici, ministri? Kao da to ne bi trebalo da proizilazi iz politi\u010dkog dogovora kao \u0161to je to svugdje u svijetu<\/strong>.<\/p>\n<p>Vlada nacionalnih podjela, Vlada narodnog razjedinjavanja ili Vlada nacionalnog uru\u0161avanja (ime i nije va\u017eno) &#8211; \u00a0svakako je bolja opcija od bilo kakve primisli, poku\u0161aja ili makar samo razgovora o nekom drugom modelu koji podrazumijeva narodno jedinstvo. Tako makar misli DPS i njegovi manjinski sateliti. I ko god mislio da je takav stav neko iznena\u0111enje, zapravo je u zabludi. Bilo je odgovorno poku\u0161ati i predlo\u017eiti, a ovaj ishod je svakako o\u010dekivan. U politici je uvijek bolje da se neke stvari dodatno potvrde i u\u010dine javnim i jasnim. Sli\u010dno kao \u0161to je, na primjer, afera \u201eSnimak\u201c u\u010dinila javnim ono \u0161to smo svi znali, tako je i inicijativa opozicije u\u010dinila jo\u0161 jednom javnim ono \u0161to je tako\u0111e poznato. Da je DPS partija bez demokratske \u0161irine, kojoj nije prioritet ekonomija i vladavina prava, a da su manjinske partije samo bunkeri iz kojeg se brane privilegije nekolicine njihovih politi\u010dkih lidera, a ne nikako naroda koje predstavljaju. Jedino je ostalo da se vidi da li \u0107e i SDP ostati dosljedan svom kukavi\u010dkom karakteru.<\/p>\n<p>Toliko se nebuloznih stvari moglo \u010duti u interpretaciji ideje vlade narodnog jedinstva, koja je, htjeli mi to priznati ili ne, svakako potrebna Crnoj Gori, da sam osjetio potrebu da i na ovaj na\u010din interveni\u0161em. Jedna od najbizarnijih je ta da bi takva vlada bila nelegitimna, \u0161to je aspurd koji se davi u sopstvenom aspurdu. Zamislite pri\u010du da nije legitimno ne\u0161to \u0161to bi hipoteti\u010dki podr\u017eali svi politi\u010dki subjekti i svi poslanici. Pa ovo mo\u017ee smisliti samo DPS. Suprotno tim nebulozama, to se zove puni legitimitet ili potpuni konsenzus.<\/p>\n<p>Na RTCG su danima, bez prethodno ostvarenog politi\u010dkog dogovora, tra\u017eili da opozicija poka\u017ee program rada te budu\u0107e vlade. Da ka\u017eemo ko bi bio premijer, potpredsjednici, ministri? Kao da to ne bi trebalo da proizilazi iz politi\u010dkog dogovora kao \u0161to je to svugdje u svijetu. Stvarno je neukusno tra\u017eiti ekspoze prije dogovora o samoj vladi, ali to u Crnoj Gori, a pogotovo na Javnom servisu, izgleda savim normalno.<\/p>\n<p>Rekli su da bi to ugrozilo integracione procese u koje je zemlja duboko zakora\u010dila. E, to ve\u0107 priznajem nije glupost, ve\u0107 manipulacija i zamjena teza. Valjda se i oni ponekad zbune. Okupljanje oko vladavine prava ubrzava integracione procese vezano i za EU i za NATO. Ako su borba protiv korupcije i organizovanog kriminala prioriteti, a ako tako\u0111e znamo da to podrazumijeva i pro\u010di\u0161\u0107avanje ANB-a od sumnjivog kadra, \u0161to je uslov za pozivnicu u NATO (sve je to vladavina prava), logika im nije ba\u0161 ja\u010da strana. Situacija je suprotna, jedino DPSDP svojim ne\u010dinjenjem u narednom periodu mogu zaustaviti te procese, jer jedino njima ne odgovara sprovo\u0111enje kapitalnih reformi u dru\u0161tvu.<\/p>\n<p>Bilo je i \u201estraha\u201c od promjena spoljnopoliti\u010dkih prioriteta &#8211; to je tek manipulacija na kvadrat. Kako? Pa svako eventualno skretanje sa bilo kojeg zacrtanog puta ili pisanog dogovora, moglo bi podrazumijevati pad te iste vlade i povratak na staro. Dakle, ve\u0107ina koja \u010dini aktuelnu Vladu imala bi jake odbrambene mehanizme i mogla bi uvijek otkazati svoju lojalnost toj vladi narodnog jedinstva ako se za to uka\u017ee potreba.<\/p>\n<p>Ali, malo je tu zdravorazumske logike, pa se ne treba puno tro\u0161iti na to. Inicijativa opozicije je vjerovatno osu\u0111ena na propast, jer je vlast vo\u0111ena zapravo ne\u010dim sasvim drugim. Ukratko: vrh DPS-a je svjestan da bilo koja vlada u kojoj svi njihovi partneti ne bi bili obi\u010dni pioni i pje\u0161adija, razgra\u0111uje njihovu kriminalnu supstancu. Bilo koja odlu\u010dnija borba protiv kriminala i korupcije vodila bi do njihovih \u0161efova, bili oni na drugom, petom ili posljednjem mjestu po hijerarhiji u dokumentima BIA, CIA, DEA (u ANB-u se vodi samo opozicija)&#8230; Strah od podjele odgovornosti govori o strahu od monitoringa njihovog rada \u00a0kojim se oni hvale, \u0161to je samo po sebi jo\u0161 jedan paradoks.<\/p>\n<p>Kako ne bi ostali izolovani u svom krutom i antievropskom odre\u0111enju, morali su da izvr\u0161e dodatni pritisak na one koje potiskuju ve\u0107 25 godina. Dohvatili su se manjina i u svom uvje\u017ebanom maniru, jo\u0161 jednom ih deportovali tamo gdje su htjeli. Nema tu ni\u010dega iznena\u0111uju\u0107eg iako sam u li\u010dnim kontaktima dobijao druga\u010dije signale od predstavnika manjinskih partija &#8211; u najmanju ruku, da \u017eele da sjednu i razgovaraju kao odgovorni politi\u010dari. Me\u0111utim, kada se detaljnije analizira njihova bezvazdu\u0161na pozicija na koju su pristali, zaklju\u010duje se da je to preveliki zalogaj za njih. Dvadeset godina trube o istim problemima koje zajedni\u010dki sa DPS-om ne rje\u0161avaju. Ali, to im izgleda odgovara jer zamislite kad bi rije\u0161ili neki od tih problema koje mu\u010de manjinske narode. \u0160ta bi onda pri\u010dali u izbornim kampanjama? Ovako im je sigurno, dobi\u0107e par mandata, prosu\u0107e ljudima pri\u010du kako se oni mu\u010de i trude i kako je opozicija nikakva i, naravno, da im je neko \u201esa vrha\u201c obe\u0107ao da \u0107e upravo u nekom narednom mandatu rije\u0161iti probleme koji ih ti\u0161te. Tragi\u010dno i nepravedno prema sopstvenom narodu kojeg je (mislim na Bo\u0161njake i Albance) svakim danom sve manje u Crnoj Gori.<\/p>\n<p>Ali, ovo je realnost i nju kao takvu treba prihvatiti. Dr\u017eava se nalazi u te\u0161kom socio-ekonomskom stanju i dok se vlast svugdje u \u0161irem regionu mijenja, kod nas je situacija \u201eredovna\u201c i stabilna. Nije bilo ni lako ni ugodno, ali je bilo odgovorno probati, pru\u017eiti ruku svima i DPS-u (najve\u0107im krivcima za stanje u dru\u0161tvu), i DPS-ovcima u opoziciji (onima zbog kojih se ova vlast toliko dugo ne mijenja), sve zarad vi\u0161eg dr\u017eavnog interesa. Na kraju, \u010dini se da je ovako i pravednije.<\/p>\n<p>Opozicija nastavlja svoju transformaciju, ali se ne bih slo\u017eio da procesi njene razgradnje poma\u017eu aktuelnoj vlasti. Ona je svakako zavr\u0161ila svoju neslavnu misiju bez obzira koliko \u0107e jo\u0161 formalno trajati, kao i jedan dio odlaze\u0107e opozicije koji je skiveno podr\u017eava. Me\u0111utim, stvari se iz dana u dan mijenjaju, a vlast to sve slabije kapira. Sada se treba posvetiti konsolidaciji, partnerstvu i novim politi\u010dkim proizvodima. \u010cistim, jasnim i sigurnim. Jer, kako ka\u017ee Ivan Cankar: \u201eNema ljep\u0161e nade od one \u0161to je nikla iz tuge i nema ljep\u0161ih snova od onih \u0161to ih ra\u0111a bol\u201c.<\/p>\n<p><strong>Izvor: Vijesti Onlin<\/strong>e<\/p>\n<div class=\"votes__wrap\">\n<form class=\"grade votes cf\" action=\"\/votes\/grade\/content-article\/819414\" method=\"post\"><span class=\"votes\">\u00a0<\/span><\/form>\n<\/div>\n","protected":false},"excerpt":{"rendered":"<p>Dritan Abazovi\u0107 KATAKOMBA Na RTCG su danima, bez prethodno ostvarenog politi\u010dkog dogovora, tra\u017eili da opozicija poka\u017ee program rada te budu\u0107e vlade. Da ka\u017eemo ko bi bio premijer, potpredsjednici, ministri? Kao da to ne bi trebalo da proizilazi iz politi\u010dkog dogovora kao \u0161to je to svugdje u svijetu. Vlada nacionalnih podjela, Vlada narodnog razjedinjavanja ili Vlada [&hellip;]<\/p>\n","protected":false},"author":1,"featured_media":0,"comment_status":"closed","ping_status":"closed","sticky":false,"template":"","format":"standard","meta":{"spay_email":"","jetpack_publicize_message":"","jetpack_is_tweetstorm":false,"jetpack_publicize_feature_enabled":true},"categories":[6950],"tags":[],"jetpack_publicize_connections":[],"yoast_head":"<!-- This site is optimized with the Yoast SEO plugin v19.1 - https:\/\/yoast.com\/wordpress\/plugins\/seo\/ -->\n<title>Abazovic: Vlada nacionalnih podjela - Lajme nga Ulqini<\/title>\n<meta name=\"description\" content=\"Dritan Abazovi\u0107 KATAKOMBA Na RTCG su danima, bez prethodno ostvarenog politi\u010dkog dogovora, tra\u017eili da opozicija poka\u017ee program rada te budu\u0107e vlade. Da\" \/>\n<meta name=\"robots\" content=\"index, follow, max-snippet:-1, max-image-preview:large, max-video-preview:-1\" \/>\n<link rel=\"canonical\" href=\"https:\/\/www.visit-ulcinj.com\/blog\/2015\/02\/16\/abazovic-vlada-nacionalnih-podjela\/\" \/>\n<meta property=\"og:locale\" content=\"en_US\" \/>\n<meta property=\"og:type\" content=\"article\" \/>\n<meta property=\"og:title\" content=\"Abazovic: Vlada nacionalnih podjela - Lajme nga Ulqini\" \/>\n<meta property=\"og:description\" content=\"Dritan Abazovi\u0107 KATAKOMBA Na RTCG su danima, bez prethodno ostvarenog politi\u010dkog dogovora, tra\u017eili da opozicija poka\u017ee program rada te budu\u0107e vlade. Da\" \/>\n<meta property=\"og:url\" content=\"https:\/\/www.visit-ulcinj.com\/blog\/2015\/02\/16\/abazovic-vlada-nacionalnih-podjela\/\" \/>\n<meta property=\"og:site_name\" content=\"Lajme nga Ulqini\" \/>\n<meta property=\"article:published_time\" content=\"2015-02-16T15:22:56+00:00\" \/>\n<meta property=\"og:image\" content=\"http:\/\/www.visit-ulcinj.com\/blog\/wp-content\/uploads\/2014\/09\/Dritan-Abazovic.jpg\" \/>\n<meta name=\"twitter:label1\" content=\"Written by\" \/>\n\t<meta name=\"twitter:data1\" content=\"ulqini\" \/>\n\t<meta name=\"twitter:label2\" content=\"Est. reading time\" \/>\n\t<meta name=\"twitter:data2\" content=\"6 minutes\" \/>\n<script type=\"application\/ld+json\" class=\"yoast-schema-graph\">{\"@context\":\"https:\/\/schema.org\",\"@graph\":[{\"@type\":\"WebSite\",\"@id\":\"https:\/\/www.visit-ulcinj.com\/blog\/#website\",\"url\":\"https:\/\/www.visit-ulcinj.com\/blog\/\",\"name\":\"Lajme nga Ulqini\",\"description\":\"Lajme,Vijesti,Ulqini,Ulqin,Crna Gora,Mali i Zi\",\"potentialAction\":[{\"@type\":\"SearchAction\",\"target\":{\"@type\":\"EntryPoint\",\"urlTemplate\":\"https:\/\/www.visit-ulcinj.com\/blog\/?s={search_term_string}\"},\"query-input\":\"required name=search_term_string\"}],\"inLanguage\":\"en-US\"},{\"@type\":\"ImageObject\",\"inLanguage\":\"en-US\",\"@id\":\"https:\/\/www.visit-ulcinj.com\/blog\/2015\/02\/16\/abazovic-vlada-nacionalnih-podjela\/#primaryimage\",\"url\":\"https:\/\/www.visit-ulcinj.com\/blog\/wp-content\/uploads\/2014\/09\/Dritan-Abazovic.jpg\",\"contentUrl\":\"https:\/\/www.visit-ulcinj.com\/blog\/wp-content\/uploads\/2014\/09\/Dritan-Abazovic.jpg\",\"width\":960,\"height\":641},{\"@type\":\"WebPage\",\"@id\":\"https:\/\/www.visit-ulcinj.com\/blog\/2015\/02\/16\/abazovic-vlada-nacionalnih-podjela\/#webpage\",\"url\":\"https:\/\/www.visit-ulcinj.com\/blog\/2015\/02\/16\/abazovic-vlada-nacionalnih-podjela\/\",\"name\":\"Abazovic: Vlada nacionalnih podjela - Lajme nga Ulqini\",\"isPartOf\":{\"@id\":\"https:\/\/www.visit-ulcinj.com\/blog\/#website\"},\"primaryImageOfPage\":{\"@id\":\"https:\/\/www.visit-ulcinj.com\/blog\/2015\/02\/16\/abazovic-vlada-nacionalnih-podjela\/#primaryimage\"},\"datePublished\":\"2015-02-16T15:22:56+00:00\",\"dateModified\":\"2015-02-16T15:22:56+00:00\",\"author\":{\"@id\":\"https:\/\/www.visit-ulcinj.com\/blog\/#\/schema\/person\/dcab619c614d3038751c63bc2aadc06d\"},\"description\":\"Dritan Abazovi\u0107 KATAKOMBA Na RTCG su danima, bez prethodno ostvarenog politi\u010dkog dogovora, tra\u017eili da opozicija poka\u017ee program rada te budu\u0107e vlade. Da\",\"breadcrumb\":{\"@id\":\"https:\/\/www.visit-ulcinj.com\/blog\/2015\/02\/16\/abazovic-vlada-nacionalnih-podjela\/#breadcrumb\"},\"inLanguage\":\"en-US\",\"potentialAction\":[{\"@type\":\"ReadAction\",\"target\":[\"https:\/\/www.visit-ulcinj.com\/blog\/2015\/02\/16\/abazovic-vlada-nacionalnih-podjela\/\"]}]},{\"@type\":\"BreadcrumbList\",\"@id\":\"https:\/\/www.visit-ulcinj.com\/blog\/2015\/02\/16\/abazovic-vlada-nacionalnih-podjela\/#breadcrumb\",\"itemListElement\":[{\"@type\":\"ListItem\",\"position\":1,\"name\":\"Abazovic: Vlada nacionalnih podjela\"}]},{\"@type\":\"Person\",\"@id\":\"https:\/\/www.visit-ulcinj.com\/blog\/#\/schema\/person\/dcab619c614d3038751c63bc2aadc06d\",\"name\":\"ulqini\",\"sameAs\":[\"http:\/\/www.visit-ulcinj.com\"],\"url\":\"https:\/\/www.visit-ulcinj.com\/blog\/author\/admin\/\"}]}<\/script>\n<!-- \/ Yoast SEO plugin. -->","yoast_head_json":{"title":"Abazovic: Vlada nacionalnih podjela - Lajme nga Ulqini","description":"Dritan Abazovi\u0107 KATAKOMBA Na RTCG su danima, bez prethodno ostvarenog politi\u010dkog dogovora, tra\u017eili da opozicija poka\u017ee program rada te budu\u0107e vlade. Da","robots":{"index":"index","follow":"follow","max-snippet":"max-snippet:-1","max-image-preview":"max-image-preview:large","max-video-preview":"max-video-preview:-1"},"canonical":"https:\/\/www.visit-ulcinj.com\/blog\/2015\/02\/16\/abazovic-vlada-nacionalnih-podjela\/","og_locale":"en_US","og_type":"article","og_title":"Abazovic: Vlada nacionalnih podjela - Lajme nga Ulqini","og_description":"Dritan Abazovi\u0107 KATAKOMBA Na RTCG su danima, bez prethodno ostvarenog politi\u010dkog dogovora, tra\u017eili da opozicija poka\u017ee program rada te budu\u0107e vlade. Da","og_url":"https:\/\/www.visit-ulcinj.com\/blog\/2015\/02\/16\/abazovic-vlada-nacionalnih-podjela\/","og_site_name":"Lajme nga Ulqini","article_published_time":"2015-02-16T15:22:56+00:00","og_image":[{"url":"http:\/\/www.visit-ulcinj.com\/blog\/wp-content\/uploads\/2014\/09\/Dritan-Abazovic.jpg"}],"twitter_misc":{"Written by":"ulqini","Est. reading time":"6 minutes"},"schema":{"@context":"https:\/\/schema.org","@graph":[{"@type":"WebSite","@id":"https:\/\/www.visit-ulcinj.com\/blog\/#website","url":"https:\/\/www.visit-ulcinj.com\/blog\/","name":"Lajme nga Ulqini","description":"Lajme,Vijesti,Ulqini,Ulqin,Crna Gora,Mali i Zi","potentialAction":[{"@type":"SearchAction","target":{"@type":"EntryPoint","urlTemplate":"https:\/\/www.visit-ulcinj.com\/blog\/?s={search_term_string}"},"query-input":"required name=search_term_string"}],"inLanguage":"en-US"},{"@type":"ImageObject","inLanguage":"en-US","@id":"https:\/\/www.visit-ulcinj.com\/blog\/2015\/02\/16\/abazovic-vlada-nacionalnih-podjela\/#primaryimage","url":"https:\/\/www.visit-ulcinj.com\/blog\/wp-content\/uploads\/2014\/09\/Dritan-Abazovic.jpg","contentUrl":"https:\/\/www.visit-ulcinj.com\/blog\/wp-content\/uploads\/2014\/09\/Dritan-Abazovic.jpg","width":960,"height":641},{"@type":"WebPage","@id":"https:\/\/www.visit-ulcinj.com\/blog\/2015\/02\/16\/abazovic-vlada-nacionalnih-podjela\/#webpage","url":"https:\/\/www.visit-ulcinj.com\/blog\/2015\/02\/16\/abazovic-vlada-nacionalnih-podjela\/","name":"Abazovic: Vlada nacionalnih podjela - Lajme nga Ulqini","isPartOf":{"@id":"https:\/\/www.visit-ulcinj.com\/blog\/#website"},"primaryImageOfPage":{"@id":"https:\/\/www.visit-ulcinj.com\/blog\/2015\/02\/16\/abazovic-vlada-nacionalnih-podjela\/#primaryimage"},"datePublished":"2015-02-16T15:22:56+00:00","dateModified":"2015-02-16T15:22:56+00:00","author":{"@id":"https:\/\/www.visit-ulcinj.com\/blog\/#\/schema\/person\/dcab619c614d3038751c63bc2aadc06d"},"description":"Dritan Abazovi\u0107 KATAKOMBA Na RTCG su danima, bez prethodno ostvarenog politi\u010dkog dogovora, tra\u017eili da opozicija poka\u017ee program rada te budu\u0107e vlade. Da","breadcrumb":{"@id":"https:\/\/www.visit-ulcinj.com\/blog\/2015\/02\/16\/abazovic-vlada-nacionalnih-podjela\/#breadcrumb"},"inLanguage":"en-US","potentialAction":[{"@type":"ReadAction","target":["https:\/\/www.visit-ulcinj.com\/blog\/2015\/02\/16\/abazovic-vlada-nacionalnih-podjela\/"]}]},{"@type":"BreadcrumbList","@id":"https:\/\/www.visit-ulcinj.com\/blog\/2015\/02\/16\/abazovic-vlada-nacionalnih-podjela\/#breadcrumb","itemListElement":[{"@type":"ListItem","position":1,"name":"Abazovic: Vlada nacionalnih podjela"}]},{"@type":"Person","@id":"https:\/\/www.visit-ulcinj.com\/blog\/#\/schema\/person\/dcab619c614d3038751c63bc2aadc06d","name":"ulqini","sameAs":["http:\/\/www.visit-ulcinj.com"],"url":"https:\/\/www.visit-ulcinj.com\/blog\/author\/admin\/"}]}},"jetpack_featured_media_url":"","jetpack_sharing_enabled":true,"jetpack_shortlink":"https:\/\/wp.me\/pe6lTn-n3s","_links":{"self":[{"href":"https:\/\/www.visit-ulcinj.com\/blog\/wp-json\/wp\/v2\/posts\/88626"}],"collection":[{"href":"https:\/\/www.visit-ulcinj.com\/blog\/wp-json\/wp\/v2\/posts"}],"about":[{"href":"https:\/\/www.visit-ulcinj.com\/blog\/wp-json\/wp\/v2\/types\/post"}],"author":[{"embeddable":true,"href":"https:\/\/www.visit-ulcinj.com\/blog\/wp-json\/wp\/v2\/users\/1"}],"replies":[{"embeddable":true,"href":"https:\/\/www.visit-ulcinj.com\/blog\/wp-json\/wp\/v2\/comments?post=88626"}],"version-history":[{"count":1,"href":"https:\/\/www.visit-ulcinj.com\/blog\/wp-json\/wp\/v2\/posts\/88626\/revisions"}],"predecessor-version":[{"id":88627,"href":"https:\/\/www.visit-ulcinj.com\/blog\/wp-json\/wp\/v2\/posts\/88626\/revisions\/88627"}],"wp:attachment":[{"href":"https:\/\/www.visit-ulcinj.com\/blog\/wp-json\/wp\/v2\/media?parent=88626"}],"wp:term":[{"taxonomy":"category","embeddable":true,"href":"https:\/\/www.visit-ulcinj.com\/blog\/wp-json\/wp\/v2\/categories?post=88626"},{"taxonomy":"post_tag","embeddable":true,"href":"https:\/\/www.visit-ulcinj.com\/blog\/wp-json\/wp\/v2\/tags?post=88626"}],"curies":[{"name":"wp","href":"https:\/\/api.w.org\/{rel}","templated":true}]}}