{"id":88628,"date":"2015-02-16T18:38:24","date_gmt":"2015-02-16T17:38:24","guid":{"rendered":"http:\/\/www.visit-ulcinj.com\/blog\/?p=88628"},"modified":"2015-02-16T18:38:56","modified_gmt":"2015-02-16T17:38:56","slug":"a-duhet-te-pastrohet-plazhi-ne-rane-ulqin","status":"publish","type":"post","link":"https:\/\/www.visit-ulcinj.com\/blog\/2015\/02\/16\/a-duhet-te-pastrohet-plazhi-ne-rane-ulqin\/","title":{"rendered":"A duhet t\u00eb pastrohet plazhi n\u00eb Ran\u00eb &#8211; Ulqin"},"content":{"rendered":"<p><a href=\"http:\/\/www.visit-ulcinj.com\/blog\/wp-content\/uploads\/2015\/02\/Foto-nga-Rana-Ulqin-Florin-Kurti-14-01-2015-1.jpg\"><img loading=\"lazy\" class=\"alignleft wp-image-88635\" src=\"http:\/\/www.visit-ulcinj.com\/blog\/wp-content\/uploads\/2015\/02\/Foto-nga-Rana-Ulqin-Florin-Kurti-14-01-2015-1.jpg\" alt=\"Foto nga Rana-Ulqin-Florin-Kurti-14-01-2015-1\" width=\"508\" height=\"286\" srcset=\"https:\/\/www.visit-ulcinj.com\/blog\/wp-content\/uploads\/2015\/02\/Foto-nga-Rana-Ulqin-Florin-Kurti-14-01-2015-1.jpg 960w, https:\/\/www.visit-ulcinj.com\/blog\/wp-content\/uploads\/2015\/02\/Foto-nga-Rana-Ulqin-Florin-Kurti-14-01-2015-1-300x169.jpg 300w\" sizes=\"(max-width: 508px) 100vw, 508px\" \/><\/a>Foto: <strong><a id=\"js_56\" href=\"https:\/\/www.facebook.com\/florin.kurti.7?fref=photo\" data-hovercard=\"\/ajax\/hovercard\/user.php?id=100001807406870\">Florin Kurti\u00a0 Facebook<\/a><\/strong><\/p>\n<p>Ende pas dy jav\u00ebsh nuk ka nisur puna p\u00ebr pastrimin e hap\u00ebsir\u00ebs s\u00eb r\u00ebr\u00ebs n\u00eb vij\u00ebn bregdetare t\u00eb plazhit t\u00eb vog\u00ebl n\u00eb Ulqin. Ja pra m\u00eb s\u00eb miri flasin fotografit\u00eb e djeshme t\u00eb b\u00ebra ne lokalitetin e plazhit t\u00eb vog\u00ebl n\u00eb Ulqin nga <strong><a id=\"js_56\" href=\"https:\/\/www.facebook.com\/florin.kurti.7?fref=photo\" data-hovercard=\"\/ajax\/hovercard\/user.php?id=100001807406870\">Florin Kurti Facebook<\/a>.<\/strong><\/p>\n<p><a href=\"http:\/\/www.visit-ulcinj.com\/blog\/wp-content\/uploads\/2015\/02\/Foto-nga-Rana-Ulqin-Florin-Kurti-14-01-2015.jpg\"><img loading=\"lazy\" class=\"alignleft wp-image-88636\" src=\"http:\/\/www.visit-ulcinj.com\/blog\/wp-content\/uploads\/2015\/02\/Foto-nga-Rana-Ulqin-Florin-Kurti-14-01-2015.jpg\" alt=\"Foto nga Rana-Ulqin-Florin-Kurti-14-01-2015\" width=\"508\" height=\"286\" srcset=\"https:\/\/www.visit-ulcinj.com\/blog\/wp-content\/uploads\/2015\/02\/Foto-nga-Rana-Ulqin-Florin-Kurti-14-01-2015.jpg 960w, https:\/\/www.visit-ulcinj.com\/blog\/wp-content\/uploads\/2015\/02\/Foto-nga-Rana-Ulqin-Florin-Kurti-14-01-2015-300x169.jpg 300w\" sizes=\"(max-width: 508px) 100vw, 508px\" \/><\/a><\/p>\n<p>Diher se p\u00ebrgjat\u00eb t\u00ebr\u00eb Plazhit t\u00eb vog\u00ebl dhe t\u00eb madh \u00ebsht\u00eb i shtrir\u00eb bari nga thell\u00ebsia e detit, q\u00eb do t\u00eb thot\u00eb se val\u00ebt e detit para dy jav\u00ebsh ishin shum\u00eb t\u00eb forta.<\/p>\n","protected":false},"excerpt":{"rendered":"<p>Foto: Florin Kurti\u00a0 Facebook Ende pas dy jav\u00ebsh nuk ka nisur puna p\u00ebr pastrimin e hap\u00ebsir\u00ebs s\u00eb r\u00ebr\u00ebs n\u00eb vij\u00ebn bregdetare t\u00eb plazhit t\u00eb vog\u00ebl n\u00eb Ulqin. Ja pra m\u00eb s\u00eb miri flasin fotografit\u00eb e djeshme t\u00eb b\u00ebra ne lokalitetin e plazhit t\u00eb vog\u00ebl n\u00eb Ulqin nga Florin Kurti Facebook. Diher se p\u00ebrgjat\u00eb t\u00ebr\u00eb Plazhit [&hellip;]<\/p>\n","protected":false},"author":1,"featured_media":0,"comment_status":"closed","ping_status":"closed","sticky":false,"template":"","format":"standard","meta":{"spay_email":"","jetpack_publicize_message":"","jetpack_is_tweetstorm":false,"jetpack_publicize_feature_enabled":true},"categories":[11],"tags":[],"jetpack_publicize_connections":[],"yoast_head":"<!-- This site is optimized with the Yoast SEO plugin v19.1 - https:\/\/yoast.com\/wordpress\/plugins\/seo\/ -->\n<title>A duhet t\u00eb pastrohet plazhi n\u00eb Ran\u00eb - Ulqin - Lajme nga Ulqini<\/title>\n<meta name=\"description\" content=\"Foto: Florin Kurti\u00a0 Facebook Ende pas dy jav\u00ebsh nuk ka nisur puna p\u00ebr pastrimin e hap\u00ebsir\u00ebs s\u00eb r\u00ebr\u00ebs n\u00eb vij\u00ebn bregdetare t\u00eb plazhit t\u00eb vog\u00ebl n\u00eb Ulqin. Ja\" \/>\n<meta name=\"robots\" content=\"index, follow, max-snippet:-1, max-image-preview:large, max-video-preview:-1\" \/>\n<link rel=\"canonical\" href=\"https:\/\/www.visit-ulcinj.com\/blog\/2015\/02\/16\/a-duhet-te-pastrohet-plazhi-ne-rane-ulqin\/\" \/>\n<meta property=\"og:locale\" content=\"en_US\" \/>\n<meta property=\"og:type\" content=\"article\" \/>\n<meta property=\"og:title\" content=\"A duhet t\u00eb pastrohet plazhi n\u00eb Ran\u00eb - Ulqin - Lajme nga Ulqini\" \/>\n<meta property=\"og:description\" content=\"Foto: Florin Kurti\u00a0 Facebook Ende pas dy jav\u00ebsh nuk ka nisur puna p\u00ebr pastrimin e hap\u00ebsir\u00ebs s\u00eb r\u00ebr\u00ebs n\u00eb vij\u00ebn bregdetare t\u00eb plazhit t\u00eb vog\u00ebl n\u00eb Ulqin. Ja\" \/>\n<meta property=\"og:url\" content=\"https:\/\/www.visit-ulcinj.com\/blog\/2015\/02\/16\/a-duhet-te-pastrohet-plazhi-ne-rane-ulqin\/\" \/>\n<meta property=\"og:site_name\" content=\"Lajme nga Ulqini\" \/>\n<meta property=\"article:published_time\" content=\"2015-02-16T17:38:24+00:00\" \/>\n<meta property=\"article:modified_time\" content=\"2015-02-16T17:38:56+00:00\" \/>\n<meta property=\"og:image\" content=\"http:\/\/www.visit-ulcinj.com\/blog\/wp-content\/uploads\/2015\/02\/Foto-nga-Rana-Ulqin-Florin-Kurti-14-01-2015-1.jpg\" \/>\n<meta name=\"twitter:label1\" content=\"Written by\" \/>\n\t<meta name=\"twitter:data1\" content=\"ulqini\" \/>\n<script type=\"application\/ld+json\" class=\"yoast-schema-graph\">{\"@context\":\"https:\/\/schema.org\",\"@graph\":[{\"@type\":\"WebSite\",\"@id\":\"https:\/\/www.visit-ulcinj.com\/blog\/#website\",\"url\":\"https:\/\/www.visit-ulcinj.com\/blog\/\",\"name\":\"Lajme nga Ulqini\",\"description\":\"Lajme,Vijesti,Ulqini,Ulqin,Crna Gora,Mali i Zi\",\"potentialAction\":[{\"@type\":\"SearchAction\",\"target\":{\"@type\":\"EntryPoint\",\"urlTemplate\":\"https:\/\/www.visit-ulcinj.com\/blog\/?s={search_term_string}\"},\"query-input\":\"required name=search_term_string\"}],\"inLanguage\":\"en-US\"},{\"@type\":\"ImageObject\",\"inLanguage\":\"en-US\",\"@id\":\"https:\/\/www.visit-ulcinj.com\/blog\/2015\/02\/16\/a-duhet-te-pastrohet-plazhi-ne-rane-ulqin\/#primaryimage\",\"url\":\"https:\/\/www.visit-ulcinj.com\/blog\/wp-content\/uploads\/2015\/02\/Foto-nga-Rana-Ulqin-Florin-Kurti-14-01-2015-1.jpg\",\"contentUrl\":\"https:\/\/www.visit-ulcinj.com\/blog\/wp-content\/uploads\/2015\/02\/Foto-nga-Rana-Ulqin-Florin-Kurti-14-01-2015-1.jpg\",\"width\":960,\"height\":540},{\"@type\":\"WebPage\",\"@id\":\"https:\/\/www.visit-ulcinj.com\/blog\/2015\/02\/16\/a-duhet-te-pastrohet-plazhi-ne-rane-ulqin\/#webpage\",\"url\":\"https:\/\/www.visit-ulcinj.com\/blog\/2015\/02\/16\/a-duhet-te-pastrohet-plazhi-ne-rane-ulqin\/\",\"name\":\"A duhet t\u00eb pastrohet plazhi n\u00eb Ran\u00eb - Ulqin - Lajme nga Ulqini\",\"isPartOf\":{\"@id\":\"https:\/\/www.visit-ulcinj.com\/blog\/#website\"},\"primaryImageOfPage\":{\"@id\":\"https:\/\/www.visit-ulcinj.com\/blog\/2015\/02\/16\/a-duhet-te-pastrohet-plazhi-ne-rane-ulqin\/#primaryimage\"},\"datePublished\":\"2015-02-16T17:38:24+00:00\",\"dateModified\":\"2015-02-16T17:38:56+00:00\",\"author\":{\"@id\":\"https:\/\/www.visit-ulcinj.com\/blog\/#\/schema\/person\/dcab619c614d3038751c63bc2aadc06d\"},\"description\":\"Foto: Florin Kurti\u00a0 Facebook Ende pas dy jav\u00ebsh nuk ka nisur puna p\u00ebr pastrimin e hap\u00ebsir\u00ebs s\u00eb r\u00ebr\u00ebs n\u00eb vij\u00ebn bregdetare t\u00eb plazhit t\u00eb vog\u00ebl n\u00eb Ulqin. Ja\",\"breadcrumb\":{\"@id\":\"https:\/\/www.visit-ulcinj.com\/blog\/2015\/02\/16\/a-duhet-te-pastrohet-plazhi-ne-rane-ulqin\/#breadcrumb\"},\"inLanguage\":\"en-US\",\"potentialAction\":[{\"@type\":\"ReadAction\",\"target\":[\"https:\/\/www.visit-ulcinj.com\/blog\/2015\/02\/16\/a-duhet-te-pastrohet-plazhi-ne-rane-ulqin\/\"]}]},{\"@type\":\"BreadcrumbList\",\"@id\":\"https:\/\/www.visit-ulcinj.com\/blog\/2015\/02\/16\/a-duhet-te-pastrohet-plazhi-ne-rane-ulqin\/#breadcrumb\",\"itemListElement\":[{\"@type\":\"ListItem\",\"position\":1,\"name\":\"A duhet t\u00eb pastrohet plazhi n\u00eb Ran\u00eb &#8211; Ulqin\"}]},{\"@type\":\"Person\",\"@id\":\"https:\/\/www.visit-ulcinj.com\/blog\/#\/schema\/person\/dcab619c614d3038751c63bc2aadc06d\",\"name\":\"ulqini\",\"sameAs\":[\"http:\/\/www.visit-ulcinj.com\"],\"url\":\"https:\/\/www.visit-ulcinj.com\/blog\/author\/admin\/\"}]}<\/script>\n<!-- \/ Yoast SEO plugin. -->","yoast_head_json":{"title":"A duhet t\u00eb pastrohet plazhi n\u00eb Ran\u00eb - Ulqin - Lajme nga Ulqini","description":"Foto: Florin Kurti\u00a0 Facebook Ende pas dy jav\u00ebsh nuk ka nisur puna p\u00ebr pastrimin e hap\u00ebsir\u00ebs s\u00eb r\u00ebr\u00ebs n\u00eb vij\u00ebn bregdetare t\u00eb plazhit t\u00eb vog\u00ebl n\u00eb Ulqin. Ja","robots":{"index":"index","follow":"follow","max-snippet":"max-snippet:-1","max-image-preview":"max-image-preview:large","max-video-preview":"max-video-preview:-1"},"canonical":"https:\/\/www.visit-ulcinj.com\/blog\/2015\/02\/16\/a-duhet-te-pastrohet-plazhi-ne-rane-ulqin\/","og_locale":"en_US","og_type":"article","og_title":"A duhet t\u00eb pastrohet plazhi n\u00eb Ran\u00eb - Ulqin - Lajme nga Ulqini","og_description":"Foto: Florin Kurti\u00a0 Facebook Ende pas dy jav\u00ebsh nuk ka nisur puna p\u00ebr pastrimin e hap\u00ebsir\u00ebs s\u00eb r\u00ebr\u00ebs n\u00eb vij\u00ebn bregdetare t\u00eb plazhit t\u00eb vog\u00ebl n\u00eb Ulqin. Ja","og_url":"https:\/\/www.visit-ulcinj.com\/blog\/2015\/02\/16\/a-duhet-te-pastrohet-plazhi-ne-rane-ulqin\/","og_site_name":"Lajme nga Ulqini","article_published_time":"2015-02-16T17:38:24+00:00","article_modified_time":"2015-02-16T17:38:56+00:00","og_image":[{"url":"http:\/\/www.visit-ulcinj.com\/blog\/wp-content\/uploads\/2015\/02\/Foto-nga-Rana-Ulqin-Florin-Kurti-14-01-2015-1.jpg"}],"twitter_misc":{"Written by":"ulqini"},"schema":{"@context":"https:\/\/schema.org","@graph":[{"@type":"WebSite","@id":"https:\/\/www.visit-ulcinj.com\/blog\/#website","url":"https:\/\/www.visit-ulcinj.com\/blog\/","name":"Lajme nga Ulqini","description":"Lajme,Vijesti,Ulqini,Ulqin,Crna Gora,Mali i Zi","potentialAction":[{"@type":"SearchAction","target":{"@type":"EntryPoint","urlTemplate":"https:\/\/www.visit-ulcinj.com\/blog\/?s={search_term_string}"},"query-input":"required name=search_term_string"}],"inLanguage":"en-US"},{"@type":"ImageObject","inLanguage":"en-US","@id":"https:\/\/www.visit-ulcinj.com\/blog\/2015\/02\/16\/a-duhet-te-pastrohet-plazhi-ne-rane-ulqin\/#primaryimage","url":"https:\/\/www.visit-ulcinj.com\/blog\/wp-content\/uploads\/2015\/02\/Foto-nga-Rana-Ulqin-Florin-Kurti-14-01-2015-1.jpg","contentUrl":"https:\/\/www.visit-ulcinj.com\/blog\/wp-content\/uploads\/2015\/02\/Foto-nga-Rana-Ulqin-Florin-Kurti-14-01-2015-1.jpg","width":960,"height":540},{"@type":"WebPage","@id":"https:\/\/www.visit-ulcinj.com\/blog\/2015\/02\/16\/a-duhet-te-pastrohet-plazhi-ne-rane-ulqin\/#webpage","url":"https:\/\/www.visit-ulcinj.com\/blog\/2015\/02\/16\/a-duhet-te-pastrohet-plazhi-ne-rane-ulqin\/","name":"A duhet t\u00eb pastrohet plazhi n\u00eb Ran\u00eb - Ulqin - Lajme nga Ulqini","isPartOf":{"@id":"https:\/\/www.visit-ulcinj.com\/blog\/#website"},"primaryImageOfPage":{"@id":"https:\/\/www.visit-ulcinj.com\/blog\/2015\/02\/16\/a-duhet-te-pastrohet-plazhi-ne-rane-ulqin\/#primaryimage"},"datePublished":"2015-02-16T17:38:24+00:00","dateModified":"2015-02-16T17:38:56+00:00","author":{"@id":"https:\/\/www.visit-ulcinj.com\/blog\/#\/schema\/person\/dcab619c614d3038751c63bc2aadc06d"},"description":"Foto: Florin Kurti\u00a0 Facebook Ende pas dy jav\u00ebsh nuk ka nisur puna p\u00ebr pastrimin e hap\u00ebsir\u00ebs s\u00eb r\u00ebr\u00ebs n\u00eb vij\u00ebn bregdetare t\u00eb plazhit t\u00eb vog\u00ebl n\u00eb Ulqin. Ja","breadcrumb":{"@id":"https:\/\/www.visit-ulcinj.com\/blog\/2015\/02\/16\/a-duhet-te-pastrohet-plazhi-ne-rane-ulqin\/#breadcrumb"},"inLanguage":"en-US","potentialAction":[{"@type":"ReadAction","target":["https:\/\/www.visit-ulcinj.com\/blog\/2015\/02\/16\/a-duhet-te-pastrohet-plazhi-ne-rane-ulqin\/"]}]},{"@type":"BreadcrumbList","@id":"https:\/\/www.visit-ulcinj.com\/blog\/2015\/02\/16\/a-duhet-te-pastrohet-plazhi-ne-rane-ulqin\/#breadcrumb","itemListElement":[{"@type":"ListItem","position":1,"name":"A duhet t\u00eb pastrohet plazhi n\u00eb Ran\u00eb &#8211; Ulqin"}]},{"@type":"Person","@id":"https:\/\/www.visit-ulcinj.com\/blog\/#\/schema\/person\/dcab619c614d3038751c63bc2aadc06d","name":"ulqini","sameAs":["http:\/\/www.visit-ulcinj.com"],"url":"https:\/\/www.visit-ulcinj.com\/blog\/author\/admin\/"}]}},"jetpack_featured_media_url":"","jetpack_sharing_enabled":true,"jetpack_shortlink":"https:\/\/wp.me\/pe6lTn-n3u","_links":{"self":[{"href":"https:\/\/www.visit-ulcinj.com\/blog\/wp-json\/wp\/v2\/posts\/88628"}],"collection":[{"href":"https:\/\/www.visit-ulcinj.com\/blog\/wp-json\/wp\/v2\/posts"}],"about":[{"href":"https:\/\/www.visit-ulcinj.com\/blog\/wp-json\/wp\/v2\/types\/post"}],"author":[{"embeddable":true,"href":"https:\/\/www.visit-ulcinj.com\/blog\/wp-json\/wp\/v2\/users\/1"}],"replies":[{"embeddable":true,"href":"https:\/\/www.visit-ulcinj.com\/blog\/wp-json\/wp\/v2\/comments?post=88628"}],"version-history":[{"count":2,"href":"https:\/\/www.visit-ulcinj.com\/blog\/wp-json\/wp\/v2\/posts\/88628\/revisions"}],"predecessor-version":[{"id":88637,"href":"https:\/\/www.visit-ulcinj.com\/blog\/wp-json\/wp\/v2\/posts\/88628\/revisions\/88637"}],"wp:attachment":[{"href":"https:\/\/www.visit-ulcinj.com\/blog\/wp-json\/wp\/v2\/media?parent=88628"}],"wp:term":[{"taxonomy":"category","embeddable":true,"href":"https:\/\/www.visit-ulcinj.com\/blog\/wp-json\/wp\/v2\/categories?post=88628"},{"taxonomy":"post_tag","embeddable":true,"href":"https:\/\/www.visit-ulcinj.com\/blog\/wp-json\/wp\/v2\/tags?post=88628"}],"curies":[{"name":"wp","href":"https:\/\/api.w.org\/{rel}","templated":true}]}}