{"id":88630,"date":"2015-02-16T17:54:27","date_gmt":"2015-02-16T16:54:27","guid":{"rendered":"http:\/\/www.visit-ulcinj.com\/blog\/?p=88630"},"modified":"2015-02-17T16:05:04","modified_gmt":"2015-02-17T15:05:04","slug":"del-ne-treg-gazeta-e-ulqinit-ul-informer-pa-pagese","status":"publish","type":"post","link":"https:\/\/www.visit-ulcinj.com\/blog\/2015\/02\/16\/del-ne-treg-gazeta-e-ulqinit-ul-informer-pa-pagese\/","title":{"rendered":"Del n\u00eb treg gazeta e Ulqinit \u201cUL INFORMER\u201d pa pages\u00eb"},"content":{"rendered":"<p><a href=\"http:\/\/www.visit-ulcinj.com\/blog\/wp-content\/uploads\/2015\/02\/gazeta-e-Ulqinit-UL-INFORMER.jpg\"><img loading=\"lazy\" class=\"alignleft wp-image-88631\" src=\"http:\/\/www.visit-ulcinj.com\/blog\/wp-content\/uploads\/2015\/02\/gazeta-e-Ulqinit-UL-INFORMER.jpg\" alt=\"gazeta e Ulqinit -UL INFORMER\" width=\"508\" height=\"675\" srcset=\"https:\/\/www.visit-ulcinj.com\/blog\/wp-content\/uploads\/2015\/02\/gazeta-e-Ulqinit-UL-INFORMER.jpg 722w, https:\/\/www.visit-ulcinj.com\/blog\/wp-content\/uploads\/2015\/02\/gazeta-e-Ulqinit-UL-INFORMER-226x300.jpg 226w\" sizes=\"(max-width: 508px) 100vw, 508px\" \/><\/a>T\u00eb m\u00ebrkur\u00ebn doli ne treg gazeta \u201cUL INFORMER\u201d, botim i par\u00eb n\u00eb tregun e Ulqinit n\u00eb gjuhen malazeze. Jo pa q\u00ebllim gazeta \u201cUL INFORMER\u201d, ju shtua tregut gazetaresk ne Mal t\u00eb Zi m\u00eb 11 shkurt 2015.<\/p>\n<p>P\u00ebr t\u2019ua mund\u00ebsuar leximin e numrit gazet\u00ebs, \u201cUL INFORMER\u201d ka ofruar leximin e saj pa pages\u00eb.<\/p>\n<p>Dalja e gazet\u00ebs \u00ebsht\u00eb nj\u00eb moment i ri p\u00ebr Ulqin, nj\u00eb ngjarje e domosdoshme pasi shqiptar\u00ebt n\u00eb Mal t\u00eb Zi e sidomos n\u00eb Ulqin kan\u00eb nevoj\u00eb t\u00eb m\u00ebsojn\u00eb t\u00eb v\u00ebrtet\u00ebn.<\/p>\n<p>Duke uruar nj\u00eb fillim t\u00eb mbar\u00eb \u201cUL INFORMER\u201d, duhet t\u00eb cekim se kjo gazet\u00eb nuk \u00ebsht\u00eb nj\u00eb fletushk\u00eb por do t\u00eb ket\u00eb rubrika t\u00eb ndryshme, me tema nga m\u00eb t\u00eb ndryshmet e Ulqinit nga Politika, Ekonomia, Turizmi, Kultura, Sporti, Kronika e shum\u00eb lajme t\u00eb tjera nga Show-bizi, Teknologjia, Automobilizmi e Lifestyle.<\/p>\n","protected":false},"excerpt":{"rendered":"<p>T\u00eb m\u00ebrkur\u00ebn doli ne treg gazeta \u201cUL INFORMER\u201d, botim i par\u00eb n\u00eb tregun e Ulqinit n\u00eb gjuhen malazeze. Jo pa q\u00ebllim gazeta \u201cUL INFORMER\u201d, ju shtua tregut gazetaresk ne Mal t\u00eb Zi m\u00eb 11 shkurt 2015. P\u00ebr t\u2019ua mund\u00ebsuar leximin e numrit gazet\u00ebs, \u201cUL INFORMER\u201d ka ofruar leximin e saj pa pages\u00eb. Dalja e gazet\u00ebs [&hellip;]<\/p>\n","protected":false},"author":1,"featured_media":0,"comment_status":"closed","ping_status":"closed","sticky":false,"template":"","format":"standard","meta":{"spay_email":"","jetpack_publicize_message":"","jetpack_is_tweetstorm":false,"jetpack_publicize_feature_enabled":true},"categories":[1,12],"tags":[],"jetpack_publicize_connections":[],"yoast_head":"<!-- This site is optimized with the Yoast SEO plugin v19.1 - https:\/\/yoast.com\/wordpress\/plugins\/seo\/ -->\n<title>Del n\u00eb treg gazeta e Ulqinit \u201cUL INFORMER\u201d pa pages\u00eb - Lajme nga Ulqini<\/title>\n<meta name=\"description\" content=\"T\u00eb m\u00ebrkur\u00ebn doli ne treg gazeta \u201cUL INFORMER\u201d, botim i par\u00eb n\u00eb tregun e Ulqinit n\u00eb gjuhen malazeze. Jo pa q\u00ebllim gazeta \u201cUL INFORMER\u201d, ju shtua tregut\" \/>\n<meta name=\"robots\" content=\"index, follow, max-snippet:-1, max-image-preview:large, max-video-preview:-1\" \/>\n<link rel=\"canonical\" href=\"https:\/\/www.visit-ulcinj.com\/blog\/2015\/02\/16\/del-ne-treg-gazeta-e-ulqinit-ul-informer-pa-pagese\/\" \/>\n<meta property=\"og:locale\" content=\"en_US\" \/>\n<meta property=\"og:type\" content=\"article\" \/>\n<meta property=\"og:title\" content=\"Del n\u00eb treg gazeta e Ulqinit \u201cUL INFORMER\u201d pa pages\u00eb - Lajme nga Ulqini\" \/>\n<meta property=\"og:description\" content=\"T\u00eb m\u00ebrkur\u00ebn doli ne treg gazeta \u201cUL INFORMER\u201d, botim i par\u00eb n\u00eb tregun e Ulqinit n\u00eb gjuhen malazeze. Jo pa q\u00ebllim gazeta \u201cUL INFORMER\u201d, ju shtua tregut\" \/>\n<meta property=\"og:url\" content=\"https:\/\/www.visit-ulcinj.com\/blog\/2015\/02\/16\/del-ne-treg-gazeta-e-ulqinit-ul-informer-pa-pagese\/\" \/>\n<meta property=\"og:site_name\" content=\"Lajme nga Ulqini\" \/>\n<meta property=\"article:published_time\" content=\"2015-02-16T16:54:27+00:00\" \/>\n<meta property=\"article:modified_time\" content=\"2015-02-17T15:05:04+00:00\" \/>\n<meta property=\"og:image\" content=\"http:\/\/www.visit-ulcinj.com\/blog\/wp-content\/uploads\/2015\/02\/gazeta-e-Ulqinit-UL-INFORMER.jpg\" \/>\n<meta name=\"twitter:label1\" content=\"Written by\" \/>\n\t<meta name=\"twitter:data1\" content=\"ulqini\" \/>\n\t<meta name=\"twitter:label2\" content=\"Est. reading time\" \/>\n\t<meta name=\"twitter:data2\" content=\"1 minute\" \/>\n<script type=\"application\/ld+json\" class=\"yoast-schema-graph\">{\"@context\":\"https:\/\/schema.org\",\"@graph\":[{\"@type\":\"WebSite\",\"@id\":\"https:\/\/www.visit-ulcinj.com\/blog\/#website\",\"url\":\"https:\/\/www.visit-ulcinj.com\/blog\/\",\"name\":\"Lajme nga Ulqini\",\"description\":\"Lajme,Vijesti,Ulqini,Ulqin,Crna Gora,Mali i Zi\",\"potentialAction\":[{\"@type\":\"SearchAction\",\"target\":{\"@type\":\"EntryPoint\",\"urlTemplate\":\"https:\/\/www.visit-ulcinj.com\/blog\/?s={search_term_string}\"},\"query-input\":\"required name=search_term_string\"}],\"inLanguage\":\"en-US\"},{\"@type\":\"ImageObject\",\"inLanguage\":\"en-US\",\"@id\":\"https:\/\/www.visit-ulcinj.com\/blog\/2015\/02\/16\/del-ne-treg-gazeta-e-ulqinit-ul-informer-pa-pagese\/#primaryimage\",\"url\":\"https:\/\/www.visit-ulcinj.com\/blog\/wp-content\/uploads\/2015\/02\/gazeta-e-Ulqinit-UL-INFORMER.jpg\",\"contentUrl\":\"https:\/\/www.visit-ulcinj.com\/blog\/wp-content\/uploads\/2015\/02\/gazeta-e-Ulqinit-UL-INFORMER.jpg\",\"width\":722,\"height\":960},{\"@type\":\"WebPage\",\"@id\":\"https:\/\/www.visit-ulcinj.com\/blog\/2015\/02\/16\/del-ne-treg-gazeta-e-ulqinit-ul-informer-pa-pagese\/#webpage\",\"url\":\"https:\/\/www.visit-ulcinj.com\/blog\/2015\/02\/16\/del-ne-treg-gazeta-e-ulqinit-ul-informer-pa-pagese\/\",\"name\":\"Del n\u00eb treg gazeta e Ulqinit \u201cUL INFORMER\u201d pa pages\u00eb - Lajme nga Ulqini\",\"isPartOf\":{\"@id\":\"https:\/\/www.visit-ulcinj.com\/blog\/#website\"},\"primaryImageOfPage\":{\"@id\":\"https:\/\/www.visit-ulcinj.com\/blog\/2015\/02\/16\/del-ne-treg-gazeta-e-ulqinit-ul-informer-pa-pagese\/#primaryimage\"},\"datePublished\":\"2015-02-16T16:54:27+00:00\",\"dateModified\":\"2015-02-17T15:05:04+00:00\",\"author\":{\"@id\":\"https:\/\/www.visit-ulcinj.com\/blog\/#\/schema\/person\/dcab619c614d3038751c63bc2aadc06d\"},\"description\":\"T\u00eb m\u00ebrkur\u00ebn doli ne treg gazeta \u201cUL INFORMER\u201d, botim i par\u00eb n\u00eb tregun e Ulqinit n\u00eb gjuhen malazeze. Jo pa q\u00ebllim gazeta \u201cUL INFORMER\u201d, ju shtua tregut\",\"breadcrumb\":{\"@id\":\"https:\/\/www.visit-ulcinj.com\/blog\/2015\/02\/16\/del-ne-treg-gazeta-e-ulqinit-ul-informer-pa-pagese\/#breadcrumb\"},\"inLanguage\":\"en-US\",\"potentialAction\":[{\"@type\":\"ReadAction\",\"target\":[\"https:\/\/www.visit-ulcinj.com\/blog\/2015\/02\/16\/del-ne-treg-gazeta-e-ulqinit-ul-informer-pa-pagese\/\"]}]},{\"@type\":\"BreadcrumbList\",\"@id\":\"https:\/\/www.visit-ulcinj.com\/blog\/2015\/02\/16\/del-ne-treg-gazeta-e-ulqinit-ul-informer-pa-pagese\/#breadcrumb\",\"itemListElement\":[{\"@type\":\"ListItem\",\"position\":1,\"name\":\"Del n\u00eb treg gazeta e Ulqinit \u201cUL INFORMER\u201d pa pages\u00eb\"}]},{\"@type\":\"Person\",\"@id\":\"https:\/\/www.visit-ulcinj.com\/blog\/#\/schema\/person\/dcab619c614d3038751c63bc2aadc06d\",\"name\":\"ulqini\",\"sameAs\":[\"http:\/\/www.visit-ulcinj.com\"],\"url\":\"https:\/\/www.visit-ulcinj.com\/blog\/author\/admin\/\"}]}<\/script>\n<!-- \/ Yoast SEO plugin. -->","yoast_head_json":{"title":"Del n\u00eb treg gazeta e Ulqinit \u201cUL INFORMER\u201d pa pages\u00eb - Lajme nga Ulqini","description":"T\u00eb m\u00ebrkur\u00ebn doli ne treg gazeta \u201cUL INFORMER\u201d, botim i par\u00eb n\u00eb tregun e Ulqinit n\u00eb gjuhen malazeze. Jo pa q\u00ebllim gazeta \u201cUL INFORMER\u201d, ju shtua tregut","robots":{"index":"index","follow":"follow","max-snippet":"max-snippet:-1","max-image-preview":"max-image-preview:large","max-video-preview":"max-video-preview:-1"},"canonical":"https:\/\/www.visit-ulcinj.com\/blog\/2015\/02\/16\/del-ne-treg-gazeta-e-ulqinit-ul-informer-pa-pagese\/","og_locale":"en_US","og_type":"article","og_title":"Del n\u00eb treg gazeta e Ulqinit \u201cUL INFORMER\u201d pa pages\u00eb - Lajme nga Ulqini","og_description":"T\u00eb m\u00ebrkur\u00ebn doli ne treg gazeta \u201cUL INFORMER\u201d, botim i par\u00eb n\u00eb tregun e Ulqinit n\u00eb gjuhen malazeze. Jo pa q\u00ebllim gazeta \u201cUL INFORMER\u201d, ju shtua tregut","og_url":"https:\/\/www.visit-ulcinj.com\/blog\/2015\/02\/16\/del-ne-treg-gazeta-e-ulqinit-ul-informer-pa-pagese\/","og_site_name":"Lajme nga Ulqini","article_published_time":"2015-02-16T16:54:27+00:00","article_modified_time":"2015-02-17T15:05:04+00:00","og_image":[{"url":"http:\/\/www.visit-ulcinj.com\/blog\/wp-content\/uploads\/2015\/02\/gazeta-e-Ulqinit-UL-INFORMER.jpg"}],"twitter_misc":{"Written by":"ulqini","Est. reading time":"1 minute"},"schema":{"@context":"https:\/\/schema.org","@graph":[{"@type":"WebSite","@id":"https:\/\/www.visit-ulcinj.com\/blog\/#website","url":"https:\/\/www.visit-ulcinj.com\/blog\/","name":"Lajme nga Ulqini","description":"Lajme,Vijesti,Ulqini,Ulqin,Crna Gora,Mali i Zi","potentialAction":[{"@type":"SearchAction","target":{"@type":"EntryPoint","urlTemplate":"https:\/\/www.visit-ulcinj.com\/blog\/?s={search_term_string}"},"query-input":"required name=search_term_string"}],"inLanguage":"en-US"},{"@type":"ImageObject","inLanguage":"en-US","@id":"https:\/\/www.visit-ulcinj.com\/blog\/2015\/02\/16\/del-ne-treg-gazeta-e-ulqinit-ul-informer-pa-pagese\/#primaryimage","url":"https:\/\/www.visit-ulcinj.com\/blog\/wp-content\/uploads\/2015\/02\/gazeta-e-Ulqinit-UL-INFORMER.jpg","contentUrl":"https:\/\/www.visit-ulcinj.com\/blog\/wp-content\/uploads\/2015\/02\/gazeta-e-Ulqinit-UL-INFORMER.jpg","width":722,"height":960},{"@type":"WebPage","@id":"https:\/\/www.visit-ulcinj.com\/blog\/2015\/02\/16\/del-ne-treg-gazeta-e-ulqinit-ul-informer-pa-pagese\/#webpage","url":"https:\/\/www.visit-ulcinj.com\/blog\/2015\/02\/16\/del-ne-treg-gazeta-e-ulqinit-ul-informer-pa-pagese\/","name":"Del n\u00eb treg gazeta e Ulqinit \u201cUL INFORMER\u201d pa pages\u00eb - Lajme nga Ulqini","isPartOf":{"@id":"https:\/\/www.visit-ulcinj.com\/blog\/#website"},"primaryImageOfPage":{"@id":"https:\/\/www.visit-ulcinj.com\/blog\/2015\/02\/16\/del-ne-treg-gazeta-e-ulqinit-ul-informer-pa-pagese\/#primaryimage"},"datePublished":"2015-02-16T16:54:27+00:00","dateModified":"2015-02-17T15:05:04+00:00","author":{"@id":"https:\/\/www.visit-ulcinj.com\/blog\/#\/schema\/person\/dcab619c614d3038751c63bc2aadc06d"},"description":"T\u00eb m\u00ebrkur\u00ebn doli ne treg gazeta \u201cUL INFORMER\u201d, botim i par\u00eb n\u00eb tregun e Ulqinit n\u00eb gjuhen malazeze. Jo pa q\u00ebllim gazeta \u201cUL INFORMER\u201d, ju shtua tregut","breadcrumb":{"@id":"https:\/\/www.visit-ulcinj.com\/blog\/2015\/02\/16\/del-ne-treg-gazeta-e-ulqinit-ul-informer-pa-pagese\/#breadcrumb"},"inLanguage":"en-US","potentialAction":[{"@type":"ReadAction","target":["https:\/\/www.visit-ulcinj.com\/blog\/2015\/02\/16\/del-ne-treg-gazeta-e-ulqinit-ul-informer-pa-pagese\/"]}]},{"@type":"BreadcrumbList","@id":"https:\/\/www.visit-ulcinj.com\/blog\/2015\/02\/16\/del-ne-treg-gazeta-e-ulqinit-ul-informer-pa-pagese\/#breadcrumb","itemListElement":[{"@type":"ListItem","position":1,"name":"Del n\u00eb treg gazeta e Ulqinit \u201cUL INFORMER\u201d pa pages\u00eb"}]},{"@type":"Person","@id":"https:\/\/www.visit-ulcinj.com\/blog\/#\/schema\/person\/dcab619c614d3038751c63bc2aadc06d","name":"ulqini","sameAs":["http:\/\/www.visit-ulcinj.com"],"url":"https:\/\/www.visit-ulcinj.com\/blog\/author\/admin\/"}]}},"jetpack_featured_media_url":"","jetpack_sharing_enabled":true,"jetpack_shortlink":"https:\/\/wp.me\/pe6lTn-n3w","_links":{"self":[{"href":"https:\/\/www.visit-ulcinj.com\/blog\/wp-json\/wp\/v2\/posts\/88630"}],"collection":[{"href":"https:\/\/www.visit-ulcinj.com\/blog\/wp-json\/wp\/v2\/posts"}],"about":[{"href":"https:\/\/www.visit-ulcinj.com\/blog\/wp-json\/wp\/v2\/types\/post"}],"author":[{"embeddable":true,"href":"https:\/\/www.visit-ulcinj.com\/blog\/wp-json\/wp\/v2\/users\/1"}],"replies":[{"embeddable":true,"href":"https:\/\/www.visit-ulcinj.com\/blog\/wp-json\/wp\/v2\/comments?post=88630"}],"version-history":[{"count":3,"href":"https:\/\/www.visit-ulcinj.com\/blog\/wp-json\/wp\/v2\/posts\/88630\/revisions"}],"predecessor-version":[{"id":88634,"href":"https:\/\/www.visit-ulcinj.com\/blog\/wp-json\/wp\/v2\/posts\/88630\/revisions\/88634"}],"wp:attachment":[{"href":"https:\/\/www.visit-ulcinj.com\/blog\/wp-json\/wp\/v2\/media?parent=88630"}],"wp:term":[{"taxonomy":"category","embeddable":true,"href":"https:\/\/www.visit-ulcinj.com\/blog\/wp-json\/wp\/v2\/categories?post=88630"},{"taxonomy":"post_tag","embeddable":true,"href":"https:\/\/www.visit-ulcinj.com\/blog\/wp-json\/wp\/v2\/tags?post=88630"}],"curies":[{"name":"wp","href":"https:\/\/api.w.org\/{rel}","templated":true}]}}