{"id":88638,"date":"2015-02-17T15:31:11","date_gmt":"2015-02-17T14:31:11","guid":{"rendered":"http:\/\/www.visit-ulcinj.com\/blog\/?p=88638"},"modified":"2015-02-17T16:04:17","modified_gmt":"2015-02-17T15:04:17","slug":"nika-contra-populus-falsifikimi-deshmive","status":"publish","type":"post","link":"https:\/\/www.visit-ulcinj.com\/blog\/2015\/02\/17\/nika-contra-populus-falsifikimi-deshmive\/","title":{"rendered":"Nika: CONTRA POPULUS &#8211; Falsifikimi i d\u00ebshmive"},"content":{"rendered":"<p><strong><a href=\"http:\/\/www.visit-ulcinj.com\/blog\/wp-content\/uploads\/2014\/11\/Muhamet-Nika.jpg\"><img loading=\"lazy\" class=\"alignleft wp-image-86143 size-full\" src=\"http:\/\/www.visit-ulcinj.com\/blog\/wp-content\/uploads\/2014\/11\/Muhamet-Nika.jpg\" alt=\"Muhamet Nika\" width=\"256\" height=\"319\" srcset=\"https:\/\/www.visit-ulcinj.com\/blog\/wp-content\/uploads\/2014\/11\/Muhamet-Nika.jpg 256w, https:\/\/www.visit-ulcinj.com\/blog\/wp-content\/uploads\/2014\/11\/Muhamet-Nika-240x300.jpg 240w\" sizes=\"(max-width: 256px) 100vw, 256px\" \/><\/a>Shkruan: Muhamet Nika<\/strong><\/p>\n<p style=\"text-align: center;\"><strong>CONTRA POPULUS<\/strong><\/p>\n<ol start=\"3\">\n<li><strong>Falsifikimi i d\u00ebshmive<\/strong><\/li>\n<\/ol>\n<p>Falsifikimi i d\u00ebshmive \u00ebsht\u00eb nj\u00ebra prej simptomave t\u00eb njohura me t\u00eb cilat sprovohen t\u00eb gjith\u00eb element\u00ebt korruptues t\u00eb nj\u00eb grupimi shoq\u00ebror. Manifestimi i till\u00eb zakonisht b\u00ebhet p\u00ebr t\u00eb mundur kund\u00ebrshtar\u00ebt e\u00a0\u00a0 llojit q\u00eb n\u00eb faz\u00ebn e hershme t\u00eb krijimit t\u00eb grupit t\u00eb interesit . Kjo zakonisht b\u00ebhet kur prij\u00ebsi e dikton q\u00eb ngjitja n\u00eb nj\u00eb pozit\u00eb t\u00eb lart\u00eb t\u00eb grupit t\u00eb caktuar \u00ebsht\u00eb m\u00eb tep\u00ebr pun\u00eb fati q\u00eb i buz\u00ebqeshi dikujt se sa merite e nj\u00eb ment\u00eb n\u00eb raport me t\u00eb tjer\u00ebt.<\/p>\n<p>Kur nga kryesia e partis\u00eb(LD n\u00eb MZ) , ish larguar dega e Ulqinit dhe kish formuar Udsh-n\u00eb dhe kish ardhur koha q\u00eb t\u00eb konfrontohen n\u00eb linj\u00ebn parti \u2013 pushte edhe pjes\u00ebt e mbetura t\u00eb saj , at\u00ebher\u00eb n\u00eb te shp\u00ebrthyen p\u00ebrleshje verbale t\u00eb nd\u00ebrsjella. Po kujtoj k\u00ebtu q\u00eb grupit t\u00eb mbetur, kryetari i saj , pas nj\u00eb debate, tmerr\u00ebsisht t\u00eb nxeht\u00eb, iu drejtua nj\u00ebrit prej shok\u00ebve t\u00eb kryesis\u00eb ( tashm\u00eb i vdekur&#8230;), se \u201c\u00e7far\u00eb duhet t\u00eb veprojn\u00eb(ata te dy), nga se edhe an\u00ebtar\u00ebt e mbetur t\u00eb kryesis\u00eb, po rebelohen e kan\u00eb \u00e7uar krye si ulqinak\u00ebt- p\u00ebrmes dor\u00ebs s\u00eb shtetit q\u00eb d\u00ebshiron t\u00eb shkat\u00ebrroj\u00eb partin\u00eb n\u00eb m\u00ebnyr\u00eb permanenet&#8230;\u201d?!! M\u00eb pas vazhdoi , me arsyetimin, se \u201cun\u00eb e ti , nuk kemi \u00e7far\u00eb t\u00eb b\u00ebjm\u00eb&#8230;. , ne ishim t\u00eb vetmuar gjat\u00eb vitit 81, pastaj gjat\u00eb viteve 90, kur e formuam LD-n\u00eb, e jemi si duket vet edhe sot&#8230;..?!\u00a0\u00a0 \u201c&#8230;.. Duke dh\u00ebn\u00eb t\u00eb kuptohet se nuk ka kush t\u00eb iu mbaj\u00eb ritmin e patriotizmit q\u00eb kishin nj\u00ebri dhe tjetri , andaj na qenk\u00ebsh shum\u00eb problem&#8230;?!!Kurse i pyeturi- i ndjer\u00eb, iu p\u00ebrgjigj: \u201c situata me gjith\u00eb at\u00eb , nuk \u00ebsht\u00eb si me t\u00eb par\u00ebt- ulqinak\u00ebt e ml\u00ebsor\u00ebt,dhe se ata sipas tij, nuk ishin as kush , e k\u00ebta , prap\u00eb jan\u00eb dikush&#8230;?!!!<\/p>\n<p>Gjith\u00eb t\u00eb tjer\u00ebt hesht\u00ebn sepse p\u00ebr ta v\u00ebrtet\u00eb Mehmeti ish i pa diskutuesh\u00ebm, kurse vet\u00eb kund\u00ebrshtova dhe thash\u00eb , ndoshta nuk \u00ebsht\u00eb krejt ashtu?! Por edhe mund t\u00eb q\u00ebndroj\u00eb teza e juaj sot, sepse shumica q\u00eb mund ta hedhin posht\u00eb k\u00ebt\u00eb tez\u00eb t\u00eb urryer, ose jan\u00eb larguar ose kan\u00eb vdekur , si puna e t\u00eb ndjerit B. Rexha dhe se k\u00ebta p\u00ebr rreth edhe nuk i din\u00eb k\u00ebto pun\u00eb. Pas k\u00ebsaj pllakosi nj\u00eb heshtje \u00e7udit\u00ebse t\u00eb cil\u00ebn p\u00ebrs\u00ebri e theva&#8230;.. , duke shtuar, se:\u201d&#8230; p\u00ebr veten time ju kam th\u00ebn\u00eb nj\u00eb her\u00eb q\u00eb nuk e ndiej veten n\u00eb pozita inferiore p\u00ebr \u00e7\u00ebshtjen patriotike, t\u00eb pakt\u00ebn jo, ndaj ju t\u00eb dyve&#8230;.?!!<\/p>\n<p>Dhe kuptohet, q\u00eb k\u00ebshtu edhe mua mu paraqit nj\u00eb rast ideal , p\u00ebr t\u2019ia kontestuar patriotizmin e tij\u201d t\u00eb kulluar \u201c, pasi vite m\u00eb par\u00eb m\u00eb pat akuzuar dhe vet kisha pritur momentin q\u00eb t\u2019ia kthej n\u00eb \u201ckallabullek&#8230;.?!!!<\/p>\n<p>Nd\u00ebrsa ai i ndjeri, duke u v\u00ebn\u00eb n\u00eb mbrojtje t\u00eb tij , m\u00eb tha : \u201c \u00e7ka po flet, a mos je i pit\u00eb p\u00ebr k\u00ebt\u00eb q\u00eb po thua e akuzon kryetarin&#8230;\u201d?! Kurse, vet ia prita: \u201c Ju po thoni..dhe veproni si t\u00eb dehur me k\u00ebto akuza&#8230;\u201d q\u00eb drejtoni ndaj neve. Me kaq \u00e7\u00ebshtja p\u00ebrfundoi.<\/p>\n<p>Kuptohet q\u00eb pjesa e akuzuar e kryesis\u00eb , ishte p\u00ebrcaktuar q\u00eb n\u00eb raport me te, t\u00eb rrinin, si i thon\u00eb fjal\u00ebs\u201d her\u00eb n\u00eb mjek\u00ebr e her\u00eb n\u00ebn mjek\u00ebr\u201d, duke shikuar k\u00ebshtu, q\u00eb edhe p\u00ebr do koh\u00eb, t\u2019i kryenin do pun\u00eb t\u00eb veta dhe nuk iu ndiente p\u00ebr akuzat e b\u00ebra e mbase edhe ishte ashtu si\u00e7 akuzonte Bardhi&#8230;?!!<\/p>\n<p>Duke dashur q\u00eb t\u00eb mos vihem n\u00eb kandar me pal\u00ebt e konfrontuara , vendosa t\u00eb largohem nga kjo parti me nj\u00eb dor\u00ebheqje t\u00eb publikuar. Po shtoj k\u00ebtu p\u00ebr fund q\u00eb grupit t\u00eb konfrontuar t\u00eb partis\u00eb i hasi sharra n\u00eb gozhd\u00eb rreth p\u00ebrcaktimit me vot\u00eb se kujt i takonte k\u00ebshilltari i 11 i KK Ulqin &#8211; deg\u00ebs s\u00eb An\u00ebs s\u00eb Malit, apo asaj Kodra Gjerana. Problemi i dy deg\u00ebve rreth k\u00ebshilltarit u bart n\u00eb kryesi t\u00eb Lidhjes dhe se rezultati i votimit ishte at\u00eb dit\u00eb 9 pro dhe 9 kundra. Pasi isha nga Ana e Malit dhe pasi u binda q\u00eb lokalizmat din\u00eb t\u00eb jen\u00eb edhe t\u00eb rreziksh\u00ebm, dit\u00ebn e votimit nuk shkova fare n\u00eb mbledhje dhe logjikisht del q\u00eb po t\u00eb kisha shkuar do t\u00eb kish fituar grupimi tjet\u00ebr dhe jo ai i Bardhit. Po pse e b\u00ebra k\u00ebt\u00eb, edhe sot mendoj q\u00eb prap\u00eb se prap\u00eb ai q\u00ebndronte shum\u00eb para tyre n\u00eb shum\u00eb \u00e7\u00ebshtje.<\/p>\n<p>K\u00ebshilltari i 11 i kk , n\u00eb at\u00eb koh\u00eb u dramatizua nga kryetari i deg\u00ebs s\u00eb An\u00ebs s\u00eb Malit , sepse ajo deg\u00eb q\u00eb kish k\u00ebshilltar\u00eb m\u00eb shum\u00eb do t\u00eb jepte edhe kryetarin e\u00a0\u00a0 komun\u00ebs. Fjala ish p\u00ebr z. Skender Hoxha cili edhe u b\u00eb m\u00eb von\u00eb&#8230;?!!!<\/p>\n<p><strong>(vazhdon&#8230;)<\/strong><\/p>\n<p>&nbsp;<\/p>\n","protected":false},"excerpt":{"rendered":"<p>Shkruan: Muhamet Nika CONTRA POPULUS Falsifikimi i d\u00ebshmive Falsifikimi i d\u00ebshmive \u00ebsht\u00eb nj\u00ebra prej simptomave t\u00eb njohura me t\u00eb cilat sprovohen t\u00eb gjith\u00eb element\u00ebt korruptues t\u00eb nj\u00eb grupimi shoq\u00ebror. Manifestimi i till\u00eb zakonisht b\u00ebhet p\u00ebr t\u00eb mundur kund\u00ebrshtar\u00ebt e\u00a0\u00a0 llojit q\u00eb n\u00eb faz\u00ebn e hershme t\u00eb krijimit t\u00eb grupit t\u00eb interesit . Kjo zakonisht b\u00ebhet [&hellip;]<\/p>\n","protected":false},"author":1,"featured_media":0,"comment_status":"closed","ping_status":"closed","sticky":false,"template":"","format":"standard","meta":{"spay_email":"","jetpack_publicize_message":"","jetpack_is_tweetstorm":false,"jetpack_publicize_feature_enabled":true},"categories":[1,14249],"tags":[],"jetpack_publicize_connections":[],"yoast_head":"<!-- This site is optimized with the Yoast SEO plugin v19.1 - https:\/\/yoast.com\/wordpress\/plugins\/seo\/ -->\n<title>Nika: CONTRA POPULUS - Falsifikimi i d\u00ebshmive - Lajme nga Ulqini<\/title>\n<meta name=\"description\" content=\"Shkruan: Muhamet Nika CONTRA POPULUS Falsifikimi i d\u00ebshmive Falsifikimi i d\u00ebshmive \u00ebsht\u00eb nj\u00ebra prej simptomave t\u00eb njohura me t\u00eb cilat sprovohen t\u00eb gjith\u00eb\" \/>\n<meta name=\"robots\" content=\"index, follow, max-snippet:-1, max-image-preview:large, max-video-preview:-1\" \/>\n<link rel=\"canonical\" href=\"https:\/\/www.visit-ulcinj.com\/blog\/2015\/02\/17\/nika-contra-populus-falsifikimi-deshmive\/\" \/>\n<meta property=\"og:locale\" content=\"en_US\" \/>\n<meta property=\"og:type\" content=\"article\" \/>\n<meta property=\"og:title\" content=\"Nika: CONTRA POPULUS - Falsifikimi i d\u00ebshmive - Lajme nga Ulqini\" \/>\n<meta property=\"og:description\" content=\"Shkruan: Muhamet Nika CONTRA POPULUS Falsifikimi i d\u00ebshmive Falsifikimi i d\u00ebshmive \u00ebsht\u00eb nj\u00ebra prej simptomave t\u00eb njohura me t\u00eb cilat sprovohen t\u00eb gjith\u00eb\" \/>\n<meta property=\"og:url\" content=\"https:\/\/www.visit-ulcinj.com\/blog\/2015\/02\/17\/nika-contra-populus-falsifikimi-deshmive\/\" \/>\n<meta property=\"og:site_name\" content=\"Lajme nga Ulqini\" \/>\n<meta property=\"article:published_time\" content=\"2015-02-17T14:31:11+00:00\" \/>\n<meta property=\"article:modified_time\" content=\"2015-02-17T15:04:17+00:00\" \/>\n<meta property=\"og:image\" content=\"http:\/\/www.visit-ulcinj.com\/blog\/wp-content\/uploads\/2014\/11\/Muhamet-Nika.jpg\" \/>\n<meta name=\"twitter:label1\" content=\"Written by\" \/>\n\t<meta name=\"twitter:data1\" content=\"ulqini\" \/>\n\t<meta name=\"twitter:label2\" content=\"Est. reading time\" \/>\n\t<meta name=\"twitter:data2\" content=\"4 minutes\" \/>\n<script type=\"application\/ld+json\" class=\"yoast-schema-graph\">{\"@context\":\"https:\/\/schema.org\",\"@graph\":[{\"@type\":\"WebSite\",\"@id\":\"https:\/\/www.visit-ulcinj.com\/blog\/#website\",\"url\":\"https:\/\/www.visit-ulcinj.com\/blog\/\",\"name\":\"Lajme nga Ulqini\",\"description\":\"Lajme,Vijesti,Ulqini,Ulqin,Crna Gora,Mali i Zi\",\"potentialAction\":[{\"@type\":\"SearchAction\",\"target\":{\"@type\":\"EntryPoint\",\"urlTemplate\":\"https:\/\/www.visit-ulcinj.com\/blog\/?s={search_term_string}\"},\"query-input\":\"required name=search_term_string\"}],\"inLanguage\":\"en-US\"},{\"@type\":\"ImageObject\",\"inLanguage\":\"en-US\",\"@id\":\"https:\/\/www.visit-ulcinj.com\/blog\/2015\/02\/17\/nika-contra-populus-falsifikimi-deshmive\/#primaryimage\",\"url\":\"https:\/\/www.visit-ulcinj.com\/blog\/wp-content\/uploads\/2014\/11\/Muhamet-Nika.jpg\",\"contentUrl\":\"https:\/\/www.visit-ulcinj.com\/blog\/wp-content\/uploads\/2014\/11\/Muhamet-Nika.jpg\",\"width\":256,\"height\":319},{\"@type\":\"WebPage\",\"@id\":\"https:\/\/www.visit-ulcinj.com\/blog\/2015\/02\/17\/nika-contra-populus-falsifikimi-deshmive\/#webpage\",\"url\":\"https:\/\/www.visit-ulcinj.com\/blog\/2015\/02\/17\/nika-contra-populus-falsifikimi-deshmive\/\",\"name\":\"Nika: CONTRA POPULUS - Falsifikimi i d\u00ebshmive - Lajme nga Ulqini\",\"isPartOf\":{\"@id\":\"https:\/\/www.visit-ulcinj.com\/blog\/#website\"},\"primaryImageOfPage\":{\"@id\":\"https:\/\/www.visit-ulcinj.com\/blog\/2015\/02\/17\/nika-contra-populus-falsifikimi-deshmive\/#primaryimage\"},\"datePublished\":\"2015-02-17T14:31:11+00:00\",\"dateModified\":\"2015-02-17T15:04:17+00:00\",\"author\":{\"@id\":\"https:\/\/www.visit-ulcinj.com\/blog\/#\/schema\/person\/dcab619c614d3038751c63bc2aadc06d\"},\"description\":\"Shkruan: Muhamet Nika CONTRA POPULUS Falsifikimi i d\u00ebshmive Falsifikimi i d\u00ebshmive \u00ebsht\u00eb nj\u00ebra prej simptomave t\u00eb njohura me t\u00eb cilat sprovohen t\u00eb gjith\u00eb\",\"breadcrumb\":{\"@id\":\"https:\/\/www.visit-ulcinj.com\/blog\/2015\/02\/17\/nika-contra-populus-falsifikimi-deshmive\/#breadcrumb\"},\"inLanguage\":\"en-US\",\"potentialAction\":[{\"@type\":\"ReadAction\",\"target\":[\"https:\/\/www.visit-ulcinj.com\/blog\/2015\/02\/17\/nika-contra-populus-falsifikimi-deshmive\/\"]}]},{\"@type\":\"BreadcrumbList\",\"@id\":\"https:\/\/www.visit-ulcinj.com\/blog\/2015\/02\/17\/nika-contra-populus-falsifikimi-deshmive\/#breadcrumb\",\"itemListElement\":[{\"@type\":\"ListItem\",\"position\":1,\"name\":\"Nika: CONTRA POPULUS &#8211; Falsifikimi i d\u00ebshmive\"}]},{\"@type\":\"Person\",\"@id\":\"https:\/\/www.visit-ulcinj.com\/blog\/#\/schema\/person\/dcab619c614d3038751c63bc2aadc06d\",\"name\":\"ulqini\",\"sameAs\":[\"http:\/\/www.visit-ulcinj.com\"],\"url\":\"https:\/\/www.visit-ulcinj.com\/blog\/author\/admin\/\"}]}<\/script>\n<!-- \/ Yoast SEO plugin. -->","yoast_head_json":{"title":"Nika: CONTRA POPULUS - Falsifikimi i d\u00ebshmive - Lajme nga Ulqini","description":"Shkruan: Muhamet Nika CONTRA POPULUS Falsifikimi i d\u00ebshmive Falsifikimi i d\u00ebshmive \u00ebsht\u00eb nj\u00ebra prej simptomave t\u00eb njohura me t\u00eb cilat sprovohen t\u00eb gjith\u00eb","robots":{"index":"index","follow":"follow","max-snippet":"max-snippet:-1","max-image-preview":"max-image-preview:large","max-video-preview":"max-video-preview:-1"},"canonical":"https:\/\/www.visit-ulcinj.com\/blog\/2015\/02\/17\/nika-contra-populus-falsifikimi-deshmive\/","og_locale":"en_US","og_type":"article","og_title":"Nika: CONTRA POPULUS - Falsifikimi i d\u00ebshmive - Lajme nga Ulqini","og_description":"Shkruan: Muhamet Nika CONTRA POPULUS Falsifikimi i d\u00ebshmive Falsifikimi i d\u00ebshmive \u00ebsht\u00eb nj\u00ebra prej simptomave t\u00eb njohura me t\u00eb cilat sprovohen t\u00eb gjith\u00eb","og_url":"https:\/\/www.visit-ulcinj.com\/blog\/2015\/02\/17\/nika-contra-populus-falsifikimi-deshmive\/","og_site_name":"Lajme nga Ulqini","article_published_time":"2015-02-17T14:31:11+00:00","article_modified_time":"2015-02-17T15:04:17+00:00","og_image":[{"url":"http:\/\/www.visit-ulcinj.com\/blog\/wp-content\/uploads\/2014\/11\/Muhamet-Nika.jpg"}],"twitter_misc":{"Written by":"ulqini","Est. reading time":"4 minutes"},"schema":{"@context":"https:\/\/schema.org","@graph":[{"@type":"WebSite","@id":"https:\/\/www.visit-ulcinj.com\/blog\/#website","url":"https:\/\/www.visit-ulcinj.com\/blog\/","name":"Lajme nga Ulqini","description":"Lajme,Vijesti,Ulqini,Ulqin,Crna Gora,Mali i Zi","potentialAction":[{"@type":"SearchAction","target":{"@type":"EntryPoint","urlTemplate":"https:\/\/www.visit-ulcinj.com\/blog\/?s={search_term_string}"},"query-input":"required name=search_term_string"}],"inLanguage":"en-US"},{"@type":"ImageObject","inLanguage":"en-US","@id":"https:\/\/www.visit-ulcinj.com\/blog\/2015\/02\/17\/nika-contra-populus-falsifikimi-deshmive\/#primaryimage","url":"https:\/\/www.visit-ulcinj.com\/blog\/wp-content\/uploads\/2014\/11\/Muhamet-Nika.jpg","contentUrl":"https:\/\/www.visit-ulcinj.com\/blog\/wp-content\/uploads\/2014\/11\/Muhamet-Nika.jpg","width":256,"height":319},{"@type":"WebPage","@id":"https:\/\/www.visit-ulcinj.com\/blog\/2015\/02\/17\/nika-contra-populus-falsifikimi-deshmive\/#webpage","url":"https:\/\/www.visit-ulcinj.com\/blog\/2015\/02\/17\/nika-contra-populus-falsifikimi-deshmive\/","name":"Nika: CONTRA POPULUS - Falsifikimi i d\u00ebshmive - Lajme nga Ulqini","isPartOf":{"@id":"https:\/\/www.visit-ulcinj.com\/blog\/#website"},"primaryImageOfPage":{"@id":"https:\/\/www.visit-ulcinj.com\/blog\/2015\/02\/17\/nika-contra-populus-falsifikimi-deshmive\/#primaryimage"},"datePublished":"2015-02-17T14:31:11+00:00","dateModified":"2015-02-17T15:04:17+00:00","author":{"@id":"https:\/\/www.visit-ulcinj.com\/blog\/#\/schema\/person\/dcab619c614d3038751c63bc2aadc06d"},"description":"Shkruan: Muhamet Nika CONTRA POPULUS Falsifikimi i d\u00ebshmive Falsifikimi i d\u00ebshmive \u00ebsht\u00eb nj\u00ebra prej simptomave t\u00eb njohura me t\u00eb cilat sprovohen t\u00eb gjith\u00eb","breadcrumb":{"@id":"https:\/\/www.visit-ulcinj.com\/blog\/2015\/02\/17\/nika-contra-populus-falsifikimi-deshmive\/#breadcrumb"},"inLanguage":"en-US","potentialAction":[{"@type":"ReadAction","target":["https:\/\/www.visit-ulcinj.com\/blog\/2015\/02\/17\/nika-contra-populus-falsifikimi-deshmive\/"]}]},{"@type":"BreadcrumbList","@id":"https:\/\/www.visit-ulcinj.com\/blog\/2015\/02\/17\/nika-contra-populus-falsifikimi-deshmive\/#breadcrumb","itemListElement":[{"@type":"ListItem","position":1,"name":"Nika: CONTRA POPULUS &#8211; Falsifikimi i d\u00ebshmive"}]},{"@type":"Person","@id":"https:\/\/www.visit-ulcinj.com\/blog\/#\/schema\/person\/dcab619c614d3038751c63bc2aadc06d","name":"ulqini","sameAs":["http:\/\/www.visit-ulcinj.com"],"url":"https:\/\/www.visit-ulcinj.com\/blog\/author\/admin\/"}]}},"jetpack_featured_media_url":"","jetpack_sharing_enabled":true,"jetpack_shortlink":"https:\/\/wp.me\/pe6lTn-n3E","_links":{"self":[{"href":"https:\/\/www.visit-ulcinj.com\/blog\/wp-json\/wp\/v2\/posts\/88638"}],"collection":[{"href":"https:\/\/www.visit-ulcinj.com\/blog\/wp-json\/wp\/v2\/posts"}],"about":[{"href":"https:\/\/www.visit-ulcinj.com\/blog\/wp-json\/wp\/v2\/types\/post"}],"author":[{"embeddable":true,"href":"https:\/\/www.visit-ulcinj.com\/blog\/wp-json\/wp\/v2\/users\/1"}],"replies":[{"embeddable":true,"href":"https:\/\/www.visit-ulcinj.com\/blog\/wp-json\/wp\/v2\/comments?post=88638"}],"version-history":[{"count":1,"href":"https:\/\/www.visit-ulcinj.com\/blog\/wp-json\/wp\/v2\/posts\/88638\/revisions"}],"predecessor-version":[{"id":88639,"href":"https:\/\/www.visit-ulcinj.com\/blog\/wp-json\/wp\/v2\/posts\/88638\/revisions\/88639"}],"wp:attachment":[{"href":"https:\/\/www.visit-ulcinj.com\/blog\/wp-json\/wp\/v2\/media?parent=88638"}],"wp:term":[{"taxonomy":"category","embeddable":true,"href":"https:\/\/www.visit-ulcinj.com\/blog\/wp-json\/wp\/v2\/categories?post=88638"},{"taxonomy":"post_tag","embeddable":true,"href":"https:\/\/www.visit-ulcinj.com\/blog\/wp-json\/wp\/v2\/tags?post=88638"}],"curies":[{"name":"wp","href":"https:\/\/api.w.org\/{rel}","templated":true}]}}