{"id":88659,"date":"2015-02-17T16:52:58","date_gmt":"2015-02-17T15:52:58","guid":{"rendered":"http:\/\/www.visit-ulcinj.com\/blog\/?p=88659"},"modified":"2015-02-17T16:52:58","modified_gmt":"2015-02-17T15:52:58","slug":"shfrytezimi-fondeve-te-huaja-per-kala-dhe-shas","status":"publish","type":"post","link":"https:\/\/www.visit-ulcinj.com\/blog\/2015\/02\/17\/shfrytezimi-fondeve-te-huaja-per-kala-dhe-shas\/","title":{"rendered":"Shfryt\u00ebzimi i fondeve t\u00eb huaja p\u00ebr Kala dhe Shas"},"content":{"rendered":"<p><a href=\"http:\/\/www.visit-ulcinj.com\/blog\/wp-content\/uploads\/2015\/02\/Kalaja-Ulqinit-1.jpg\"><img loading=\"lazy\" class=\"alignleft wp-image-88660\" src=\"http:\/\/www.visit-ulcinj.com\/blog\/wp-content\/uploads\/2015\/02\/Kalaja-Ulqinit-1.jpg\" alt=\"Kalaja-Ulqinit-1\" width=\"508\" height=\"381\" srcset=\"https:\/\/www.visit-ulcinj.com\/blog\/wp-content\/uploads\/2015\/02\/Kalaja-Ulqinit-1.jpg 500w, https:\/\/www.visit-ulcinj.com\/blog\/wp-content\/uploads\/2015\/02\/Kalaja-Ulqinit-1-300x225.jpg 300w\" sizes=\"(max-width: 508px) 100vw, 508px\" \/><\/a>Ministria e kultur\u00ebs t\u00eb Malit t\u00eb Zi ka njoftuar se ka p\u00ebrfunduar projekti i revalorizimit t\u00eb pasurive kulturore n\u00eb vend, me t\u00eb cilin p\u00ebr her\u00eb t\u00eb par\u00eb, \u00e7do e mir\u00eb kulturore \u00ebsht\u00eb p\u00ebrpunuar nga aspekti profesional. Nga ky institucion theksojn\u00eb se n\u00eb periudh\u00ebn e ardhshme tek fondet nd\u00ebrkomb\u00ebtare do t\u00eb aplikohet p\u00ebr implementimin e projekteve nd\u00ebr t\u00eb cil\u00ebt jan\u00eb dhe kompleksi urban Kalaja e Ulqinit dhe lokaliteti arkeologjik i Shasit.<\/p>\n<p><a href=\"http:\/\/www.visit-ulcinj.com\/blog\/wp-content\/uploads\/2011\/05\/Shasi-qyteti-ilir-i-365-kishave_Ulqin_Ana-Malit.7.jpg\"><img loading=\"lazy\" class=\"alignleft wp-image-46613\" src=\"http:\/\/www.visit-ulcinj.com\/blog\/wp-content\/uploads\/2011\/05\/Shasi-qyteti-ilir-i-365-kishave_Ulqin_Ana-Malit.7.jpg\" alt=\"Shasi qyteti ilir i 365 kishave_Ulqin_Ana Malit.7\" width=\"508\" height=\"341\" srcset=\"https:\/\/www.visit-ulcinj.com\/blog\/wp-content\/uploads\/2011\/05\/Shasi-qyteti-ilir-i-365-kishave_Ulqin_Ana-Malit.7.jpg 640w, https:\/\/www.visit-ulcinj.com\/blog\/wp-content\/uploads\/2011\/05\/Shasi-qyteti-ilir-i-365-kishave_Ulqin_Ana-Malit.7-300x201.jpg 300w\" sizes=\"(max-width: 508px) 100vw, 508px\" \/><\/a><\/p>\n<p>Kjo, si\u00e7 theksohet, sidomos ka t\u00eb b\u00ebj me skuadr\u00ebn menaxhuese t\u00eb t\u00ebr\u00ebsive kulturore-historike. \u201cDuke ndjekur analogjin\u00eb e praktikave t\u00eb menaxhimit me k\u00ebto lloj pasurish natyrore n\u00eb bot\u00eb gjat\u00eb dekadave t\u00eb fundit, gati se nuk ekziston lokalitet i r\u00ebnd\u00ebsish\u00ebm i cili nuk ka trup menaxhues dhe menaxher p\u00ebrgjegj\u00ebs\u201d, tha p\u00ebr \u201cPobjeda\u201d drejtoresha e p\u00ebrgjithshme e Drejtoris\u00eb p\u00ebr trash\u00ebgimi kulturore mr Lidija Lesar.<\/p>\n<p>TVCG<\/p>\n","protected":false},"excerpt":{"rendered":"<p>Ministria e kultur\u00ebs t\u00eb Malit t\u00eb Zi ka njoftuar se ka p\u00ebrfunduar projekti i revalorizimit t\u00eb pasurive kulturore n\u00eb vend, me t\u00eb cilin p\u00ebr her\u00eb t\u00eb par\u00eb, \u00e7do e mir\u00eb kulturore \u00ebsht\u00eb p\u00ebrpunuar nga aspekti profesional. Nga ky institucion theksojn\u00eb se n\u00eb periudh\u00ebn e ardhshme tek fondet nd\u00ebrkomb\u00ebtare do t\u00eb aplikohet p\u00ebr implementimin e projekteve [&hellip;]<\/p>\n","protected":false},"author":1,"featured_media":0,"comment_status":"closed","ping_status":"closed","sticky":false,"template":"","format":"standard","meta":{"spay_email":"","jetpack_publicize_message":"","jetpack_is_tweetstorm":false,"jetpack_publicize_feature_enabled":true},"categories":[4],"tags":[],"jetpack_publicize_connections":[],"yoast_head":"<!-- This site is optimized with the Yoast SEO plugin v19.1 - https:\/\/yoast.com\/wordpress\/plugins\/seo\/ -->\n<title>Shfryt\u00ebzimi i fondeve t\u00eb huaja p\u00ebr Kala dhe Shas - Lajme nga Ulqini<\/title>\n<meta name=\"description\" content=\"Ministria e kultur\u00ebs t\u00eb Malit t\u00eb Zi ka njoftuar se ka p\u00ebrfunduar projekti i revalorizimit t\u00eb pasurive kulturore n\u00eb vend, me t\u00eb cilin p\u00ebr her\u00eb t\u00eb par\u00eb, \u00e7do\" \/>\n<meta name=\"robots\" content=\"index, follow, max-snippet:-1, max-image-preview:large, max-video-preview:-1\" \/>\n<link rel=\"canonical\" href=\"https:\/\/www.visit-ulcinj.com\/blog\/2015\/02\/17\/shfrytezimi-fondeve-te-huaja-per-kala-dhe-shas\/\" \/>\n<meta property=\"og:locale\" content=\"en_US\" \/>\n<meta property=\"og:type\" content=\"article\" \/>\n<meta property=\"og:title\" content=\"Shfryt\u00ebzimi i fondeve t\u00eb huaja p\u00ebr Kala dhe Shas - Lajme nga Ulqini\" \/>\n<meta property=\"og:description\" content=\"Ministria e kultur\u00ebs t\u00eb Malit t\u00eb Zi ka njoftuar se ka p\u00ebrfunduar projekti i revalorizimit t\u00eb pasurive kulturore n\u00eb vend, me t\u00eb cilin p\u00ebr her\u00eb t\u00eb par\u00eb, \u00e7do\" \/>\n<meta property=\"og:url\" content=\"https:\/\/www.visit-ulcinj.com\/blog\/2015\/02\/17\/shfrytezimi-fondeve-te-huaja-per-kala-dhe-shas\/\" \/>\n<meta property=\"og:site_name\" content=\"Lajme nga Ulqini\" \/>\n<meta property=\"article:published_time\" content=\"2015-02-17T15:52:58+00:00\" \/>\n<meta property=\"og:image\" content=\"http:\/\/www.visit-ulcinj.com\/blog\/wp-content\/uploads\/2015\/02\/Kalaja-Ulqinit-1.jpg\" \/>\n<meta name=\"twitter:label1\" content=\"Written by\" \/>\n\t<meta name=\"twitter:data1\" content=\"ulqini\" \/>\n\t<meta name=\"twitter:label2\" content=\"Est. reading time\" \/>\n\t<meta name=\"twitter:data2\" content=\"1 minute\" \/>\n<script type=\"application\/ld+json\" class=\"yoast-schema-graph\">{\"@context\":\"https:\/\/schema.org\",\"@graph\":[{\"@type\":\"WebSite\",\"@id\":\"https:\/\/www.visit-ulcinj.com\/blog\/#website\",\"url\":\"https:\/\/www.visit-ulcinj.com\/blog\/\",\"name\":\"Lajme nga Ulqini\",\"description\":\"Lajme,Vijesti,Ulqini,Ulqin,Crna Gora,Mali i Zi\",\"potentialAction\":[{\"@type\":\"SearchAction\",\"target\":{\"@type\":\"EntryPoint\",\"urlTemplate\":\"https:\/\/www.visit-ulcinj.com\/blog\/?s={search_term_string}\"},\"query-input\":\"required name=search_term_string\"}],\"inLanguage\":\"en-US\"},{\"@type\":\"ImageObject\",\"inLanguage\":\"en-US\",\"@id\":\"https:\/\/www.visit-ulcinj.com\/blog\/2015\/02\/17\/shfrytezimi-fondeve-te-huaja-per-kala-dhe-shas\/#primaryimage\",\"url\":\"https:\/\/www.visit-ulcinj.com\/blog\/wp-content\/uploads\/2015\/02\/Kalaja-Ulqinit-1.jpg\",\"contentUrl\":\"https:\/\/www.visit-ulcinj.com\/blog\/wp-content\/uploads\/2015\/02\/Kalaja-Ulqinit-1.jpg\",\"width\":500,\"height\":375},{\"@type\":\"WebPage\",\"@id\":\"https:\/\/www.visit-ulcinj.com\/blog\/2015\/02\/17\/shfrytezimi-fondeve-te-huaja-per-kala-dhe-shas\/#webpage\",\"url\":\"https:\/\/www.visit-ulcinj.com\/blog\/2015\/02\/17\/shfrytezimi-fondeve-te-huaja-per-kala-dhe-shas\/\",\"name\":\"Shfryt\u00ebzimi i fondeve t\u00eb huaja p\u00ebr Kala dhe Shas - Lajme nga Ulqini\",\"isPartOf\":{\"@id\":\"https:\/\/www.visit-ulcinj.com\/blog\/#website\"},\"primaryImageOfPage\":{\"@id\":\"https:\/\/www.visit-ulcinj.com\/blog\/2015\/02\/17\/shfrytezimi-fondeve-te-huaja-per-kala-dhe-shas\/#primaryimage\"},\"datePublished\":\"2015-02-17T15:52:58+00:00\",\"dateModified\":\"2015-02-17T15:52:58+00:00\",\"author\":{\"@id\":\"https:\/\/www.visit-ulcinj.com\/blog\/#\/schema\/person\/dcab619c614d3038751c63bc2aadc06d\"},\"description\":\"Ministria e kultur\u00ebs t\u00eb Malit t\u00eb Zi ka njoftuar se ka p\u00ebrfunduar projekti i revalorizimit t\u00eb pasurive kulturore n\u00eb vend, me t\u00eb cilin p\u00ebr her\u00eb t\u00eb par\u00eb, \u00e7do\",\"breadcrumb\":{\"@id\":\"https:\/\/www.visit-ulcinj.com\/blog\/2015\/02\/17\/shfrytezimi-fondeve-te-huaja-per-kala-dhe-shas\/#breadcrumb\"},\"inLanguage\":\"en-US\",\"potentialAction\":[{\"@type\":\"ReadAction\",\"target\":[\"https:\/\/www.visit-ulcinj.com\/blog\/2015\/02\/17\/shfrytezimi-fondeve-te-huaja-per-kala-dhe-shas\/\"]}]},{\"@type\":\"BreadcrumbList\",\"@id\":\"https:\/\/www.visit-ulcinj.com\/blog\/2015\/02\/17\/shfrytezimi-fondeve-te-huaja-per-kala-dhe-shas\/#breadcrumb\",\"itemListElement\":[{\"@type\":\"ListItem\",\"position\":1,\"name\":\"Shfryt\u00ebzimi i fondeve t\u00eb huaja p\u00ebr Kala dhe Shas\"}]},{\"@type\":\"Person\",\"@id\":\"https:\/\/www.visit-ulcinj.com\/blog\/#\/schema\/person\/dcab619c614d3038751c63bc2aadc06d\",\"name\":\"ulqini\",\"sameAs\":[\"http:\/\/www.visit-ulcinj.com\"],\"url\":\"https:\/\/www.visit-ulcinj.com\/blog\/author\/admin\/\"}]}<\/script>\n<!-- \/ Yoast SEO plugin. -->","yoast_head_json":{"title":"Shfryt\u00ebzimi i fondeve t\u00eb huaja p\u00ebr Kala dhe Shas - Lajme nga Ulqini","description":"Ministria e kultur\u00ebs t\u00eb Malit t\u00eb Zi ka njoftuar se ka p\u00ebrfunduar projekti i revalorizimit t\u00eb pasurive kulturore n\u00eb vend, me t\u00eb cilin p\u00ebr her\u00eb t\u00eb par\u00eb, \u00e7do","robots":{"index":"index","follow":"follow","max-snippet":"max-snippet:-1","max-image-preview":"max-image-preview:large","max-video-preview":"max-video-preview:-1"},"canonical":"https:\/\/www.visit-ulcinj.com\/blog\/2015\/02\/17\/shfrytezimi-fondeve-te-huaja-per-kala-dhe-shas\/","og_locale":"en_US","og_type":"article","og_title":"Shfryt\u00ebzimi i fondeve t\u00eb huaja p\u00ebr Kala dhe Shas - Lajme nga Ulqini","og_description":"Ministria e kultur\u00ebs t\u00eb Malit t\u00eb Zi ka njoftuar se ka p\u00ebrfunduar projekti i revalorizimit t\u00eb pasurive kulturore n\u00eb vend, me t\u00eb cilin p\u00ebr her\u00eb t\u00eb par\u00eb, \u00e7do","og_url":"https:\/\/www.visit-ulcinj.com\/blog\/2015\/02\/17\/shfrytezimi-fondeve-te-huaja-per-kala-dhe-shas\/","og_site_name":"Lajme nga Ulqini","article_published_time":"2015-02-17T15:52:58+00:00","og_image":[{"url":"http:\/\/www.visit-ulcinj.com\/blog\/wp-content\/uploads\/2015\/02\/Kalaja-Ulqinit-1.jpg"}],"twitter_misc":{"Written by":"ulqini","Est. reading time":"1 minute"},"schema":{"@context":"https:\/\/schema.org","@graph":[{"@type":"WebSite","@id":"https:\/\/www.visit-ulcinj.com\/blog\/#website","url":"https:\/\/www.visit-ulcinj.com\/blog\/","name":"Lajme nga Ulqini","description":"Lajme,Vijesti,Ulqini,Ulqin,Crna Gora,Mali i Zi","potentialAction":[{"@type":"SearchAction","target":{"@type":"EntryPoint","urlTemplate":"https:\/\/www.visit-ulcinj.com\/blog\/?s={search_term_string}"},"query-input":"required name=search_term_string"}],"inLanguage":"en-US"},{"@type":"ImageObject","inLanguage":"en-US","@id":"https:\/\/www.visit-ulcinj.com\/blog\/2015\/02\/17\/shfrytezimi-fondeve-te-huaja-per-kala-dhe-shas\/#primaryimage","url":"https:\/\/www.visit-ulcinj.com\/blog\/wp-content\/uploads\/2015\/02\/Kalaja-Ulqinit-1.jpg","contentUrl":"https:\/\/www.visit-ulcinj.com\/blog\/wp-content\/uploads\/2015\/02\/Kalaja-Ulqinit-1.jpg","width":500,"height":375},{"@type":"WebPage","@id":"https:\/\/www.visit-ulcinj.com\/blog\/2015\/02\/17\/shfrytezimi-fondeve-te-huaja-per-kala-dhe-shas\/#webpage","url":"https:\/\/www.visit-ulcinj.com\/blog\/2015\/02\/17\/shfrytezimi-fondeve-te-huaja-per-kala-dhe-shas\/","name":"Shfryt\u00ebzimi i fondeve t\u00eb huaja p\u00ebr Kala dhe Shas - Lajme nga Ulqini","isPartOf":{"@id":"https:\/\/www.visit-ulcinj.com\/blog\/#website"},"primaryImageOfPage":{"@id":"https:\/\/www.visit-ulcinj.com\/blog\/2015\/02\/17\/shfrytezimi-fondeve-te-huaja-per-kala-dhe-shas\/#primaryimage"},"datePublished":"2015-02-17T15:52:58+00:00","dateModified":"2015-02-17T15:52:58+00:00","author":{"@id":"https:\/\/www.visit-ulcinj.com\/blog\/#\/schema\/person\/dcab619c614d3038751c63bc2aadc06d"},"description":"Ministria e kultur\u00ebs t\u00eb Malit t\u00eb Zi ka njoftuar se ka p\u00ebrfunduar projekti i revalorizimit t\u00eb pasurive kulturore n\u00eb vend, me t\u00eb cilin p\u00ebr her\u00eb t\u00eb par\u00eb, \u00e7do","breadcrumb":{"@id":"https:\/\/www.visit-ulcinj.com\/blog\/2015\/02\/17\/shfrytezimi-fondeve-te-huaja-per-kala-dhe-shas\/#breadcrumb"},"inLanguage":"en-US","potentialAction":[{"@type":"ReadAction","target":["https:\/\/www.visit-ulcinj.com\/blog\/2015\/02\/17\/shfrytezimi-fondeve-te-huaja-per-kala-dhe-shas\/"]}]},{"@type":"BreadcrumbList","@id":"https:\/\/www.visit-ulcinj.com\/blog\/2015\/02\/17\/shfrytezimi-fondeve-te-huaja-per-kala-dhe-shas\/#breadcrumb","itemListElement":[{"@type":"ListItem","position":1,"name":"Shfryt\u00ebzimi i fondeve t\u00eb huaja p\u00ebr Kala dhe Shas"}]},{"@type":"Person","@id":"https:\/\/www.visit-ulcinj.com\/blog\/#\/schema\/person\/dcab619c614d3038751c63bc2aadc06d","name":"ulqini","sameAs":["http:\/\/www.visit-ulcinj.com"],"url":"https:\/\/www.visit-ulcinj.com\/blog\/author\/admin\/"}]}},"jetpack_featured_media_url":"","jetpack_sharing_enabled":true,"jetpack_shortlink":"https:\/\/wp.me\/pe6lTn-n3Z","_links":{"self":[{"href":"https:\/\/www.visit-ulcinj.com\/blog\/wp-json\/wp\/v2\/posts\/88659"}],"collection":[{"href":"https:\/\/www.visit-ulcinj.com\/blog\/wp-json\/wp\/v2\/posts"}],"about":[{"href":"https:\/\/www.visit-ulcinj.com\/blog\/wp-json\/wp\/v2\/types\/post"}],"author":[{"embeddable":true,"href":"https:\/\/www.visit-ulcinj.com\/blog\/wp-json\/wp\/v2\/users\/1"}],"replies":[{"embeddable":true,"href":"https:\/\/www.visit-ulcinj.com\/blog\/wp-json\/wp\/v2\/comments?post=88659"}],"version-history":[{"count":1,"href":"https:\/\/www.visit-ulcinj.com\/blog\/wp-json\/wp\/v2\/posts\/88659\/revisions"}],"predecessor-version":[{"id":88661,"href":"https:\/\/www.visit-ulcinj.com\/blog\/wp-json\/wp\/v2\/posts\/88659\/revisions\/88661"}],"wp:attachment":[{"href":"https:\/\/www.visit-ulcinj.com\/blog\/wp-json\/wp\/v2\/media?parent=88659"}],"wp:term":[{"taxonomy":"category","embeddable":true,"href":"https:\/\/www.visit-ulcinj.com\/blog\/wp-json\/wp\/v2\/categories?post=88659"},{"taxonomy":"post_tag","embeddable":true,"href":"https:\/\/www.visit-ulcinj.com\/blog\/wp-json\/wp\/v2\/tags?post=88659"}],"curies":[{"name":"wp","href":"https:\/\/api.w.org\/{rel}","templated":true}]}}