{"id":88665,"date":"2015-02-17T17:07:42","date_gmt":"2015-02-17T16:07:42","guid":{"rendered":"http:\/\/www.visit-ulcinj.com\/blog\/?p=88665"},"modified":"2015-02-17T17:07:42","modified_gmt":"2015-02-17T16:07:42","slug":"dritan-abazovic-sdp-se-vise-ne-moze-kriti","status":"publish","type":"post","link":"https:\/\/www.visit-ulcinj.com\/blog\/2015\/02\/17\/dritan-abazovic-sdp-se-vise-ne-moze-kriti\/","title":{"rendered":"Dritan Abazovi\u0107: SDP se vi\u0161e ne mo\u017ee kriti"},"content":{"rendered":"<p><a href=\"http:\/\/www.visit-ulcinj.com\/blog\/wp-content\/uploads\/2015\/02\/Gradjanski-pokret-Dritan-Abazovic-.jpg\"><img loading=\"lazy\" class=\"alignleft wp-image-88666\" src=\"http:\/\/www.visit-ulcinj.com\/blog\/wp-content\/uploads\/2015\/02\/Gradjanski-pokret-Dritan-Abazovic-.jpg\" alt=\"Gradjanski-pokret-Dritan-Abazovic-\" width=\"508\" height=\"286\" srcset=\"https:\/\/www.visit-ulcinj.com\/blog\/wp-content\/uploads\/2015\/02\/Gradjanski-pokret-Dritan-Abazovic-.jpg 1024w, https:\/\/www.visit-ulcinj.com\/blog\/wp-content\/uploads\/2015\/02\/Gradjanski-pokret-Dritan-Abazovic--300x169.jpg 300w\" sizes=\"(max-width: 508px) 100vw, 508px\" \/><\/a>Socijaldemokratska partija (SDP) se ne mo\u017ee vi\u0161e skrivati iza pri\u010de o NATO integracijama, jer bi potencijalna prelazna vlada \u010dije im je formiranje ponudila opozicija nastavila sve zapo\u010dete integracione procese, poru\u010dili su iz Gra\u0111anskog pokreta (GP).<\/p>\n<p>Jedan od osniva\u010da GP, Dritan Abazovi\u0107, kazao je da su predstavnicima SDP-a na ju\u010dera\u0161njem sastanku saop\u0161tili stav da treba napraviti diskontinuitet sa unutra\u0161njom politikiom, koja se odnosi na ekonomsku situaciju, vladavinu prava, ja\u010danje institucija i borbu protiv organizovanog kriminala i koprupcije.<\/p>\n<p>\u201eNijesmo potencirali izmjene koje bi se ticale spoljne politike, i ko god mijenja te teze ne \u017eeli interpretaciju onoga \u0161to je istina, i ne \u017eeli dobro Crnoj Gori\u201c, kazao je Abazovi\u0107 Agencija Mina.<\/p>\n<p>Prema njegovim rije\u010dima, predstavnici opozicije supotencirali da je najbitnije da se dogovore oko unutra\u0161njih stvari, \u0161to podrazumijeva i obezbje\u0111ivanje fer izbora, a da spoljna politika nastavlja u kontinuitetu, \u201eu ovom ili u jo\u0161 boljem izdanju nego \u0161to je to do sada radila Vlada\u201c.<\/p>\n<p>\u201e\u0160to se konkretno NATO integracija ti\u010de, niko nije izrazio rezervu da bilo koji integracioni proces treba da se uspori ili blokira. Naprotiv, na\u0161a teza je da bi ostvarivanje unutra\u0161njih promjena u segmentima vladavine prava vodilo ka pove\u0107anju javne podr\u0161ke pristupu Crne Gore u NATO\u201c, naglasio je Abazovi\u0107.<\/p>\n<p>On smatra da bi, ostvarivanjem tih segmenata, gra\u0111ani prepoznali da je to u njihovom interesu, pa bi se samim tim smanjivao animozitet prema NATO integracijama, a uve\u0107avao bi se pragmati\u010dan stav da ti procesi zaista blagotvorno uti\u010du na crnogorsko dru\u0161tvo.<\/p>\n<p>Izvor:TVCG<\/p>\n","protected":false},"excerpt":{"rendered":"<p>Socijaldemokratska partija (SDP) se ne mo\u017ee vi\u0161e skrivati iza pri\u010de o NATO integracijama, jer bi potencijalna prelazna vlada \u010dije im je formiranje ponudila opozicija nastavila sve zapo\u010dete integracione procese, poru\u010dili su iz Gra\u0111anskog pokreta (GP). Jedan od osniva\u010da GP, Dritan Abazovi\u0107, kazao je da su predstavnicima SDP-a na ju\u010dera\u0161njem sastanku saop\u0161tili stav da treba napraviti [&hellip;]<\/p>\n","protected":false},"author":1,"featured_media":0,"comment_status":"closed","ping_status":"closed","sticky":false,"template":"","format":"standard","meta":{"spay_email":"","jetpack_publicize_message":"","jetpack_is_tweetstorm":false,"jetpack_publicize_feature_enabled":true},"categories":[8337],"tags":[],"jetpack_publicize_connections":[],"yoast_head":"<!-- This site is optimized with the Yoast SEO plugin v19.1 - https:\/\/yoast.com\/wordpress\/plugins\/seo\/ -->\n<title>Dritan Abazovi\u0107: SDP se vi\u0161e ne mo\u017ee kriti - Lajme nga Ulqini<\/title>\n<meta name=\"description\" content=\"Socijaldemokratska partija (SDP) se ne mo\u017ee vi\u0161e skrivati iza pri\u010de o NATO integracijama, jer bi potencijalna prelazna vlada \u010dije im je formiranje\" \/>\n<meta name=\"robots\" content=\"index, follow, max-snippet:-1, max-image-preview:large, max-video-preview:-1\" \/>\n<link rel=\"canonical\" href=\"https:\/\/www.visit-ulcinj.com\/blog\/2015\/02\/17\/dritan-abazovic-sdp-se-vise-ne-moze-kriti\/\" \/>\n<meta property=\"og:locale\" content=\"en_US\" \/>\n<meta property=\"og:type\" content=\"article\" \/>\n<meta property=\"og:title\" content=\"Dritan Abazovi\u0107: SDP se vi\u0161e ne mo\u017ee kriti - Lajme nga Ulqini\" \/>\n<meta property=\"og:description\" content=\"Socijaldemokratska partija (SDP) se ne mo\u017ee vi\u0161e skrivati iza pri\u010de o NATO integracijama, jer bi potencijalna prelazna vlada \u010dije im je formiranje\" \/>\n<meta property=\"og:url\" content=\"https:\/\/www.visit-ulcinj.com\/blog\/2015\/02\/17\/dritan-abazovic-sdp-se-vise-ne-moze-kriti\/\" \/>\n<meta property=\"og:site_name\" content=\"Lajme nga Ulqini\" \/>\n<meta property=\"article:published_time\" content=\"2015-02-17T16:07:42+00:00\" \/>\n<meta property=\"og:image\" content=\"http:\/\/www.visit-ulcinj.com\/blog\/wp-content\/uploads\/2015\/02\/Gradjanski-pokret-Dritan-Abazovic-.jpg\" \/>\n<meta name=\"twitter:label1\" content=\"Written by\" \/>\n\t<meta name=\"twitter:data1\" content=\"ulqini\" \/>\n\t<meta name=\"twitter:label2\" content=\"Est. reading time\" \/>\n\t<meta name=\"twitter:data2\" content=\"1 minute\" \/>\n<script type=\"application\/ld+json\" class=\"yoast-schema-graph\">{\"@context\":\"https:\/\/schema.org\",\"@graph\":[{\"@type\":\"WebSite\",\"@id\":\"https:\/\/www.visit-ulcinj.com\/blog\/#website\",\"url\":\"https:\/\/www.visit-ulcinj.com\/blog\/\",\"name\":\"Lajme nga Ulqini\",\"description\":\"Lajme,Vijesti,Ulqini,Ulqin,Crna Gora,Mali i Zi\",\"potentialAction\":[{\"@type\":\"SearchAction\",\"target\":{\"@type\":\"EntryPoint\",\"urlTemplate\":\"https:\/\/www.visit-ulcinj.com\/blog\/?s={search_term_string}\"},\"query-input\":\"required name=search_term_string\"}],\"inLanguage\":\"en-US\"},{\"@type\":\"ImageObject\",\"inLanguage\":\"en-US\",\"@id\":\"https:\/\/www.visit-ulcinj.com\/blog\/2015\/02\/17\/dritan-abazovic-sdp-se-vise-ne-moze-kriti\/#primaryimage\",\"url\":\"https:\/\/www.visit-ulcinj.com\/blog\/wp-content\/uploads\/2015\/02\/Gradjanski-pokret-Dritan-Abazovic-.jpg\",\"contentUrl\":\"https:\/\/www.visit-ulcinj.com\/blog\/wp-content\/uploads\/2015\/02\/Gradjanski-pokret-Dritan-Abazovic-.jpg\",\"width\":1024,\"height\":576},{\"@type\":\"WebPage\",\"@id\":\"https:\/\/www.visit-ulcinj.com\/blog\/2015\/02\/17\/dritan-abazovic-sdp-se-vise-ne-moze-kriti\/#webpage\",\"url\":\"https:\/\/www.visit-ulcinj.com\/blog\/2015\/02\/17\/dritan-abazovic-sdp-se-vise-ne-moze-kriti\/\",\"name\":\"Dritan Abazovi\u0107: SDP se vi\u0161e ne mo\u017ee kriti - Lajme nga Ulqini\",\"isPartOf\":{\"@id\":\"https:\/\/www.visit-ulcinj.com\/blog\/#website\"},\"primaryImageOfPage\":{\"@id\":\"https:\/\/www.visit-ulcinj.com\/blog\/2015\/02\/17\/dritan-abazovic-sdp-se-vise-ne-moze-kriti\/#primaryimage\"},\"datePublished\":\"2015-02-17T16:07:42+00:00\",\"dateModified\":\"2015-02-17T16:07:42+00:00\",\"author\":{\"@id\":\"https:\/\/www.visit-ulcinj.com\/blog\/#\/schema\/person\/dcab619c614d3038751c63bc2aadc06d\"},\"description\":\"Socijaldemokratska partija (SDP) se ne mo\u017ee vi\u0161e skrivati iza pri\u010de o NATO integracijama, jer bi potencijalna prelazna vlada \u010dije im je formiranje\",\"breadcrumb\":{\"@id\":\"https:\/\/www.visit-ulcinj.com\/blog\/2015\/02\/17\/dritan-abazovic-sdp-se-vise-ne-moze-kriti\/#breadcrumb\"},\"inLanguage\":\"en-US\",\"potentialAction\":[{\"@type\":\"ReadAction\",\"target\":[\"https:\/\/www.visit-ulcinj.com\/blog\/2015\/02\/17\/dritan-abazovic-sdp-se-vise-ne-moze-kriti\/\"]}]},{\"@type\":\"BreadcrumbList\",\"@id\":\"https:\/\/www.visit-ulcinj.com\/blog\/2015\/02\/17\/dritan-abazovic-sdp-se-vise-ne-moze-kriti\/#breadcrumb\",\"itemListElement\":[{\"@type\":\"ListItem\",\"position\":1,\"name\":\"Dritan Abazovi\u0107: SDP se vi\u0161e ne mo\u017ee kriti\"}]},{\"@type\":\"Person\",\"@id\":\"https:\/\/www.visit-ulcinj.com\/blog\/#\/schema\/person\/dcab619c614d3038751c63bc2aadc06d\",\"name\":\"ulqini\",\"sameAs\":[\"http:\/\/www.visit-ulcinj.com\"],\"url\":\"https:\/\/www.visit-ulcinj.com\/blog\/author\/admin\/\"}]}<\/script>\n<!-- \/ Yoast SEO plugin. -->","yoast_head_json":{"title":"Dritan Abazovi\u0107: SDP se vi\u0161e ne mo\u017ee kriti - Lajme nga Ulqini","description":"Socijaldemokratska partija (SDP) se ne mo\u017ee vi\u0161e skrivati iza pri\u010de o NATO integracijama, jer bi potencijalna prelazna vlada \u010dije im je formiranje","robots":{"index":"index","follow":"follow","max-snippet":"max-snippet:-1","max-image-preview":"max-image-preview:large","max-video-preview":"max-video-preview:-1"},"canonical":"https:\/\/www.visit-ulcinj.com\/blog\/2015\/02\/17\/dritan-abazovic-sdp-se-vise-ne-moze-kriti\/","og_locale":"en_US","og_type":"article","og_title":"Dritan Abazovi\u0107: SDP se vi\u0161e ne mo\u017ee kriti - Lajme nga Ulqini","og_description":"Socijaldemokratska partija (SDP) se ne mo\u017ee vi\u0161e skrivati iza pri\u010de o NATO integracijama, jer bi potencijalna prelazna vlada \u010dije im je formiranje","og_url":"https:\/\/www.visit-ulcinj.com\/blog\/2015\/02\/17\/dritan-abazovic-sdp-se-vise-ne-moze-kriti\/","og_site_name":"Lajme nga Ulqini","article_published_time":"2015-02-17T16:07:42+00:00","og_image":[{"url":"http:\/\/www.visit-ulcinj.com\/blog\/wp-content\/uploads\/2015\/02\/Gradjanski-pokret-Dritan-Abazovic-.jpg"}],"twitter_misc":{"Written by":"ulqini","Est. reading time":"1 minute"},"schema":{"@context":"https:\/\/schema.org","@graph":[{"@type":"WebSite","@id":"https:\/\/www.visit-ulcinj.com\/blog\/#website","url":"https:\/\/www.visit-ulcinj.com\/blog\/","name":"Lajme nga Ulqini","description":"Lajme,Vijesti,Ulqini,Ulqin,Crna Gora,Mali i Zi","potentialAction":[{"@type":"SearchAction","target":{"@type":"EntryPoint","urlTemplate":"https:\/\/www.visit-ulcinj.com\/blog\/?s={search_term_string}"},"query-input":"required name=search_term_string"}],"inLanguage":"en-US"},{"@type":"ImageObject","inLanguage":"en-US","@id":"https:\/\/www.visit-ulcinj.com\/blog\/2015\/02\/17\/dritan-abazovic-sdp-se-vise-ne-moze-kriti\/#primaryimage","url":"https:\/\/www.visit-ulcinj.com\/blog\/wp-content\/uploads\/2015\/02\/Gradjanski-pokret-Dritan-Abazovic-.jpg","contentUrl":"https:\/\/www.visit-ulcinj.com\/blog\/wp-content\/uploads\/2015\/02\/Gradjanski-pokret-Dritan-Abazovic-.jpg","width":1024,"height":576},{"@type":"WebPage","@id":"https:\/\/www.visit-ulcinj.com\/blog\/2015\/02\/17\/dritan-abazovic-sdp-se-vise-ne-moze-kriti\/#webpage","url":"https:\/\/www.visit-ulcinj.com\/blog\/2015\/02\/17\/dritan-abazovic-sdp-se-vise-ne-moze-kriti\/","name":"Dritan Abazovi\u0107: SDP se vi\u0161e ne mo\u017ee kriti - Lajme nga Ulqini","isPartOf":{"@id":"https:\/\/www.visit-ulcinj.com\/blog\/#website"},"primaryImageOfPage":{"@id":"https:\/\/www.visit-ulcinj.com\/blog\/2015\/02\/17\/dritan-abazovic-sdp-se-vise-ne-moze-kriti\/#primaryimage"},"datePublished":"2015-02-17T16:07:42+00:00","dateModified":"2015-02-17T16:07:42+00:00","author":{"@id":"https:\/\/www.visit-ulcinj.com\/blog\/#\/schema\/person\/dcab619c614d3038751c63bc2aadc06d"},"description":"Socijaldemokratska partija (SDP) se ne mo\u017ee vi\u0161e skrivati iza pri\u010de o NATO integracijama, jer bi potencijalna prelazna vlada \u010dije im je formiranje","breadcrumb":{"@id":"https:\/\/www.visit-ulcinj.com\/blog\/2015\/02\/17\/dritan-abazovic-sdp-se-vise-ne-moze-kriti\/#breadcrumb"},"inLanguage":"en-US","potentialAction":[{"@type":"ReadAction","target":["https:\/\/www.visit-ulcinj.com\/blog\/2015\/02\/17\/dritan-abazovic-sdp-se-vise-ne-moze-kriti\/"]}]},{"@type":"BreadcrumbList","@id":"https:\/\/www.visit-ulcinj.com\/blog\/2015\/02\/17\/dritan-abazovic-sdp-se-vise-ne-moze-kriti\/#breadcrumb","itemListElement":[{"@type":"ListItem","position":1,"name":"Dritan Abazovi\u0107: SDP se vi\u0161e ne mo\u017ee kriti"}]},{"@type":"Person","@id":"https:\/\/www.visit-ulcinj.com\/blog\/#\/schema\/person\/dcab619c614d3038751c63bc2aadc06d","name":"ulqini","sameAs":["http:\/\/www.visit-ulcinj.com"],"url":"https:\/\/www.visit-ulcinj.com\/blog\/author\/admin\/"}]}},"jetpack_featured_media_url":"","jetpack_sharing_enabled":true,"jetpack_shortlink":"https:\/\/wp.me\/pe6lTn-n45","_links":{"self":[{"href":"https:\/\/www.visit-ulcinj.com\/blog\/wp-json\/wp\/v2\/posts\/88665"}],"collection":[{"href":"https:\/\/www.visit-ulcinj.com\/blog\/wp-json\/wp\/v2\/posts"}],"about":[{"href":"https:\/\/www.visit-ulcinj.com\/blog\/wp-json\/wp\/v2\/types\/post"}],"author":[{"embeddable":true,"href":"https:\/\/www.visit-ulcinj.com\/blog\/wp-json\/wp\/v2\/users\/1"}],"replies":[{"embeddable":true,"href":"https:\/\/www.visit-ulcinj.com\/blog\/wp-json\/wp\/v2\/comments?post=88665"}],"version-history":[{"count":1,"href":"https:\/\/www.visit-ulcinj.com\/blog\/wp-json\/wp\/v2\/posts\/88665\/revisions"}],"predecessor-version":[{"id":88667,"href":"https:\/\/www.visit-ulcinj.com\/blog\/wp-json\/wp\/v2\/posts\/88665\/revisions\/88667"}],"wp:attachment":[{"href":"https:\/\/www.visit-ulcinj.com\/blog\/wp-json\/wp\/v2\/media?parent=88665"}],"wp:term":[{"taxonomy":"category","embeddable":true,"href":"https:\/\/www.visit-ulcinj.com\/blog\/wp-json\/wp\/v2\/categories?post=88665"},{"taxonomy":"post_tag","embeddable":true,"href":"https:\/\/www.visit-ulcinj.com\/blog\/wp-json\/wp\/v2\/tags?post=88665"}],"curies":[{"name":"wp","href":"https:\/\/api.w.org\/{rel}","templated":true}]}}