{"id":88672,"date":"2015-02-18T07:45:33","date_gmt":"2015-02-18T06:45:33","guid":{"rendered":"http:\/\/www.visit-ulcinj.com\/blog\/?p=88672"},"modified":"2015-02-18T07:45:33","modified_gmt":"2015-02-18T06:45:33","slug":"gjeka-mbi-5-km-transporti-falas-per-nxenesit-ne-komun-te-ulqinit","status":"publish","type":"post","link":"https:\/\/www.visit-ulcinj.com\/blog\/2015\/02\/18\/gjeka-mbi-5-km-transporti-falas-per-nxenesit-ne-komun-te-ulqinit\/","title":{"rendered":"Gjeka: Mbi 5 km transporti falas p\u00ebr nx\u00ebn\u00ebsit n\u00eb komun t\u00eb Ulqinit"},"content":{"rendered":"<p><a href=\"http:\/\/www.visit-ulcinj.com\/blog\/wp-content\/uploads\/2015\/02\/shkolla-fillore_Marsal-Tito_Ulqin.jpg\"><img loading=\"lazy\" class=\"alignleft wp-image-88673\" src=\"http:\/\/www.visit-ulcinj.com\/blog\/wp-content\/uploads\/2015\/02\/shkolla-fillore_Marsal-Tito_Ulqin.jpg\" alt=\"shkolla-fillore_Marsal-Tito_Ulqin\" width=\"508\" height=\"381\" srcset=\"https:\/\/www.visit-ulcinj.com\/blog\/wp-content\/uploads\/2015\/02\/shkolla-fillore_Marsal-Tito_Ulqin.jpg 646w, https:\/\/www.visit-ulcinj.com\/blog\/wp-content\/uploads\/2015\/02\/shkolla-fillore_Marsal-Tito_Ulqin-300x225.jpg 300w\" sizes=\"(max-width: 508px) 100vw, 508px\" \/><\/a>Nga kabineti i kryetarit t\u00eb komun\u00ebs Fatmir Gjeka\u00a0 vjen edhe nj\u00eb lajm i ri kur \u00ebsht\u00eb n\u00eb pyetje transporti i nx\u00ebn\u00ebsve, i cili ishte falas dhe do t\u00eb jet\u00eb p\u00ebrs\u00ebri por n\u00eb nj\u00eb m\u00ebnyr\u00eb tjet\u00ebr, raporton portali Tv Teuta.<\/p>\n<p>N\u00eb t\u00eb ardhmen transporti do t\u00eb jet\u00eb pa pages por vet\u00ebm p\u00ebr nx\u00ebn\u00ebsit\u00eb cil\u00ebt udh\u00ebtojn\u00eb n\u00eb larg\u00ebsi mbi 5 km. F\u00ebmij\u00ebt e prind\u00ebrve t\u00eb cil\u00ebt jetojn\u00eb m\u00eb af\u00ebr p\u00ebrs\u00ebri duhet t\u00eb kapen p\u00ebr kuleta, sepse kjo \u00ebsht\u00eb nj\u00eb kafshat\u00eb e madhe p\u00ebr komun\u00ebn e Ulqinit. Kryetari Gjeka shpreh k\u00ebnaq\u00ebsin\u00eb me marr\u00ebveshjen e arritur rreth subvensionimit t\u00eb transportit t\u00eb nx\u00ebn\u00ebsve me ministrin\u00eb resore t\u00eb qeveris\u00eb t\u00eb Malit te Zi mir\u00ebpo nga ana tjet\u00ebr edhe transportuesit shprehin pa k\u00ebnaq\u00ebsi sepse p\u00ebr\u00a0 nj\u00eb periudh t\u00eb gjat\u00eb kohore si\u00e7 deklarojn\u00eb nga komuna nuk kan\u00eb marr\u00eb asnj\u00eb cent.<\/p>\n","protected":false},"excerpt":{"rendered":"<p>Nga kabineti i kryetarit t\u00eb komun\u00ebs Fatmir Gjeka\u00a0 vjen edhe nj\u00eb lajm i ri kur \u00ebsht\u00eb n\u00eb pyetje transporti i nx\u00ebn\u00ebsve, i cili ishte falas dhe do t\u00eb jet\u00eb p\u00ebrs\u00ebri por n\u00eb nj\u00eb m\u00ebnyr\u00eb tjet\u00ebr, raporton portali Tv Teuta. N\u00eb t\u00eb ardhmen transporti do t\u00eb jet\u00eb pa pages por vet\u00ebm p\u00ebr nx\u00ebn\u00ebsit\u00eb cil\u00ebt udh\u00ebtojn\u00eb n\u00eb [&hellip;]<\/p>\n","protected":false},"author":1,"featured_media":0,"comment_status":"closed","ping_status":"closed","sticky":false,"template":"","format":"standard","meta":{"spay_email":"","jetpack_publicize_message":"","jetpack_is_tweetstorm":false,"jetpack_publicize_feature_enabled":true},"categories":[11],"tags":[],"jetpack_publicize_connections":[],"yoast_head":"<!-- This site is optimized with the Yoast SEO plugin v19.1 - https:\/\/yoast.com\/wordpress\/plugins\/seo\/ -->\n<title>Gjeka: Mbi 5 km transporti falas p\u00ebr nx\u00ebn\u00ebsit n\u00eb komun t\u00eb Ulqinit - Lajme nga Ulqini<\/title>\n<meta name=\"description\" content=\"Nga kabineti i kryetarit t\u00eb komun\u00ebs Fatmir Gjeka\u00a0 vjen edhe nj\u00eb lajm i ri kur \u00ebsht\u00eb n\u00eb pyetje transporti i nx\u00ebn\u00ebsve, i cili ishte falas dhe do t\u00eb jet\u00eb\" \/>\n<meta name=\"robots\" content=\"index, follow, max-snippet:-1, max-image-preview:large, max-video-preview:-1\" \/>\n<link rel=\"canonical\" href=\"https:\/\/www.visit-ulcinj.com\/blog\/2015\/02\/18\/gjeka-mbi-5-km-transporti-falas-per-nxenesit-ne-komun-te-ulqinit\/\" \/>\n<meta property=\"og:locale\" content=\"en_US\" \/>\n<meta property=\"og:type\" content=\"article\" \/>\n<meta property=\"og:title\" content=\"Gjeka: Mbi 5 km transporti falas p\u00ebr nx\u00ebn\u00ebsit n\u00eb komun t\u00eb Ulqinit - Lajme nga Ulqini\" \/>\n<meta property=\"og:description\" content=\"Nga kabineti i kryetarit t\u00eb komun\u00ebs Fatmir Gjeka\u00a0 vjen edhe nj\u00eb lajm i ri kur \u00ebsht\u00eb n\u00eb pyetje transporti i nx\u00ebn\u00ebsve, i cili ishte falas dhe do t\u00eb jet\u00eb\" \/>\n<meta property=\"og:url\" content=\"https:\/\/www.visit-ulcinj.com\/blog\/2015\/02\/18\/gjeka-mbi-5-km-transporti-falas-per-nxenesit-ne-komun-te-ulqinit\/\" \/>\n<meta property=\"og:site_name\" content=\"Lajme nga Ulqini\" \/>\n<meta property=\"article:published_time\" content=\"2015-02-18T06:45:33+00:00\" \/>\n<meta property=\"og:image\" content=\"http:\/\/www.visit-ulcinj.com\/blog\/wp-content\/uploads\/2015\/02\/shkolla-fillore_Marsal-Tito_Ulqin.jpg\" \/>\n<meta name=\"twitter:label1\" content=\"Written by\" \/>\n\t<meta name=\"twitter:data1\" content=\"ulqini\" \/>\n\t<meta name=\"twitter:label2\" content=\"Est. reading time\" \/>\n\t<meta name=\"twitter:data2\" content=\"1 minute\" \/>\n<script type=\"application\/ld+json\" class=\"yoast-schema-graph\">{\"@context\":\"https:\/\/schema.org\",\"@graph\":[{\"@type\":\"WebSite\",\"@id\":\"https:\/\/www.visit-ulcinj.com\/blog\/#website\",\"url\":\"https:\/\/www.visit-ulcinj.com\/blog\/\",\"name\":\"Lajme nga Ulqini\",\"description\":\"Lajme,Vijesti,Ulqini,Ulqin,Crna Gora,Mali i Zi\",\"potentialAction\":[{\"@type\":\"SearchAction\",\"target\":{\"@type\":\"EntryPoint\",\"urlTemplate\":\"https:\/\/www.visit-ulcinj.com\/blog\/?s={search_term_string}\"},\"query-input\":\"required name=search_term_string\"}],\"inLanguage\":\"en-US\"},{\"@type\":\"ImageObject\",\"inLanguage\":\"en-US\",\"@id\":\"https:\/\/www.visit-ulcinj.com\/blog\/2015\/02\/18\/gjeka-mbi-5-km-transporti-falas-per-nxenesit-ne-komun-te-ulqinit\/#primaryimage\",\"url\":\"https:\/\/www.visit-ulcinj.com\/blog\/wp-content\/uploads\/2015\/02\/shkolla-fillore_Marsal-Tito_Ulqin.jpg\",\"contentUrl\":\"https:\/\/www.visit-ulcinj.com\/blog\/wp-content\/uploads\/2015\/02\/shkolla-fillore_Marsal-Tito_Ulqin.jpg\",\"width\":646,\"height\":485},{\"@type\":\"WebPage\",\"@id\":\"https:\/\/www.visit-ulcinj.com\/blog\/2015\/02\/18\/gjeka-mbi-5-km-transporti-falas-per-nxenesit-ne-komun-te-ulqinit\/#webpage\",\"url\":\"https:\/\/www.visit-ulcinj.com\/blog\/2015\/02\/18\/gjeka-mbi-5-km-transporti-falas-per-nxenesit-ne-komun-te-ulqinit\/\",\"name\":\"Gjeka: Mbi 5 km transporti falas p\u00ebr nx\u00ebn\u00ebsit n\u00eb komun t\u00eb Ulqinit - Lajme nga Ulqini\",\"isPartOf\":{\"@id\":\"https:\/\/www.visit-ulcinj.com\/blog\/#website\"},\"primaryImageOfPage\":{\"@id\":\"https:\/\/www.visit-ulcinj.com\/blog\/2015\/02\/18\/gjeka-mbi-5-km-transporti-falas-per-nxenesit-ne-komun-te-ulqinit\/#primaryimage\"},\"datePublished\":\"2015-02-18T06:45:33+00:00\",\"dateModified\":\"2015-02-18T06:45:33+00:00\",\"author\":{\"@id\":\"https:\/\/www.visit-ulcinj.com\/blog\/#\/schema\/person\/dcab619c614d3038751c63bc2aadc06d\"},\"description\":\"Nga kabineti i kryetarit t\u00eb komun\u00ebs Fatmir Gjeka\u00a0 vjen edhe nj\u00eb lajm i ri kur \u00ebsht\u00eb n\u00eb pyetje transporti i nx\u00ebn\u00ebsve, i cili ishte falas dhe do t\u00eb jet\u00eb\",\"breadcrumb\":{\"@id\":\"https:\/\/www.visit-ulcinj.com\/blog\/2015\/02\/18\/gjeka-mbi-5-km-transporti-falas-per-nxenesit-ne-komun-te-ulqinit\/#breadcrumb\"},\"inLanguage\":\"en-US\",\"potentialAction\":[{\"@type\":\"ReadAction\",\"target\":[\"https:\/\/www.visit-ulcinj.com\/blog\/2015\/02\/18\/gjeka-mbi-5-km-transporti-falas-per-nxenesit-ne-komun-te-ulqinit\/\"]}]},{\"@type\":\"BreadcrumbList\",\"@id\":\"https:\/\/www.visit-ulcinj.com\/blog\/2015\/02\/18\/gjeka-mbi-5-km-transporti-falas-per-nxenesit-ne-komun-te-ulqinit\/#breadcrumb\",\"itemListElement\":[{\"@type\":\"ListItem\",\"position\":1,\"name\":\"Gjeka: Mbi 5 km transporti falas p\u00ebr nx\u00ebn\u00ebsit n\u00eb komun t\u00eb Ulqinit\"}]},{\"@type\":\"Person\",\"@id\":\"https:\/\/www.visit-ulcinj.com\/blog\/#\/schema\/person\/dcab619c614d3038751c63bc2aadc06d\",\"name\":\"ulqini\",\"sameAs\":[\"http:\/\/www.visit-ulcinj.com\"],\"url\":\"https:\/\/www.visit-ulcinj.com\/blog\/author\/admin\/\"}]}<\/script>\n<!-- \/ Yoast SEO plugin. -->","yoast_head_json":{"title":"Gjeka: Mbi 5 km transporti falas p\u00ebr nx\u00ebn\u00ebsit n\u00eb komun t\u00eb Ulqinit - Lajme nga Ulqini","description":"Nga kabineti i kryetarit t\u00eb komun\u00ebs Fatmir Gjeka\u00a0 vjen edhe nj\u00eb lajm i ri kur \u00ebsht\u00eb n\u00eb pyetje transporti i nx\u00ebn\u00ebsve, i cili ishte falas dhe do t\u00eb jet\u00eb","robots":{"index":"index","follow":"follow","max-snippet":"max-snippet:-1","max-image-preview":"max-image-preview:large","max-video-preview":"max-video-preview:-1"},"canonical":"https:\/\/www.visit-ulcinj.com\/blog\/2015\/02\/18\/gjeka-mbi-5-km-transporti-falas-per-nxenesit-ne-komun-te-ulqinit\/","og_locale":"en_US","og_type":"article","og_title":"Gjeka: Mbi 5 km transporti falas p\u00ebr nx\u00ebn\u00ebsit n\u00eb komun t\u00eb Ulqinit - Lajme nga Ulqini","og_description":"Nga kabineti i kryetarit t\u00eb komun\u00ebs Fatmir Gjeka\u00a0 vjen edhe nj\u00eb lajm i ri kur \u00ebsht\u00eb n\u00eb pyetje transporti i nx\u00ebn\u00ebsve, i cili ishte falas dhe do t\u00eb jet\u00eb","og_url":"https:\/\/www.visit-ulcinj.com\/blog\/2015\/02\/18\/gjeka-mbi-5-km-transporti-falas-per-nxenesit-ne-komun-te-ulqinit\/","og_site_name":"Lajme nga Ulqini","article_published_time":"2015-02-18T06:45:33+00:00","og_image":[{"url":"http:\/\/www.visit-ulcinj.com\/blog\/wp-content\/uploads\/2015\/02\/shkolla-fillore_Marsal-Tito_Ulqin.jpg"}],"twitter_misc":{"Written by":"ulqini","Est. reading time":"1 minute"},"schema":{"@context":"https:\/\/schema.org","@graph":[{"@type":"WebSite","@id":"https:\/\/www.visit-ulcinj.com\/blog\/#website","url":"https:\/\/www.visit-ulcinj.com\/blog\/","name":"Lajme nga Ulqini","description":"Lajme,Vijesti,Ulqini,Ulqin,Crna Gora,Mali i Zi","potentialAction":[{"@type":"SearchAction","target":{"@type":"EntryPoint","urlTemplate":"https:\/\/www.visit-ulcinj.com\/blog\/?s={search_term_string}"},"query-input":"required name=search_term_string"}],"inLanguage":"en-US"},{"@type":"ImageObject","inLanguage":"en-US","@id":"https:\/\/www.visit-ulcinj.com\/blog\/2015\/02\/18\/gjeka-mbi-5-km-transporti-falas-per-nxenesit-ne-komun-te-ulqinit\/#primaryimage","url":"https:\/\/www.visit-ulcinj.com\/blog\/wp-content\/uploads\/2015\/02\/shkolla-fillore_Marsal-Tito_Ulqin.jpg","contentUrl":"https:\/\/www.visit-ulcinj.com\/blog\/wp-content\/uploads\/2015\/02\/shkolla-fillore_Marsal-Tito_Ulqin.jpg","width":646,"height":485},{"@type":"WebPage","@id":"https:\/\/www.visit-ulcinj.com\/blog\/2015\/02\/18\/gjeka-mbi-5-km-transporti-falas-per-nxenesit-ne-komun-te-ulqinit\/#webpage","url":"https:\/\/www.visit-ulcinj.com\/blog\/2015\/02\/18\/gjeka-mbi-5-km-transporti-falas-per-nxenesit-ne-komun-te-ulqinit\/","name":"Gjeka: Mbi 5 km transporti falas p\u00ebr nx\u00ebn\u00ebsit n\u00eb komun t\u00eb Ulqinit - Lajme nga Ulqini","isPartOf":{"@id":"https:\/\/www.visit-ulcinj.com\/blog\/#website"},"primaryImageOfPage":{"@id":"https:\/\/www.visit-ulcinj.com\/blog\/2015\/02\/18\/gjeka-mbi-5-km-transporti-falas-per-nxenesit-ne-komun-te-ulqinit\/#primaryimage"},"datePublished":"2015-02-18T06:45:33+00:00","dateModified":"2015-02-18T06:45:33+00:00","author":{"@id":"https:\/\/www.visit-ulcinj.com\/blog\/#\/schema\/person\/dcab619c614d3038751c63bc2aadc06d"},"description":"Nga kabineti i kryetarit t\u00eb komun\u00ebs Fatmir Gjeka\u00a0 vjen edhe nj\u00eb lajm i ri kur \u00ebsht\u00eb n\u00eb pyetje transporti i nx\u00ebn\u00ebsve, i cili ishte falas dhe do t\u00eb jet\u00eb","breadcrumb":{"@id":"https:\/\/www.visit-ulcinj.com\/blog\/2015\/02\/18\/gjeka-mbi-5-km-transporti-falas-per-nxenesit-ne-komun-te-ulqinit\/#breadcrumb"},"inLanguage":"en-US","potentialAction":[{"@type":"ReadAction","target":["https:\/\/www.visit-ulcinj.com\/blog\/2015\/02\/18\/gjeka-mbi-5-km-transporti-falas-per-nxenesit-ne-komun-te-ulqinit\/"]}]},{"@type":"BreadcrumbList","@id":"https:\/\/www.visit-ulcinj.com\/blog\/2015\/02\/18\/gjeka-mbi-5-km-transporti-falas-per-nxenesit-ne-komun-te-ulqinit\/#breadcrumb","itemListElement":[{"@type":"ListItem","position":1,"name":"Gjeka: Mbi 5 km transporti falas p\u00ebr nx\u00ebn\u00ebsit n\u00eb komun t\u00eb Ulqinit"}]},{"@type":"Person","@id":"https:\/\/www.visit-ulcinj.com\/blog\/#\/schema\/person\/dcab619c614d3038751c63bc2aadc06d","name":"ulqini","sameAs":["http:\/\/www.visit-ulcinj.com"],"url":"https:\/\/www.visit-ulcinj.com\/blog\/author\/admin\/"}]}},"jetpack_featured_media_url":"","jetpack_sharing_enabled":true,"jetpack_shortlink":"https:\/\/wp.me\/pe6lTn-n4c","_links":{"self":[{"href":"https:\/\/www.visit-ulcinj.com\/blog\/wp-json\/wp\/v2\/posts\/88672"}],"collection":[{"href":"https:\/\/www.visit-ulcinj.com\/blog\/wp-json\/wp\/v2\/posts"}],"about":[{"href":"https:\/\/www.visit-ulcinj.com\/blog\/wp-json\/wp\/v2\/types\/post"}],"author":[{"embeddable":true,"href":"https:\/\/www.visit-ulcinj.com\/blog\/wp-json\/wp\/v2\/users\/1"}],"replies":[{"embeddable":true,"href":"https:\/\/www.visit-ulcinj.com\/blog\/wp-json\/wp\/v2\/comments?post=88672"}],"version-history":[{"count":1,"href":"https:\/\/www.visit-ulcinj.com\/blog\/wp-json\/wp\/v2\/posts\/88672\/revisions"}],"predecessor-version":[{"id":88674,"href":"https:\/\/www.visit-ulcinj.com\/blog\/wp-json\/wp\/v2\/posts\/88672\/revisions\/88674"}],"wp:attachment":[{"href":"https:\/\/www.visit-ulcinj.com\/blog\/wp-json\/wp\/v2\/media?parent=88672"}],"wp:term":[{"taxonomy":"category","embeddable":true,"href":"https:\/\/www.visit-ulcinj.com\/blog\/wp-json\/wp\/v2\/categories?post=88672"},{"taxonomy":"post_tag","embeddable":true,"href":"https:\/\/www.visit-ulcinj.com\/blog\/wp-json\/wp\/v2\/tags?post=88672"}],"curies":[{"name":"wp","href":"https:\/\/api.w.org\/{rel}","templated":true}]}}