{"id":88675,"date":"2015-02-18T16:39:53","date_gmt":"2015-02-18T15:39:53","guid":{"rendered":"http:\/\/www.visit-ulcinj.com\/blog\/?p=88675"},"modified":"2015-02-19T08:13:10","modified_gmt":"2015-02-19T07:13:10","slug":"lqshi-dr-jakupi-uron-7-vjetorin-e-pavaresise-se-kosoves","status":"publish","type":"post","link":"https:\/\/www.visit-ulcinj.com\/blog\/2015\/02\/18\/lqshi-dr-jakupi-uron-7-vjetorin-e-pavaresise-se-kosoves\/","title":{"rendered":"PQSHI: Dr. Jakupi uron 7 vjetorin e pavar\u00ebsis\u00eb s\u00eb Kosov\u00ebs"},"content":{"rendered":"<p><strong><a href=\"http:\/\/www.visit-ulcinj.com\/blog\/wp-content\/uploads\/2015\/01\/Isat-Jakupi-LQSHI-Ulqin.jpg\"><img loading=\"lazy\" class=\"alignleft wp-image-88257\" src=\"http:\/\/www.visit-ulcinj.com\/blog\/wp-content\/uploads\/2015\/01\/Isat-Jakupi-LQSHI-Ulqin.jpg\" alt=\"Isat-Jakupi-LQSHI-Ulqin\" width=\"508\" height=\"305\" srcset=\"https:\/\/www.visit-ulcinj.com\/blog\/wp-content\/uploads\/2015\/01\/Isat-Jakupi-LQSHI-Ulqin.jpg 960w, https:\/\/www.visit-ulcinj.com\/blog\/wp-content\/uploads\/2015\/01\/Isat-Jakupi-LQSHI-Ulqin-300x180.jpg 300w\" sizes=\"(max-width: 508px) 100vw, 508px\" \/><\/a>Kryetari i Partis\u00eb qendrore shqiptare p\u00ebr integrime (PQSHI) dr Isat Jakupi,\u00a0ka drejtuar telegram urimi p\u00ebr pavar\u00ebsin\u00eb e Kosov\u00ebs, tek presidentja Atifete Jahjaga ashtu edhe kryeministrit t\u00eb Republik\u00ebs s\u00eb Kosov\u00ebs, Isa Mustafa.<\/strong><\/p>\n<p>Urimi i plot\u00eb:<\/p>\n<p>Kam nderin q\u00eb n\u00eb emrin tim personal dhe n\u00eb em\u00ebr t\u00eb\u00a0Partis\u00eb qendrore shqiptare p\u00ebr integrime (PQSHI), t\u2019ua uroj shtat\u00eb vjetorin e Pavar\u00ebsis\u00eb s\u00eb Republik\u00ebs s\u00eb Kosov\u00ebs.<\/p>\n<p>Pavar\u00ebsia e Kosov\u00ebs paraqet nj\u00eb ngjarje t\u00eb r\u00ebnd\u00ebsishme historike p\u00ebr mbar\u00eb kombin shqiptar dhe nj\u00ebkoh\u00ebsisht edhe realizimin e \u00ebndrr\u00ebs shum\u00eb shekullore, jo vet\u00ebm t\u00eb kosovar\u00ebve por t\u00eb gjith\u00eb shqiptar\u00ebve kudo q\u00eb jan\u00eb. Sot, Kosova e lir\u00eb dhe e pavarur, rrezaton paqe, siguri dhe stabilitet, jo vet\u00ebm brenda vendit, por edhe n\u00eb rajon e m\u00eb gjer\u00eb.<\/p>\n<p>Uroj q\u00eb angazhimet e institucioneve t\u00eb Kosov\u00ebs t\u00eb jen\u00eb n\u00eb funksion t\u00eb rrumbullakimit t\u00eb aspiratave gjith\u00eb popullore p\u00ebr Kosov\u00ebn si pjes\u00eb e strukturave euro-atlantike dhe organizatave t\u00eb ndryshme nd\u00ebrkomb\u00ebtare.<\/p>\n<p>T\u00eb nderuar,<\/p>\n<p>Me rastin e fest\u00ebs s\u00eb shpalljes s\u00eb pavar\u00ebsis\u00eb s\u00eb shtetit t\u00eb Kosov\u00ebs, fest\u00ebs s\u00eb madhe p\u00ebr t\u00eb gjith\u00eb shqip\u00ebtar\u00ebt kudo q\u00eb ndodhen,\u00a0duke\u00a0p\u00ebrfshi edhe shqiptar\u00ebt n\u00eb Malin e Zi,\u00a0 pranoni urimet m\u00eb t\u00eb p\u00ebrzem\u00ebrta, ju personalisht dhe i gjith\u00eb populli i Kosov\u00ebs.<\/p>\n<p>N\u00eb emrin tim personal dhe n\u00eb em\u00ebr t\u00eb\u00a0Partis\u00eb qendrore shqiptare p\u00ebr integrim ju p\u00ebrg\u00ebzoj p\u00ebr k\u00ebt\u00eb fest\u00eb t\u00eb madhe t\u00eb shtetit t\u00eb Kosov\u00ebs.<\/p>\n<p>Urime shtat\u00eb vjetori i Pavar\u00ebsis\u00eb!<\/p>\n<p>Me respekt,<\/p>\n<p>Dr. Isat Jakupi &#8211; Kryetari i\u00a0Partis\u00eb qendrore shqiptare p\u00ebr integrime (PQSHI)<\/p>\n<p>&nbsp;<\/p>\n","protected":false},"excerpt":{"rendered":"<p>Kryetari i Partis\u00eb qendrore shqiptare p\u00ebr integrime (PQSHI) dr Isat Jakupi,\u00a0ka drejtuar telegram urimi p\u00ebr pavar\u00ebsin\u00eb e Kosov\u00ebs, tek presidentja Atifete Jahjaga ashtu edhe kryeministrit t\u00eb Republik\u00ebs s\u00eb Kosov\u00ebs, Isa Mustafa. Urimi i plot\u00eb: Kam nderin q\u00eb n\u00eb emrin tim personal dhe n\u00eb em\u00ebr t\u00eb\u00a0Partis\u00eb qendrore shqiptare p\u00ebr integrime (PQSHI), t\u2019ua uroj shtat\u00eb vjetorin e [&hellip;]<\/p>\n","protected":false},"author":1,"featured_media":0,"comment_status":"closed","ping_status":"closed","sticky":false,"template":"","format":"standard","meta":{"spay_email":"","jetpack_publicize_message":"","jetpack_is_tweetstorm":false,"jetpack_publicize_feature_enabled":true},"categories":[1,2451],"tags":[],"jetpack_publicize_connections":[],"yoast_head":"<!-- This site is optimized with the Yoast SEO plugin v19.1 - https:\/\/yoast.com\/wordpress\/plugins\/seo\/ -->\n<title>PQSHI: Dr. Jakupi uron 7 vjetorin e pavar\u00ebsis\u00eb s\u00eb Kosov\u00ebs - Lajme nga Ulqini<\/title>\n<meta name=\"description\" content=\"Kryetari i Partis\u00eb qendrore shqiptare p\u00ebr integrime (PQSHI) dr Isat Jakupi,\u00a0ka drejtuar telegram urimi p\u00ebr pavar\u00ebsin\u00eb e Kosov\u00ebs, tek presidentja Atifete\" \/>\n<meta name=\"robots\" content=\"index, follow, max-snippet:-1, max-image-preview:large, max-video-preview:-1\" \/>\n<link rel=\"canonical\" href=\"https:\/\/www.visit-ulcinj.com\/blog\/2015\/02\/18\/lqshi-dr-jakupi-uron-7-vjetorin-e-pavaresise-se-kosoves\/\" \/>\n<meta property=\"og:locale\" content=\"en_US\" \/>\n<meta property=\"og:type\" content=\"article\" \/>\n<meta property=\"og:title\" content=\"PQSHI: Dr. Jakupi uron 7 vjetorin e pavar\u00ebsis\u00eb s\u00eb Kosov\u00ebs - Lajme nga Ulqini\" \/>\n<meta property=\"og:description\" content=\"Kryetari i Partis\u00eb qendrore shqiptare p\u00ebr integrime (PQSHI) dr Isat Jakupi,\u00a0ka drejtuar telegram urimi p\u00ebr pavar\u00ebsin\u00eb e Kosov\u00ebs, tek presidentja Atifete\" \/>\n<meta property=\"og:url\" content=\"https:\/\/www.visit-ulcinj.com\/blog\/2015\/02\/18\/lqshi-dr-jakupi-uron-7-vjetorin-e-pavaresise-se-kosoves\/\" \/>\n<meta property=\"og:site_name\" content=\"Lajme nga Ulqini\" \/>\n<meta property=\"article:published_time\" content=\"2015-02-18T15:39:53+00:00\" \/>\n<meta property=\"article:modified_time\" content=\"2015-02-19T07:13:10+00:00\" \/>\n<meta property=\"og:image\" content=\"http:\/\/www.visit-ulcinj.com\/blog\/wp-content\/uploads\/2015\/01\/Isat-Jakupi-LQSHI-Ulqin.jpg\" \/>\n<meta name=\"twitter:label1\" content=\"Written by\" \/>\n\t<meta name=\"twitter:data1\" content=\"ulqini\" \/>\n\t<meta name=\"twitter:label2\" content=\"Est. reading time\" \/>\n\t<meta name=\"twitter:data2\" content=\"1 minute\" \/>\n<script type=\"application\/ld+json\" class=\"yoast-schema-graph\">{\"@context\":\"https:\/\/schema.org\",\"@graph\":[{\"@type\":\"WebSite\",\"@id\":\"https:\/\/www.visit-ulcinj.com\/blog\/#website\",\"url\":\"https:\/\/www.visit-ulcinj.com\/blog\/\",\"name\":\"Lajme nga Ulqini\",\"description\":\"Lajme,Vijesti,Ulqini,Ulqin,Crna Gora,Mali i Zi\",\"potentialAction\":[{\"@type\":\"SearchAction\",\"target\":{\"@type\":\"EntryPoint\",\"urlTemplate\":\"https:\/\/www.visit-ulcinj.com\/blog\/?s={search_term_string}\"},\"query-input\":\"required name=search_term_string\"}],\"inLanguage\":\"en-US\"},{\"@type\":\"ImageObject\",\"inLanguage\":\"en-US\",\"@id\":\"https:\/\/www.visit-ulcinj.com\/blog\/2015\/02\/18\/lqshi-dr-jakupi-uron-7-vjetorin-e-pavaresise-se-kosoves\/#primaryimage\",\"url\":\"https:\/\/www.visit-ulcinj.com\/blog\/wp-content\/uploads\/2015\/01\/Isat-Jakupi-LQSHI-Ulqin.jpg\",\"contentUrl\":\"https:\/\/www.visit-ulcinj.com\/blog\/wp-content\/uploads\/2015\/01\/Isat-Jakupi-LQSHI-Ulqin.jpg\",\"width\":960,\"height\":576},{\"@type\":\"WebPage\",\"@id\":\"https:\/\/www.visit-ulcinj.com\/blog\/2015\/02\/18\/lqshi-dr-jakupi-uron-7-vjetorin-e-pavaresise-se-kosoves\/#webpage\",\"url\":\"https:\/\/www.visit-ulcinj.com\/blog\/2015\/02\/18\/lqshi-dr-jakupi-uron-7-vjetorin-e-pavaresise-se-kosoves\/\",\"name\":\"PQSHI: Dr. Jakupi uron 7 vjetorin e pavar\u00ebsis\u00eb s\u00eb Kosov\u00ebs - Lajme nga Ulqini\",\"isPartOf\":{\"@id\":\"https:\/\/www.visit-ulcinj.com\/blog\/#website\"},\"primaryImageOfPage\":{\"@id\":\"https:\/\/www.visit-ulcinj.com\/blog\/2015\/02\/18\/lqshi-dr-jakupi-uron-7-vjetorin-e-pavaresise-se-kosoves\/#primaryimage\"},\"datePublished\":\"2015-02-18T15:39:53+00:00\",\"dateModified\":\"2015-02-19T07:13:10+00:00\",\"author\":{\"@id\":\"https:\/\/www.visit-ulcinj.com\/blog\/#\/schema\/person\/dcab619c614d3038751c63bc2aadc06d\"},\"description\":\"Kryetari i Partis\u00eb qendrore shqiptare p\u00ebr integrime (PQSHI) dr Isat Jakupi,\u00a0ka drejtuar telegram urimi p\u00ebr pavar\u00ebsin\u00eb e Kosov\u00ebs, tek presidentja Atifete\",\"breadcrumb\":{\"@id\":\"https:\/\/www.visit-ulcinj.com\/blog\/2015\/02\/18\/lqshi-dr-jakupi-uron-7-vjetorin-e-pavaresise-se-kosoves\/#breadcrumb\"},\"inLanguage\":\"en-US\",\"potentialAction\":[{\"@type\":\"ReadAction\",\"target\":[\"https:\/\/www.visit-ulcinj.com\/blog\/2015\/02\/18\/lqshi-dr-jakupi-uron-7-vjetorin-e-pavaresise-se-kosoves\/\"]}]},{\"@type\":\"BreadcrumbList\",\"@id\":\"https:\/\/www.visit-ulcinj.com\/blog\/2015\/02\/18\/lqshi-dr-jakupi-uron-7-vjetorin-e-pavaresise-se-kosoves\/#breadcrumb\",\"itemListElement\":[{\"@type\":\"ListItem\",\"position\":1,\"name\":\"PQSHI: Dr. Jakupi uron 7 vjetorin e pavar\u00ebsis\u00eb s\u00eb Kosov\u00ebs\"}]},{\"@type\":\"Person\",\"@id\":\"https:\/\/www.visit-ulcinj.com\/blog\/#\/schema\/person\/dcab619c614d3038751c63bc2aadc06d\",\"name\":\"ulqini\",\"sameAs\":[\"http:\/\/www.visit-ulcinj.com\"],\"url\":\"https:\/\/www.visit-ulcinj.com\/blog\/author\/admin\/\"}]}<\/script>\n<!-- \/ Yoast SEO plugin. -->","yoast_head_json":{"title":"PQSHI: Dr. Jakupi uron 7 vjetorin e pavar\u00ebsis\u00eb s\u00eb Kosov\u00ebs - Lajme nga Ulqini","description":"Kryetari i Partis\u00eb qendrore shqiptare p\u00ebr integrime (PQSHI) dr Isat Jakupi,\u00a0ka drejtuar telegram urimi p\u00ebr pavar\u00ebsin\u00eb e Kosov\u00ebs, tek presidentja Atifete","robots":{"index":"index","follow":"follow","max-snippet":"max-snippet:-1","max-image-preview":"max-image-preview:large","max-video-preview":"max-video-preview:-1"},"canonical":"https:\/\/www.visit-ulcinj.com\/blog\/2015\/02\/18\/lqshi-dr-jakupi-uron-7-vjetorin-e-pavaresise-se-kosoves\/","og_locale":"en_US","og_type":"article","og_title":"PQSHI: Dr. Jakupi uron 7 vjetorin e pavar\u00ebsis\u00eb s\u00eb Kosov\u00ebs - Lajme nga Ulqini","og_description":"Kryetari i Partis\u00eb qendrore shqiptare p\u00ebr integrime (PQSHI) dr Isat Jakupi,\u00a0ka drejtuar telegram urimi p\u00ebr pavar\u00ebsin\u00eb e Kosov\u00ebs, tek presidentja Atifete","og_url":"https:\/\/www.visit-ulcinj.com\/blog\/2015\/02\/18\/lqshi-dr-jakupi-uron-7-vjetorin-e-pavaresise-se-kosoves\/","og_site_name":"Lajme nga Ulqini","article_published_time":"2015-02-18T15:39:53+00:00","article_modified_time":"2015-02-19T07:13:10+00:00","og_image":[{"url":"http:\/\/www.visit-ulcinj.com\/blog\/wp-content\/uploads\/2015\/01\/Isat-Jakupi-LQSHI-Ulqin.jpg"}],"twitter_misc":{"Written by":"ulqini","Est. reading time":"1 minute"},"schema":{"@context":"https:\/\/schema.org","@graph":[{"@type":"WebSite","@id":"https:\/\/www.visit-ulcinj.com\/blog\/#website","url":"https:\/\/www.visit-ulcinj.com\/blog\/","name":"Lajme nga Ulqini","description":"Lajme,Vijesti,Ulqini,Ulqin,Crna Gora,Mali i Zi","potentialAction":[{"@type":"SearchAction","target":{"@type":"EntryPoint","urlTemplate":"https:\/\/www.visit-ulcinj.com\/blog\/?s={search_term_string}"},"query-input":"required name=search_term_string"}],"inLanguage":"en-US"},{"@type":"ImageObject","inLanguage":"en-US","@id":"https:\/\/www.visit-ulcinj.com\/blog\/2015\/02\/18\/lqshi-dr-jakupi-uron-7-vjetorin-e-pavaresise-se-kosoves\/#primaryimage","url":"https:\/\/www.visit-ulcinj.com\/blog\/wp-content\/uploads\/2015\/01\/Isat-Jakupi-LQSHI-Ulqin.jpg","contentUrl":"https:\/\/www.visit-ulcinj.com\/blog\/wp-content\/uploads\/2015\/01\/Isat-Jakupi-LQSHI-Ulqin.jpg","width":960,"height":576},{"@type":"WebPage","@id":"https:\/\/www.visit-ulcinj.com\/blog\/2015\/02\/18\/lqshi-dr-jakupi-uron-7-vjetorin-e-pavaresise-se-kosoves\/#webpage","url":"https:\/\/www.visit-ulcinj.com\/blog\/2015\/02\/18\/lqshi-dr-jakupi-uron-7-vjetorin-e-pavaresise-se-kosoves\/","name":"PQSHI: Dr. Jakupi uron 7 vjetorin e pavar\u00ebsis\u00eb s\u00eb Kosov\u00ebs - Lajme nga Ulqini","isPartOf":{"@id":"https:\/\/www.visit-ulcinj.com\/blog\/#website"},"primaryImageOfPage":{"@id":"https:\/\/www.visit-ulcinj.com\/blog\/2015\/02\/18\/lqshi-dr-jakupi-uron-7-vjetorin-e-pavaresise-se-kosoves\/#primaryimage"},"datePublished":"2015-02-18T15:39:53+00:00","dateModified":"2015-02-19T07:13:10+00:00","author":{"@id":"https:\/\/www.visit-ulcinj.com\/blog\/#\/schema\/person\/dcab619c614d3038751c63bc2aadc06d"},"description":"Kryetari i Partis\u00eb qendrore shqiptare p\u00ebr integrime (PQSHI) dr Isat Jakupi,\u00a0ka drejtuar telegram urimi p\u00ebr pavar\u00ebsin\u00eb e Kosov\u00ebs, tek presidentja Atifete","breadcrumb":{"@id":"https:\/\/www.visit-ulcinj.com\/blog\/2015\/02\/18\/lqshi-dr-jakupi-uron-7-vjetorin-e-pavaresise-se-kosoves\/#breadcrumb"},"inLanguage":"en-US","potentialAction":[{"@type":"ReadAction","target":["https:\/\/www.visit-ulcinj.com\/blog\/2015\/02\/18\/lqshi-dr-jakupi-uron-7-vjetorin-e-pavaresise-se-kosoves\/"]}]},{"@type":"BreadcrumbList","@id":"https:\/\/www.visit-ulcinj.com\/blog\/2015\/02\/18\/lqshi-dr-jakupi-uron-7-vjetorin-e-pavaresise-se-kosoves\/#breadcrumb","itemListElement":[{"@type":"ListItem","position":1,"name":"PQSHI: Dr. Jakupi uron 7 vjetorin e pavar\u00ebsis\u00eb s\u00eb Kosov\u00ebs"}]},{"@type":"Person","@id":"https:\/\/www.visit-ulcinj.com\/blog\/#\/schema\/person\/dcab619c614d3038751c63bc2aadc06d","name":"ulqini","sameAs":["http:\/\/www.visit-ulcinj.com"],"url":"https:\/\/www.visit-ulcinj.com\/blog\/author\/admin\/"}]}},"jetpack_featured_media_url":"","jetpack_sharing_enabled":true,"jetpack_shortlink":"https:\/\/wp.me\/pe6lTn-n4f","_links":{"self":[{"href":"https:\/\/www.visit-ulcinj.com\/blog\/wp-json\/wp\/v2\/posts\/88675"}],"collection":[{"href":"https:\/\/www.visit-ulcinj.com\/blog\/wp-json\/wp\/v2\/posts"}],"about":[{"href":"https:\/\/www.visit-ulcinj.com\/blog\/wp-json\/wp\/v2\/types\/post"}],"author":[{"embeddable":true,"href":"https:\/\/www.visit-ulcinj.com\/blog\/wp-json\/wp\/v2\/users\/1"}],"replies":[{"embeddable":true,"href":"https:\/\/www.visit-ulcinj.com\/blog\/wp-json\/wp\/v2\/comments?post=88675"}],"version-history":[{"count":4,"href":"https:\/\/www.visit-ulcinj.com\/blog\/wp-json\/wp\/v2\/posts\/88675\/revisions"}],"predecessor-version":[{"id":88679,"href":"https:\/\/www.visit-ulcinj.com\/blog\/wp-json\/wp\/v2\/posts\/88675\/revisions\/88679"}],"wp:attachment":[{"href":"https:\/\/www.visit-ulcinj.com\/blog\/wp-json\/wp\/v2\/media?parent=88675"}],"wp:term":[{"taxonomy":"category","embeddable":true,"href":"https:\/\/www.visit-ulcinj.com\/blog\/wp-json\/wp\/v2\/categories?post=88675"},{"taxonomy":"post_tag","embeddable":true,"href":"https:\/\/www.visit-ulcinj.com\/blog\/wp-json\/wp\/v2\/tags?post=88675"}],"curies":[{"name":"wp","href":"https:\/\/api.w.org\/{rel}","templated":true}]}}