{"id":88692,"date":"2015-02-19T05:56:53","date_gmt":"2015-02-19T04:56:53","guid":{"rendered":"http:\/\/www.visit-ulcinj.com\/blog\/?p=88692"},"modified":"2015-02-19T05:56:53","modified_gmt":"2015-02-19T04:56:53","slug":"montenegro-erlajns-razmatra-poslovanje-sa-etihadom","status":"publish","type":"post","link":"https:\/\/www.visit-ulcinj.com\/blog\/2015\/02\/19\/montenegro-erlajns-razmatra-poslovanje-sa-etihadom\/","title":{"rendered":"Montenegro Erlajns razmatra poslovanje sa Etihadom"},"content":{"rendered":"<p><a href=\"http:\/\/www.visit-ulcinj.com\/blog\/wp-content\/uploads\/2015\/02\/Etihad-Airways.jpg\"><img loading=\"lazy\" class=\"alignleft wp-image-88694\" src=\"http:\/\/www.visit-ulcinj.com\/blog\/wp-content\/uploads\/2015\/02\/Etihad-Airways.jpg\" alt=\"Etihad-Airways\" width=\"508\" height=\"359\" \/><\/a>Crnogorski nacionalni avio-prevoznik Montenegro Erlajns (MA) pregovara sa kompanijom Etihad Ervejz iz Abu Dabija o zaklju\u010divanju kod-\u0161er aran\u017emana, koji podrazumijeva podjelu letova isticanjem vlastitih kodova na letove na koje se odnosi sporazum.<\/p>\n<p>Takozvani kod-\u0161ering ugovor podrazumijeva da avio-kompanije, potpisnice sporazuma, prodaju karte na tim letovima i odlu\u010duju \u010diji \u0107e avioni odr\u017eavati liniju.<\/p>\n<p>Izaslanik Etihad Ervejza u pregovorima sa MA je biv\u0161i srpski ministar finansija, Mla\u0111an Dinki\u0107, koji, kako se navodi, nije \u017eelio da komentari\u0161e svoj anga\u017eman, jer izjave za medije ne daje otkako se povukao iz politike.<\/p>\n<p>Etihad Ervejz je u avgustu 2013. godine u\u0161ao u strate\u0161ko partnerstvo sa nekada\u0161njim Jat Ervejzom, preuzimaju\u0107i 49 odsto kapitala te kompanije, dok je dr\u017eava Srbija ostala vlasnik 51 odsto akcija. Zajedni\u010dka kompanija je u oktobru 2013. godine preimenovana u Er Srbija.<\/p>\n<p><strong>Izvor: capital.ba<\/strong><\/p>\n","protected":false},"excerpt":{"rendered":"<p>Crnogorski nacionalni avio-prevoznik Montenegro Erlajns (MA) pregovara sa kompanijom Etihad Ervejz iz Abu Dabija o zaklju\u010divanju kod-\u0161er aran\u017emana, koji podrazumijeva podjelu letova isticanjem vlastitih kodova na letove na koje se odnosi sporazum. Takozvani kod-\u0161ering ugovor podrazumijeva da avio-kompanije, potpisnice sporazuma, prodaju karte na tim letovima i odlu\u010duju \u010diji \u0107e avioni odr\u017eavati liniju. Izaslanik Etihad Ervejza [&hellip;]<\/p>\n","protected":false},"author":1,"featured_media":0,"comment_status":"closed","ping_status":"closed","sticky":false,"template":"","format":"standard","meta":{"spay_email":"","jetpack_publicize_message":"","jetpack_is_tweetstorm":false,"jetpack_publicize_feature_enabled":true},"categories":[6950],"tags":[],"jetpack_publicize_connections":[],"yoast_head":"<!-- This site is optimized with the Yoast SEO plugin v19.1 - https:\/\/yoast.com\/wordpress\/plugins\/seo\/ -->\n<title>Montenegro Erlajns razmatra poslovanje sa Etihadom - Lajme nga Ulqini<\/title>\n<meta name=\"description\" content=\"Crnogorski nacionalni avio-prevoznik Montenegro Erlajns (MA) pregovara sa kompanijom Etihad Ervejz iz Abu Dabija o zaklju\u010divanju kod-\u0161er aran\u017emana, koji\" \/>\n<meta name=\"robots\" content=\"index, follow, max-snippet:-1, max-image-preview:large, max-video-preview:-1\" \/>\n<link rel=\"canonical\" href=\"https:\/\/www.visit-ulcinj.com\/blog\/2015\/02\/19\/montenegro-erlajns-razmatra-poslovanje-sa-etihadom\/\" \/>\n<meta property=\"og:locale\" content=\"en_US\" \/>\n<meta property=\"og:type\" content=\"article\" \/>\n<meta property=\"og:title\" content=\"Montenegro Erlajns razmatra poslovanje sa Etihadom - Lajme nga Ulqini\" \/>\n<meta property=\"og:description\" content=\"Crnogorski nacionalni avio-prevoznik Montenegro Erlajns (MA) pregovara sa kompanijom Etihad Ervejz iz Abu Dabija o zaklju\u010divanju kod-\u0161er aran\u017emana, koji\" \/>\n<meta property=\"og:url\" content=\"https:\/\/www.visit-ulcinj.com\/blog\/2015\/02\/19\/montenegro-erlajns-razmatra-poslovanje-sa-etihadom\/\" \/>\n<meta property=\"og:site_name\" content=\"Lajme nga Ulqini\" \/>\n<meta property=\"article:published_time\" content=\"2015-02-19T04:56:53+00:00\" \/>\n<meta property=\"og:image\" content=\"http:\/\/www.visit-ulcinj.com\/blog\/wp-content\/uploads\/2015\/02\/Etihad-Airways.jpg\" \/>\n<meta name=\"twitter:label1\" content=\"Written by\" \/>\n\t<meta name=\"twitter:data1\" content=\"ulqini\" \/>\n\t<meta name=\"twitter:label2\" content=\"Est. reading time\" \/>\n\t<meta name=\"twitter:data2\" content=\"1 minute\" \/>\n<script type=\"application\/ld+json\" class=\"yoast-schema-graph\">{\"@context\":\"https:\/\/schema.org\",\"@graph\":[{\"@type\":\"WebSite\",\"@id\":\"https:\/\/www.visit-ulcinj.com\/blog\/#website\",\"url\":\"https:\/\/www.visit-ulcinj.com\/blog\/\",\"name\":\"Lajme nga Ulqini\",\"description\":\"Lajme,Vijesti,Ulqini,Ulqin,Crna Gora,Mali i Zi\",\"potentialAction\":[{\"@type\":\"SearchAction\",\"target\":{\"@type\":\"EntryPoint\",\"urlTemplate\":\"https:\/\/www.visit-ulcinj.com\/blog\/?s={search_term_string}\"},\"query-input\":\"required name=search_term_string\"}],\"inLanguage\":\"en-US\"},{\"@type\":\"ImageObject\",\"inLanguage\":\"en-US\",\"@id\":\"https:\/\/www.visit-ulcinj.com\/blog\/2015\/02\/19\/montenegro-erlajns-razmatra-poslovanje-sa-etihadom\/#primaryimage\",\"url\":\"http:\/\/www.visit-ulcinj.com\/blog\/wp-content\/uploads\/2015\/02\/Etihad-Airways.jpg\",\"contentUrl\":\"http:\/\/www.visit-ulcinj.com\/blog\/wp-content\/uploads\/2015\/02\/Etihad-Airways.jpg\"},{\"@type\":\"WebPage\",\"@id\":\"https:\/\/www.visit-ulcinj.com\/blog\/2015\/02\/19\/montenegro-erlajns-razmatra-poslovanje-sa-etihadom\/#webpage\",\"url\":\"https:\/\/www.visit-ulcinj.com\/blog\/2015\/02\/19\/montenegro-erlajns-razmatra-poslovanje-sa-etihadom\/\",\"name\":\"Montenegro Erlajns razmatra poslovanje sa Etihadom - Lajme nga Ulqini\",\"isPartOf\":{\"@id\":\"https:\/\/www.visit-ulcinj.com\/blog\/#website\"},\"primaryImageOfPage\":{\"@id\":\"https:\/\/www.visit-ulcinj.com\/blog\/2015\/02\/19\/montenegro-erlajns-razmatra-poslovanje-sa-etihadom\/#primaryimage\"},\"datePublished\":\"2015-02-19T04:56:53+00:00\",\"dateModified\":\"2015-02-19T04:56:53+00:00\",\"author\":{\"@id\":\"https:\/\/www.visit-ulcinj.com\/blog\/#\/schema\/person\/dcab619c614d3038751c63bc2aadc06d\"},\"description\":\"Crnogorski nacionalni avio-prevoznik Montenegro Erlajns (MA) pregovara sa kompanijom Etihad Ervejz iz Abu Dabija o zaklju\u010divanju kod-\u0161er aran\u017emana, koji\",\"breadcrumb\":{\"@id\":\"https:\/\/www.visit-ulcinj.com\/blog\/2015\/02\/19\/montenegro-erlajns-razmatra-poslovanje-sa-etihadom\/#breadcrumb\"},\"inLanguage\":\"en-US\",\"potentialAction\":[{\"@type\":\"ReadAction\",\"target\":[\"https:\/\/www.visit-ulcinj.com\/blog\/2015\/02\/19\/montenegro-erlajns-razmatra-poslovanje-sa-etihadom\/\"]}]},{\"@type\":\"BreadcrumbList\",\"@id\":\"https:\/\/www.visit-ulcinj.com\/blog\/2015\/02\/19\/montenegro-erlajns-razmatra-poslovanje-sa-etihadom\/#breadcrumb\",\"itemListElement\":[{\"@type\":\"ListItem\",\"position\":1,\"name\":\"Montenegro Erlajns razmatra poslovanje sa Etihadom\"}]},{\"@type\":\"Person\",\"@id\":\"https:\/\/www.visit-ulcinj.com\/blog\/#\/schema\/person\/dcab619c614d3038751c63bc2aadc06d\",\"name\":\"ulqini\",\"sameAs\":[\"http:\/\/www.visit-ulcinj.com\"],\"url\":\"https:\/\/www.visit-ulcinj.com\/blog\/author\/admin\/\"}]}<\/script>\n<!-- \/ Yoast SEO plugin. -->","yoast_head_json":{"title":"Montenegro Erlajns razmatra poslovanje sa Etihadom - Lajme nga Ulqini","description":"Crnogorski nacionalni avio-prevoznik Montenegro Erlajns (MA) pregovara sa kompanijom Etihad Ervejz iz Abu Dabija o zaklju\u010divanju kod-\u0161er aran\u017emana, koji","robots":{"index":"index","follow":"follow","max-snippet":"max-snippet:-1","max-image-preview":"max-image-preview:large","max-video-preview":"max-video-preview:-1"},"canonical":"https:\/\/www.visit-ulcinj.com\/blog\/2015\/02\/19\/montenegro-erlajns-razmatra-poslovanje-sa-etihadom\/","og_locale":"en_US","og_type":"article","og_title":"Montenegro Erlajns razmatra poslovanje sa Etihadom - Lajme nga Ulqini","og_description":"Crnogorski nacionalni avio-prevoznik Montenegro Erlajns (MA) pregovara sa kompanijom Etihad Ervejz iz Abu Dabija o zaklju\u010divanju kod-\u0161er aran\u017emana, koji","og_url":"https:\/\/www.visit-ulcinj.com\/blog\/2015\/02\/19\/montenegro-erlajns-razmatra-poslovanje-sa-etihadom\/","og_site_name":"Lajme nga Ulqini","article_published_time":"2015-02-19T04:56:53+00:00","og_image":[{"url":"http:\/\/www.visit-ulcinj.com\/blog\/wp-content\/uploads\/2015\/02\/Etihad-Airways.jpg"}],"twitter_misc":{"Written by":"ulqini","Est. reading time":"1 minute"},"schema":{"@context":"https:\/\/schema.org","@graph":[{"@type":"WebSite","@id":"https:\/\/www.visit-ulcinj.com\/blog\/#website","url":"https:\/\/www.visit-ulcinj.com\/blog\/","name":"Lajme nga Ulqini","description":"Lajme,Vijesti,Ulqini,Ulqin,Crna Gora,Mali i Zi","potentialAction":[{"@type":"SearchAction","target":{"@type":"EntryPoint","urlTemplate":"https:\/\/www.visit-ulcinj.com\/blog\/?s={search_term_string}"},"query-input":"required name=search_term_string"}],"inLanguage":"en-US"},{"@type":"ImageObject","inLanguage":"en-US","@id":"https:\/\/www.visit-ulcinj.com\/blog\/2015\/02\/19\/montenegro-erlajns-razmatra-poslovanje-sa-etihadom\/#primaryimage","url":"http:\/\/www.visit-ulcinj.com\/blog\/wp-content\/uploads\/2015\/02\/Etihad-Airways.jpg","contentUrl":"http:\/\/www.visit-ulcinj.com\/blog\/wp-content\/uploads\/2015\/02\/Etihad-Airways.jpg"},{"@type":"WebPage","@id":"https:\/\/www.visit-ulcinj.com\/blog\/2015\/02\/19\/montenegro-erlajns-razmatra-poslovanje-sa-etihadom\/#webpage","url":"https:\/\/www.visit-ulcinj.com\/blog\/2015\/02\/19\/montenegro-erlajns-razmatra-poslovanje-sa-etihadom\/","name":"Montenegro Erlajns razmatra poslovanje sa Etihadom - Lajme nga Ulqini","isPartOf":{"@id":"https:\/\/www.visit-ulcinj.com\/blog\/#website"},"primaryImageOfPage":{"@id":"https:\/\/www.visit-ulcinj.com\/blog\/2015\/02\/19\/montenegro-erlajns-razmatra-poslovanje-sa-etihadom\/#primaryimage"},"datePublished":"2015-02-19T04:56:53+00:00","dateModified":"2015-02-19T04:56:53+00:00","author":{"@id":"https:\/\/www.visit-ulcinj.com\/blog\/#\/schema\/person\/dcab619c614d3038751c63bc2aadc06d"},"description":"Crnogorski nacionalni avio-prevoznik Montenegro Erlajns (MA) pregovara sa kompanijom Etihad Ervejz iz Abu Dabija o zaklju\u010divanju kod-\u0161er aran\u017emana, koji","breadcrumb":{"@id":"https:\/\/www.visit-ulcinj.com\/blog\/2015\/02\/19\/montenegro-erlajns-razmatra-poslovanje-sa-etihadom\/#breadcrumb"},"inLanguage":"en-US","potentialAction":[{"@type":"ReadAction","target":["https:\/\/www.visit-ulcinj.com\/blog\/2015\/02\/19\/montenegro-erlajns-razmatra-poslovanje-sa-etihadom\/"]}]},{"@type":"BreadcrumbList","@id":"https:\/\/www.visit-ulcinj.com\/blog\/2015\/02\/19\/montenegro-erlajns-razmatra-poslovanje-sa-etihadom\/#breadcrumb","itemListElement":[{"@type":"ListItem","position":1,"name":"Montenegro Erlajns razmatra poslovanje sa Etihadom"}]},{"@type":"Person","@id":"https:\/\/www.visit-ulcinj.com\/blog\/#\/schema\/person\/dcab619c614d3038751c63bc2aadc06d","name":"ulqini","sameAs":["http:\/\/www.visit-ulcinj.com"],"url":"https:\/\/www.visit-ulcinj.com\/blog\/author\/admin\/"}]}},"jetpack_featured_media_url":"","jetpack_sharing_enabled":true,"jetpack_shortlink":"https:\/\/wp.me\/pe6lTn-n4w","_links":{"self":[{"href":"https:\/\/www.visit-ulcinj.com\/blog\/wp-json\/wp\/v2\/posts\/88692"}],"collection":[{"href":"https:\/\/www.visit-ulcinj.com\/blog\/wp-json\/wp\/v2\/posts"}],"about":[{"href":"https:\/\/www.visit-ulcinj.com\/blog\/wp-json\/wp\/v2\/types\/post"}],"author":[{"embeddable":true,"href":"https:\/\/www.visit-ulcinj.com\/blog\/wp-json\/wp\/v2\/users\/1"}],"replies":[{"embeddable":true,"href":"https:\/\/www.visit-ulcinj.com\/blog\/wp-json\/wp\/v2\/comments?post=88692"}],"version-history":[{"count":1,"href":"https:\/\/www.visit-ulcinj.com\/blog\/wp-json\/wp\/v2\/posts\/88692\/revisions"}],"predecessor-version":[{"id":88695,"href":"https:\/\/www.visit-ulcinj.com\/blog\/wp-json\/wp\/v2\/posts\/88692\/revisions\/88695"}],"wp:attachment":[{"href":"https:\/\/www.visit-ulcinj.com\/blog\/wp-json\/wp\/v2\/media?parent=88692"}],"wp:term":[{"taxonomy":"category","embeddable":true,"href":"https:\/\/www.visit-ulcinj.com\/blog\/wp-json\/wp\/v2\/categories?post=88692"},{"taxonomy":"post_tag","embeddable":true,"href":"https:\/\/www.visit-ulcinj.com\/blog\/wp-json\/wp\/v2\/tags?post=88692"}],"curies":[{"name":"wp","href":"https:\/\/api.w.org\/{rel}","templated":true}]}}