{"id":887,"date":"2008-03-13T09:22:02","date_gmt":"2008-03-13T14:22:02","guid":{"rendered":"http:\/\/www.visit-ulcinj.com\/blog\/2008\/03\/13\/mozda-dobijem-u-prvom-krugu\/"},"modified":"2008-03-13T09:25:26","modified_gmt":"2008-03-13T14:25:26","slug":"mozda-dobijem-u-prvom-krugu","status":"publish","type":"post","link":"https:\/\/www.visit-ulcinj.com\/blog\/2008\/03\/13\/mozda-dobijem-u-prvom-krugu\/","title":{"rendered":"Mo\u017eda dobijem u prvom krugu"},"content":{"rendered":"<p><a href=\"http:\/\/www.visit-ulcinj.com\/blog\/wp-content\/uploads\/2008\/03\/medojevic_ulcinj.jpg\" rel=\"lightbox[pics-1205417736]\" title=\"Medojevic_ulcinj\"><img loading=\"lazy\" src=\"http:\/\/www.visit-ulcinj.com\/blog\/wp-content\/uploads\/2008\/03\/medojevic_ulcinj.thumbnail.jpg\" alt=\"Medojevic_ulcinj\" align=\"left\" height=\"89\" width=\"200\" \/><\/a><strong>Ulcinj<\/strong> &#8211; Predsjedni?ki kandidat PzP-a Neboj\u0161a Medojevi? izjavio je sino? u Ulcinju da kre?e njegova pobjedni?ka turneja.<br \/>\n&#8220;Ono \u0161to ja imam ve?eras u ovoj sali, a nemaju drugi kandidati, je ljubav. Niko vas nije tjerao da do?ete, ali ste \u017eeljni po\u0161tenja, promjena i pravde. Talas promjena je krenuo i od vas tra\u017eim da mi 6. aprila date glas, jer mogu bolje i br\u017ee od ostalih kandidata. Mo\u017eda i ne bude drugog kruga&#8221;, kazao je Medojevi? aludiraju?i na broj prisutnih u sali ulcinjskog hotela &#8220;Mediteran&#8221;.<br \/>\nOn je ocijenio da politika iza koje &#8220;stoji ovakva mladost&#8221; nikada ne gubi i pitao &#8220;gdje su Vujanovi?u mladi ljudi na promocijama&#8221;. Dr\u017ee?i maslinovu gran?icu, Medojevi? je rekao da je ona nekad bila simbol mira, slobode bogatstva Ulcinja, a da je danas &#8220;simbol ropstva&#8221;.<br \/>\n&#8220;Opstajali ste vjekovima, ali ako se ne\u0161to brzo ne promijeni vi\u0161e vas ne?e biti, jer Ulcinj je jedini grad na primorju koji bilje\u017ei pad broja stanovnika. Pored ovakvog bogatstva idete u tu?inu da tra\u017eite posao, pravdu i mir. \u0160ta vas to tjera odavde&#8221;, pitao je Medojevi?.<br \/>\nOn je naglasio da je Ulcinj od bogatog grada pretvoren u grad ste?aja.<br \/>\n&#8220;Prije ove promocije bio sam gost maslinara biv\u0161ih vlasnika imovine u Valdanosu koji su me primili na sada tu?oj imovini. Da sam vlast, pla\u0161io bih se, jer se zna da je oteto prokleto&#8221;, kazao je Medojevi? pra?en aplauzom i skandiranjem &#8220;Ho?emo promjene&#8221; i &#8220;Medo, Medo&#8221;.<br \/>\nPortparol PzP Ko?a Pavlovi? kazao je da &#8220;re\u017eimski kandidat&#8221; nikad nije bio predsjednik dr\u017eave, premijer i ministar policije.<br \/>\n&#8220;Cijela Crna Gora zna da je re\u017eimski kandidat sve vrijeme bio samo \u0161egrt i da je po?eo kao \u0161egrt d\u017eelatovog \u0161egrta, a napredovao je do \u0161egrta \u0161efa kartela&#8221;, kazao je Pavlovi?.<br \/>\nMustafa Canka kazao je da su samo promjene &#8220;konstanta na\u0161eg svijeta&#8221;.<br \/>\n&#8220;Mo\u017eete probati da ih istjerate kroz vrata, ali ?e vam u?i kroz prozor&#8221;, ocijenio je Canka.<br \/>\nDr Miki Rolovi? kazao je da protivni?ki tabor misli da se Zemlja okre?e oko svoje ose i Sunca samo zbog DPS-a i da gravitacija postoji samo zbog te partije.<br \/>\n&#8220;Zbog toga su oni u beste\u017einskom stanju&#8221;, rekao je Rolovi?.<\/p>\n<p><a href=\"http:\/\/nebojsamedojevic.com\/\" title=\"Ulcinj-ulqini-ulqin,montenegro\" target=\"_blank\">http:\/\/nebojsamedojevic.com\/<\/a><\/p>\n<!--YouTube Error: bad URL entered-->\n","protected":false},"excerpt":{"rendered":"<p><img loading=\"lazy\" src=\"http:\/\/www.visit-ulcinj.com\/blog\/wp-content\/uploads\/2008\/03\/medojevic_ulcinj.thumbnail.jpg\" alt=\"Medojevic_ulcinj\" align=\"left\" height=\"140\" width=\"140\" \/><\/p>\n","protected":false},"author":1,"featured_media":0,"comment_status":"open","ping_status":"closed","sticky":false,"template":"","format":"standard","meta":{"spay_email":"","jetpack_publicize_message":"","jetpack_is_tweetstorm":false,"jetpack_publicize_feature_enabled":true},"categories":[5],"tags":[],"jetpack_publicize_connections":[],"yoast_head":"<!-- This site is optimized with the Yoast SEO plugin v19.1 - https:\/\/yoast.com\/wordpress\/plugins\/seo\/ -->\n<title>Mo\u017eda dobijem u prvom krugu - Lajme nga Ulqini<\/title>\n<meta name=\"robots\" content=\"index, follow, max-snippet:-1, max-image-preview:large, max-video-preview:-1\" \/>\n<link rel=\"canonical\" href=\"https:\/\/www.visit-ulcinj.com\/blog\/2008\/03\/13\/mozda-dobijem-u-prvom-krugu\/\" \/>\n<meta property=\"og:locale\" content=\"en_US\" \/>\n<meta property=\"og:type\" content=\"article\" \/>\n<meta property=\"og:title\" content=\"Mo\u017eda dobijem u prvom krugu - Lajme nga Ulqini\" \/>\n<meta property=\"og:url\" content=\"https:\/\/www.visit-ulcinj.com\/blog\/2008\/03\/13\/mozda-dobijem-u-prvom-krugu\/\" \/>\n<meta property=\"og:site_name\" content=\"Lajme nga Ulqini\" \/>\n<meta property=\"article:published_time\" content=\"2008-03-13T14:22:02+00:00\" \/>\n<meta property=\"article:modified_time\" content=\"2008-03-13T14:25:26+00:00\" \/>\n<meta property=\"og:image\" content=\"http:\/\/www.visit-ulcinj.com\/blog\/wp-content\/uploads\/2008\/03\/medojevic_ulcinj.thumbnail.jpg\" \/>\n<meta name=\"twitter:label1\" content=\"Written by\" \/>\n\t<meta name=\"twitter:data1\" content=\"ulqini\" \/>\n\t<meta name=\"twitter:label2\" content=\"Est. reading time\" \/>\n\t<meta name=\"twitter:data2\" content=\"2 minutes\" \/>\n<script type=\"application\/ld+json\" class=\"yoast-schema-graph\">{\"@context\":\"https:\/\/schema.org\",\"@graph\":[{\"@type\":\"WebSite\",\"@id\":\"https:\/\/www.visit-ulcinj.com\/blog\/#website\",\"url\":\"https:\/\/www.visit-ulcinj.com\/blog\/\",\"name\":\"Lajme nga Ulqini\",\"description\":\"Lajme,Vijesti,Ulqini,Ulqin,Crna Gora,Mali i Zi\",\"potentialAction\":[{\"@type\":\"SearchAction\",\"target\":{\"@type\":\"EntryPoint\",\"urlTemplate\":\"https:\/\/www.visit-ulcinj.com\/blog\/?s={search_term_string}\"},\"query-input\":\"required name=search_term_string\"}],\"inLanguage\":\"en-US\"},{\"@type\":\"ImageObject\",\"inLanguage\":\"en-US\",\"@id\":\"https:\/\/www.visit-ulcinj.com\/blog\/2008\/03\/13\/mozda-dobijem-u-prvom-krugu\/#primaryimage\",\"url\":\"http:\/\/www.visit-ulcinj.com\/blog\/wp-content\/uploads\/2008\/03\/medojevic_ulcinj.thumbnail.jpg\",\"contentUrl\":\"http:\/\/www.visit-ulcinj.com\/blog\/wp-content\/uploads\/2008\/03\/medojevic_ulcinj.thumbnail.jpg\"},{\"@type\":\"WebPage\",\"@id\":\"https:\/\/www.visit-ulcinj.com\/blog\/2008\/03\/13\/mozda-dobijem-u-prvom-krugu\/#webpage\",\"url\":\"https:\/\/www.visit-ulcinj.com\/blog\/2008\/03\/13\/mozda-dobijem-u-prvom-krugu\/\",\"name\":\"Mo\u017eda dobijem u prvom krugu - Lajme nga Ulqini\",\"isPartOf\":{\"@id\":\"https:\/\/www.visit-ulcinj.com\/blog\/#website\"},\"primaryImageOfPage\":{\"@id\":\"https:\/\/www.visit-ulcinj.com\/blog\/2008\/03\/13\/mozda-dobijem-u-prvom-krugu\/#primaryimage\"},\"datePublished\":\"2008-03-13T14:22:02+00:00\",\"dateModified\":\"2008-03-13T14:25:26+00:00\",\"author\":{\"@id\":\"https:\/\/www.visit-ulcinj.com\/blog\/#\/schema\/person\/dcab619c614d3038751c63bc2aadc06d\"},\"breadcrumb\":{\"@id\":\"https:\/\/www.visit-ulcinj.com\/blog\/2008\/03\/13\/mozda-dobijem-u-prvom-krugu\/#breadcrumb\"},\"inLanguage\":\"en-US\",\"potentialAction\":[{\"@type\":\"ReadAction\",\"target\":[\"https:\/\/www.visit-ulcinj.com\/blog\/2008\/03\/13\/mozda-dobijem-u-prvom-krugu\/\"]}]},{\"@type\":\"BreadcrumbList\",\"@id\":\"https:\/\/www.visit-ulcinj.com\/blog\/2008\/03\/13\/mozda-dobijem-u-prvom-krugu\/#breadcrumb\",\"itemListElement\":[{\"@type\":\"ListItem\",\"position\":1,\"name\":\"Mo\u017eda dobijem u prvom krugu\"}]},{\"@type\":\"Person\",\"@id\":\"https:\/\/www.visit-ulcinj.com\/blog\/#\/schema\/person\/dcab619c614d3038751c63bc2aadc06d\",\"name\":\"ulqini\",\"sameAs\":[\"http:\/\/www.visit-ulcinj.com\"],\"url\":\"https:\/\/www.visit-ulcinj.com\/blog\/author\/admin\/\"}]}<\/script>\n<!-- \/ Yoast SEO plugin. -->","yoast_head_json":{"title":"Mo\u017eda dobijem u prvom krugu - Lajme nga Ulqini","robots":{"index":"index","follow":"follow","max-snippet":"max-snippet:-1","max-image-preview":"max-image-preview:large","max-video-preview":"max-video-preview:-1"},"canonical":"https:\/\/www.visit-ulcinj.com\/blog\/2008\/03\/13\/mozda-dobijem-u-prvom-krugu\/","og_locale":"en_US","og_type":"article","og_title":"Mo\u017eda dobijem u prvom krugu - Lajme nga Ulqini","og_url":"https:\/\/www.visit-ulcinj.com\/blog\/2008\/03\/13\/mozda-dobijem-u-prvom-krugu\/","og_site_name":"Lajme nga Ulqini","article_published_time":"2008-03-13T14:22:02+00:00","article_modified_time":"2008-03-13T14:25:26+00:00","og_image":[{"url":"http:\/\/www.visit-ulcinj.com\/blog\/wp-content\/uploads\/2008\/03\/medojevic_ulcinj.thumbnail.jpg"}],"twitter_misc":{"Written by":"ulqini","Est. reading time":"2 minutes"},"schema":{"@context":"https:\/\/schema.org","@graph":[{"@type":"WebSite","@id":"https:\/\/www.visit-ulcinj.com\/blog\/#website","url":"https:\/\/www.visit-ulcinj.com\/blog\/","name":"Lajme nga Ulqini","description":"Lajme,Vijesti,Ulqini,Ulqin,Crna Gora,Mali i Zi","potentialAction":[{"@type":"SearchAction","target":{"@type":"EntryPoint","urlTemplate":"https:\/\/www.visit-ulcinj.com\/blog\/?s={search_term_string}"},"query-input":"required name=search_term_string"}],"inLanguage":"en-US"},{"@type":"ImageObject","inLanguage":"en-US","@id":"https:\/\/www.visit-ulcinj.com\/blog\/2008\/03\/13\/mozda-dobijem-u-prvom-krugu\/#primaryimage","url":"http:\/\/www.visit-ulcinj.com\/blog\/wp-content\/uploads\/2008\/03\/medojevic_ulcinj.thumbnail.jpg","contentUrl":"http:\/\/www.visit-ulcinj.com\/blog\/wp-content\/uploads\/2008\/03\/medojevic_ulcinj.thumbnail.jpg"},{"@type":"WebPage","@id":"https:\/\/www.visit-ulcinj.com\/blog\/2008\/03\/13\/mozda-dobijem-u-prvom-krugu\/#webpage","url":"https:\/\/www.visit-ulcinj.com\/blog\/2008\/03\/13\/mozda-dobijem-u-prvom-krugu\/","name":"Mo\u017eda dobijem u prvom krugu - Lajme nga Ulqini","isPartOf":{"@id":"https:\/\/www.visit-ulcinj.com\/blog\/#website"},"primaryImageOfPage":{"@id":"https:\/\/www.visit-ulcinj.com\/blog\/2008\/03\/13\/mozda-dobijem-u-prvom-krugu\/#primaryimage"},"datePublished":"2008-03-13T14:22:02+00:00","dateModified":"2008-03-13T14:25:26+00:00","author":{"@id":"https:\/\/www.visit-ulcinj.com\/blog\/#\/schema\/person\/dcab619c614d3038751c63bc2aadc06d"},"breadcrumb":{"@id":"https:\/\/www.visit-ulcinj.com\/blog\/2008\/03\/13\/mozda-dobijem-u-prvom-krugu\/#breadcrumb"},"inLanguage":"en-US","potentialAction":[{"@type":"ReadAction","target":["https:\/\/www.visit-ulcinj.com\/blog\/2008\/03\/13\/mozda-dobijem-u-prvom-krugu\/"]}]},{"@type":"BreadcrumbList","@id":"https:\/\/www.visit-ulcinj.com\/blog\/2008\/03\/13\/mozda-dobijem-u-prvom-krugu\/#breadcrumb","itemListElement":[{"@type":"ListItem","position":1,"name":"Mo\u017eda dobijem u prvom krugu"}]},{"@type":"Person","@id":"https:\/\/www.visit-ulcinj.com\/blog\/#\/schema\/person\/dcab619c614d3038751c63bc2aadc06d","name":"ulqini","sameAs":["http:\/\/www.visit-ulcinj.com"],"url":"https:\/\/www.visit-ulcinj.com\/blog\/author\/admin\/"}]}},"jetpack_featured_media_url":"","jetpack_sharing_enabled":true,"jetpack_shortlink":"https:\/\/wp.me\/pe6lTn-ej","_links":{"self":[{"href":"https:\/\/www.visit-ulcinj.com\/blog\/wp-json\/wp\/v2\/posts\/887"}],"collection":[{"href":"https:\/\/www.visit-ulcinj.com\/blog\/wp-json\/wp\/v2\/posts"}],"about":[{"href":"https:\/\/www.visit-ulcinj.com\/blog\/wp-json\/wp\/v2\/types\/post"}],"author":[{"embeddable":true,"href":"https:\/\/www.visit-ulcinj.com\/blog\/wp-json\/wp\/v2\/users\/1"}],"replies":[{"embeddable":true,"href":"https:\/\/www.visit-ulcinj.com\/blog\/wp-json\/wp\/v2\/comments?post=887"}],"version-history":[{"count":0,"href":"https:\/\/www.visit-ulcinj.com\/blog\/wp-json\/wp\/v2\/posts\/887\/revisions"}],"wp:attachment":[{"href":"https:\/\/www.visit-ulcinj.com\/blog\/wp-json\/wp\/v2\/media?parent=887"}],"wp:term":[{"taxonomy":"category","embeddable":true,"href":"https:\/\/www.visit-ulcinj.com\/blog\/wp-json\/wp\/v2\/categories?post=887"},{"taxonomy":"post_tag","embeddable":true,"href":"https:\/\/www.visit-ulcinj.com\/blog\/wp-json\/wp\/v2\/tags?post=887"}],"curies":[{"name":"wp","href":"https:\/\/api.w.org\/{rel}","templated":true}]}}