{"id":88731,"date":"2015-02-19T18:04:21","date_gmt":"2015-02-19T17:04:21","guid":{"rendered":"http:\/\/www.visit-ulcinj.com\/blog\/?p=88731"},"modified":"2015-02-20T13:46:44","modified_gmt":"2015-02-20T12:46:44","slug":"nika-contra-populus-cronikus-pervjetori-prosperitetit-dhe-kush-ia-lagu-letrat","status":"publish","type":"post","link":"https:\/\/www.visit-ulcinj.com\/blog\/2015\/02\/19\/nika-contra-populus-cronikus-pervjetori-prosperitetit-dhe-kush-ia-lagu-letrat\/","title":{"rendered":"Nika: CONTRA  POPULUS  CRONIKUS &#8211; P\u00ebrvjetori i PROSPERITETIT dhe kush ia lagu letrat"},"content":{"rendered":"<p><strong>Shkruan Muhamet Nika\u00a0\u00a0 <\/strong><\/p>\n<p style=\"text-align: center;\"><strong>CONTRA POPULUS CRONIKUS <\/strong><\/p>\n<p><strong><em>4. P\u00ebrvjetori i PROSPERITETIT dhe kush ia lagu letrat<\/em><\/strong><\/p>\n<p><a href=\"http:\/\/www.visit-ulcinj.com\/blog\/wp-content\/uploads\/2015\/02\/Partia-PROSPERITETIT-DEMOKRATIK-ULQIN.jpg\"><img loading=\"lazy\" class=\"alignleft wp-image-88732\" src=\"http:\/\/www.visit-ulcinj.com\/blog\/wp-content\/uploads\/2015\/02\/Partia-PROSPERITETIT-DEMOKRATIK-ULQIN.jpg\" alt=\"Partia-PROSPERITETIT-DEMOKRATIK-ULQIN\" width=\"508\" height=\"568\" srcset=\"https:\/\/www.visit-ulcinj.com\/blog\/wp-content\/uploads\/2015\/02\/Partia-PROSPERITETIT-DEMOKRATIK-ULQIN.jpg 628w, https:\/\/www.visit-ulcinj.com\/blog\/wp-content\/uploads\/2015\/02\/Partia-PROSPERITETIT-DEMOKRATIK-ULQIN-268x300.jpg 268w\" sizes=\"(max-width: 508px) 100vw, 508px\" \/><\/a><\/p>\n<p><strong><em>Ja disa fotografi nga dokumentacioni q\u00eb nuk u p\u00ebrmbyt- i PPD-s\u00eb, p\u00ebr t\u00eb cilin do t\u00eb flasim n\u00eb pjes\u00ebn e dyt\u00eb n\u00eb vazhdim &#8230;?!!!<\/em><\/strong><\/p>\n<p><strong><em>\u00a0<\/em><\/strong><\/p>\n<p>Pasi q\u00eb krer\u00ebt e kombit t\u00eb partis\u00eb\u00a0\u00a0 s\u00eb par\u00eb , pas 9 viteve<strong>(historike..),<\/strong> u pa se u zhyten kolektivisht dhe n\u00eb m\u00ebnyr\u00eb t\u00eb organizuar n\u00eb bot\u00ebn e krimit financiar , at\u00ebher\u00eb, m\u00eb 20 shkurt 2001, n\u00eb Ulqin u formua partia e Prosperiteti Demokratik. Krimi q\u00eb nxiti formimin e saj, kishte kulmuar me rastin e p\u00ebrvet\u00ebsimit t\u00eb mjeteve t\u00eb BE-s\u00eb, t\u00eb caktuara, si kompensim p\u00ebr familjet q\u00eb kishin strehuar kosovar\u00ebt e ikur nga lufta.<\/p>\n<p>Partia e re, t\u00eb pakt\u00ebn n\u00eb m\u00ebnyr\u00eb deklarative, doli nga gjiri i LD-s\u00eb, duke u v\u00ebn\u00eb n\u00eb mbrojtje t\u00eb qytetar\u00ebve t\u00eb grabitur nga ana e pushtetar\u00ebve lokal\u00eb dhe punonj\u00ebsit e administrat\u00ebs lokale. Nd\u00ebrsa ajo si parti e re, kryesohej nga : Muhamet Nika( kryetar i kuvendit themelues), Gjergj Pepgjoni(sekretar), Osman Rexha ( p\u00ebrfaq\u00ebsues dhe kryetar) , Kapllan Mu\u00e7a &#8211; an\u00ebtar\u00eb i kryesis\u00eb etj.<\/p>\n<p>Faktikisht ky num\u00ebr po thuajse p\u00ebrputhej me numrin e atyre personave t\u00eb cil\u00ebt nuk \u201c p\u00ebrfituan \u201c nga kompensimi i mjeteve t\u00eb p\u00ebrmendura dhe t\u00eb cil\u00ebt nuk kishin paraqitur k\u00ebrkesa t\u00eb pakt\u00ebn t\u00eb rrejshme , ashtu si\u00e7 b\u00ebn\u00eb gjith\u00eb partiaket dhe pushtetar\u00ebt tjer\u00eb t\u00eb koh\u00ebs. K\u00ebto t\u00eb fundit n\u00eb vend q\u00eb t\u00eb kritikonin paturp\u00ebsin\u00eb e b\u00ebr\u00eb , zun\u00eb radh\u00ebt p\u00ebr t\u00eb marr\u00eb pjes\u00ebn e dyt\u00eb t\u00eb te hollave \u201c se gjoja na kishin mbajtur refugjat\u00eb&#8230;\u201d?!!!<\/p>\n<p><em>\u00c7\u2019 \u00ebsht\u00eb e v\u00ebrteta, pati edhe nga kryesia e saj q\u00eb strehuan refugjat\u00eb, bile nga t\u00eb par\u00ebt , si puna e atyre q\u00eb pash\u00eb vet , fjala vie: Abdullah Kurti, Ferid Kurti, Shaban Peri etj,<\/em><\/p>\n<p>N\u00eb k\u00ebt\u00eb aspekt , kjo parti , me programin e vet dhe me kontaktet e b\u00ebra me v\u00ebzhguesit nga radh\u00ebt e BE-s\u00eb, pati sukses t\u2019i sensibilizoj\u00eb ata , q\u00eb parat\u00eb e nisura kishin p\u00ebrfunduar aty ku nuk duhet- xhepat e pushtetar\u00ebve lokal\u00eb dhe republikan\u00eb; se ish ngritur padi n\u00eb gjyq nga qytetar\u00ebt ndaj korrupsionit komunal dhe \u00a0\u00a0\u00a0se \u00a0 mbase e gjith\u00eb kjo ndikoi q\u00eb t\u00eb mos ndahej kurr\u00eb m\u00eb , pjesa e dyt\u00eb e mjeteve t\u00eb premtuara p\u00ebr kompensim t\u00eb parashikuar. Nd\u00ebrsa nga ana e tjet\u00ebr, p\u00ebr \u00e7udi ,l\u00ebnda e ngritur n\u00eb gjykat\u00eb , vazhdon t\u00eb jet\u00eb si proces i pa zgjidhur madje edhe deri sot e k\u00ebsaj dite.<\/p>\n<p><strong><em> Pik\u00ebpamja e ime at\u00ebher\u00eb edhe sot , \u00ebsht\u00eb dhe vazhdon t\u00eb jet\u00eb, q\u00eb n\u00eb k\u00ebt\u00eb rast do duhej t\u00eb insistohej me \u00e7do kusht q\u00eb t\u00eb vihej dor\u00eb n\u00eb plag\u00eb t\u00eb \u00e7\u00ebshtjes , po qoft\u00eb ajo edhe duke shpall\u00eb fajtore\u00a0\u00a0 kryesin\u00eb \u00eb kupol\u00ebs s\u00eb pushtetit nacional n\u00eb Ulqin. Kthimi i parave do t\u00eb kish fuqizuar subjektin e k\u00ebsaj partie dhe do t\u00eb kish neutralizuar korrupsionin n\u00eb pushtetet q\u00eb nd\u00ebrroheshin duke pasur si most\u00ebr shembullin e keq&#8230;?!!!<\/em><\/strong><\/p>\n<p>Grupi i p\u00ebrmendur , shfryt\u00ebzoi kredibilitetin e vet dhe rastin e dh\u00ebn\u00eb t\u00eb skandalit , duke u legjitimuar me dalje si parti n\u00eb zgjedhjet parlamentare t\u00eb radh\u00ebs . Kjo parti, edhe pse doli , p\u00ebr her\u00eb t\u00eb par\u00eb, u pa se me 6 mandatet e fituara po b\u00ebhej faktor i pa\u00a0\u00a0 kap\u00ebrcyesh\u00ebm . Ajo kish arritur t\u00eb krijoj\u00eb opsion p\u00ebr profil t\u00eb hetuar politik . Nga ana e tjet\u00ebr , proklamonte q\u00eb ajo shtres\u00eb e votuesve shqiptar\u00eb t\u00eb cil\u00ebt nuk d\u00ebshirojn\u00eb t\u00eb votojn\u00eb dy partit\u00eb ekzistuese LD- UDSH, e kan\u00eb rastin t\u00eb votonin partin\u00eb e tret\u00eb dhe n\u00eb fakt k\u00ebshtu ndodhi- Qytetar\u00ebt ia dhan\u00eb vot\u00ebn- lidhja u p\u00ebrgjysmua p\u00ebr 2 muaj jo t\u00eb plot\u00eb..?!!!<\/p>\n<p><strong><em>Vet\u00eb tradhtia e Prosperitetit&#8230;?!!!<\/em><\/strong><\/p>\n<p>Pasi q\u00eb partia u deklarua se ishte parti nacionale ; q\u00eb do t\u00eb shkoj\u00eb n\u00eb koalicion me partit\u00eb nacionale; q\u00eb do t\u2019 i kusht\u00ebzoj\u00eb me kthimin e mjeteve dhe me kontroll t\u00eb korrupsionit nga brenda , asaj iu imponua q\u00eb \u00e7\u00ebshtjen e mjeteve ta shtroj\u00eb n\u00eb kuvend.<\/p>\n<p>P\u00ebr \u00e7udi kryetari i at\u00ebhersh\u00ebm i komun\u00ebs dhe i kuvendit- Fuad Nimani bashk\u00eb me klubin e vet dhe me k\u00ebshilltar\u00ebt e DPS-s\u00eb, pranuan q\u00eb kjo tem\u00eb t\u00eb hapej s\u00ebrish, me q\u00ebllim t\u00eb kontrollit t\u00eb \u00e7\u00ebshtjes, por vendimin , nuk e votuan vet\u00eb k\u00ebshilltar\u00ebt e Prosperitetit, p\u00ebrjashtuar k\u00ebtu, Esat Jakupin dhe Muhamet Nik\u00ebn, por me gjith\u00eb at\u00eb vendimi prap\u00eb se prap\u00eb kaloi&#8230;.?!!!<\/p>\n<p>Tjet\u00ebr \u00ebsht\u00eb interesat t\u00eb cek\u00ebt se ,pasi q\u00eb kuvendi vendosi t\u00eb v\u00ebr\u00eb dor\u00ebn n\u00eb plag\u00ebn e mjeteve duke hapur \u00e7\u00ebshtjen me vendim kuvendi, k\u00ebshilltar\u00ebt e par\u00eb q\u00eb u distancuan nga vendimi ishin ata t\u00eb klubit t\u00eb LD-s\u00eb, t\u00eb cil\u00ebt thirren mbledhje urgjente n\u00eb Kat\u00ebrkoll\u00eb, duke th\u00ebn\u00eb se ata si klub distancohen nga ky vendim dhe nuk e p\u00ebrkrahin, por k\u00ebshtu u deklarua edhe kryetari dhe n\u00ebnkryetari i Prosperitetit- Osman Rexha dhe Zana Sarvan(kuptohet brenda partis\u00eb)?! N\u00eb m\u00ebnyr\u00ebn m\u00eb t\u00eb pa turpshme arsyetuan se partia nuk ishte formuar vet\u00ebm p\u00ebr k\u00ebt\u00eb \u00e7\u00ebshtje&#8230;?!!! Pas k\u00ebsaj vet\u00eb dhash\u00eb dor\u00ebheqje nga k\u00ebshilltari i saj me motivacion t\u00eb konfliktit t\u00eb interesit. Thjesht , partia u largua nga opsioni i vet fillestar, ajo gjithashtu , b\u00ebri gabim politik, edhe n\u00eb momentin kur n\u00eb kuvend vuri \u00e7\u00ebshtjen e interpelanc\u00ebs duke k\u00ebrkuar nga Nimani, p\u00ebrgjigje rreth 10 pyetjeve t\u00eb v\u00ebna p\u00ebr (mos) funksionim t\u00eb pushtetit lokal . Tjet\u00ebr , kur i shkroi letra kryeministrit dhe presidentit duke i njoftuar me pun\u00ebn hi\u00e7 transparente t\u00eb Nimanit, n\u00eb vend q\u00eb bashk\u00eb me k\u00ebt\u00eb t\u00eb lajm\u00ebronte edhe prokurorin\u00eb. Ajo me k\u00ebt\u00eb veprime t\u00eb cilat po kryente , krijoi p\u00ebrshtypjen se i kish mbetur , q\u00eb mbi baz\u00ebn e akuzave t\u00eb p\u00ebrfitoj\u00eb si her\u00ebn e par\u00eb, m\u00eb shum\u00eb pushtet se sa t\u00eb zgjidh\u00eb problemet andaj shkoi duke e minimizuar veten n\u00eb sken\u00ebn politike.<\/p>\n<p>Akuzat e saj ,q\u00eb po i b\u00ebnte ndaj pushtetit t\u00eb keq t\u00eb partner\u00ebve shqiptar\u00eb, nuk po e kuptonte se t\u00eb gjitha ata , po i shkonin n\u00eb favor t\u00eb Partis\u00eb s\u00eb Forc\u00ebs, q\u00eb tash m\u00eb ve\u00e7 ish krijuar. Ajo edhe pse betohej n\u00eb spotet veta se kish timonier t\u00eb fort\u00eb, nuk kish fare nevoj\u00eb t\u00eb ndez\u00eb motor\u00ebt- Puna- Era e prosperitetit po e drejtonte at\u00eb atje ku duhej, pa nj\u00eb mund t\u00eb madh&#8230;?!!!<\/p>\n<p><strong><em> (vazhdon- kush ia lagu letrat PPD-s\u00eb&#8230;?!!!)<\/em><\/strong><\/p>\n","protected":false},"excerpt":{"rendered":"<p>Shkruan Muhamet Nika\u00a0\u00a0 CONTRA POPULUS CRONIKUS 4. P\u00ebrvjetori i PROSPERITETIT dhe kush ia lagu letrat Ja disa fotografi nga dokumentacioni q\u00eb nuk u p\u00ebrmbyt- i PPD-s\u00eb, p\u00ebr t\u00eb cilin do t\u00eb flasim n\u00eb pjes\u00ebn e dyt\u00eb n\u00eb vazhdim &#8230;?!!! \u00a0 Pasi q\u00eb krer\u00ebt e kombit t\u00eb partis\u00eb\u00a0\u00a0 s\u00eb par\u00eb , pas 9 viteve(historike..), u pa [&hellip;]<\/p>\n","protected":false},"author":1,"featured_media":0,"comment_status":"closed","ping_status":"closed","sticky":false,"template":"","format":"standard","meta":{"spay_email":"","jetpack_publicize_message":"","jetpack_is_tweetstorm":false,"jetpack_publicize_feature_enabled":true},"categories":[1,14249],"tags":[],"jetpack_publicize_connections":[],"yoast_head":"<!-- This site is optimized with the Yoast SEO plugin v19.1 - https:\/\/yoast.com\/wordpress\/plugins\/seo\/ -->\n<title>Nika: CONTRA POPULUS CRONIKUS - P\u00ebrvjetori i PROSPERITETIT dhe kush ia lagu letrat - Lajme nga Ulqini<\/title>\n<meta name=\"description\" content=\"Shkruan Muhamet Nika\u00a0\u00a0 CONTRA POPULUS CRONIKUS 4. P\u00ebrvjetori i PROSPERITETIT dhe kush ia lagu letrat Ja disa fotografi nga dokumentacioni q\u00eb nuk u\" \/>\n<meta name=\"robots\" content=\"index, follow, max-snippet:-1, max-image-preview:large, max-video-preview:-1\" \/>\n<link rel=\"canonical\" href=\"https:\/\/www.visit-ulcinj.com\/blog\/2015\/02\/19\/nika-contra-populus-cronikus-pervjetori-prosperitetit-dhe-kush-ia-lagu-letrat\/\" \/>\n<meta property=\"og:locale\" content=\"en_US\" \/>\n<meta property=\"og:type\" content=\"article\" \/>\n<meta property=\"og:title\" content=\"Nika: CONTRA POPULUS CRONIKUS - P\u00ebrvjetori i PROSPERITETIT dhe kush ia lagu letrat - Lajme nga Ulqini\" \/>\n<meta property=\"og:description\" content=\"Shkruan Muhamet Nika\u00a0\u00a0 CONTRA POPULUS CRONIKUS 4. P\u00ebrvjetori i PROSPERITETIT dhe kush ia lagu letrat Ja disa fotografi nga dokumentacioni q\u00eb nuk u\" \/>\n<meta property=\"og:url\" content=\"https:\/\/www.visit-ulcinj.com\/blog\/2015\/02\/19\/nika-contra-populus-cronikus-pervjetori-prosperitetit-dhe-kush-ia-lagu-letrat\/\" \/>\n<meta property=\"og:site_name\" content=\"Lajme nga Ulqini\" \/>\n<meta property=\"article:published_time\" content=\"2015-02-19T17:04:21+00:00\" \/>\n<meta property=\"article:modified_time\" content=\"2015-02-20T12:46:44+00:00\" \/>\n<meta property=\"og:image\" content=\"http:\/\/www.visit-ulcinj.com\/blog\/wp-content\/uploads\/2015\/02\/Partia-PROSPERITETIT-DEMOKRATIK-ULQIN.jpg\" \/>\n<meta name=\"twitter:label1\" content=\"Written by\" \/>\n\t<meta name=\"twitter:data1\" content=\"ulqini\" \/>\n\t<meta name=\"twitter:label2\" content=\"Est. reading time\" \/>\n\t<meta name=\"twitter:data2\" content=\"5 minutes\" \/>\n<script type=\"application\/ld+json\" class=\"yoast-schema-graph\">{\"@context\":\"https:\/\/schema.org\",\"@graph\":[{\"@type\":\"WebSite\",\"@id\":\"https:\/\/www.visit-ulcinj.com\/blog\/#website\",\"url\":\"https:\/\/www.visit-ulcinj.com\/blog\/\",\"name\":\"Lajme nga Ulqini\",\"description\":\"Lajme,Vijesti,Ulqini,Ulqin,Crna Gora,Mali i Zi\",\"potentialAction\":[{\"@type\":\"SearchAction\",\"target\":{\"@type\":\"EntryPoint\",\"urlTemplate\":\"https:\/\/www.visit-ulcinj.com\/blog\/?s={search_term_string}\"},\"query-input\":\"required name=search_term_string\"}],\"inLanguage\":\"en-US\"},{\"@type\":\"ImageObject\",\"inLanguage\":\"en-US\",\"@id\":\"https:\/\/www.visit-ulcinj.com\/blog\/2015\/02\/19\/nika-contra-populus-cronikus-pervjetori-prosperitetit-dhe-kush-ia-lagu-letrat\/#primaryimage\",\"url\":\"https:\/\/www.visit-ulcinj.com\/blog\/wp-content\/uploads\/2015\/02\/Partia-PROSPERITETIT-DEMOKRATIK-ULQIN.jpg\",\"contentUrl\":\"https:\/\/www.visit-ulcinj.com\/blog\/wp-content\/uploads\/2015\/02\/Partia-PROSPERITETIT-DEMOKRATIK-ULQIN.jpg\",\"width\":628,\"height\":702},{\"@type\":\"WebPage\",\"@id\":\"https:\/\/www.visit-ulcinj.com\/blog\/2015\/02\/19\/nika-contra-populus-cronikus-pervjetori-prosperitetit-dhe-kush-ia-lagu-letrat\/#webpage\",\"url\":\"https:\/\/www.visit-ulcinj.com\/blog\/2015\/02\/19\/nika-contra-populus-cronikus-pervjetori-prosperitetit-dhe-kush-ia-lagu-letrat\/\",\"name\":\"Nika: CONTRA POPULUS CRONIKUS - P\u00ebrvjetori i PROSPERITETIT dhe kush ia lagu letrat - Lajme nga Ulqini\",\"isPartOf\":{\"@id\":\"https:\/\/www.visit-ulcinj.com\/blog\/#website\"},\"primaryImageOfPage\":{\"@id\":\"https:\/\/www.visit-ulcinj.com\/blog\/2015\/02\/19\/nika-contra-populus-cronikus-pervjetori-prosperitetit-dhe-kush-ia-lagu-letrat\/#primaryimage\"},\"datePublished\":\"2015-02-19T17:04:21+00:00\",\"dateModified\":\"2015-02-20T12:46:44+00:00\",\"author\":{\"@id\":\"https:\/\/www.visit-ulcinj.com\/blog\/#\/schema\/person\/dcab619c614d3038751c63bc2aadc06d\"},\"description\":\"Shkruan Muhamet Nika\u00a0\u00a0 CONTRA POPULUS CRONIKUS 4. P\u00ebrvjetori i PROSPERITETIT dhe kush ia lagu letrat Ja disa fotografi nga dokumentacioni q\u00eb nuk u\",\"breadcrumb\":{\"@id\":\"https:\/\/www.visit-ulcinj.com\/blog\/2015\/02\/19\/nika-contra-populus-cronikus-pervjetori-prosperitetit-dhe-kush-ia-lagu-letrat\/#breadcrumb\"},\"inLanguage\":\"en-US\",\"potentialAction\":[{\"@type\":\"ReadAction\",\"target\":[\"https:\/\/www.visit-ulcinj.com\/blog\/2015\/02\/19\/nika-contra-populus-cronikus-pervjetori-prosperitetit-dhe-kush-ia-lagu-letrat\/\"]}]},{\"@type\":\"BreadcrumbList\",\"@id\":\"https:\/\/www.visit-ulcinj.com\/blog\/2015\/02\/19\/nika-contra-populus-cronikus-pervjetori-prosperitetit-dhe-kush-ia-lagu-letrat\/#breadcrumb\",\"itemListElement\":[{\"@type\":\"ListItem\",\"position\":1,\"name\":\"Nika: CONTRA POPULUS CRONIKUS &#8211; P\u00ebrvjetori i PROSPERITETIT dhe kush ia lagu letrat\"}]},{\"@type\":\"Person\",\"@id\":\"https:\/\/www.visit-ulcinj.com\/blog\/#\/schema\/person\/dcab619c614d3038751c63bc2aadc06d\",\"name\":\"ulqini\",\"sameAs\":[\"http:\/\/www.visit-ulcinj.com\"],\"url\":\"https:\/\/www.visit-ulcinj.com\/blog\/author\/admin\/\"}]}<\/script>\n<!-- \/ Yoast SEO plugin. -->","yoast_head_json":{"title":"Nika: CONTRA POPULUS CRONIKUS - P\u00ebrvjetori i PROSPERITETIT dhe kush ia lagu letrat - Lajme nga Ulqini","description":"Shkruan Muhamet Nika\u00a0\u00a0 CONTRA POPULUS CRONIKUS 4. P\u00ebrvjetori i PROSPERITETIT dhe kush ia lagu letrat Ja disa fotografi nga dokumentacioni q\u00eb nuk u","robots":{"index":"index","follow":"follow","max-snippet":"max-snippet:-1","max-image-preview":"max-image-preview:large","max-video-preview":"max-video-preview:-1"},"canonical":"https:\/\/www.visit-ulcinj.com\/blog\/2015\/02\/19\/nika-contra-populus-cronikus-pervjetori-prosperitetit-dhe-kush-ia-lagu-letrat\/","og_locale":"en_US","og_type":"article","og_title":"Nika: CONTRA POPULUS CRONIKUS - P\u00ebrvjetori i PROSPERITETIT dhe kush ia lagu letrat - Lajme nga Ulqini","og_description":"Shkruan Muhamet Nika\u00a0\u00a0 CONTRA POPULUS CRONIKUS 4. P\u00ebrvjetori i PROSPERITETIT dhe kush ia lagu letrat Ja disa fotografi nga dokumentacioni q\u00eb nuk u","og_url":"https:\/\/www.visit-ulcinj.com\/blog\/2015\/02\/19\/nika-contra-populus-cronikus-pervjetori-prosperitetit-dhe-kush-ia-lagu-letrat\/","og_site_name":"Lajme nga Ulqini","article_published_time":"2015-02-19T17:04:21+00:00","article_modified_time":"2015-02-20T12:46:44+00:00","og_image":[{"url":"http:\/\/www.visit-ulcinj.com\/blog\/wp-content\/uploads\/2015\/02\/Partia-PROSPERITETIT-DEMOKRATIK-ULQIN.jpg"}],"twitter_misc":{"Written by":"ulqini","Est. reading time":"5 minutes"},"schema":{"@context":"https:\/\/schema.org","@graph":[{"@type":"WebSite","@id":"https:\/\/www.visit-ulcinj.com\/blog\/#website","url":"https:\/\/www.visit-ulcinj.com\/blog\/","name":"Lajme nga Ulqini","description":"Lajme,Vijesti,Ulqini,Ulqin,Crna Gora,Mali i Zi","potentialAction":[{"@type":"SearchAction","target":{"@type":"EntryPoint","urlTemplate":"https:\/\/www.visit-ulcinj.com\/blog\/?s={search_term_string}"},"query-input":"required name=search_term_string"}],"inLanguage":"en-US"},{"@type":"ImageObject","inLanguage":"en-US","@id":"https:\/\/www.visit-ulcinj.com\/blog\/2015\/02\/19\/nika-contra-populus-cronikus-pervjetori-prosperitetit-dhe-kush-ia-lagu-letrat\/#primaryimage","url":"https:\/\/www.visit-ulcinj.com\/blog\/wp-content\/uploads\/2015\/02\/Partia-PROSPERITETIT-DEMOKRATIK-ULQIN.jpg","contentUrl":"https:\/\/www.visit-ulcinj.com\/blog\/wp-content\/uploads\/2015\/02\/Partia-PROSPERITETIT-DEMOKRATIK-ULQIN.jpg","width":628,"height":702},{"@type":"WebPage","@id":"https:\/\/www.visit-ulcinj.com\/blog\/2015\/02\/19\/nika-contra-populus-cronikus-pervjetori-prosperitetit-dhe-kush-ia-lagu-letrat\/#webpage","url":"https:\/\/www.visit-ulcinj.com\/blog\/2015\/02\/19\/nika-contra-populus-cronikus-pervjetori-prosperitetit-dhe-kush-ia-lagu-letrat\/","name":"Nika: CONTRA POPULUS CRONIKUS - P\u00ebrvjetori i PROSPERITETIT dhe kush ia lagu letrat - Lajme nga Ulqini","isPartOf":{"@id":"https:\/\/www.visit-ulcinj.com\/blog\/#website"},"primaryImageOfPage":{"@id":"https:\/\/www.visit-ulcinj.com\/blog\/2015\/02\/19\/nika-contra-populus-cronikus-pervjetori-prosperitetit-dhe-kush-ia-lagu-letrat\/#primaryimage"},"datePublished":"2015-02-19T17:04:21+00:00","dateModified":"2015-02-20T12:46:44+00:00","author":{"@id":"https:\/\/www.visit-ulcinj.com\/blog\/#\/schema\/person\/dcab619c614d3038751c63bc2aadc06d"},"description":"Shkruan Muhamet Nika\u00a0\u00a0 CONTRA POPULUS CRONIKUS 4. P\u00ebrvjetori i PROSPERITETIT dhe kush ia lagu letrat Ja disa fotografi nga dokumentacioni q\u00eb nuk u","breadcrumb":{"@id":"https:\/\/www.visit-ulcinj.com\/blog\/2015\/02\/19\/nika-contra-populus-cronikus-pervjetori-prosperitetit-dhe-kush-ia-lagu-letrat\/#breadcrumb"},"inLanguage":"en-US","potentialAction":[{"@type":"ReadAction","target":["https:\/\/www.visit-ulcinj.com\/blog\/2015\/02\/19\/nika-contra-populus-cronikus-pervjetori-prosperitetit-dhe-kush-ia-lagu-letrat\/"]}]},{"@type":"BreadcrumbList","@id":"https:\/\/www.visit-ulcinj.com\/blog\/2015\/02\/19\/nika-contra-populus-cronikus-pervjetori-prosperitetit-dhe-kush-ia-lagu-letrat\/#breadcrumb","itemListElement":[{"@type":"ListItem","position":1,"name":"Nika: CONTRA POPULUS CRONIKUS &#8211; P\u00ebrvjetori i PROSPERITETIT dhe kush ia lagu letrat"}]},{"@type":"Person","@id":"https:\/\/www.visit-ulcinj.com\/blog\/#\/schema\/person\/dcab619c614d3038751c63bc2aadc06d","name":"ulqini","sameAs":["http:\/\/www.visit-ulcinj.com"],"url":"https:\/\/www.visit-ulcinj.com\/blog\/author\/admin\/"}]}},"jetpack_featured_media_url":"","jetpack_sharing_enabled":true,"jetpack_shortlink":"https:\/\/wp.me\/pe6lTn-n59","_links":{"self":[{"href":"https:\/\/www.visit-ulcinj.com\/blog\/wp-json\/wp\/v2\/posts\/88731"}],"collection":[{"href":"https:\/\/www.visit-ulcinj.com\/blog\/wp-json\/wp\/v2\/posts"}],"about":[{"href":"https:\/\/www.visit-ulcinj.com\/blog\/wp-json\/wp\/v2\/types\/post"}],"author":[{"embeddable":true,"href":"https:\/\/www.visit-ulcinj.com\/blog\/wp-json\/wp\/v2\/users\/1"}],"replies":[{"embeddable":true,"href":"https:\/\/www.visit-ulcinj.com\/blog\/wp-json\/wp\/v2\/comments?post=88731"}],"version-history":[{"count":2,"href":"https:\/\/www.visit-ulcinj.com\/blog\/wp-json\/wp\/v2\/posts\/88731\/revisions"}],"predecessor-version":[{"id":88738,"href":"https:\/\/www.visit-ulcinj.com\/blog\/wp-json\/wp\/v2\/posts\/88731\/revisions\/88738"}],"wp:attachment":[{"href":"https:\/\/www.visit-ulcinj.com\/blog\/wp-json\/wp\/v2\/media?parent=88731"}],"wp:term":[{"taxonomy":"category","embeddable":true,"href":"https:\/\/www.visit-ulcinj.com\/blog\/wp-json\/wp\/v2\/categories?post=88731"},{"taxonomy":"post_tag","embeddable":true,"href":"https:\/\/www.visit-ulcinj.com\/blog\/wp-json\/wp\/v2\/tags?post=88731"}],"curies":[{"name":"wp","href":"https:\/\/api.w.org\/{rel}","templated":true}]}}