{"id":88751,"date":"2015-02-20T13:02:42","date_gmt":"2015-02-20T12:02:42","guid":{"rendered":"http:\/\/www.visit-ulcinj.com\/blog\/?p=88751"},"modified":"2015-02-20T13:02:42","modified_gmt":"2015-02-20T12:02:42","slug":"uspjesno-predstavljanje-ulcinjske-rivijere-u-pragu-beogradu","status":"publish","type":"post","link":"https:\/\/www.visit-ulcinj.com\/blog\/2015\/02\/20\/uspjesno-predstavljanje-ulcinjske-rivijere-u-pragu-beogradu\/","title":{"rendered":"Uspje\u0161no predstavljanje Ulcinjske rivijere u Pragu i Beogradu"},"content":{"rendered":"<p><a href=\"http:\/\/www.visit-ulcinj.com\/blog\/wp-content\/uploads\/2015\/02\/Ulcinjska-rivijera-IFT-BEOGRAD-PRAG.jpg\"><img loading=\"lazy\" class=\"alignleft wp-image-88752 size-full\" src=\"http:\/\/www.visit-ulcinj.com\/blog\/wp-content\/uploads\/2015\/02\/Ulcinjska-rivijera-IFT-BEOGRAD-PRAG.jpg\" alt=\"Ulcinjska rivijera-IFT-BEOGRAD-PRAG\" width=\"508\" height=\"286\" srcset=\"https:\/\/www.visit-ulcinj.com\/blog\/wp-content\/uploads\/2015\/02\/Ulcinjska-rivijera-IFT-BEOGRAD-PRAG.jpg 508w, https:\/\/www.visit-ulcinj.com\/blog\/wp-content\/uploads\/2015\/02\/Ulcinjska-rivijera-IFT-BEOGRAD-PRAG-300x169.jpg 300w\" sizes=\"(max-width: 508px) 100vw, 508px\" \/><\/a>HTP Ulcinjska rivijera istovremeno u\u010destvuje na dva velika sajma turizma: IFT u Beogradu i \u201e<em>Holiday World<\/em><em>\u201c<\/em> u Pragu koji se odr\u017eavaju od 18.02 do 22.02. 2015. godine.<\/p>\n<p>&nbsp;<\/p>\n<p>Tokom sezone 2014. u hotelima HTP Ulcinjske rivijere je boravilo blizu 6.000 Ceha koji su ostvarili 56% od ukupnog broja nocenja u nasim hotelima. Gosti iz ove zemlje dolaze preko agencije Kovotour plus koja je vec petu godinu za redom proglasena za najbolju turisticku agenciju u Ceskoj, a koja u hotelima Olympic, Bellevue i Ada Bojana realizuje programe djecijeg zdravstveno-rekreativnog turizma, programe za seniore i porodicni turizam. Na sajmu u Pragu se dogovara dalje unapredjenje ove saradnje.<\/p>\n<p>&nbsp;<\/p>\n<p>HTP Ulcinjska Rivijera se u Beogradu predstavlja u hali 1 u okviru \u0161tanda Turisti\u010dke Organizacije Ulcinj. HTP Ulcinjska rivijera obnovlja saradnju sa najvecim srbijanskim agencijama sa kojima saradjuje vise decenija. Tokom 2014. godine turisti iz Srbije su u hotelima Ulcinjske rivijere ostvarili oko 11,5 hiljada nocenja sto je oko 10% od ukupnog broja nocenja. Ocekujemo da ce ovog ljeta u nasim hotelima boraviti vise srpskih turista jer ovo trziste dodatno stimulisemo novim paket aran\u017emanima za Adu Bojanu u vrijeme prvomajskih praznika, kao i ponudom za pred i postsezonu koja va\u017ei za sve hotele Ulcinjske rivijere: 6=7 i 10 =12 gdje se za 6 dana boravka sedmi dan dobija gratis, a za 10 dana boravka se dobijaju jo\u0161 dva dana gratis. Ovi paket aranzmani se mogu bukirati preko bilo koje od 20 agencija sirom Srbije sa kojima saradjujemo kao i direktno preko sluzbe prodaje Ulcinjske rivijere. Takodje, ovi aranzmani bice dostupni i na drugim trzistima.<br \/>\n<a href=\"http:\/\/www.visit-ulcinj.com\/blog\/wp-content\/uploads\/2015\/02\/Ulcinjska-rivijera-IFT-BEOGRAD-PRAG-1.jpg\"><img loading=\"lazy\" class=\"alignleft wp-image-88753\" src=\"http:\/\/www.visit-ulcinj.com\/blog\/wp-content\/uploads\/2015\/02\/Ulcinjska-rivijera-IFT-BEOGRAD-PRAG-1.jpg\" alt=\"Ulcinjska rivijera-IFT-BEOGRAD-PRAG-1\" width=\"508\" height=\"703\" \/><\/a><\/p>\n<p>Na oba sajma je deli se nov propagandni materijal: bro\u0161ura Ulcinjske rivijere i flajeri Ade Bojane, cjenovnici i specijalne ponude. Cijene su u 2015. godini na nivou pro\u0161logodi\u0161njih.<\/p>\n<p>&nbsp;<\/p>\n<p>HTP Ulcinjska rivijera<\/p>\n","protected":false},"excerpt":{"rendered":"<p>HTP Ulcinjska rivijera istovremeno u\u010destvuje na dva velika sajma turizma: IFT u Beogradu i \u201eHoliday World\u201c u Pragu koji se odr\u017eavaju od 18.02 do 22.02. 2015. godine. &nbsp; Tokom sezone 2014. u hotelima HTP Ulcinjske rivijere je boravilo blizu 6.000 Ceha koji su ostvarili 56% od ukupnog broja nocenja u nasim hotelima. Gosti iz ove [&hellip;]<\/p>\n","protected":false},"author":1,"featured_media":0,"comment_status":"closed","ping_status":"closed","sticky":false,"template":"","format":"standard","meta":{"spay_email":"","jetpack_publicize_message":"","jetpack_is_tweetstorm":false,"jetpack_publicize_feature_enabled":true},"categories":[8337],"tags":[],"jetpack_publicize_connections":[],"yoast_head":"<!-- This site is optimized with the Yoast SEO plugin v19.1 - https:\/\/yoast.com\/wordpress\/plugins\/seo\/ -->\n<title>Uspje\u0161no predstavljanje Ulcinjske rivijere u Pragu i Beogradu - Lajme nga Ulqini<\/title>\n<meta name=\"description\" content=\"HTP Ulcinjska rivijera istovremeno u\u010destvuje na dva velika sajma turizma: IFT u Beogradu i \u201eHoliday World\u201c u Pragu koji se odr\u017eavaju od 18.02 do 22.02.\" \/>\n<meta name=\"robots\" content=\"index, follow, max-snippet:-1, max-image-preview:large, max-video-preview:-1\" \/>\n<link rel=\"canonical\" href=\"https:\/\/www.visit-ulcinj.com\/blog\/2015\/02\/20\/uspjesno-predstavljanje-ulcinjske-rivijere-u-pragu-beogradu\/\" \/>\n<meta property=\"og:locale\" content=\"en_US\" \/>\n<meta property=\"og:type\" content=\"article\" \/>\n<meta property=\"og:title\" content=\"Uspje\u0161no predstavljanje Ulcinjske rivijere u Pragu i Beogradu - Lajme nga Ulqini\" \/>\n<meta property=\"og:description\" content=\"HTP Ulcinjska rivijera istovremeno u\u010destvuje na dva velika sajma turizma: IFT u Beogradu i \u201eHoliday World\u201c u Pragu koji se odr\u017eavaju od 18.02 do 22.02.\" \/>\n<meta property=\"og:url\" content=\"https:\/\/www.visit-ulcinj.com\/blog\/2015\/02\/20\/uspjesno-predstavljanje-ulcinjske-rivijere-u-pragu-beogradu\/\" \/>\n<meta property=\"og:site_name\" content=\"Lajme nga Ulqini\" \/>\n<meta property=\"article:published_time\" content=\"2015-02-20T12:02:42+00:00\" \/>\n<meta property=\"og:image\" content=\"http:\/\/www.visit-ulcinj.com\/blog\/wp-content\/uploads\/2015\/02\/Ulcinjska-rivijera-IFT-BEOGRAD-PRAG.jpg\" \/>\n<meta name=\"twitter:label1\" content=\"Written by\" \/>\n\t<meta name=\"twitter:data1\" content=\"ulqini\" \/>\n\t<meta name=\"twitter:label2\" content=\"Est. reading time\" \/>\n\t<meta name=\"twitter:data2\" content=\"1 minute\" \/>\n<script type=\"application\/ld+json\" class=\"yoast-schema-graph\">{\"@context\":\"https:\/\/schema.org\",\"@graph\":[{\"@type\":\"WebSite\",\"@id\":\"https:\/\/www.visit-ulcinj.com\/blog\/#website\",\"url\":\"https:\/\/www.visit-ulcinj.com\/blog\/\",\"name\":\"Lajme nga Ulqini\",\"description\":\"Lajme,Vijesti,Ulqini,Ulqin,Crna Gora,Mali i Zi\",\"potentialAction\":[{\"@type\":\"SearchAction\",\"target\":{\"@type\":\"EntryPoint\",\"urlTemplate\":\"https:\/\/www.visit-ulcinj.com\/blog\/?s={search_term_string}\"},\"query-input\":\"required name=search_term_string\"}],\"inLanguage\":\"en-US\"},{\"@type\":\"ImageObject\",\"inLanguage\":\"en-US\",\"@id\":\"https:\/\/www.visit-ulcinj.com\/blog\/2015\/02\/20\/uspjesno-predstavljanje-ulcinjske-rivijere-u-pragu-beogradu\/#primaryimage\",\"url\":\"https:\/\/www.visit-ulcinj.com\/blog\/wp-content\/uploads\/2015\/02\/Ulcinjska-rivijera-IFT-BEOGRAD-PRAG.jpg\",\"contentUrl\":\"https:\/\/www.visit-ulcinj.com\/blog\/wp-content\/uploads\/2015\/02\/Ulcinjska-rivijera-IFT-BEOGRAD-PRAG.jpg\",\"width\":508,\"height\":286},{\"@type\":\"WebPage\",\"@id\":\"https:\/\/www.visit-ulcinj.com\/blog\/2015\/02\/20\/uspjesno-predstavljanje-ulcinjske-rivijere-u-pragu-beogradu\/#webpage\",\"url\":\"https:\/\/www.visit-ulcinj.com\/blog\/2015\/02\/20\/uspjesno-predstavljanje-ulcinjske-rivijere-u-pragu-beogradu\/\",\"name\":\"Uspje\u0161no predstavljanje Ulcinjske rivijere u Pragu i Beogradu - Lajme nga Ulqini\",\"isPartOf\":{\"@id\":\"https:\/\/www.visit-ulcinj.com\/blog\/#website\"},\"primaryImageOfPage\":{\"@id\":\"https:\/\/www.visit-ulcinj.com\/blog\/2015\/02\/20\/uspjesno-predstavljanje-ulcinjske-rivijere-u-pragu-beogradu\/#primaryimage\"},\"datePublished\":\"2015-02-20T12:02:42+00:00\",\"dateModified\":\"2015-02-20T12:02:42+00:00\",\"author\":{\"@id\":\"https:\/\/www.visit-ulcinj.com\/blog\/#\/schema\/person\/dcab619c614d3038751c63bc2aadc06d\"},\"description\":\"HTP Ulcinjska rivijera istovremeno u\u010destvuje na dva velika sajma turizma: IFT u Beogradu i \u201eHoliday World\u201c u Pragu koji se odr\u017eavaju od 18.02 do 22.02.\",\"breadcrumb\":{\"@id\":\"https:\/\/www.visit-ulcinj.com\/blog\/2015\/02\/20\/uspjesno-predstavljanje-ulcinjske-rivijere-u-pragu-beogradu\/#breadcrumb\"},\"inLanguage\":\"en-US\",\"potentialAction\":[{\"@type\":\"ReadAction\",\"target\":[\"https:\/\/www.visit-ulcinj.com\/blog\/2015\/02\/20\/uspjesno-predstavljanje-ulcinjske-rivijere-u-pragu-beogradu\/\"]}]},{\"@type\":\"BreadcrumbList\",\"@id\":\"https:\/\/www.visit-ulcinj.com\/blog\/2015\/02\/20\/uspjesno-predstavljanje-ulcinjske-rivijere-u-pragu-beogradu\/#breadcrumb\",\"itemListElement\":[{\"@type\":\"ListItem\",\"position\":1,\"name\":\"Uspje\u0161no predstavljanje Ulcinjske rivijere u Pragu i Beogradu\"}]},{\"@type\":\"Person\",\"@id\":\"https:\/\/www.visit-ulcinj.com\/blog\/#\/schema\/person\/dcab619c614d3038751c63bc2aadc06d\",\"name\":\"ulqini\",\"sameAs\":[\"http:\/\/www.visit-ulcinj.com\"],\"url\":\"https:\/\/www.visit-ulcinj.com\/blog\/author\/admin\/\"}]}<\/script>\n<!-- \/ Yoast SEO plugin. -->","yoast_head_json":{"title":"Uspje\u0161no predstavljanje Ulcinjske rivijere u Pragu i Beogradu - Lajme nga Ulqini","description":"HTP Ulcinjska rivijera istovremeno u\u010destvuje na dva velika sajma turizma: IFT u Beogradu i \u201eHoliday World\u201c u Pragu koji se odr\u017eavaju od 18.02 do 22.02.","robots":{"index":"index","follow":"follow","max-snippet":"max-snippet:-1","max-image-preview":"max-image-preview:large","max-video-preview":"max-video-preview:-1"},"canonical":"https:\/\/www.visit-ulcinj.com\/blog\/2015\/02\/20\/uspjesno-predstavljanje-ulcinjske-rivijere-u-pragu-beogradu\/","og_locale":"en_US","og_type":"article","og_title":"Uspje\u0161no predstavljanje Ulcinjske rivijere u Pragu i Beogradu - Lajme nga Ulqini","og_description":"HTP Ulcinjska rivijera istovremeno u\u010destvuje na dva velika sajma turizma: IFT u Beogradu i \u201eHoliday World\u201c u Pragu koji se odr\u017eavaju od 18.02 do 22.02.","og_url":"https:\/\/www.visit-ulcinj.com\/blog\/2015\/02\/20\/uspjesno-predstavljanje-ulcinjske-rivijere-u-pragu-beogradu\/","og_site_name":"Lajme nga Ulqini","article_published_time":"2015-02-20T12:02:42+00:00","og_image":[{"url":"http:\/\/www.visit-ulcinj.com\/blog\/wp-content\/uploads\/2015\/02\/Ulcinjska-rivijera-IFT-BEOGRAD-PRAG.jpg"}],"twitter_misc":{"Written by":"ulqini","Est. reading time":"1 minute"},"schema":{"@context":"https:\/\/schema.org","@graph":[{"@type":"WebSite","@id":"https:\/\/www.visit-ulcinj.com\/blog\/#website","url":"https:\/\/www.visit-ulcinj.com\/blog\/","name":"Lajme nga Ulqini","description":"Lajme,Vijesti,Ulqini,Ulqin,Crna Gora,Mali i Zi","potentialAction":[{"@type":"SearchAction","target":{"@type":"EntryPoint","urlTemplate":"https:\/\/www.visit-ulcinj.com\/blog\/?s={search_term_string}"},"query-input":"required name=search_term_string"}],"inLanguage":"en-US"},{"@type":"ImageObject","inLanguage":"en-US","@id":"https:\/\/www.visit-ulcinj.com\/blog\/2015\/02\/20\/uspjesno-predstavljanje-ulcinjske-rivijere-u-pragu-beogradu\/#primaryimage","url":"https:\/\/www.visit-ulcinj.com\/blog\/wp-content\/uploads\/2015\/02\/Ulcinjska-rivijera-IFT-BEOGRAD-PRAG.jpg","contentUrl":"https:\/\/www.visit-ulcinj.com\/blog\/wp-content\/uploads\/2015\/02\/Ulcinjska-rivijera-IFT-BEOGRAD-PRAG.jpg","width":508,"height":286},{"@type":"WebPage","@id":"https:\/\/www.visit-ulcinj.com\/blog\/2015\/02\/20\/uspjesno-predstavljanje-ulcinjske-rivijere-u-pragu-beogradu\/#webpage","url":"https:\/\/www.visit-ulcinj.com\/blog\/2015\/02\/20\/uspjesno-predstavljanje-ulcinjske-rivijere-u-pragu-beogradu\/","name":"Uspje\u0161no predstavljanje Ulcinjske rivijere u Pragu i Beogradu - Lajme nga Ulqini","isPartOf":{"@id":"https:\/\/www.visit-ulcinj.com\/blog\/#website"},"primaryImageOfPage":{"@id":"https:\/\/www.visit-ulcinj.com\/blog\/2015\/02\/20\/uspjesno-predstavljanje-ulcinjske-rivijere-u-pragu-beogradu\/#primaryimage"},"datePublished":"2015-02-20T12:02:42+00:00","dateModified":"2015-02-20T12:02:42+00:00","author":{"@id":"https:\/\/www.visit-ulcinj.com\/blog\/#\/schema\/person\/dcab619c614d3038751c63bc2aadc06d"},"description":"HTP Ulcinjska rivijera istovremeno u\u010destvuje na dva velika sajma turizma: IFT u Beogradu i \u201eHoliday World\u201c u Pragu koji se odr\u017eavaju od 18.02 do 22.02.","breadcrumb":{"@id":"https:\/\/www.visit-ulcinj.com\/blog\/2015\/02\/20\/uspjesno-predstavljanje-ulcinjske-rivijere-u-pragu-beogradu\/#breadcrumb"},"inLanguage":"en-US","potentialAction":[{"@type":"ReadAction","target":["https:\/\/www.visit-ulcinj.com\/blog\/2015\/02\/20\/uspjesno-predstavljanje-ulcinjske-rivijere-u-pragu-beogradu\/"]}]},{"@type":"BreadcrumbList","@id":"https:\/\/www.visit-ulcinj.com\/blog\/2015\/02\/20\/uspjesno-predstavljanje-ulcinjske-rivijere-u-pragu-beogradu\/#breadcrumb","itemListElement":[{"@type":"ListItem","position":1,"name":"Uspje\u0161no predstavljanje Ulcinjske rivijere u Pragu i Beogradu"}]},{"@type":"Person","@id":"https:\/\/www.visit-ulcinj.com\/blog\/#\/schema\/person\/dcab619c614d3038751c63bc2aadc06d","name":"ulqini","sameAs":["http:\/\/www.visit-ulcinj.com"],"url":"https:\/\/www.visit-ulcinj.com\/blog\/author\/admin\/"}]}},"jetpack_featured_media_url":"","jetpack_sharing_enabled":true,"jetpack_shortlink":"https:\/\/wp.me\/pe6lTn-n5t","_links":{"self":[{"href":"https:\/\/www.visit-ulcinj.com\/blog\/wp-json\/wp\/v2\/posts\/88751"}],"collection":[{"href":"https:\/\/www.visit-ulcinj.com\/blog\/wp-json\/wp\/v2\/posts"}],"about":[{"href":"https:\/\/www.visit-ulcinj.com\/blog\/wp-json\/wp\/v2\/types\/post"}],"author":[{"embeddable":true,"href":"https:\/\/www.visit-ulcinj.com\/blog\/wp-json\/wp\/v2\/users\/1"}],"replies":[{"embeddable":true,"href":"https:\/\/www.visit-ulcinj.com\/blog\/wp-json\/wp\/v2\/comments?post=88751"}],"version-history":[{"count":1,"href":"https:\/\/www.visit-ulcinj.com\/blog\/wp-json\/wp\/v2\/posts\/88751\/revisions"}],"predecessor-version":[{"id":88754,"href":"https:\/\/www.visit-ulcinj.com\/blog\/wp-json\/wp\/v2\/posts\/88751\/revisions\/88754"}],"wp:attachment":[{"href":"https:\/\/www.visit-ulcinj.com\/blog\/wp-json\/wp\/v2\/media?parent=88751"}],"wp:term":[{"taxonomy":"category","embeddable":true,"href":"https:\/\/www.visit-ulcinj.com\/blog\/wp-json\/wp\/v2\/categories?post=88751"},{"taxonomy":"post_tag","embeddable":true,"href":"https:\/\/www.visit-ulcinj.com\/blog\/wp-json\/wp\/v2\/tags?post=88751"}],"curies":[{"name":"wp","href":"https:\/\/api.w.org\/{rel}","templated":true}]}}