{"id":88759,"date":"2015-02-20T13:49:16","date_gmt":"2015-02-20T12:49:16","guid":{"rendered":"http:\/\/www.visit-ulcinj.com\/blog\/?p=88759"},"modified":"2015-02-21T18:12:02","modified_gmt":"2015-02-21T17:12:02","slug":"ulcinj-na-sajmu-turizma-ift-u-beogradu-2015","status":"publish","type":"post","link":"https:\/\/www.visit-ulcinj.com\/blog\/2015\/02\/20\/ulcinj-na-sajmu-turizma-ift-u-beogradu-2015\/","title":{"rendered":"TO Ulcinj na sajmu turizma IFT u Beogradu 2015"},"content":{"rendered":"<p>Sajam Beograd \u2013 19-22.02.2015<\/p>\n<p><a href=\"http:\/\/www.visit-ulcinj.com\/blog\/wp-content\/uploads\/2015\/02\/Sajam-Beograd-Panairi-i-turizmit-Beaograd.jpg\"><img loading=\"lazy\" class=\"alignleft wp-image-88756\" src=\"http:\/\/www.visit-ulcinj.com\/blog\/wp-content\/uploads\/2015\/02\/Sajam-Beograd-Panairi-i-turizmit-Beaograd.jpg\" alt=\"Sajam Beograd-Panairi i turizmit- Beaograd\" width=\"508\" height=\"381\" srcset=\"https:\/\/www.visit-ulcinj.com\/blog\/wp-content\/uploads\/2015\/02\/Sajam-Beograd-Panairi-i-turizmit-Beaograd.jpg 960w, https:\/\/www.visit-ulcinj.com\/blog\/wp-content\/uploads\/2015\/02\/Sajam-Beograd-Panairi-i-turizmit-Beaograd-300x225.jpg 300w\" sizes=\"(max-width: 508px) 100vw, 508px\" \/><\/a>Na sajmu turizma IFT u Beogradu koji se odr\u017eava od 19 do 22.02.15.godine Turisti\u010dka Organizacija Ulcinj u\u010destvuje u saradnji sa Nacionalnom Turisti\u010dkom Organizacijom i drugim lokalnim organizacijama Crne Gore na zajedni\u010dkom \u0161tandu u hali 1, gdje TO Ulcinj je obezbjedila za prezentaciju grada i svih zainteresovanih turisti\u010dkih subjekata 20m2 izlaga\u010dkog prostora.\u00a0 Svoju turisti\u010dku privredu na ovom sajmu su odlu\u010dili da predstave i HTP Ulcinjska Rivijera, hotel Albatros\u00a0 i jo\u0161 mnogo turisti\u010dkih privrednika I agencija iz Ulcinja. Delegaciju predvode ministar odr\u017eivog razvoja i turizma Branimir Gvozdenovi\u0107 i direktorica\u00a0 NTO \u017deljka Radak. Delegaciji su se priklju\u010dili i predstavnici Ambasade na\u0161e zemlje i Privredne komore. Pored bogate ponude crnogorskih turisti\u010dkih centara, na sajmu se promovi\u0161u i specifi\u010dnosti turisti\u010dke ponude, kao i atraktivni paket aran\u017emani koji su formirani za tr\u017ei\u0161te Srbije za period vansezone i predstoje\u0107e ljetnje turisti\u010dke sezone. Cijene \u0107e u 2015. godini biti na nivou pro\u0161logodi\u0161njih.<br \/>\n<a href=\"http:\/\/www.visit-ulcinj.com\/blog\/wp-content\/uploads\/2015\/02\/Ulcinjska-rivijera-IFT-BEOGRAD-PRAG.jpg\"><img loading=\"lazy\" class=\"alignleft size-full wp-image-88752\" src=\"http:\/\/www.visit-ulcinj.com\/blog\/wp-content\/uploads\/2015\/02\/Ulcinjska-rivijera-IFT-BEOGRAD-PRAG.jpg\" alt=\"Ulcinjska rivijera-IFT-BEOGRAD-PRAG\" width=\"508\" height=\"286\" srcset=\"https:\/\/www.visit-ulcinj.com\/blog\/wp-content\/uploads\/2015\/02\/Ulcinjska-rivijera-IFT-BEOGRAD-PRAG.jpg 508w, https:\/\/www.visit-ulcinj.com\/blog\/wp-content\/uploads\/2015\/02\/Ulcinjska-rivijera-IFT-BEOGRAD-PRAG-300x169.jpg 300w\" sizes=\"(max-width: 508px) 100vw, 508px\" \/><\/a><br \/>\nTako\u0111e, promovi\u0161u se kulturna i zabavna de\u0161avanja koja su planirana za ovu sezonu u Crnoj Gori, izme\u0111u ostalog, program \u201cGrada teatra Budva\u201d, muzi\u010dki festivali \u201cSea Dance\u201d, \u201cSouthern Soul\u201d u Ulcinju, Posjetioci crnogorskog \u0161tanda pored upoznavanja sa ponudom za ovu sezonu, imaju priliku da degustiraju specijalitete renomiranih crnogorskih restorana, crnogorska vina, uz zvuke primorske klape.<br \/>\nPrvog dana odr\u017eavanja sajma posjeta je bila o\u010dekivano dobra i najvi\u0161e interesovanja zainteresovani posjetioci \u0161tanda su pokazali za ljetnju turisti\u010dku sezonu, aktivan odmor itd.<br \/>\nStatisti\u010dki podaci ukazuju da je i 2014. godine Crna Gora potvrdila epitet jedne od omiljenih destinacija turistima iz Srbije a Ulcinj tokom 2014.godine je posjetilo\u00a0 9.128 turista koji su ostvarili 119.146 no\u0107enja \u0161to je 1% vi\u0161e u odnosu na 2013.godinu.<\/p>\n","protected":false},"excerpt":{"rendered":"<p>Sajam Beograd \u2013 19-22.02.2015 Na sajmu turizma IFT u Beogradu koji se odr\u017eava od 19 do 22.02.15.godine Turisti\u010dka Organizacija Ulcinj u\u010destvuje u saradnji sa Nacionalnom Turisti\u010dkom Organizacijom i drugim lokalnim organizacijama Crne Gore na zajedni\u010dkom \u0161tandu u hali 1, gdje TO Ulcinj je obezbjedila za prezentaciju grada i svih zainteresovanih turisti\u010dkih subjekata 20m2 izlaga\u010dkog prostora.\u00a0 [&hellip;]<\/p>\n","protected":false},"author":1,"featured_media":0,"comment_status":"closed","ping_status":"closed","sticky":false,"template":"","format":"standard","meta":{"spay_email":"","jetpack_publicize_message":"","jetpack_is_tweetstorm":false,"jetpack_publicize_feature_enabled":true},"categories":[8337],"tags":[],"jetpack_publicize_connections":[],"yoast_head":"<!-- This site is optimized with the Yoast SEO plugin v19.1 - https:\/\/yoast.com\/wordpress\/plugins\/seo\/ -->\n<title>TO Ulcinj na sajmu turizma IFT u Beogradu 2015 - Lajme nga Ulqini<\/title>\n<meta name=\"description\" content=\"Sajam Beograd \u2013 19-22.02.2015 Na sajmu turizma IFT u Beogradu koji se odr\u017eava od 19 do 22.02.15.godine Turisti\u010dka Organizacija Ulcinj u\u010destvuje u saradnji\" \/>\n<meta name=\"robots\" content=\"index, follow, max-snippet:-1, max-image-preview:large, max-video-preview:-1\" \/>\n<link rel=\"canonical\" href=\"https:\/\/www.visit-ulcinj.com\/blog\/2015\/02\/20\/ulcinj-na-sajmu-turizma-ift-u-beogradu-2015\/\" \/>\n<meta property=\"og:locale\" content=\"en_US\" \/>\n<meta property=\"og:type\" content=\"article\" \/>\n<meta property=\"og:title\" content=\"TO Ulcinj na sajmu turizma IFT u Beogradu 2015 - Lajme nga Ulqini\" \/>\n<meta property=\"og:description\" content=\"Sajam Beograd \u2013 19-22.02.2015 Na sajmu turizma IFT u Beogradu koji se odr\u017eava od 19 do 22.02.15.godine Turisti\u010dka Organizacija Ulcinj u\u010destvuje u saradnji\" \/>\n<meta property=\"og:url\" content=\"https:\/\/www.visit-ulcinj.com\/blog\/2015\/02\/20\/ulcinj-na-sajmu-turizma-ift-u-beogradu-2015\/\" \/>\n<meta property=\"og:site_name\" content=\"Lajme nga Ulqini\" \/>\n<meta property=\"article:published_time\" content=\"2015-02-20T12:49:16+00:00\" \/>\n<meta property=\"article:modified_time\" content=\"2015-02-21T17:12:02+00:00\" \/>\n<meta property=\"og:image\" content=\"http:\/\/www.visit-ulcinj.com\/blog\/wp-content\/uploads\/2015\/02\/Sajam-Beograd-Panairi-i-turizmit-Beaograd.jpg\" \/>\n<meta name=\"twitter:label1\" content=\"Written by\" \/>\n\t<meta name=\"twitter:data1\" content=\"ulqini\" \/>\n\t<meta name=\"twitter:label2\" content=\"Est. reading time\" \/>\n\t<meta name=\"twitter:data2\" content=\"1 minute\" \/>\n<script type=\"application\/ld+json\" class=\"yoast-schema-graph\">{\"@context\":\"https:\/\/schema.org\",\"@graph\":[{\"@type\":\"WebSite\",\"@id\":\"https:\/\/www.visit-ulcinj.com\/blog\/#website\",\"url\":\"https:\/\/www.visit-ulcinj.com\/blog\/\",\"name\":\"Lajme nga Ulqini\",\"description\":\"Lajme,Vijesti,Ulqini,Ulqin,Crna Gora,Mali i Zi\",\"potentialAction\":[{\"@type\":\"SearchAction\",\"target\":{\"@type\":\"EntryPoint\",\"urlTemplate\":\"https:\/\/www.visit-ulcinj.com\/blog\/?s={search_term_string}\"},\"query-input\":\"required name=search_term_string\"}],\"inLanguage\":\"en-US\"},{\"@type\":\"ImageObject\",\"inLanguage\":\"en-US\",\"@id\":\"https:\/\/www.visit-ulcinj.com\/blog\/2015\/02\/20\/ulcinj-na-sajmu-turizma-ift-u-beogradu-2015\/#primaryimage\",\"url\":\"https:\/\/www.visit-ulcinj.com\/blog\/wp-content\/uploads\/2015\/02\/Sajam-Beograd-Panairi-i-turizmit-Beaograd.jpg\",\"contentUrl\":\"https:\/\/www.visit-ulcinj.com\/blog\/wp-content\/uploads\/2015\/02\/Sajam-Beograd-Panairi-i-turizmit-Beaograd.jpg\",\"width\":960,\"height\":720},{\"@type\":\"WebPage\",\"@id\":\"https:\/\/www.visit-ulcinj.com\/blog\/2015\/02\/20\/ulcinj-na-sajmu-turizma-ift-u-beogradu-2015\/#webpage\",\"url\":\"https:\/\/www.visit-ulcinj.com\/blog\/2015\/02\/20\/ulcinj-na-sajmu-turizma-ift-u-beogradu-2015\/\",\"name\":\"TO Ulcinj na sajmu turizma IFT u Beogradu 2015 - Lajme nga Ulqini\",\"isPartOf\":{\"@id\":\"https:\/\/www.visit-ulcinj.com\/blog\/#website\"},\"primaryImageOfPage\":{\"@id\":\"https:\/\/www.visit-ulcinj.com\/blog\/2015\/02\/20\/ulcinj-na-sajmu-turizma-ift-u-beogradu-2015\/#primaryimage\"},\"datePublished\":\"2015-02-20T12:49:16+00:00\",\"dateModified\":\"2015-02-21T17:12:02+00:00\",\"author\":{\"@id\":\"https:\/\/www.visit-ulcinj.com\/blog\/#\/schema\/person\/dcab619c614d3038751c63bc2aadc06d\"},\"description\":\"Sajam Beograd \u2013 19-22.02.2015 Na sajmu turizma IFT u Beogradu koji se odr\u017eava od 19 do 22.02.15.godine Turisti\u010dka Organizacija Ulcinj u\u010destvuje u saradnji\",\"breadcrumb\":{\"@id\":\"https:\/\/www.visit-ulcinj.com\/blog\/2015\/02\/20\/ulcinj-na-sajmu-turizma-ift-u-beogradu-2015\/#breadcrumb\"},\"inLanguage\":\"en-US\",\"potentialAction\":[{\"@type\":\"ReadAction\",\"target\":[\"https:\/\/www.visit-ulcinj.com\/blog\/2015\/02\/20\/ulcinj-na-sajmu-turizma-ift-u-beogradu-2015\/\"]}]},{\"@type\":\"BreadcrumbList\",\"@id\":\"https:\/\/www.visit-ulcinj.com\/blog\/2015\/02\/20\/ulcinj-na-sajmu-turizma-ift-u-beogradu-2015\/#breadcrumb\",\"itemListElement\":[{\"@type\":\"ListItem\",\"position\":1,\"name\":\"TO Ulcinj na sajmu turizma IFT u Beogradu 2015\"}]},{\"@type\":\"Person\",\"@id\":\"https:\/\/www.visit-ulcinj.com\/blog\/#\/schema\/person\/dcab619c614d3038751c63bc2aadc06d\",\"name\":\"ulqini\",\"sameAs\":[\"http:\/\/www.visit-ulcinj.com\"],\"url\":\"https:\/\/www.visit-ulcinj.com\/blog\/author\/admin\/\"}]}<\/script>\n<!-- \/ Yoast SEO plugin. -->","yoast_head_json":{"title":"TO Ulcinj na sajmu turizma IFT u Beogradu 2015 - Lajme nga Ulqini","description":"Sajam Beograd \u2013 19-22.02.2015 Na sajmu turizma IFT u Beogradu koji se odr\u017eava od 19 do 22.02.15.godine Turisti\u010dka Organizacija Ulcinj u\u010destvuje u saradnji","robots":{"index":"index","follow":"follow","max-snippet":"max-snippet:-1","max-image-preview":"max-image-preview:large","max-video-preview":"max-video-preview:-1"},"canonical":"https:\/\/www.visit-ulcinj.com\/blog\/2015\/02\/20\/ulcinj-na-sajmu-turizma-ift-u-beogradu-2015\/","og_locale":"en_US","og_type":"article","og_title":"TO Ulcinj na sajmu turizma IFT u Beogradu 2015 - Lajme nga Ulqini","og_description":"Sajam Beograd \u2013 19-22.02.2015 Na sajmu turizma IFT u Beogradu koji se odr\u017eava od 19 do 22.02.15.godine Turisti\u010dka Organizacija Ulcinj u\u010destvuje u saradnji","og_url":"https:\/\/www.visit-ulcinj.com\/blog\/2015\/02\/20\/ulcinj-na-sajmu-turizma-ift-u-beogradu-2015\/","og_site_name":"Lajme nga Ulqini","article_published_time":"2015-02-20T12:49:16+00:00","article_modified_time":"2015-02-21T17:12:02+00:00","og_image":[{"url":"http:\/\/www.visit-ulcinj.com\/blog\/wp-content\/uploads\/2015\/02\/Sajam-Beograd-Panairi-i-turizmit-Beaograd.jpg"}],"twitter_misc":{"Written by":"ulqini","Est. reading time":"1 minute"},"schema":{"@context":"https:\/\/schema.org","@graph":[{"@type":"WebSite","@id":"https:\/\/www.visit-ulcinj.com\/blog\/#website","url":"https:\/\/www.visit-ulcinj.com\/blog\/","name":"Lajme nga Ulqini","description":"Lajme,Vijesti,Ulqini,Ulqin,Crna Gora,Mali i Zi","potentialAction":[{"@type":"SearchAction","target":{"@type":"EntryPoint","urlTemplate":"https:\/\/www.visit-ulcinj.com\/blog\/?s={search_term_string}"},"query-input":"required name=search_term_string"}],"inLanguage":"en-US"},{"@type":"ImageObject","inLanguage":"en-US","@id":"https:\/\/www.visit-ulcinj.com\/blog\/2015\/02\/20\/ulcinj-na-sajmu-turizma-ift-u-beogradu-2015\/#primaryimage","url":"https:\/\/www.visit-ulcinj.com\/blog\/wp-content\/uploads\/2015\/02\/Sajam-Beograd-Panairi-i-turizmit-Beaograd.jpg","contentUrl":"https:\/\/www.visit-ulcinj.com\/blog\/wp-content\/uploads\/2015\/02\/Sajam-Beograd-Panairi-i-turizmit-Beaograd.jpg","width":960,"height":720},{"@type":"WebPage","@id":"https:\/\/www.visit-ulcinj.com\/blog\/2015\/02\/20\/ulcinj-na-sajmu-turizma-ift-u-beogradu-2015\/#webpage","url":"https:\/\/www.visit-ulcinj.com\/blog\/2015\/02\/20\/ulcinj-na-sajmu-turizma-ift-u-beogradu-2015\/","name":"TO Ulcinj na sajmu turizma IFT u Beogradu 2015 - Lajme nga Ulqini","isPartOf":{"@id":"https:\/\/www.visit-ulcinj.com\/blog\/#website"},"primaryImageOfPage":{"@id":"https:\/\/www.visit-ulcinj.com\/blog\/2015\/02\/20\/ulcinj-na-sajmu-turizma-ift-u-beogradu-2015\/#primaryimage"},"datePublished":"2015-02-20T12:49:16+00:00","dateModified":"2015-02-21T17:12:02+00:00","author":{"@id":"https:\/\/www.visit-ulcinj.com\/blog\/#\/schema\/person\/dcab619c614d3038751c63bc2aadc06d"},"description":"Sajam Beograd \u2013 19-22.02.2015 Na sajmu turizma IFT u Beogradu koji se odr\u017eava od 19 do 22.02.15.godine Turisti\u010dka Organizacija Ulcinj u\u010destvuje u saradnji","breadcrumb":{"@id":"https:\/\/www.visit-ulcinj.com\/blog\/2015\/02\/20\/ulcinj-na-sajmu-turizma-ift-u-beogradu-2015\/#breadcrumb"},"inLanguage":"en-US","potentialAction":[{"@type":"ReadAction","target":["https:\/\/www.visit-ulcinj.com\/blog\/2015\/02\/20\/ulcinj-na-sajmu-turizma-ift-u-beogradu-2015\/"]}]},{"@type":"BreadcrumbList","@id":"https:\/\/www.visit-ulcinj.com\/blog\/2015\/02\/20\/ulcinj-na-sajmu-turizma-ift-u-beogradu-2015\/#breadcrumb","itemListElement":[{"@type":"ListItem","position":1,"name":"TO Ulcinj na sajmu turizma IFT u Beogradu 2015"}]},{"@type":"Person","@id":"https:\/\/www.visit-ulcinj.com\/blog\/#\/schema\/person\/dcab619c614d3038751c63bc2aadc06d","name":"ulqini","sameAs":["http:\/\/www.visit-ulcinj.com"],"url":"https:\/\/www.visit-ulcinj.com\/blog\/author\/admin\/"}]}},"jetpack_featured_media_url":"","jetpack_sharing_enabled":true,"jetpack_shortlink":"https:\/\/wp.me\/pe6lTn-n5B","_links":{"self":[{"href":"https:\/\/www.visit-ulcinj.com\/blog\/wp-json\/wp\/v2\/posts\/88759"}],"collection":[{"href":"https:\/\/www.visit-ulcinj.com\/blog\/wp-json\/wp\/v2\/posts"}],"about":[{"href":"https:\/\/www.visit-ulcinj.com\/blog\/wp-json\/wp\/v2\/types\/post"}],"author":[{"embeddable":true,"href":"https:\/\/www.visit-ulcinj.com\/blog\/wp-json\/wp\/v2\/users\/1"}],"replies":[{"embeddable":true,"href":"https:\/\/www.visit-ulcinj.com\/blog\/wp-json\/wp\/v2\/comments?post=88759"}],"version-history":[{"count":1,"href":"https:\/\/www.visit-ulcinj.com\/blog\/wp-json\/wp\/v2\/posts\/88759\/revisions"}],"predecessor-version":[{"id":88760,"href":"https:\/\/www.visit-ulcinj.com\/blog\/wp-json\/wp\/v2\/posts\/88759\/revisions\/88760"}],"wp:attachment":[{"href":"https:\/\/www.visit-ulcinj.com\/blog\/wp-json\/wp\/v2\/media?parent=88759"}],"wp:term":[{"taxonomy":"category","embeddable":true,"href":"https:\/\/www.visit-ulcinj.com\/blog\/wp-json\/wp\/v2\/categories?post=88759"},{"taxonomy":"post_tag","embeddable":true,"href":"https:\/\/www.visit-ulcinj.com\/blog\/wp-json\/wp\/v2\/tags?post=88759"}],"curies":[{"name":"wp","href":"https:\/\/api.w.org\/{rel}","templated":true}]}}