{"id":88775,"date":"2015-02-21T09:47:08","date_gmt":"2015-02-21T08:47:08","guid":{"rendered":"http:\/\/www.visit-ulcinj.com\/blog\/?p=88775"},"modified":"2015-02-21T19:38:33","modified_gmt":"2015-02-21T18:38:33","slug":"komuna-e-ulqinit-dhe-komuna-e-prishtines-planifikojne-projekte-te-perbashketa","status":"publish","type":"post","link":"https:\/\/www.visit-ulcinj.com\/blog\/2015\/02\/21\/komuna-e-ulqinit-dhe-komuna-e-prishtines-planifikojne-projekte-te-perbashketa\/","title":{"rendered":"Komuna e Ulqinit dhe Komuna e Prishtin\u00ebs planifikojn\u00eb projekte t\u00eb p\u00ebrbashk\u00ebta"},"content":{"rendered":"<p><a href=\"http:\/\/www.visit-ulcinj.com\/blog\/wp-content\/uploads\/2015\/02\/komuna-prishtines-komuna-ulqinit.jpg\"><img loading=\"lazy\" class=\"alignleft wp-image-88776\" src=\"http:\/\/www.visit-ulcinj.com\/blog\/wp-content\/uploads\/2015\/02\/komuna-prishtines-komuna-ulqinit.jpg\" alt=\"komuna-prishtines-komuna-ulqinit\" width=\"508\" height=\"287\" srcset=\"https:\/\/www.visit-ulcinj.com\/blog\/wp-content\/uploads\/2015\/02\/komuna-prishtines-komuna-ulqinit.jpg 960w, https:\/\/www.visit-ulcinj.com\/blog\/wp-content\/uploads\/2015\/02\/komuna-prishtines-komuna-ulqinit-300x169.jpg 300w\" sizes=\"(max-width: 508px) 100vw, 508px\" \/><\/a>Fitore Pacolli, udh\u00ebheq\u00ebse e kabinetit n\u00eb Komun\u00ebn e Prishtin\u00ebs dhe drejtori i Drejtoris\u00eb p\u00ebr Zhvillim Ekonomik, Genc Bashota, prit\u00ebn n\u00eb takim nj\u00eb delegacion nga Komuna e Ulqinit n\u00eb p\u00ebrb\u00ebrje t\u00eb n\u00ebnkryetarit t\u00eb k\u00ebsaj komune, Ardijan Mavriqi, Milazim Mustafa, Udh\u00ebheq\u00ebs i Departamentit p\u00ebr Ekonomi, Arsllan Hajdinaga dhe Arben Xhurreta, nga zyra p\u00ebr projekte.<br \/>\n\u201cVizita e jon\u00eb n\u00eb Kosov\u00eb ka t\u00eb b\u00ebj\u00eb me<span class=\"text_exposed_show\"> bashk\u00ebpunimin nd\u00ebrkufitar (CBC) nd\u00ebrmjet Komun\u00ebs s\u00eb Ulqinit dhe komunave t\u00eb tjera n\u00eb Kosov\u00eb. Q\u00ebllimi \u00ebsht\u00eb bashk\u00ebpunimi realizimi i disa interesave t\u00eb p\u00ebrbashk\u00ebta, respektivisht komunat e Kosov\u00ebs t\u00eb bashk\u00ebpunojn\u00eb me Komun\u00ebn e Ulqinit, mir\u00ebpo jemi t\u00eb interesuar q\u00eb ky bashk\u00ebpunim t\u00eb zgjerohet edhe me Komun\u00ebn e Prishtin\u00ebs n\u00eb fusha t\u00eb caktuara\u201d, tha gjat\u00eb k\u00ebtij takimi n\u00ebnkryetari i Komun\u00ebs s\u00eb Ulqini, Ardijan Mavriqi. <\/span><\/p>\n<p><span class=\"text_exposed_show\"><a href=\"http:\/\/www.visit-ulcinj.com\/blog\/wp-content\/uploads\/2015\/02\/komuna-prishtines-komuna-ulqinit-2.jpg\"><img loading=\"lazy\" class=\"alignleft wp-image-88777\" src=\"http:\/\/www.visit-ulcinj.com\/blog\/wp-content\/uploads\/2015\/02\/komuna-prishtines-komuna-ulqinit-2.jpg\" alt=\"komuna-prishtines-komuna-ulqinit-2\" width=\"508\" height=\"287\" srcset=\"https:\/\/www.visit-ulcinj.com\/blog\/wp-content\/uploads\/2015\/02\/komuna-prishtines-komuna-ulqinit-2.jpg 960w, https:\/\/www.visit-ulcinj.com\/blog\/wp-content\/uploads\/2015\/02\/komuna-prishtines-komuna-ulqinit-2-300x169.jpg 300w\" sizes=\"(max-width: 508px) 100vw, 508px\" \/><\/a><br \/>\nN\u00ebnkryetari i Komun\u00ebs s\u00eb Ulqinit, Ardijan Mavriqi, u shpreh i gatsh\u00ebm p\u00ebr bashk\u00ebpunim me Komun\u00ebn e Prishtin\u00ebs, sidomos n\u00eb fush\u00ebn e projekteve rajonale, si dhe k\u00ebrkoi q\u00eb t\u00eb shqyrtohen idet\u00eb dhe mund\u00ebsit\u00eb e partneritetit nd\u00ebrkomunal p\u00ebr realizimin e projekteve me interesa t\u00eb p\u00ebrbashk\u00ebta. <\/span><\/p>\n<div class=\"text_exposed_show\">\n<p>Nd\u00ebrsa, udh\u00ebheq\u00ebsja e kabinetit t\u00eb kryetari Shpend Ahmeti, Fitore Pacolli tha se Komuna e Prishtin\u00ebs \u00ebsht\u00eb e interesuar p\u00ebr bashk\u00ebpunime t\u00eb tilla p\u00ebrmes projekteve konkrete.<\/p>\n<p><a href=\"http:\/\/www.visit-ulcinj.com\/blog\/wp-content\/uploads\/2015\/02\/komuna-prishtines-komuna-ulqinit-1.jpg\"><img loading=\"lazy\" class=\"alignleft wp-image-88778\" src=\"http:\/\/www.visit-ulcinj.com\/blog\/wp-content\/uploads\/2015\/02\/komuna-prishtines-komuna-ulqinit-1.jpg\" alt=\"komuna-prishtines-komuna-ulqinit-1\" width=\"508\" height=\"287\" srcset=\"https:\/\/www.visit-ulcinj.com\/blog\/wp-content\/uploads\/2015\/02\/komuna-prishtines-komuna-ulqinit-1.jpg 960w, https:\/\/www.visit-ulcinj.com\/blog\/wp-content\/uploads\/2015\/02\/komuna-prishtines-komuna-ulqinit-1-300x169.jpg 300w\" sizes=\"(max-width: 508px) 100vw, 508px\" \/><\/a><br \/>\n\u201cNe jemi t\u00eb interesuar q\u00eb t\u00eb bashk\u00ebpunojm\u00eb dhe bashk\u00ebrisht t\u00eb aplikojm\u00eb n\u00eb projekte q\u00eb jan\u00eb n\u00eb interes t\u00eb p\u00ebrbashk\u00ebt. Deri m\u00eb tani kemi qen\u00eb t\u00eb suksessh\u00ebm n\u00eb projekte t\u00eb ndryshme, pasi q\u00eb sivjet do t\u00eb filloj\u00eb implementimi i projekteve q\u00eb kemi konkurruar gjat\u00eb vitit t\u00eb kaluar. P\u00ebr disa projekte jemi n\u00eb pritje t\u00eb p\u00ebrgjigjeve. Kemi konkurruar me rreth 10 projekte n\u00eb konferenc\u00ebn e donator\u00ebve dhe interesi i jon\u00eb \u00ebsht\u00eb q\u00eb n\u00eb parim t\u00eb bashk\u00ebpunojm\u00eb p\u00ebr projekte t\u00eb ndryshme dhe t\u2019i specifikojm\u00eb fushat e p\u00ebrbashk\u00ebta\u201d, tha Pacolli.<\/p>\n<p><a href=\"http:\/\/www.visit-ulcinj.com\/blog\/wp-content\/uploads\/2015\/02\/komuna-prishtines-komuna-ulqinit-3.jpg\"><img loading=\"lazy\" class=\"alignleft wp-image-88779\" src=\"http:\/\/www.visit-ulcinj.com\/blog\/wp-content\/uploads\/2015\/02\/komuna-prishtines-komuna-ulqinit-3.jpg\" alt=\"komuna-prishtines-komuna-ulqinit-3\" width=\"508\" height=\"287\" srcset=\"https:\/\/www.visit-ulcinj.com\/blog\/wp-content\/uploads\/2015\/02\/komuna-prishtines-komuna-ulqinit-3.jpg 960w, https:\/\/www.visit-ulcinj.com\/blog\/wp-content\/uploads\/2015\/02\/komuna-prishtines-komuna-ulqinit-3-300x169.jpg 300w\" sizes=\"(max-width: 508px) 100vw, 508px\" \/><\/a><br \/>\nNd\u00ebrsa, drejtori i Drejtoris\u00eb s\u00eb Zhvillimit Ekonomik, Genc Bashota, tha se shk\u00ebmbimi i p\u00ebrvojave \u00ebsht\u00eb i mir\u00ebseardhur dhe se bashk\u00ebpunimi nd\u00ebrkomunal duhet t\u00eb thellohet edhe m\u00eb tutje n\u00eb t\u00eb ardhmen.<br \/>\nN\u00eb fund t\u00eb k\u00ebtij takimi, u vendos q\u00eb n\u00eb t\u00eb ardhmen t\u00eb organizohet nj\u00eb takim midis p\u00ebrfaq\u00ebsuesve t\u00eb t\u00eb dy komunave n\u00eb m\u00ebnyr\u00eb q\u00eb t\u00eb diskutohet p\u00ebr projekte konkrete q\u00eb jan\u00eb n\u00eb interes t\u00eb zhvillimit t\u00eb Prishtin\u00ebs dhe Ulqinit.<\/p>\n<p><strong>Komuna e Prishtin\u00ebs<\/strong><br \/>\n<strong> Zyra p\u00ebr Marr\u00ebdh\u00ebnie me Publikun<\/strong><\/p>\n<\/div>\n","protected":false},"excerpt":{"rendered":"<p>Fitore Pacolli, udh\u00ebheq\u00ebse e kabinetit n\u00eb Komun\u00ebn e Prishtin\u00ebs dhe drejtori i Drejtoris\u00eb p\u00ebr Zhvillim Ekonomik, Genc Bashota, prit\u00ebn n\u00eb takim nj\u00eb delegacion nga Komuna e Ulqinit n\u00eb p\u00ebrb\u00ebrje t\u00eb n\u00ebnkryetarit t\u00eb k\u00ebsaj komune, Ardijan Mavriqi, Milazim Mustafa, Udh\u00ebheq\u00ebs i Departamentit p\u00ebr Ekonomi, Arsllan Hajdinaga dhe Arben Xhurreta, nga zyra p\u00ebr projekte. \u201cVizita e jon\u00eb [&hellip;]<\/p>\n","protected":false},"author":1,"featured_media":0,"comment_status":"closed","ping_status":"closed","sticky":false,"template":"","format":"standard","meta":{"spay_email":"","jetpack_publicize_message":"","jetpack_is_tweetstorm":false,"jetpack_publicize_feature_enabled":true},"categories":[1,13],"tags":[],"jetpack_publicize_connections":[],"yoast_head":"<!-- This site is optimized with the Yoast SEO plugin v19.1 - https:\/\/yoast.com\/wordpress\/plugins\/seo\/ -->\n<title>Komuna e Ulqinit dhe Komuna e Prishtin\u00ebs planifikojn\u00eb projekte t\u00eb p\u00ebrbashk\u00ebta - Lajme nga Ulqini<\/title>\n<meta name=\"description\" content=\"Fitore Pacolli, udh\u00ebheq\u00ebse e kabinetit n\u00eb Komun\u00ebn e Prishtin\u00ebs dhe drejtori i Drejtoris\u00eb p\u00ebr Zhvillim Ekonomik, Genc Bashota, prit\u00ebn n\u00eb takim nj\u00eb\" \/>\n<meta name=\"robots\" content=\"index, follow, max-snippet:-1, max-image-preview:large, max-video-preview:-1\" \/>\n<link rel=\"canonical\" href=\"https:\/\/www.visit-ulcinj.com\/blog\/2015\/02\/21\/komuna-e-ulqinit-dhe-komuna-e-prishtines-planifikojne-projekte-te-perbashketa\/\" \/>\n<meta property=\"og:locale\" content=\"en_US\" \/>\n<meta property=\"og:type\" content=\"article\" \/>\n<meta property=\"og:title\" content=\"Komuna e Ulqinit dhe Komuna e Prishtin\u00ebs planifikojn\u00eb projekte t\u00eb p\u00ebrbashk\u00ebta - Lajme nga Ulqini\" \/>\n<meta property=\"og:description\" content=\"Fitore Pacolli, udh\u00ebheq\u00ebse e kabinetit n\u00eb Komun\u00ebn e Prishtin\u00ebs dhe drejtori i Drejtoris\u00eb p\u00ebr Zhvillim Ekonomik, Genc Bashota, prit\u00ebn n\u00eb takim nj\u00eb\" \/>\n<meta property=\"og:url\" content=\"https:\/\/www.visit-ulcinj.com\/blog\/2015\/02\/21\/komuna-e-ulqinit-dhe-komuna-e-prishtines-planifikojne-projekte-te-perbashketa\/\" \/>\n<meta property=\"og:site_name\" content=\"Lajme nga Ulqini\" \/>\n<meta property=\"article:published_time\" content=\"2015-02-21T08:47:08+00:00\" \/>\n<meta property=\"article:modified_time\" content=\"2015-02-21T18:38:33+00:00\" \/>\n<meta property=\"og:image\" content=\"http:\/\/www.visit-ulcinj.com\/blog\/wp-content\/uploads\/2015\/02\/komuna-prishtines-komuna-ulqinit.jpg\" \/>\n<meta name=\"twitter:label1\" content=\"Written by\" \/>\n\t<meta name=\"twitter:data1\" content=\"ulqini\" \/>\n\t<meta name=\"twitter:label2\" content=\"Est. reading time\" \/>\n\t<meta name=\"twitter:data2\" content=\"2 minutes\" \/>\n<script type=\"application\/ld+json\" class=\"yoast-schema-graph\">{\"@context\":\"https:\/\/schema.org\",\"@graph\":[{\"@type\":\"WebSite\",\"@id\":\"https:\/\/www.visit-ulcinj.com\/blog\/#website\",\"url\":\"https:\/\/www.visit-ulcinj.com\/blog\/\",\"name\":\"Lajme nga Ulqini\",\"description\":\"Lajme,Vijesti,Ulqini,Ulqin,Crna Gora,Mali i Zi\",\"potentialAction\":[{\"@type\":\"SearchAction\",\"target\":{\"@type\":\"EntryPoint\",\"urlTemplate\":\"https:\/\/www.visit-ulcinj.com\/blog\/?s={search_term_string}\"},\"query-input\":\"required name=search_term_string\"}],\"inLanguage\":\"en-US\"},{\"@type\":\"ImageObject\",\"inLanguage\":\"en-US\",\"@id\":\"https:\/\/www.visit-ulcinj.com\/blog\/2015\/02\/21\/komuna-e-ulqinit-dhe-komuna-e-prishtines-planifikojne-projekte-te-perbashketa\/#primaryimage\",\"url\":\"https:\/\/www.visit-ulcinj.com\/blog\/wp-content\/uploads\/2015\/02\/komuna-prishtines-komuna-ulqinit.jpg\",\"contentUrl\":\"https:\/\/www.visit-ulcinj.com\/blog\/wp-content\/uploads\/2015\/02\/komuna-prishtines-komuna-ulqinit.jpg\",\"width\":960,\"height\":542},{\"@type\":\"WebPage\",\"@id\":\"https:\/\/www.visit-ulcinj.com\/blog\/2015\/02\/21\/komuna-e-ulqinit-dhe-komuna-e-prishtines-planifikojne-projekte-te-perbashketa\/#webpage\",\"url\":\"https:\/\/www.visit-ulcinj.com\/blog\/2015\/02\/21\/komuna-e-ulqinit-dhe-komuna-e-prishtines-planifikojne-projekte-te-perbashketa\/\",\"name\":\"Komuna e Ulqinit dhe Komuna e Prishtin\u00ebs planifikojn\u00eb projekte t\u00eb p\u00ebrbashk\u00ebta - Lajme nga Ulqini\",\"isPartOf\":{\"@id\":\"https:\/\/www.visit-ulcinj.com\/blog\/#website\"},\"primaryImageOfPage\":{\"@id\":\"https:\/\/www.visit-ulcinj.com\/blog\/2015\/02\/21\/komuna-e-ulqinit-dhe-komuna-e-prishtines-planifikojne-projekte-te-perbashketa\/#primaryimage\"},\"datePublished\":\"2015-02-21T08:47:08+00:00\",\"dateModified\":\"2015-02-21T18:38:33+00:00\",\"author\":{\"@id\":\"https:\/\/www.visit-ulcinj.com\/blog\/#\/schema\/person\/dcab619c614d3038751c63bc2aadc06d\"},\"description\":\"Fitore Pacolli, udh\u00ebheq\u00ebse e kabinetit n\u00eb Komun\u00ebn e Prishtin\u00ebs dhe drejtori i Drejtoris\u00eb p\u00ebr Zhvillim Ekonomik, Genc Bashota, prit\u00ebn n\u00eb takim nj\u00eb\",\"breadcrumb\":{\"@id\":\"https:\/\/www.visit-ulcinj.com\/blog\/2015\/02\/21\/komuna-e-ulqinit-dhe-komuna-e-prishtines-planifikojne-projekte-te-perbashketa\/#breadcrumb\"},\"inLanguage\":\"en-US\",\"potentialAction\":[{\"@type\":\"ReadAction\",\"target\":[\"https:\/\/www.visit-ulcinj.com\/blog\/2015\/02\/21\/komuna-e-ulqinit-dhe-komuna-e-prishtines-planifikojne-projekte-te-perbashketa\/\"]}]},{\"@type\":\"BreadcrumbList\",\"@id\":\"https:\/\/www.visit-ulcinj.com\/blog\/2015\/02\/21\/komuna-e-ulqinit-dhe-komuna-e-prishtines-planifikojne-projekte-te-perbashketa\/#breadcrumb\",\"itemListElement\":[{\"@type\":\"ListItem\",\"position\":1,\"name\":\"Komuna e Ulqinit dhe Komuna e Prishtin\u00ebs planifikojn\u00eb projekte t\u00eb p\u00ebrbashk\u00ebta\"}]},{\"@type\":\"Person\",\"@id\":\"https:\/\/www.visit-ulcinj.com\/blog\/#\/schema\/person\/dcab619c614d3038751c63bc2aadc06d\",\"name\":\"ulqini\",\"sameAs\":[\"http:\/\/www.visit-ulcinj.com\"],\"url\":\"https:\/\/www.visit-ulcinj.com\/blog\/author\/admin\/\"}]}<\/script>\n<!-- \/ Yoast SEO plugin. -->","yoast_head_json":{"title":"Komuna e Ulqinit dhe Komuna e Prishtin\u00ebs planifikojn\u00eb projekte t\u00eb p\u00ebrbashk\u00ebta - Lajme nga Ulqini","description":"Fitore Pacolli, udh\u00ebheq\u00ebse e kabinetit n\u00eb Komun\u00ebn e Prishtin\u00ebs dhe drejtori i Drejtoris\u00eb p\u00ebr Zhvillim Ekonomik, Genc Bashota, prit\u00ebn n\u00eb takim nj\u00eb","robots":{"index":"index","follow":"follow","max-snippet":"max-snippet:-1","max-image-preview":"max-image-preview:large","max-video-preview":"max-video-preview:-1"},"canonical":"https:\/\/www.visit-ulcinj.com\/blog\/2015\/02\/21\/komuna-e-ulqinit-dhe-komuna-e-prishtines-planifikojne-projekte-te-perbashketa\/","og_locale":"en_US","og_type":"article","og_title":"Komuna e Ulqinit dhe Komuna e Prishtin\u00ebs planifikojn\u00eb projekte t\u00eb p\u00ebrbashk\u00ebta - Lajme nga Ulqini","og_description":"Fitore Pacolli, udh\u00ebheq\u00ebse e kabinetit n\u00eb Komun\u00ebn e Prishtin\u00ebs dhe drejtori i Drejtoris\u00eb p\u00ebr Zhvillim Ekonomik, Genc Bashota, prit\u00ebn n\u00eb takim nj\u00eb","og_url":"https:\/\/www.visit-ulcinj.com\/blog\/2015\/02\/21\/komuna-e-ulqinit-dhe-komuna-e-prishtines-planifikojne-projekte-te-perbashketa\/","og_site_name":"Lajme nga Ulqini","article_published_time":"2015-02-21T08:47:08+00:00","article_modified_time":"2015-02-21T18:38:33+00:00","og_image":[{"url":"http:\/\/www.visit-ulcinj.com\/blog\/wp-content\/uploads\/2015\/02\/komuna-prishtines-komuna-ulqinit.jpg"}],"twitter_misc":{"Written by":"ulqini","Est. reading time":"2 minutes"},"schema":{"@context":"https:\/\/schema.org","@graph":[{"@type":"WebSite","@id":"https:\/\/www.visit-ulcinj.com\/blog\/#website","url":"https:\/\/www.visit-ulcinj.com\/blog\/","name":"Lajme nga Ulqini","description":"Lajme,Vijesti,Ulqini,Ulqin,Crna Gora,Mali i Zi","potentialAction":[{"@type":"SearchAction","target":{"@type":"EntryPoint","urlTemplate":"https:\/\/www.visit-ulcinj.com\/blog\/?s={search_term_string}"},"query-input":"required name=search_term_string"}],"inLanguage":"en-US"},{"@type":"ImageObject","inLanguage":"en-US","@id":"https:\/\/www.visit-ulcinj.com\/blog\/2015\/02\/21\/komuna-e-ulqinit-dhe-komuna-e-prishtines-planifikojne-projekte-te-perbashketa\/#primaryimage","url":"https:\/\/www.visit-ulcinj.com\/blog\/wp-content\/uploads\/2015\/02\/komuna-prishtines-komuna-ulqinit.jpg","contentUrl":"https:\/\/www.visit-ulcinj.com\/blog\/wp-content\/uploads\/2015\/02\/komuna-prishtines-komuna-ulqinit.jpg","width":960,"height":542},{"@type":"WebPage","@id":"https:\/\/www.visit-ulcinj.com\/blog\/2015\/02\/21\/komuna-e-ulqinit-dhe-komuna-e-prishtines-planifikojne-projekte-te-perbashketa\/#webpage","url":"https:\/\/www.visit-ulcinj.com\/blog\/2015\/02\/21\/komuna-e-ulqinit-dhe-komuna-e-prishtines-planifikojne-projekte-te-perbashketa\/","name":"Komuna e Ulqinit dhe Komuna e Prishtin\u00ebs planifikojn\u00eb projekte t\u00eb p\u00ebrbashk\u00ebta - Lajme nga Ulqini","isPartOf":{"@id":"https:\/\/www.visit-ulcinj.com\/blog\/#website"},"primaryImageOfPage":{"@id":"https:\/\/www.visit-ulcinj.com\/blog\/2015\/02\/21\/komuna-e-ulqinit-dhe-komuna-e-prishtines-planifikojne-projekte-te-perbashketa\/#primaryimage"},"datePublished":"2015-02-21T08:47:08+00:00","dateModified":"2015-02-21T18:38:33+00:00","author":{"@id":"https:\/\/www.visit-ulcinj.com\/blog\/#\/schema\/person\/dcab619c614d3038751c63bc2aadc06d"},"description":"Fitore Pacolli, udh\u00ebheq\u00ebse e kabinetit n\u00eb Komun\u00ebn e Prishtin\u00ebs dhe drejtori i Drejtoris\u00eb p\u00ebr Zhvillim Ekonomik, Genc Bashota, prit\u00ebn n\u00eb takim nj\u00eb","breadcrumb":{"@id":"https:\/\/www.visit-ulcinj.com\/blog\/2015\/02\/21\/komuna-e-ulqinit-dhe-komuna-e-prishtines-planifikojne-projekte-te-perbashketa\/#breadcrumb"},"inLanguage":"en-US","potentialAction":[{"@type":"ReadAction","target":["https:\/\/www.visit-ulcinj.com\/blog\/2015\/02\/21\/komuna-e-ulqinit-dhe-komuna-e-prishtines-planifikojne-projekte-te-perbashketa\/"]}]},{"@type":"BreadcrumbList","@id":"https:\/\/www.visit-ulcinj.com\/blog\/2015\/02\/21\/komuna-e-ulqinit-dhe-komuna-e-prishtines-planifikojne-projekte-te-perbashketa\/#breadcrumb","itemListElement":[{"@type":"ListItem","position":1,"name":"Komuna e Ulqinit dhe Komuna e Prishtin\u00ebs planifikojn\u00eb projekte t\u00eb p\u00ebrbashk\u00ebta"}]},{"@type":"Person","@id":"https:\/\/www.visit-ulcinj.com\/blog\/#\/schema\/person\/dcab619c614d3038751c63bc2aadc06d","name":"ulqini","sameAs":["http:\/\/www.visit-ulcinj.com"],"url":"https:\/\/www.visit-ulcinj.com\/blog\/author\/admin\/"}]}},"jetpack_featured_media_url":"","jetpack_sharing_enabled":true,"jetpack_shortlink":"https:\/\/wp.me\/pe6lTn-n5R","_links":{"self":[{"href":"https:\/\/www.visit-ulcinj.com\/blog\/wp-json\/wp\/v2\/posts\/88775"}],"collection":[{"href":"https:\/\/www.visit-ulcinj.com\/blog\/wp-json\/wp\/v2\/posts"}],"about":[{"href":"https:\/\/www.visit-ulcinj.com\/blog\/wp-json\/wp\/v2\/types\/post"}],"author":[{"embeddable":true,"href":"https:\/\/www.visit-ulcinj.com\/blog\/wp-json\/wp\/v2\/users\/1"}],"replies":[{"embeddable":true,"href":"https:\/\/www.visit-ulcinj.com\/blog\/wp-json\/wp\/v2\/comments?post=88775"}],"version-history":[{"count":1,"href":"https:\/\/www.visit-ulcinj.com\/blog\/wp-json\/wp\/v2\/posts\/88775\/revisions"}],"predecessor-version":[{"id":88780,"href":"https:\/\/www.visit-ulcinj.com\/blog\/wp-json\/wp\/v2\/posts\/88775\/revisions\/88780"}],"wp:attachment":[{"href":"https:\/\/www.visit-ulcinj.com\/blog\/wp-json\/wp\/v2\/media?parent=88775"}],"wp:term":[{"taxonomy":"category","embeddable":true,"href":"https:\/\/www.visit-ulcinj.com\/blog\/wp-json\/wp\/v2\/categories?post=88775"},{"taxonomy":"post_tag","embeddable":true,"href":"https:\/\/www.visit-ulcinj.com\/blog\/wp-json\/wp\/v2\/tags?post=88775"}],"curies":[{"name":"wp","href":"https:\/\/api.w.org\/{rel}","templated":true}]}}