{"id":88782,"date":"2015-02-21T16:25:33","date_gmt":"2015-02-21T15:25:33","guid":{"rendered":"http:\/\/www.visit-ulcinj.com\/blog\/?p=88782"},"modified":"2015-02-21T17:26:55","modified_gmt":"2015-02-21T16:26:55","slug":"mpb-ja-e-mz-se-nuk-e-regjistron-ojq-ne-emrin-albanica","status":"publish","type":"post","link":"https:\/\/www.visit-ulcinj.com\/blog\/2015\/02\/21\/mpb-ja-e-mz-se-nuk-e-regjistron-ojq-ne-emrin-albanica\/","title":{"rendered":"MPB-ja e MZ-s\u00eb nuk e regjistron OJQ-n\u00eb me emrin ALBANICA"},"content":{"rendered":"<p><strong><a href=\"http:\/\/www.visit-ulcinj.com\/blog\/wp-content\/uploads\/2013\/02\/Mehmet-Bardhi_Kryetari-dhe-deputeti-i-LDn\u00ebMZ.jpg\"><img loading=\"lazy\" class=\"alignleft wp-image-68620 size-medium\" src=\"http:\/\/www.visit-ulcinj.com\/blog\/wp-content\/uploads\/2013\/02\/Mehmet-Bardhi_Kryetari-dhe-deputeti-i-LDn\u00ebMZ-300x270.jpg\" alt=\"Mehmet-Bardhi_Kryetari-dhe-deputeti-i-LDn\u00ebMZ\" width=\"300\" height=\"270\" srcset=\"https:\/\/www.visit-ulcinj.com\/blog\/wp-content\/uploads\/2013\/02\/Mehmet-Bardhi_Kryetari-dhe-deputeti-i-LDn\u00ebMZ-300x270.jpg 300w, https:\/\/www.visit-ulcinj.com\/blog\/wp-content\/uploads\/2013\/02\/Mehmet-Bardhi_Kryetari-dhe-deputeti-i-LDn\u00ebMZ.jpg 318w\" sizes=\"(max-width: 300px) 100vw, 300px\" \/><\/a>MINISTRIA E PUN\u00cbVE T\u00cb BRENDSHME E MALIT T\u00cb ZI NUK REGJISTRON<\/strong><\/p>\n<p><strong>OJQ-n\u00eb NGA ROZHAJA ME EMRIN \u201cALBANICA\u201d<\/strong><\/p>\n<p>&nbsp;<\/p>\n<p>Sa here nga goja e udh\u00ebheq\u00ebsve, madje edhe m\u00eb t\u00eb lart\u00eb t\u00eb Malit t\u00eb Zi kemi d\u00ebgjuar lavd\u00ebrime t\u00eb tipit: \u201cMali i Zi \u00ebsht\u00eb shembull i harmonis\u00eb nd\u00ebretnike!\u201d, \u201cShqiptar\u00ebt n\u00eb Malin e Zi i g\u00ebzojn\u00eb t\u00eb gjitha t\u00eb drejtat\u201d etj. etj. floskula, t\u00eb cilat nuk p\u00ebrkojn\u00eb me realitetin e as m\u00eb t\u00eb v\u00ebrtet\u00ebn. P\u00ebrkundrazi, \u00ebsht\u00eb e kund\u00ebrta. P\u00ebr k\u00ebt\u00eb LD n\u00eb MZ, n\u00eb m\u00ebnyr\u00eb t\u00eb vazhdueshme ka treguar me shembuj konkret\u00eb q\u00eb shqiptar\u00ebve po iu cenohen e mohohen t\u00eb drejtat themelore, n\u00eb shum\u00eb segmente t\u00eb jet\u00ebs e p\u00ebrditshm\u00ebris\u00eb dhe \u00ebsht\u00eb angazhuar, nga t\u00eb gjitha pozitat e mundshme, q\u00eb t\u00eb ngris\u00eb z\u00ebrin dhe ka k\u00ebrkuar eliminimin e k\u00ebsaj pabarazie.<\/p>\n<p>&nbsp;<\/p>\n<p>Shpeshher\u00eb cenimi dhe diskriminimi fillon q\u00eb n\u00eb Kuvendin e Malit t\u00eb Zi, ku me makinerin\u00eb e shumic\u00ebs s\u00eb gishtrinj\u00ebve bihen ligje me dispozitat e t\u00eb cil\u00ebve na mohoh\u00ebn t\u00eb drejtat thermelore, si n\u00eb menaxhimin e pasurive natyrore e kulturore n\u00eb hap\u00ebsirat ku jetojm\u00eb me shekuj, n\u00eb mosp\u00ebrfaq\u00ebsimin n\u00eb organet shtet\u00ebrore dhe ato t\u00eb qeverisjeve lokale, t\u00eb mohimit t\u00eb p\u00ebrdorimit t\u00eb gjuh\u00ebs shqipe n\u00eb administrat\u00eb e organe gjyq\u00ebsore, n\u00eb moslejimin e organizimit n\u00eb qeverisjet e plota lokale, si\u00e7 \u00ebsht\u00eb rasti me Mal\u00ebsin\u00eb e qendr\u00ebn e Tuzit, si komun\u00eb me t\u00eb drejta t\u00eb plota, n\u00eb organet e pun\u00ebve t\u00eb brendshme etj. Ja, shembulli m\u00eb i fresk\u00ebt, t\u00eb cilin po e sjellim m\u00eb posht\u00eb.<\/p>\n<p>&nbsp;<\/p>\n<p>Konkretisht, me njoftimin nr.05-UPI-006\/15-368 t\u00eb dat\u00ebs 04.02 2015 MPB e MZ-s\u00eb, e lajm\u00ebron z. A. Dacin nga Rozhaja, i cili kishte paraqit k\u00ebrkes\u00ebn p\u00ebr regjistrimin e OJQ-s\u00eb me emrin \u201cALBANICA\u201d Rozhaj\u00eb, se nuk ia ka b\u00ebr\u00eb regjistrimin e saj sepse <strong>\u201cLigji p\u00ebr Organizatat Joqeveritare (Gazeta zyrtare e MZ-s\u00eb, nr. 39\/11, me paragraf\u00ebt 3, 5 dhe 6 t\u00eb nenit 13, parasheh, p\u00ebrshkruan, q\u00eb emri i i organizatave joqeveritare regjistrohet n\u00eb gjuh\u00ebn malazeze&#8230;\u201d<\/strong> prandaj n\u00eb aktin e lajm\u00ebrimit k\u00ebrkojn\u00eb \u201cq\u00eb ta arsyetoj\u00eb dometh\u00ebnien e saj!\u201d pra t\u00eb arsyetoj\u00eb emrin ALBANICA!? \u00c7\u2019\u00ebsht\u00eb kjo ore zot\u00ebri Minist\u00ebr i Pun\u00ebve t\u00eb Brendshme t\u00eb Malit t\u00eb Zi!? Vall\u00eb n\u00ebpun\u00ebsit e tu a nuk e din\u00eb dometh\u00ebnien e k\u00ebtij emri, e k\u00ebtij em\u00ebrtimi!? A ishin k\u00ebta pjes\u00ebtar\u00eb t\u00eb k\u00ebtij em\u00ebrtimi q\u00eb me vot\u00ebn e tyre ju soll\u00ebn pavar\u00ebsin\u00eb e Malit t\u00eb Zi, e tash po b\u00ebheni se nuk na njihni! Hipokrizi! N\u00ebn\u00e7mim e injorim i pashoq, q\u00eb din\u00eb ta b\u00ebjn\u00eb vet\u00ebm injorant\u00ebt, q\u00ebllimk\u00ebqinjt\u00eb e p\u00ebrndjek\u00ebsit barbar\u00eb.<\/p>\n<p><a href=\"http:\/\/www.visit-ulcinj.com\/blog\/wp-content\/uploads\/2015\/02\/MPB-ja-e-MZ-s\u00eb-nuk-e-regjistron-OJQ-n\u00eb-me-emrin-ALBANICA.jpg\"><img loading=\"lazy\" class=\"alignleft wp-image-88783\" src=\"http:\/\/www.visit-ulcinj.com\/blog\/wp-content\/uploads\/2015\/02\/MPB-ja-e-MZ-s\u00eb-nuk-e-regjistron-OJQ-n\u00eb-me-emrin-ALBANICA.jpg\" alt=\"MPB-ja e MZ-s\u00eb nuk e regjistron OJQ-n\u00eb me emrin ALBANICA\" width=\"508\" height=\"677\" srcset=\"https:\/\/www.visit-ulcinj.com\/blog\/wp-content\/uploads\/2015\/02\/MPB-ja-e-MZ-s\u00eb-nuk-e-regjistron-OJQ-n\u00eb-me-emrin-ALBANICA.jpg 750w, https:\/\/www.visit-ulcinj.com\/blog\/wp-content\/uploads\/2015\/02\/MPB-ja-e-MZ-s\u00eb-nuk-e-regjistron-OJQ-n\u00eb-me-emrin-ALBANICA-225x300.jpg 225w\" sizes=\"(max-width: 508px) 100vw, 508px\" \/><\/a><\/p>\n<p>K\u00ebtu kemi t\u00eb b\u00ebjm\u00eb me Ligjet diskriminuese me t\u00eb cil\u00ebt Pushteti i Malit t\u00eb Zi po tenton n\u00eb vijueshm\u00ebri q\u00eb shqiptar\u00ebve t\u2019iu imponoj\u00eb n\u00eb p\u00ebrdorimin zyrtar gjuh\u00ebn malazeze e po tenton me iu mohua p\u00ebrdorimin zyrtar t\u00eb shkrimit t\u00eb gjuh\u00ebs shqipe.<\/p>\n<p>Poashtu si\u00e7 \u00ebsht\u00eb diskriminues Ligji p\u00ebr OJQ-t\u00eb ashtu diskriminues \u00ebsht\u00eb edhe <strong>Ligji mbi Shpalljen e Akteve Ligjore dhe Akteve t\u00eb Tjera, paragrafi 1 i nenit 12 (SU-SK Broj 01-832\/5, dat\u00eb 26 decembar 2007) ku n\u00eb mes t\u00eb tjerave thuhet se \u201c Ligjet dhe Rregulloret e tjera, si edhe aktet e tjera shpallen (botohen) n\u00eb gjih\u00ebn malazeze, me alfabetin qirilic\u00eb, gjegj\u00ebsisht me at\u00eb latinic\u00eb\u201d.<\/strong><\/p>\n<p>&nbsp;<\/p>\n<p>Duhet t\u00eb p\u00ebrkujtojm\u00eb se m\u00eb k\u00ebt\u00eb organet qeveritare n\u00eb fjal\u00eb po cenojn\u00eb t\u00eb drejtat themelore t\u00eb njeriut dhe ato nacionale. Po cenojn\u00eb aktet dhe traktatet nd\u00ebrkomb\u00ebtare, si: <strong>dispozitat e nenit 27 t\u00eb Paktit Nd\u00ebrkomb\u00ebtar p\u00ebr t\u00eb Drejtat Civile dhe Politike, pastaj sidomos pik\u00ebn 1 t\u00eb nenin 1 dhe pik\u00ebn 4 t\u00eb nenit 2, t\u00eb Deklarat\u00ebs s\u00eb OKB-s\u00eb p\u00ebr t\u00eb Drejtat e Pjestar\u00ebve t\u00eb Pakicave Etnike, Fetare dhe Gjuh\u00ebsore etj. etj.<\/strong> akte, deklarata, traktate e karta e konventa t\u00eb cilat garantojn\u00eb realizimin e t\u00eb drejtave nacionale. Mir\u00ebpo\u00a0\u00a0 fatkeq\u00ebsisht shum\u00eb t\u00eb drejta po na cenohen, nd\u00ebrsa n\u00eb mesin ton\u00eb, n\u00eb vend q\u00eb t\u00eb tregojm\u00eb seriozitetin e vendosm\u00ebrin\u00eb ton\u00eb n\u00eb k\u00ebrkesat tona legjitime, disa aktor\u00eb politik\u00eb nuk po respektojn\u00eb as marr\u00ebveshjet themelore, por me forc\u00ebn e mashtrimit po mundohen t\u00eb paraqiten si p\u00ebrfaq\u00ebsues legjitim t\u00eb popullit shqiptar.<\/p>\n<p>Me k\u00ebt\u00eb rast nuk \u00ebsht\u00eb tep\u00ebr t\u00eb p\u00ebrkujtojm\u00eb se, me rastin e aprovimit t\u00eb Kushtetut\u00ebs s\u00eb Malit t\u00eb Zi, m\u00eb 22 tetor 2007, nga shumica pozit\u00eb e opozit\u00eb serbo malazeze pravosllave, t\u00eb kat\u00ebr deputet\u00ebt e partive politike shqiptare, n\u00eb m\u00ebnyr\u00eb protestuese e l\u00ebshuan mbledhjen e kuvendit, pasi nuk u mor\u00ebn parasysh propozimet e asnj\u00eb amandament t\u00eb deputet\u00ebve shqiptar\u00eb.<\/p>\n<p><strong>M.Bardhi<\/strong><\/p>\n<p><strong>Ulqin, 20.02.2015<\/strong><\/p>\n","protected":false},"excerpt":{"rendered":"<p>MINISTRIA E PUN\u00cbVE T\u00cb BRENDSHME E MALIT T\u00cb ZI NUK REGJISTRON OJQ-n\u00eb NGA ROZHAJA ME EMRIN \u201cALBANICA\u201d &nbsp; Sa here nga goja e udh\u00ebheq\u00ebsve, madje edhe m\u00eb t\u00eb lart\u00eb t\u00eb Malit t\u00eb Zi kemi d\u00ebgjuar lavd\u00ebrime t\u00eb tipit: \u201cMali i Zi \u00ebsht\u00eb shembull i harmonis\u00eb nd\u00ebretnike!\u201d, \u201cShqiptar\u00ebt n\u00eb Malin e Zi i g\u00ebzojn\u00eb t\u00eb gjitha [&hellip;]<\/p>\n","protected":false},"author":1,"featured_media":0,"comment_status":"closed","ping_status":"closed","sticky":false,"template":"","format":"standard","meta":{"spay_email":"","jetpack_publicize_message":"","jetpack_is_tweetstorm":false,"jetpack_publicize_feature_enabled":true},"categories":[2451],"tags":[],"jetpack_publicize_connections":[],"yoast_head":"<!-- This site is optimized with the Yoast SEO plugin v19.1 - https:\/\/yoast.com\/wordpress\/plugins\/seo\/ -->\n<title>MPB-ja e MZ-s\u00eb nuk e regjistron OJQ-n\u00eb me emrin ALBANICA - Lajme nga Ulqini<\/title>\n<meta name=\"description\" content=\"MINISTRIA E PUN\u00cbVE T\u00cb BRENDSHME E MALIT T\u00cb ZI NUK REGJISTRON OJQ-n\u00eb NGA ROZHAJA ME EMRIN \u201cALBANICA\u201d &nbsp; Sa here nga goja e udh\u00ebheq\u00ebsve, madje edhe m\u00eb\" \/>\n<meta name=\"robots\" content=\"index, follow, max-snippet:-1, max-image-preview:large, max-video-preview:-1\" \/>\n<link rel=\"canonical\" href=\"https:\/\/www.visit-ulcinj.com\/blog\/2015\/02\/21\/mpb-ja-e-mz-se-nuk-e-regjistron-ojq-ne-emrin-albanica\/\" \/>\n<meta property=\"og:locale\" content=\"en_US\" \/>\n<meta property=\"og:type\" content=\"article\" \/>\n<meta property=\"og:title\" content=\"MPB-ja e MZ-s\u00eb nuk e regjistron OJQ-n\u00eb me emrin ALBANICA - Lajme nga Ulqini\" \/>\n<meta property=\"og:description\" content=\"MINISTRIA E PUN\u00cbVE T\u00cb BRENDSHME E MALIT T\u00cb ZI NUK REGJISTRON OJQ-n\u00eb NGA ROZHAJA ME EMRIN \u201cALBANICA\u201d &nbsp; Sa here nga goja e udh\u00ebheq\u00ebsve, madje edhe m\u00eb\" \/>\n<meta property=\"og:url\" content=\"https:\/\/www.visit-ulcinj.com\/blog\/2015\/02\/21\/mpb-ja-e-mz-se-nuk-e-regjistron-ojq-ne-emrin-albanica\/\" \/>\n<meta property=\"og:site_name\" content=\"Lajme nga Ulqini\" \/>\n<meta property=\"article:published_time\" content=\"2015-02-21T15:25:33+00:00\" \/>\n<meta property=\"article:modified_time\" content=\"2015-02-21T16:26:55+00:00\" \/>\n<meta name=\"twitter:label1\" content=\"Written by\" \/>\n\t<meta name=\"twitter:data1\" content=\"ulqini\" \/>\n\t<meta name=\"twitter:label2\" content=\"Est. reading time\" \/>\n\t<meta name=\"twitter:data2\" content=\"4 minutes\" \/>\n<script type=\"application\/ld+json\" class=\"yoast-schema-graph\">{\"@context\":\"https:\/\/schema.org\",\"@graph\":[{\"@type\":\"WebSite\",\"@id\":\"https:\/\/www.visit-ulcinj.com\/blog\/#website\",\"url\":\"https:\/\/www.visit-ulcinj.com\/blog\/\",\"name\":\"Lajme nga Ulqini\",\"description\":\"Lajme,Vijesti,Ulqini,Ulqin,Crna Gora,Mali i Zi\",\"potentialAction\":[{\"@type\":\"SearchAction\",\"target\":{\"@type\":\"EntryPoint\",\"urlTemplate\":\"https:\/\/www.visit-ulcinj.com\/blog\/?s={search_term_string}\"},\"query-input\":\"required name=search_term_string\"}],\"inLanguage\":\"en-US\"},{\"@type\":\"WebPage\",\"@id\":\"https:\/\/www.visit-ulcinj.com\/blog\/2015\/02\/21\/mpb-ja-e-mz-se-nuk-e-regjistron-ojq-ne-emrin-albanica\/#webpage\",\"url\":\"https:\/\/www.visit-ulcinj.com\/blog\/2015\/02\/21\/mpb-ja-e-mz-se-nuk-e-regjistron-ojq-ne-emrin-albanica\/\",\"name\":\"MPB-ja e MZ-s\u00eb nuk e regjistron OJQ-n\u00eb me emrin ALBANICA - Lajme nga Ulqini\",\"isPartOf\":{\"@id\":\"https:\/\/www.visit-ulcinj.com\/blog\/#website\"},\"datePublished\":\"2015-02-21T15:25:33+00:00\",\"dateModified\":\"2015-02-21T16:26:55+00:00\",\"author\":{\"@id\":\"https:\/\/www.visit-ulcinj.com\/blog\/#\/schema\/person\/dcab619c614d3038751c63bc2aadc06d\"},\"description\":\"MINISTRIA E PUN\u00cbVE T\u00cb BRENDSHME E MALIT T\u00cb ZI NUK REGJISTRON OJQ-n\u00eb NGA ROZHAJA ME EMRIN \u201cALBANICA\u201d &nbsp; Sa here nga goja e udh\u00ebheq\u00ebsve, madje edhe m\u00eb\",\"breadcrumb\":{\"@id\":\"https:\/\/www.visit-ulcinj.com\/blog\/2015\/02\/21\/mpb-ja-e-mz-se-nuk-e-regjistron-ojq-ne-emrin-albanica\/#breadcrumb\"},\"inLanguage\":\"en-US\",\"potentialAction\":[{\"@type\":\"ReadAction\",\"target\":[\"https:\/\/www.visit-ulcinj.com\/blog\/2015\/02\/21\/mpb-ja-e-mz-se-nuk-e-regjistron-ojq-ne-emrin-albanica\/\"]}]},{\"@type\":\"BreadcrumbList\",\"@id\":\"https:\/\/www.visit-ulcinj.com\/blog\/2015\/02\/21\/mpb-ja-e-mz-se-nuk-e-regjistron-ojq-ne-emrin-albanica\/#breadcrumb\",\"itemListElement\":[{\"@type\":\"ListItem\",\"position\":1,\"name\":\"MPB-ja e MZ-s\u00eb nuk e regjistron OJQ-n\u00eb me emrin ALBANICA\"}]},{\"@type\":\"Person\",\"@id\":\"https:\/\/www.visit-ulcinj.com\/blog\/#\/schema\/person\/dcab619c614d3038751c63bc2aadc06d\",\"name\":\"ulqini\",\"sameAs\":[\"http:\/\/www.visit-ulcinj.com\"],\"url\":\"https:\/\/www.visit-ulcinj.com\/blog\/author\/admin\/\"}]}<\/script>\n<!-- \/ Yoast SEO plugin. -->","yoast_head_json":{"title":"MPB-ja e MZ-s\u00eb nuk e regjistron OJQ-n\u00eb me emrin ALBANICA - Lajme nga Ulqini","description":"MINISTRIA E PUN\u00cbVE T\u00cb BRENDSHME E MALIT T\u00cb ZI NUK REGJISTRON OJQ-n\u00eb NGA ROZHAJA ME EMRIN \u201cALBANICA\u201d &nbsp; Sa here nga goja e udh\u00ebheq\u00ebsve, madje edhe m\u00eb","robots":{"index":"index","follow":"follow","max-snippet":"max-snippet:-1","max-image-preview":"max-image-preview:large","max-video-preview":"max-video-preview:-1"},"canonical":"https:\/\/www.visit-ulcinj.com\/blog\/2015\/02\/21\/mpb-ja-e-mz-se-nuk-e-regjistron-ojq-ne-emrin-albanica\/","og_locale":"en_US","og_type":"article","og_title":"MPB-ja e MZ-s\u00eb nuk e regjistron OJQ-n\u00eb me emrin ALBANICA - Lajme nga Ulqini","og_description":"MINISTRIA E PUN\u00cbVE T\u00cb BRENDSHME E MALIT T\u00cb ZI NUK REGJISTRON OJQ-n\u00eb NGA ROZHAJA ME EMRIN \u201cALBANICA\u201d &nbsp; Sa here nga goja e udh\u00ebheq\u00ebsve, madje edhe m\u00eb","og_url":"https:\/\/www.visit-ulcinj.com\/blog\/2015\/02\/21\/mpb-ja-e-mz-se-nuk-e-regjistron-ojq-ne-emrin-albanica\/","og_site_name":"Lajme nga Ulqini","article_published_time":"2015-02-21T15:25:33+00:00","article_modified_time":"2015-02-21T16:26:55+00:00","twitter_misc":{"Written by":"ulqini","Est. reading time":"4 minutes"},"schema":{"@context":"https:\/\/schema.org","@graph":[{"@type":"WebSite","@id":"https:\/\/www.visit-ulcinj.com\/blog\/#website","url":"https:\/\/www.visit-ulcinj.com\/blog\/","name":"Lajme nga Ulqini","description":"Lajme,Vijesti,Ulqini,Ulqin,Crna Gora,Mali i Zi","potentialAction":[{"@type":"SearchAction","target":{"@type":"EntryPoint","urlTemplate":"https:\/\/www.visit-ulcinj.com\/blog\/?s={search_term_string}"},"query-input":"required name=search_term_string"}],"inLanguage":"en-US"},{"@type":"WebPage","@id":"https:\/\/www.visit-ulcinj.com\/blog\/2015\/02\/21\/mpb-ja-e-mz-se-nuk-e-regjistron-ojq-ne-emrin-albanica\/#webpage","url":"https:\/\/www.visit-ulcinj.com\/blog\/2015\/02\/21\/mpb-ja-e-mz-se-nuk-e-regjistron-ojq-ne-emrin-albanica\/","name":"MPB-ja e MZ-s\u00eb nuk e regjistron OJQ-n\u00eb me emrin ALBANICA - Lajme nga Ulqini","isPartOf":{"@id":"https:\/\/www.visit-ulcinj.com\/blog\/#website"},"datePublished":"2015-02-21T15:25:33+00:00","dateModified":"2015-02-21T16:26:55+00:00","author":{"@id":"https:\/\/www.visit-ulcinj.com\/blog\/#\/schema\/person\/dcab619c614d3038751c63bc2aadc06d"},"description":"MINISTRIA E PUN\u00cbVE T\u00cb BRENDSHME E MALIT T\u00cb ZI NUK REGJISTRON OJQ-n\u00eb NGA ROZHAJA ME EMRIN \u201cALBANICA\u201d &nbsp; Sa here nga goja e udh\u00ebheq\u00ebsve, madje edhe m\u00eb","breadcrumb":{"@id":"https:\/\/www.visit-ulcinj.com\/blog\/2015\/02\/21\/mpb-ja-e-mz-se-nuk-e-regjistron-ojq-ne-emrin-albanica\/#breadcrumb"},"inLanguage":"en-US","potentialAction":[{"@type":"ReadAction","target":["https:\/\/www.visit-ulcinj.com\/blog\/2015\/02\/21\/mpb-ja-e-mz-se-nuk-e-regjistron-ojq-ne-emrin-albanica\/"]}]},{"@type":"BreadcrumbList","@id":"https:\/\/www.visit-ulcinj.com\/blog\/2015\/02\/21\/mpb-ja-e-mz-se-nuk-e-regjistron-ojq-ne-emrin-albanica\/#breadcrumb","itemListElement":[{"@type":"ListItem","position":1,"name":"MPB-ja e MZ-s\u00eb nuk e regjistron OJQ-n\u00eb me emrin ALBANICA"}]},{"@type":"Person","@id":"https:\/\/www.visit-ulcinj.com\/blog\/#\/schema\/person\/dcab619c614d3038751c63bc2aadc06d","name":"ulqini","sameAs":["http:\/\/www.visit-ulcinj.com"],"url":"https:\/\/www.visit-ulcinj.com\/blog\/author\/admin\/"}]}},"jetpack_featured_media_url":"","jetpack_sharing_enabled":true,"jetpack_shortlink":"https:\/\/wp.me\/pe6lTn-n5Y","_links":{"self":[{"href":"https:\/\/www.visit-ulcinj.com\/blog\/wp-json\/wp\/v2\/posts\/88782"}],"collection":[{"href":"https:\/\/www.visit-ulcinj.com\/blog\/wp-json\/wp\/v2\/posts"}],"about":[{"href":"https:\/\/www.visit-ulcinj.com\/blog\/wp-json\/wp\/v2\/types\/post"}],"author":[{"embeddable":true,"href":"https:\/\/www.visit-ulcinj.com\/blog\/wp-json\/wp\/v2\/users\/1"}],"replies":[{"embeddable":true,"href":"https:\/\/www.visit-ulcinj.com\/blog\/wp-json\/wp\/v2\/comments?post=88782"}],"version-history":[{"count":1,"href":"https:\/\/www.visit-ulcinj.com\/blog\/wp-json\/wp\/v2\/posts\/88782\/revisions"}],"predecessor-version":[{"id":88784,"href":"https:\/\/www.visit-ulcinj.com\/blog\/wp-json\/wp\/v2\/posts\/88782\/revisions\/88784"}],"wp:attachment":[{"href":"https:\/\/www.visit-ulcinj.com\/blog\/wp-json\/wp\/v2\/media?parent=88782"}],"wp:term":[{"taxonomy":"category","embeddable":true,"href":"https:\/\/www.visit-ulcinj.com\/blog\/wp-json\/wp\/v2\/categories?post=88782"},{"taxonomy":"post_tag","embeddable":true,"href":"https:\/\/www.visit-ulcinj.com\/blog\/wp-json\/wp\/v2\/tags?post=88782"}],"curies":[{"name":"wp","href":"https:\/\/api.w.org\/{rel}","templated":true}]}}