{"id":88785,"date":"2015-02-21T16:48:33","date_gmt":"2015-02-21T15:48:33","guid":{"rendered":"http:\/\/www.visit-ulcinj.com\/blog\/?p=88785"},"modified":"2015-02-23T08:13:31","modified_gmt":"2015-02-23T07:13:31","slug":"tubim-proteste-ne-shtoje-kunder-vendimit-te-pushtetit-lokal-te-ulqinit","status":"publish","type":"post","link":"https:\/\/www.visit-ulcinj.com\/blog\/2015\/02\/21\/tubim-proteste-ne-shtoje-kunder-vendimit-te-pushtetit-lokal-te-ulqinit\/","title":{"rendered":"Tubim proteste n\u00eb Shtoj\u00eb, kund\u00ebr vendimit te pushtetit lokal t\u00eb Ulqinit &#8211; Video"},"content":{"rendered":"<p><a href=\"http:\/\/www.visit-ulcinj.com\/blog\/wp-content\/uploads\/2015\/02\/Tubim-proteste-n\u00eb-Shtoj-Ulqin.jpg\"><img loading=\"lazy\" class=\"alignleft wp-image-88786\" src=\"http:\/\/www.visit-ulcinj.com\/blog\/wp-content\/uploads\/2015\/02\/Tubim-proteste-n\u00eb-Shtoj-Ulqin.jpg\" alt=\"Tubim proteste n\u00eb Shtoj-Ulqin\" width=\"508\" height=\"319\" srcset=\"https:\/\/www.visit-ulcinj.com\/blog\/wp-content\/uploads\/2015\/02\/Tubim-proteste-n\u00eb-Shtoj-Ulqin.jpg 560w, https:\/\/www.visit-ulcinj.com\/blog\/wp-content\/uploads\/2015\/02\/Tubim-proteste-n\u00eb-Shtoj-Ulqin-300x189.jpg 300w\" sizes=\"(max-width: 508px) 100vw, 508px\" \/><\/a>Rreth pes\u00ebdhjet\u00eb banor\u00eb t\u00eb Shtojit jan\u00eb tubuar t\u00eb premten rreth pron\u00ebs n\u00eb t\u00eb cil\u00ebn nga mesi i marsit duhet t\u00eb fillojn\u00eb punimet p\u00ebr nd\u00ebrtimin e Aqua parkut duke protestuar q\u00eb Komuna i dha investitorit, kompanis\u00eb turke Polin, para dy dit\u00ebsh kushtet urbanistike teknike, shkruan \u201cVijesti\u201d, raporton Portali Ul.info.<\/p>\n<p>Shtojak\u00ebt kan\u00eb shprehur mospajtimin me vendimin e pushtetit lokal duke i dh\u00ebn\u00eb p\u00ebrkrahje familjes Rudoviq, e cila me shtetin tash disa vite \u00ebsht\u00eb n\u00eb proces gjyq\u00ebsor\u00eb p\u00ebr k\u00ebt\u00eb pron\u00eb. Nga tubimi \u00ebsht\u00eb apeluar n\u00eb institucionet shtet\u00ebrore t\u00eb shpejtojn\u00eb proceset t\u00eb cil\u00ebt presin zgjidhjen tash dhjet\u00eb vite.<\/p>\n<p>\u201cSot ishin rreth pes\u00ebdhjet\u00eb njer\u00ebz por n\u00ebse duhet, i gjith\u00eb Shtoji do t\u00eb \u00e7ohet n\u00eb k\u00ebmb\u00eb. Do t\u00eb bllokojm\u00eb rrug\u00ebt sepse nuk k\u00ebrkojm\u00eb t\u00eb huaj\u00ebn por t\u00eb veten t\u00eb cil\u00ebn paraardh\u00ebsit tan\u00eb na kan\u00eb lan\u00eb\u201d, tha Anto Rudoviq i cili \u00ebsht\u00eb n\u00eb proces gjyq\u00ebsor p\u00ebr kthimin e pron\u00ebs n\u00eb Shtoj.<\/p>\n<p>Nga ana tjet\u00ebr kryetari i Komun\u00ebs Fatmir Gjeka tha se askush nuk ka t\u00eb drejt\u00eb t\u00eb prek pron\u00ebn e huaj. \u201cKjo tok\u00eb \u00ebsht\u00eb e komun\u00ebs nj\u00eb p\u00ebr nj\u00eb gj\u00eb q\u00eb \u00ebsht\u00eb shum\u00eb leht\u00eb e verifikueshme n\u00eb kadast\u00ebr. \u00c7do kush ka t\u00eb drejt\u00eb t\u00eb protestoj\u00eb n\u00eb pajtim me ligjin, por askush nuk \u00ebsht\u00eb dhe nuk mund t\u00eb jet\u00eb mbi ligjin. Askush nuk ka t\u00eb drejt\u00eb t\u00eb rrezikoj\u00eb interesat vital t\u00eb Komun\u00ebs dhe shtetit\u201d, tha Gjeka p\u00ebr \u201cVijesti\u201d.<\/p>\n<p>K\u00ebshilltar\u00ebt e Kuvendit t\u00eb Ulqinit m\u00eb her\u00ebt kan\u00eb miratuar vendimin p\u00ebr dh\u00ebnien e tok\u00ebs me sip\u00ebrfaqe 25 mij\u00eb met\u00ebr katror kompanis\u00eb s\u00eb njohur turke Polin me amendament q\u00eb Rudoviq\u00ebve, n\u00ebse e fitojn\u00eb procesin gjyq\u00ebsor, t\u2019iu paguhet toka sipas \u00e7mimit t\u00eb tregut, ti jepet pron\u00eb tjet\u00ebr me vler\u00eb t\u00eb nj\u00ebjt\u00eb ose t\u2019iu jepet kontrata p\u00ebr qiradh\u00ebnie me t\u00eb gjith\u00eb detyrimet.<\/p>\n<!--YouTube Error: bad URL entered-->\n","protected":false},"excerpt":{"rendered":"<p>Rreth pes\u00ebdhjet\u00eb banor\u00eb t\u00eb Shtojit jan\u00eb tubuar t\u00eb premten rreth pron\u00ebs n\u00eb t\u00eb cil\u00ebn nga mesi i marsit duhet t\u00eb fillojn\u00eb punimet p\u00ebr nd\u00ebrtimin e Aqua parkut duke protestuar q\u00eb Komuna i dha investitorit, kompanis\u00eb turke Polin, para dy dit\u00ebsh kushtet urbanistike teknike, shkruan \u201cVijesti\u201d, raporton Portali Ul.info. Shtojak\u00ebt kan\u00eb shprehur mospajtimin me vendimin e [&hellip;]<\/p>\n","protected":false},"author":1,"featured_media":0,"comment_status":"closed","ping_status":"closed","sticky":false,"template":"","format":"standard","meta":{"spay_email":"","jetpack_publicize_message":"","jetpack_is_tweetstorm":false,"jetpack_publicize_feature_enabled":true},"categories":[1,11],"tags":[],"jetpack_publicize_connections":[],"yoast_head":"<!-- This site is optimized with the Yoast SEO plugin v19.1 - https:\/\/yoast.com\/wordpress\/plugins\/seo\/ -->\n<title>Tubim proteste n\u00eb Shtoj\u00eb, kund\u00ebr vendimit te pushtetit lokal t\u00eb Ulqinit - Video - Lajme nga Ulqini<\/title>\n<meta name=\"description\" content=\"Rreth pes\u00ebdhjet\u00eb banor\u00eb t\u00eb Shtojit jan\u00eb tubuar t\u00eb premten rreth pron\u00ebs n\u00eb t\u00eb cil\u00ebn nga mesi i marsit duhet t\u00eb fillojn\u00eb punimet p\u00ebr nd\u00ebrtimin e Aqua parkut\" \/>\n<meta name=\"robots\" content=\"index, follow, max-snippet:-1, max-image-preview:large, max-video-preview:-1\" \/>\n<link rel=\"canonical\" href=\"https:\/\/www.visit-ulcinj.com\/blog\/2015\/02\/21\/tubim-proteste-ne-shtoje-kunder-vendimit-te-pushtetit-lokal-te-ulqinit\/\" \/>\n<meta property=\"og:locale\" content=\"en_US\" \/>\n<meta property=\"og:type\" content=\"article\" \/>\n<meta property=\"og:title\" content=\"Tubim proteste n\u00eb Shtoj\u00eb, kund\u00ebr vendimit te pushtetit lokal t\u00eb Ulqinit - Video - Lajme nga Ulqini\" \/>\n<meta property=\"og:description\" content=\"Rreth pes\u00ebdhjet\u00eb banor\u00eb t\u00eb Shtojit jan\u00eb tubuar t\u00eb premten rreth pron\u00ebs n\u00eb t\u00eb cil\u00ebn nga mesi i marsit duhet t\u00eb fillojn\u00eb punimet p\u00ebr nd\u00ebrtimin e Aqua parkut\" \/>\n<meta property=\"og:url\" content=\"https:\/\/www.visit-ulcinj.com\/blog\/2015\/02\/21\/tubim-proteste-ne-shtoje-kunder-vendimit-te-pushtetit-lokal-te-ulqinit\/\" \/>\n<meta property=\"og:site_name\" content=\"Lajme nga Ulqini\" \/>\n<meta property=\"article:published_time\" content=\"2015-02-21T15:48:33+00:00\" \/>\n<meta property=\"article:modified_time\" content=\"2015-02-23T07:13:31+00:00\" \/>\n<meta name=\"twitter:label1\" content=\"Written by\" \/>\n\t<meta name=\"twitter:data1\" content=\"ulqini\" \/>\n\t<meta name=\"twitter:label2\" content=\"Est. reading time\" \/>\n\t<meta name=\"twitter:data2\" content=\"2 minutes\" \/>\n<script type=\"application\/ld+json\" class=\"yoast-schema-graph\">{\"@context\":\"https:\/\/schema.org\",\"@graph\":[{\"@type\":\"WebSite\",\"@id\":\"https:\/\/www.visit-ulcinj.com\/blog\/#website\",\"url\":\"https:\/\/www.visit-ulcinj.com\/blog\/\",\"name\":\"Lajme nga Ulqini\",\"description\":\"Lajme,Vijesti,Ulqini,Ulqin,Crna Gora,Mali i Zi\",\"potentialAction\":[{\"@type\":\"SearchAction\",\"target\":{\"@type\":\"EntryPoint\",\"urlTemplate\":\"https:\/\/www.visit-ulcinj.com\/blog\/?s={search_term_string}\"},\"query-input\":\"required name=search_term_string\"}],\"inLanguage\":\"en-US\"},{\"@type\":\"WebPage\",\"@id\":\"https:\/\/www.visit-ulcinj.com\/blog\/2015\/02\/21\/tubim-proteste-ne-shtoje-kunder-vendimit-te-pushtetit-lokal-te-ulqinit\/#webpage\",\"url\":\"https:\/\/www.visit-ulcinj.com\/blog\/2015\/02\/21\/tubim-proteste-ne-shtoje-kunder-vendimit-te-pushtetit-lokal-te-ulqinit\/\",\"name\":\"Tubim proteste n\u00eb Shtoj\u00eb, kund\u00ebr vendimit te pushtetit lokal t\u00eb Ulqinit - Video - Lajme nga Ulqini\",\"isPartOf\":{\"@id\":\"https:\/\/www.visit-ulcinj.com\/blog\/#website\"},\"datePublished\":\"2015-02-21T15:48:33+00:00\",\"dateModified\":\"2015-02-23T07:13:31+00:00\",\"author\":{\"@id\":\"https:\/\/www.visit-ulcinj.com\/blog\/#\/schema\/person\/dcab619c614d3038751c63bc2aadc06d\"},\"description\":\"Rreth pes\u00ebdhjet\u00eb banor\u00eb t\u00eb Shtojit jan\u00eb tubuar t\u00eb premten rreth pron\u00ebs n\u00eb t\u00eb cil\u00ebn nga mesi i marsit duhet t\u00eb fillojn\u00eb punimet p\u00ebr nd\u00ebrtimin e Aqua parkut\",\"breadcrumb\":{\"@id\":\"https:\/\/www.visit-ulcinj.com\/blog\/2015\/02\/21\/tubim-proteste-ne-shtoje-kunder-vendimit-te-pushtetit-lokal-te-ulqinit\/#breadcrumb\"},\"inLanguage\":\"en-US\",\"potentialAction\":[{\"@type\":\"ReadAction\",\"target\":[\"https:\/\/www.visit-ulcinj.com\/blog\/2015\/02\/21\/tubim-proteste-ne-shtoje-kunder-vendimit-te-pushtetit-lokal-te-ulqinit\/\"]}]},{\"@type\":\"BreadcrumbList\",\"@id\":\"https:\/\/www.visit-ulcinj.com\/blog\/2015\/02\/21\/tubim-proteste-ne-shtoje-kunder-vendimit-te-pushtetit-lokal-te-ulqinit\/#breadcrumb\",\"itemListElement\":[{\"@type\":\"ListItem\",\"position\":1,\"name\":\"Tubim proteste n\u00eb Shtoj\u00eb, kund\u00ebr vendimit te pushtetit lokal t\u00eb Ulqinit &#8211; Video\"}]},{\"@type\":\"Person\",\"@id\":\"https:\/\/www.visit-ulcinj.com\/blog\/#\/schema\/person\/dcab619c614d3038751c63bc2aadc06d\",\"name\":\"ulqini\",\"sameAs\":[\"http:\/\/www.visit-ulcinj.com\"],\"url\":\"https:\/\/www.visit-ulcinj.com\/blog\/author\/admin\/\"}]}<\/script>\n<!-- \/ Yoast SEO plugin. -->","yoast_head_json":{"title":"Tubim proteste n\u00eb Shtoj\u00eb, kund\u00ebr vendimit te pushtetit lokal t\u00eb Ulqinit - Video - Lajme nga Ulqini","description":"Rreth pes\u00ebdhjet\u00eb banor\u00eb t\u00eb Shtojit jan\u00eb tubuar t\u00eb premten rreth pron\u00ebs n\u00eb t\u00eb cil\u00ebn nga mesi i marsit duhet t\u00eb fillojn\u00eb punimet p\u00ebr nd\u00ebrtimin e Aqua parkut","robots":{"index":"index","follow":"follow","max-snippet":"max-snippet:-1","max-image-preview":"max-image-preview:large","max-video-preview":"max-video-preview:-1"},"canonical":"https:\/\/www.visit-ulcinj.com\/blog\/2015\/02\/21\/tubim-proteste-ne-shtoje-kunder-vendimit-te-pushtetit-lokal-te-ulqinit\/","og_locale":"en_US","og_type":"article","og_title":"Tubim proteste n\u00eb Shtoj\u00eb, kund\u00ebr vendimit te pushtetit lokal t\u00eb Ulqinit - Video - Lajme nga Ulqini","og_description":"Rreth pes\u00ebdhjet\u00eb banor\u00eb t\u00eb Shtojit jan\u00eb tubuar t\u00eb premten rreth pron\u00ebs n\u00eb t\u00eb cil\u00ebn nga mesi i marsit duhet t\u00eb fillojn\u00eb punimet p\u00ebr nd\u00ebrtimin e Aqua parkut","og_url":"https:\/\/www.visit-ulcinj.com\/blog\/2015\/02\/21\/tubim-proteste-ne-shtoje-kunder-vendimit-te-pushtetit-lokal-te-ulqinit\/","og_site_name":"Lajme nga Ulqini","article_published_time":"2015-02-21T15:48:33+00:00","article_modified_time":"2015-02-23T07:13:31+00:00","twitter_misc":{"Written by":"ulqini","Est. reading time":"2 minutes"},"schema":{"@context":"https:\/\/schema.org","@graph":[{"@type":"WebSite","@id":"https:\/\/www.visit-ulcinj.com\/blog\/#website","url":"https:\/\/www.visit-ulcinj.com\/blog\/","name":"Lajme nga Ulqini","description":"Lajme,Vijesti,Ulqini,Ulqin,Crna Gora,Mali i Zi","potentialAction":[{"@type":"SearchAction","target":{"@type":"EntryPoint","urlTemplate":"https:\/\/www.visit-ulcinj.com\/blog\/?s={search_term_string}"},"query-input":"required name=search_term_string"}],"inLanguage":"en-US"},{"@type":"WebPage","@id":"https:\/\/www.visit-ulcinj.com\/blog\/2015\/02\/21\/tubim-proteste-ne-shtoje-kunder-vendimit-te-pushtetit-lokal-te-ulqinit\/#webpage","url":"https:\/\/www.visit-ulcinj.com\/blog\/2015\/02\/21\/tubim-proteste-ne-shtoje-kunder-vendimit-te-pushtetit-lokal-te-ulqinit\/","name":"Tubim proteste n\u00eb Shtoj\u00eb, kund\u00ebr vendimit te pushtetit lokal t\u00eb Ulqinit - Video - Lajme nga Ulqini","isPartOf":{"@id":"https:\/\/www.visit-ulcinj.com\/blog\/#website"},"datePublished":"2015-02-21T15:48:33+00:00","dateModified":"2015-02-23T07:13:31+00:00","author":{"@id":"https:\/\/www.visit-ulcinj.com\/blog\/#\/schema\/person\/dcab619c614d3038751c63bc2aadc06d"},"description":"Rreth pes\u00ebdhjet\u00eb banor\u00eb t\u00eb Shtojit jan\u00eb tubuar t\u00eb premten rreth pron\u00ebs n\u00eb t\u00eb cil\u00ebn nga mesi i marsit duhet t\u00eb fillojn\u00eb punimet p\u00ebr nd\u00ebrtimin e Aqua parkut","breadcrumb":{"@id":"https:\/\/www.visit-ulcinj.com\/blog\/2015\/02\/21\/tubim-proteste-ne-shtoje-kunder-vendimit-te-pushtetit-lokal-te-ulqinit\/#breadcrumb"},"inLanguage":"en-US","potentialAction":[{"@type":"ReadAction","target":["https:\/\/www.visit-ulcinj.com\/blog\/2015\/02\/21\/tubim-proteste-ne-shtoje-kunder-vendimit-te-pushtetit-lokal-te-ulqinit\/"]}]},{"@type":"BreadcrumbList","@id":"https:\/\/www.visit-ulcinj.com\/blog\/2015\/02\/21\/tubim-proteste-ne-shtoje-kunder-vendimit-te-pushtetit-lokal-te-ulqinit\/#breadcrumb","itemListElement":[{"@type":"ListItem","position":1,"name":"Tubim proteste n\u00eb Shtoj\u00eb, kund\u00ebr vendimit te pushtetit lokal t\u00eb Ulqinit &#8211; Video"}]},{"@type":"Person","@id":"https:\/\/www.visit-ulcinj.com\/blog\/#\/schema\/person\/dcab619c614d3038751c63bc2aadc06d","name":"ulqini","sameAs":["http:\/\/www.visit-ulcinj.com"],"url":"https:\/\/www.visit-ulcinj.com\/blog\/author\/admin\/"}]}},"jetpack_featured_media_url":"","jetpack_sharing_enabled":true,"jetpack_shortlink":"https:\/\/wp.me\/pe6lTn-n61","_links":{"self":[{"href":"https:\/\/www.visit-ulcinj.com\/blog\/wp-json\/wp\/v2\/posts\/88785"}],"collection":[{"href":"https:\/\/www.visit-ulcinj.com\/blog\/wp-json\/wp\/v2\/posts"}],"about":[{"href":"https:\/\/www.visit-ulcinj.com\/blog\/wp-json\/wp\/v2\/types\/post"}],"author":[{"embeddable":true,"href":"https:\/\/www.visit-ulcinj.com\/blog\/wp-json\/wp\/v2\/users\/1"}],"replies":[{"embeddable":true,"href":"https:\/\/www.visit-ulcinj.com\/blog\/wp-json\/wp\/v2\/comments?post=88785"}],"version-history":[{"count":2,"href":"https:\/\/www.visit-ulcinj.com\/blog\/wp-json\/wp\/v2\/posts\/88785\/revisions"}],"predecessor-version":[{"id":88791,"href":"https:\/\/www.visit-ulcinj.com\/blog\/wp-json\/wp\/v2\/posts\/88785\/revisions\/88791"}],"wp:attachment":[{"href":"https:\/\/www.visit-ulcinj.com\/blog\/wp-json\/wp\/v2\/media?parent=88785"}],"wp:term":[{"taxonomy":"category","embeddable":true,"href":"https:\/\/www.visit-ulcinj.com\/blog\/wp-json\/wp\/v2\/categories?post=88785"},{"taxonomy":"post_tag","embeddable":true,"href":"https:\/\/www.visit-ulcinj.com\/blog\/wp-json\/wp\/v2\/tags?post=88785"}],"curies":[{"name":"wp","href":"https:\/\/api.w.org\/{rel}","templated":true}]}}