{"id":88788,"date":"2015-02-21T17:20:06","date_gmt":"2015-02-21T16:20:06","guid":{"rendered":"http:\/\/www.visit-ulcinj.com\/blog\/?p=88788"},"modified":"2015-02-22T08:42:36","modified_gmt":"2015-02-22T07:42:36","slug":"kush-po-hetohet-ne-komunen-e-ulqinit-hajdinaga-cungu-apo-gjeka","status":"publish","type":"post","link":"https:\/\/www.visit-ulcinj.com\/blog\/2015\/02\/21\/kush-po-hetohet-ne-komunen-e-ulqinit-hajdinaga-cungu-apo-gjeka\/","title":{"rendered":"Kush po hetohet n\u00eb Komun\u00ebn e Ulqinit: Hajdinaga, Cungu apo Gjeka?"},"content":{"rendered":"<p><strong><a href=\"http:\/\/www.visit-ulcinj.com\/blog\/wp-content\/uploads\/2015\/02\/Cungu-Gjeka-Hajdinaga-Ulqin.jpg\"><img loading=\"lazy\" class=\"alignleft wp-image-88789\" src=\"http:\/\/www.visit-ulcinj.com\/blog\/wp-content\/uploads\/2015\/02\/Cungu-Gjeka-Hajdinaga-Ulqin.jpg\" alt=\"Cungu-Gjeka-Hajdinaga-Ulqin\" width=\"508\" height=\"195\" \/><\/a>Inspektoret e Drejtoris\u00eb s\u00eb policis\u00eb jan\u00eb duke kontrolluar dokumentacionin n\u00eb komun\u00ebn e Ulqinit, jozyrtarisht m\u00ebson e p\u00ebrditshmja malazeze Vijesti. N\u00eb Komun\u00eb askush nuk \u00ebsht\u00eb i disponuar q\u00eb t\u00eb flas\u00eb p\u00ebr k\u00ebt\u00eb tem\u00eb, madje as nga radh\u00ebt e opozit\u00ebs. Por si e paraqesin para publikut Mediat nga Ulqini, duke u nisur nga Portali Lajm.me, dhe si e paraqet Portali Ul.info.<\/strong><\/p>\n<p><strong>Lajm.me<\/strong><br \/>\nSipas gazet\u00ebs \u201cVijesti\u201d hetimi i par\u00eb p\u00ebr periudh\u00ebn kur kryetar ishte Nazif Cungu ka treguar se nuk ka pasur paligjshm\u00ebri, dhe se inspektimi n\u00eb vijim ka si q\u00ebllim nj\u00eb periudh\u00eb m\u00eb t\u00eb gj\u00ebr\u00eb, raporton Portali Lajm.me.<\/p>\n<p>Inspeksioni i Ministris\u00eb s\u00eb mbrendshme q\u00eb n\u00eb fillim t\u00eb jav\u00ebs ka inspektuar Komun\u00ebn e Ulqinit, ka k\u00ebrkuar nj\u00eb num\u00ebr t\u00eb madh dokumentash n\u00eb lidhje me funksionimin e saj. B\u00ebhet fjal\u00eb p\u00ebr dokumentacionin e viteve 2011, 2012, 2013 dhe gjith\u00eb viti 2014.<\/p>\n<p>Gjat\u00eb k\u00ebsaj periudhe n\u00eb krye t\u00eb Ulqinit kan\u00eb qen\u00eb tre kryetar\u00eb, G\u00ebzim Hajdinaga, Nazif Cungu, dhe Fatmir Gjeka.<\/p>\n<p>Pasi hetimi i par\u00eb ka treguar se n\u00eb koh\u00ebn e Cungut nuk ka pasur paligjshm\u00ebri, at\u00ebher\u00eb shtrohet pyetja se kush n\u00eb t\u00eb v\u00ebrtet\u00eb \u00ebsht\u00eb q\u00ebllimi i k\u00ebtij inspektimi?!<\/p>\n<p>&nbsp;<\/p>\n<p><strong>Ul.info<br \/>\nProkuroria speciale: N\u00ebn lup\u00eb pun\u00ebt e pushtetit t\u00eb m\u00ebparsh\u00ebm komunal<\/strong><\/p>\n<p>Me k\u00ebrkes\u00eb t\u00eb prokurorit special p\u00ebr krim t\u00eb organizuar, inspektor\u00ebt e policis\u00eb kan\u00eb filluar hetimin p\u00ebr pun\u00ebn e pushtetit komunal n\u00eb Ulqin p\u00ebr periudh\u00ebn prej 2011 deri n\u00eb vitin 2014, shkruan \u201cVijesti\u201d, raporon Portali Ul.info.<\/p>\n<p>N\u00ebn lup\u00ebn e inspektor\u00ebve, si\u00e7 thekson ajo gazet\u00eb, do t\u00eb jen\u00eb vendimet, kontratat dhe tender\u00ebt t\u00eb cil\u00ebt i ka n\u00ebnshkruar pushteti i m\u00ebhersh\u00ebm n\u00eb krye me Nazif Cungun.<\/p>\n<p>N\u00eb dhjet\u00eb dit\u00ebt e ardhshme pushteti lokal \u00ebsht\u00eb i detyruar t\u00eb dor\u00ebzoj\u00eb k\u00ebto dokumente policis\u00eb.<\/p>\n<p>Cungu dje nuk komentoi hetimin. \u201cNuk jam n\u00eb dijeni p\u00ebr k\u00ebt\u00eb dhe nuk mund t\u00eb komentoj\u00eb di\u00e7ka q\u00eb nuk di\u201d, tha ai p\u00ebr \u201cVijesti\u201d.<\/p>\n","protected":false},"excerpt":{"rendered":"<p>Inspektoret e Drejtoris\u00eb s\u00eb policis\u00eb jan\u00eb duke kontrolluar dokumentacionin n\u00eb komun\u00ebn e Ulqinit, jozyrtarisht m\u00ebson e p\u00ebrditshmja malazeze Vijesti. N\u00eb Komun\u00eb askush nuk \u00ebsht\u00eb i disponuar q\u00eb t\u00eb flas\u00eb p\u00ebr k\u00ebt\u00eb tem\u00eb, madje as nga radh\u00ebt e opozit\u00ebs. Por si e paraqesin para publikut Mediat nga Ulqini, duke u nisur nga Portali Lajm.me, dhe si [&hellip;]<\/p>\n","protected":false},"author":1,"featured_media":0,"comment_status":"closed","ping_status":"closed","sticky":false,"template":"","format":"standard","meta":{"spay_email":"","jetpack_publicize_message":"","jetpack_is_tweetstorm":false,"jetpack_publicize_feature_enabled":true},"categories":[1,6],"tags":[],"jetpack_publicize_connections":[],"yoast_head":"<!-- This site is optimized with the Yoast SEO plugin v19.1 - https:\/\/yoast.com\/wordpress\/plugins\/seo\/ -->\n<title>Kush po hetohet n\u00eb Komun\u00ebn e Ulqinit: Hajdinaga, Cungu apo Gjeka? - Lajme nga Ulqini<\/title>\n<meta name=\"description\" content=\"Inspektoret e Drejtoris\u00eb s\u00eb policis\u00eb jan\u00eb duke kontrolluar dokumentacionin n\u00eb komun\u00ebn e Ulqinit, jozyrtarisht m\u00ebson e p\u00ebrditshmja malazeze Vijesti. N\u00eb\" \/>\n<meta name=\"robots\" content=\"index, follow, max-snippet:-1, max-image-preview:large, max-video-preview:-1\" \/>\n<link rel=\"canonical\" href=\"https:\/\/www.visit-ulcinj.com\/blog\/2015\/02\/21\/kush-po-hetohet-ne-komunen-e-ulqinit-hajdinaga-cungu-apo-gjeka\/\" \/>\n<meta property=\"og:locale\" content=\"en_US\" \/>\n<meta property=\"og:type\" content=\"article\" \/>\n<meta property=\"og:title\" content=\"Kush po hetohet n\u00eb Komun\u00ebn e Ulqinit: Hajdinaga, Cungu apo Gjeka? - Lajme nga Ulqini\" \/>\n<meta property=\"og:description\" content=\"Inspektoret e Drejtoris\u00eb s\u00eb policis\u00eb jan\u00eb duke kontrolluar dokumentacionin n\u00eb komun\u00ebn e Ulqinit, jozyrtarisht m\u00ebson e p\u00ebrditshmja malazeze Vijesti. N\u00eb\" \/>\n<meta property=\"og:url\" content=\"https:\/\/www.visit-ulcinj.com\/blog\/2015\/02\/21\/kush-po-hetohet-ne-komunen-e-ulqinit-hajdinaga-cungu-apo-gjeka\/\" \/>\n<meta property=\"og:site_name\" content=\"Lajme nga Ulqini\" \/>\n<meta property=\"article:published_time\" content=\"2015-02-21T16:20:06+00:00\" \/>\n<meta property=\"article:modified_time\" content=\"2015-02-22T07:42:36+00:00\" \/>\n<meta property=\"og:image\" content=\"http:\/\/www.visit-ulcinj.com\/blog\/wp-content\/uploads\/2015\/02\/Cungu-Gjeka-Hajdinaga-Ulqin.jpg\" \/>\n<meta name=\"twitter:label1\" content=\"Written by\" \/>\n\t<meta name=\"twitter:data1\" content=\"ulqini\" \/>\n\t<meta name=\"twitter:label2\" content=\"Est. reading time\" \/>\n\t<meta name=\"twitter:data2\" content=\"2 minutes\" \/>\n<script type=\"application\/ld+json\" class=\"yoast-schema-graph\">{\"@context\":\"https:\/\/schema.org\",\"@graph\":[{\"@type\":\"WebSite\",\"@id\":\"https:\/\/www.visit-ulcinj.com\/blog\/#website\",\"url\":\"https:\/\/www.visit-ulcinj.com\/blog\/\",\"name\":\"Lajme nga Ulqini\",\"description\":\"Lajme,Vijesti,Ulqini,Ulqin,Crna Gora,Mali i Zi\",\"potentialAction\":[{\"@type\":\"SearchAction\",\"target\":{\"@type\":\"EntryPoint\",\"urlTemplate\":\"https:\/\/www.visit-ulcinj.com\/blog\/?s={search_term_string}\"},\"query-input\":\"required name=search_term_string\"}],\"inLanguage\":\"en-US\"},{\"@type\":\"ImageObject\",\"inLanguage\":\"en-US\",\"@id\":\"https:\/\/www.visit-ulcinj.com\/blog\/2015\/02\/21\/kush-po-hetohet-ne-komunen-e-ulqinit-hajdinaga-cungu-apo-gjeka\/#primaryimage\",\"url\":\"https:\/\/www.visit-ulcinj.com\/blog\/wp-content\/uploads\/2015\/02\/Cungu-Gjeka-Hajdinaga-Ulqin.jpg\",\"contentUrl\":\"https:\/\/www.visit-ulcinj.com\/blog\/wp-content\/uploads\/2015\/02\/Cungu-Gjeka-Hajdinaga-Ulqin.jpg\",\"width\":816,\"height\":295},{\"@type\":\"WebPage\",\"@id\":\"https:\/\/www.visit-ulcinj.com\/blog\/2015\/02\/21\/kush-po-hetohet-ne-komunen-e-ulqinit-hajdinaga-cungu-apo-gjeka\/#webpage\",\"url\":\"https:\/\/www.visit-ulcinj.com\/blog\/2015\/02\/21\/kush-po-hetohet-ne-komunen-e-ulqinit-hajdinaga-cungu-apo-gjeka\/\",\"name\":\"Kush po hetohet n\u00eb Komun\u00ebn e Ulqinit: Hajdinaga, Cungu apo Gjeka? - Lajme nga Ulqini\",\"isPartOf\":{\"@id\":\"https:\/\/www.visit-ulcinj.com\/blog\/#website\"},\"primaryImageOfPage\":{\"@id\":\"https:\/\/www.visit-ulcinj.com\/blog\/2015\/02\/21\/kush-po-hetohet-ne-komunen-e-ulqinit-hajdinaga-cungu-apo-gjeka\/#primaryimage\"},\"datePublished\":\"2015-02-21T16:20:06+00:00\",\"dateModified\":\"2015-02-22T07:42:36+00:00\",\"author\":{\"@id\":\"https:\/\/www.visit-ulcinj.com\/blog\/#\/schema\/person\/dcab619c614d3038751c63bc2aadc06d\"},\"description\":\"Inspektoret e Drejtoris\u00eb s\u00eb policis\u00eb jan\u00eb duke kontrolluar dokumentacionin n\u00eb komun\u00ebn e Ulqinit, jozyrtarisht m\u00ebson e p\u00ebrditshmja malazeze Vijesti. N\u00eb\",\"breadcrumb\":{\"@id\":\"https:\/\/www.visit-ulcinj.com\/blog\/2015\/02\/21\/kush-po-hetohet-ne-komunen-e-ulqinit-hajdinaga-cungu-apo-gjeka\/#breadcrumb\"},\"inLanguage\":\"en-US\",\"potentialAction\":[{\"@type\":\"ReadAction\",\"target\":[\"https:\/\/www.visit-ulcinj.com\/blog\/2015\/02\/21\/kush-po-hetohet-ne-komunen-e-ulqinit-hajdinaga-cungu-apo-gjeka\/\"]}]},{\"@type\":\"BreadcrumbList\",\"@id\":\"https:\/\/www.visit-ulcinj.com\/blog\/2015\/02\/21\/kush-po-hetohet-ne-komunen-e-ulqinit-hajdinaga-cungu-apo-gjeka\/#breadcrumb\",\"itemListElement\":[{\"@type\":\"ListItem\",\"position\":1,\"name\":\"Kush po hetohet n\u00eb Komun\u00ebn e Ulqinit: Hajdinaga, Cungu apo Gjeka?\"}]},{\"@type\":\"Person\",\"@id\":\"https:\/\/www.visit-ulcinj.com\/blog\/#\/schema\/person\/dcab619c614d3038751c63bc2aadc06d\",\"name\":\"ulqini\",\"sameAs\":[\"http:\/\/www.visit-ulcinj.com\"],\"url\":\"https:\/\/www.visit-ulcinj.com\/blog\/author\/admin\/\"}]}<\/script>\n<!-- \/ Yoast SEO plugin. -->","yoast_head_json":{"title":"Kush po hetohet n\u00eb Komun\u00ebn e Ulqinit: Hajdinaga, Cungu apo Gjeka? - Lajme nga Ulqini","description":"Inspektoret e Drejtoris\u00eb s\u00eb policis\u00eb jan\u00eb duke kontrolluar dokumentacionin n\u00eb komun\u00ebn e Ulqinit, jozyrtarisht m\u00ebson e p\u00ebrditshmja malazeze Vijesti. N\u00eb","robots":{"index":"index","follow":"follow","max-snippet":"max-snippet:-1","max-image-preview":"max-image-preview:large","max-video-preview":"max-video-preview:-1"},"canonical":"https:\/\/www.visit-ulcinj.com\/blog\/2015\/02\/21\/kush-po-hetohet-ne-komunen-e-ulqinit-hajdinaga-cungu-apo-gjeka\/","og_locale":"en_US","og_type":"article","og_title":"Kush po hetohet n\u00eb Komun\u00ebn e Ulqinit: Hajdinaga, Cungu apo Gjeka? - Lajme nga Ulqini","og_description":"Inspektoret e Drejtoris\u00eb s\u00eb policis\u00eb jan\u00eb duke kontrolluar dokumentacionin n\u00eb komun\u00ebn e Ulqinit, jozyrtarisht m\u00ebson e p\u00ebrditshmja malazeze Vijesti. N\u00eb","og_url":"https:\/\/www.visit-ulcinj.com\/blog\/2015\/02\/21\/kush-po-hetohet-ne-komunen-e-ulqinit-hajdinaga-cungu-apo-gjeka\/","og_site_name":"Lajme nga Ulqini","article_published_time":"2015-02-21T16:20:06+00:00","article_modified_time":"2015-02-22T07:42:36+00:00","og_image":[{"url":"http:\/\/www.visit-ulcinj.com\/blog\/wp-content\/uploads\/2015\/02\/Cungu-Gjeka-Hajdinaga-Ulqin.jpg"}],"twitter_misc":{"Written by":"ulqini","Est. reading time":"2 minutes"},"schema":{"@context":"https:\/\/schema.org","@graph":[{"@type":"WebSite","@id":"https:\/\/www.visit-ulcinj.com\/blog\/#website","url":"https:\/\/www.visit-ulcinj.com\/blog\/","name":"Lajme nga Ulqini","description":"Lajme,Vijesti,Ulqini,Ulqin,Crna Gora,Mali i Zi","potentialAction":[{"@type":"SearchAction","target":{"@type":"EntryPoint","urlTemplate":"https:\/\/www.visit-ulcinj.com\/blog\/?s={search_term_string}"},"query-input":"required name=search_term_string"}],"inLanguage":"en-US"},{"@type":"ImageObject","inLanguage":"en-US","@id":"https:\/\/www.visit-ulcinj.com\/blog\/2015\/02\/21\/kush-po-hetohet-ne-komunen-e-ulqinit-hajdinaga-cungu-apo-gjeka\/#primaryimage","url":"https:\/\/www.visit-ulcinj.com\/blog\/wp-content\/uploads\/2015\/02\/Cungu-Gjeka-Hajdinaga-Ulqin.jpg","contentUrl":"https:\/\/www.visit-ulcinj.com\/blog\/wp-content\/uploads\/2015\/02\/Cungu-Gjeka-Hajdinaga-Ulqin.jpg","width":816,"height":295},{"@type":"WebPage","@id":"https:\/\/www.visit-ulcinj.com\/blog\/2015\/02\/21\/kush-po-hetohet-ne-komunen-e-ulqinit-hajdinaga-cungu-apo-gjeka\/#webpage","url":"https:\/\/www.visit-ulcinj.com\/blog\/2015\/02\/21\/kush-po-hetohet-ne-komunen-e-ulqinit-hajdinaga-cungu-apo-gjeka\/","name":"Kush po hetohet n\u00eb Komun\u00ebn e Ulqinit: Hajdinaga, Cungu apo Gjeka? - Lajme nga Ulqini","isPartOf":{"@id":"https:\/\/www.visit-ulcinj.com\/blog\/#website"},"primaryImageOfPage":{"@id":"https:\/\/www.visit-ulcinj.com\/blog\/2015\/02\/21\/kush-po-hetohet-ne-komunen-e-ulqinit-hajdinaga-cungu-apo-gjeka\/#primaryimage"},"datePublished":"2015-02-21T16:20:06+00:00","dateModified":"2015-02-22T07:42:36+00:00","author":{"@id":"https:\/\/www.visit-ulcinj.com\/blog\/#\/schema\/person\/dcab619c614d3038751c63bc2aadc06d"},"description":"Inspektoret e Drejtoris\u00eb s\u00eb policis\u00eb jan\u00eb duke kontrolluar dokumentacionin n\u00eb komun\u00ebn e Ulqinit, jozyrtarisht m\u00ebson e p\u00ebrditshmja malazeze Vijesti. N\u00eb","breadcrumb":{"@id":"https:\/\/www.visit-ulcinj.com\/blog\/2015\/02\/21\/kush-po-hetohet-ne-komunen-e-ulqinit-hajdinaga-cungu-apo-gjeka\/#breadcrumb"},"inLanguage":"en-US","potentialAction":[{"@type":"ReadAction","target":["https:\/\/www.visit-ulcinj.com\/blog\/2015\/02\/21\/kush-po-hetohet-ne-komunen-e-ulqinit-hajdinaga-cungu-apo-gjeka\/"]}]},{"@type":"BreadcrumbList","@id":"https:\/\/www.visit-ulcinj.com\/blog\/2015\/02\/21\/kush-po-hetohet-ne-komunen-e-ulqinit-hajdinaga-cungu-apo-gjeka\/#breadcrumb","itemListElement":[{"@type":"ListItem","position":1,"name":"Kush po hetohet n\u00eb Komun\u00ebn e Ulqinit: Hajdinaga, Cungu apo Gjeka?"}]},{"@type":"Person","@id":"https:\/\/www.visit-ulcinj.com\/blog\/#\/schema\/person\/dcab619c614d3038751c63bc2aadc06d","name":"ulqini","sameAs":["http:\/\/www.visit-ulcinj.com"],"url":"https:\/\/www.visit-ulcinj.com\/blog\/author\/admin\/"}]}},"jetpack_featured_media_url":"","jetpack_sharing_enabled":true,"jetpack_shortlink":"https:\/\/wp.me\/pe6lTn-n64","_links":{"self":[{"href":"https:\/\/www.visit-ulcinj.com\/blog\/wp-json\/wp\/v2\/posts\/88788"}],"collection":[{"href":"https:\/\/www.visit-ulcinj.com\/blog\/wp-json\/wp\/v2\/posts"}],"about":[{"href":"https:\/\/www.visit-ulcinj.com\/blog\/wp-json\/wp\/v2\/types\/post"}],"author":[{"embeddable":true,"href":"https:\/\/www.visit-ulcinj.com\/blog\/wp-json\/wp\/v2\/users\/1"}],"replies":[{"embeddable":true,"href":"https:\/\/www.visit-ulcinj.com\/blog\/wp-json\/wp\/v2\/comments?post=88788"}],"version-history":[{"count":1,"href":"https:\/\/www.visit-ulcinj.com\/blog\/wp-json\/wp\/v2\/posts\/88788\/revisions"}],"predecessor-version":[{"id":88790,"href":"https:\/\/www.visit-ulcinj.com\/blog\/wp-json\/wp\/v2\/posts\/88788\/revisions\/88790"}],"wp:attachment":[{"href":"https:\/\/www.visit-ulcinj.com\/blog\/wp-json\/wp\/v2\/media?parent=88788"}],"wp:term":[{"taxonomy":"category","embeddable":true,"href":"https:\/\/www.visit-ulcinj.com\/blog\/wp-json\/wp\/v2\/categories?post=88788"},{"taxonomy":"post_tag","embeddable":true,"href":"https:\/\/www.visit-ulcinj.com\/blog\/wp-json\/wp\/v2\/tags?post=88788"}],"curies":[{"name":"wp","href":"https:\/\/api.w.org\/{rel}","templated":true}]}}