{"id":88792,"date":"2015-02-21T17:38:57","date_gmt":"2015-02-21T16:38:57","guid":{"rendered":"http:\/\/www.visit-ulcinj.com\/blog\/?p=88792"},"modified":"2015-02-21T17:38:57","modified_gmt":"2015-02-21T16:38:57","slug":"odrzan-protest-mjestana-stoja-u-ulcinju-video","status":"publish","type":"post","link":"https:\/\/www.visit-ulcinj.com\/blog\/2015\/02\/21\/odrzan-protest-mjestana-stoja-u-ulcinju-video\/","title":{"rendered":"Odr\u017ean protest mje\u0161tana \u0160toja u Ulcinju &#8211; Video"},"content":{"rendered":"<p><strong><a href=\"http:\/\/www.visit-ulcinj.com\/blog\/wp-content\/uploads\/2015\/02\/Tubim-proteste-n\u00eb-Shtoj-Ulqin.jpg\"><img loading=\"lazy\" class=\"alignleft wp-image-88786\" src=\"http:\/\/www.visit-ulcinj.com\/blog\/wp-content\/uploads\/2015\/02\/Tubim-proteste-n\u00eb-Shtoj-Ulqin.jpg\" alt=\"Tubim proteste n\u00eb Shtoj-Ulqin\" width=\"508\" height=\"319\" srcset=\"https:\/\/www.visit-ulcinj.com\/blog\/wp-content\/uploads\/2015\/02\/Tubim-proteste-n\u00eb-Shtoj-Ulqin.jpg 560w, https:\/\/www.visit-ulcinj.com\/blog\/wp-content\/uploads\/2015\/02\/Tubim-proteste-n\u00eb-Shtoj-Ulqin-300x189.jpg 300w\" sizes=\"(max-width: 508px) 100vw, 508px\" \/><\/a>&#8220;Danas je bilo oko pedeset ljudi ali ako bude trebalo, cijeli \u0160toj \u010de se di\u0107i na noge. Blokira\u0107emo i puteve jer ne tra\u017eimo tu\u0111e nego na\u0161e sto su nam preci ostavili&#8221;, kazao je Anto Rudovi\u0107 koji vodi postupak za povra\u0107aj imovine u \u0160toju<\/strong><\/p>\n<p><strong><span class=\"credits__author\"> Autor: Samir Adrovi\u0107 <\/span><\/strong><\/p>\n<p>Oko pedeset mje\u0161tana \u0160toja u Ulcinju danas se okupilo oko imanja na kome bi sredinom marta trebalo da po\u010dnu radovi na izgradnji Aqua parka protestvuju\u0107i \u0161to je Op\u0161tina investitoru, Turskom Polinu prije dva dana izdala urbanisti\u010dko tehni\u010dke uslove.<\/p>\n<p>\u0160tojani su izrazili neslaganje sa odlukom lokalnih vlasti pru\u017eaju\u0107i podr\u0161ku porodici Rudovi\u0107, koja sa dr\u017eavom ve\u0107 godinama vodi spor oko te imovine. Sa skupa je apelovano na dr\u017eavne institucije da ubrzaju procese koji na odgovor \u010dekaju ve\u0107 deset godina.<\/p>\n<p>&#8220;Danas je bilo oko pedeset ljudi ali ako bude trebalo, cijeli \u0160toj \u010de se di\u0107i na noge. Blokira\u0107emo i puteve jer ne tra\u017eimo tu\u0111e nego na\u0161e sto su nam preci ostavili&#8221;, kazao je Anto Rudovi\u0107 koji vodi postupak za povra\u0107aj imovine u \u0160toju.<\/p>\n<p>Sa druge strane predsjednik Op\u0161tine Fatmir \u0110eka kazao je da niko nema pravo da dira tu\u0111u imovinu.<\/p>\n<p>&#8220;To zemlji\u0161te je op\u0161tinsko jedan kroz jedan \u0161to je lako provjerljicvo u katastru. Svako ima pravo da protestvuje u skladu sa zakonima ali niko nije i ne mo\u017ee biti iznad dr\u017eave. Niko nema pravo da ugroo\u017eava vitalne interese Op\u0161tine i dr\u017eave&#8221;, kazao je \u0110eka &#8220;Vijestima&#8221;.<\/p>\n<p>Odbornici ulcinjske Skup\u0161tine prethodno su usvojili odluku o davanju zemlji\u0161ta od 25 hiljada kvadrata renomiranoj turskoj kompaniji Polin uz amandman da se Rudovi\u0107ima ukoliko dobiju spor, isplati zemlji\u0161te po tr\u017ei\u0161noj cijeni, odredi drugo u istoj vrijednosti ili im se prepusti ugovor o zakupu sa svim obavezama.<\/p>\n<p><strong>Izvor: Vijesti Online<\/strong><\/p>\n<!--YouTube Error: bad URL entered-->\n","protected":false},"excerpt":{"rendered":"<p>&#8220;Danas je bilo oko pedeset ljudi ali ako bude trebalo, cijeli \u0160toj \u010de se di\u0107i na noge. Blokira\u0107emo i puteve jer ne tra\u017eimo tu\u0111e nego na\u0161e sto su nam preci ostavili&#8221;, kazao je Anto Rudovi\u0107 koji vodi postupak za povra\u0107aj imovine u \u0160toju Autor: Samir Adrovi\u0107 Oko pedeset mje\u0161tana \u0160toja u Ulcinju danas se okupilo [&hellip;]<\/p>\n","protected":false},"author":1,"featured_media":0,"comment_status":"closed","ping_status":"closed","sticky":false,"template":"","format":"standard","meta":{"spay_email":"","jetpack_publicize_message":"","jetpack_is_tweetstorm":false,"jetpack_publicize_feature_enabled":true},"categories":[8337],"tags":[],"jetpack_publicize_connections":[],"yoast_head":"<!-- This site is optimized with the Yoast SEO plugin v19.1 - https:\/\/yoast.com\/wordpress\/plugins\/seo\/ -->\n<title>Odr\u017ean protest mje\u0161tana \u0160toja u Ulcinju - Video - Lajme nga Ulqini<\/title>\n<meta name=\"description\" content=\"&quot;Danas je bilo oko pedeset ljudi ali ako bude trebalo, cijeli \u0160toj \u010de se di\u0107i na noge. Blokira\u0107emo i puteve jer ne tra\u017eimo tu\u0111e nego na\u0161e sto su nam preci\" \/>\n<meta name=\"robots\" content=\"index, follow, max-snippet:-1, max-image-preview:large, max-video-preview:-1\" \/>\n<link rel=\"canonical\" href=\"https:\/\/www.visit-ulcinj.com\/blog\/2015\/02\/21\/odrzan-protest-mjestana-stoja-u-ulcinju-video\/\" \/>\n<meta property=\"og:locale\" content=\"en_US\" \/>\n<meta property=\"og:type\" content=\"article\" \/>\n<meta property=\"og:title\" content=\"Odr\u017ean protest mje\u0161tana \u0160toja u Ulcinju - Video - Lajme nga Ulqini\" \/>\n<meta property=\"og:description\" content=\"&quot;Danas je bilo oko pedeset ljudi ali ako bude trebalo, cijeli \u0160toj \u010de se di\u0107i na noge. Blokira\u0107emo i puteve jer ne tra\u017eimo tu\u0111e nego na\u0161e sto su nam preci\" \/>\n<meta property=\"og:url\" content=\"https:\/\/www.visit-ulcinj.com\/blog\/2015\/02\/21\/odrzan-protest-mjestana-stoja-u-ulcinju-video\/\" \/>\n<meta property=\"og:site_name\" content=\"Lajme nga Ulqini\" \/>\n<meta property=\"article:published_time\" content=\"2015-02-21T16:38:57+00:00\" \/>\n<meta name=\"twitter:label1\" content=\"Written by\" \/>\n\t<meta name=\"twitter:data1\" content=\"ulqini\" \/>\n\t<meta name=\"twitter:label2\" content=\"Est. reading time\" \/>\n\t<meta name=\"twitter:data2\" content=\"2 minutes\" \/>\n<script type=\"application\/ld+json\" class=\"yoast-schema-graph\">{\"@context\":\"https:\/\/schema.org\",\"@graph\":[{\"@type\":\"WebSite\",\"@id\":\"https:\/\/www.visit-ulcinj.com\/blog\/#website\",\"url\":\"https:\/\/www.visit-ulcinj.com\/blog\/\",\"name\":\"Lajme nga Ulqini\",\"description\":\"Lajme,Vijesti,Ulqini,Ulqin,Crna Gora,Mali i Zi\",\"potentialAction\":[{\"@type\":\"SearchAction\",\"target\":{\"@type\":\"EntryPoint\",\"urlTemplate\":\"https:\/\/www.visit-ulcinj.com\/blog\/?s={search_term_string}\"},\"query-input\":\"required name=search_term_string\"}],\"inLanguage\":\"en-US\"},{\"@type\":\"WebPage\",\"@id\":\"https:\/\/www.visit-ulcinj.com\/blog\/2015\/02\/21\/odrzan-protest-mjestana-stoja-u-ulcinju-video\/#webpage\",\"url\":\"https:\/\/www.visit-ulcinj.com\/blog\/2015\/02\/21\/odrzan-protest-mjestana-stoja-u-ulcinju-video\/\",\"name\":\"Odr\u017ean protest mje\u0161tana \u0160toja u Ulcinju - Video - Lajme nga Ulqini\",\"isPartOf\":{\"@id\":\"https:\/\/www.visit-ulcinj.com\/blog\/#website\"},\"datePublished\":\"2015-02-21T16:38:57+00:00\",\"dateModified\":\"2015-02-21T16:38:57+00:00\",\"author\":{\"@id\":\"https:\/\/www.visit-ulcinj.com\/blog\/#\/schema\/person\/dcab619c614d3038751c63bc2aadc06d\"},\"description\":\"\\\"Danas je bilo oko pedeset ljudi ali ako bude trebalo, cijeli \u0160toj \u010de se di\u0107i na noge. Blokira\u0107emo i puteve jer ne tra\u017eimo tu\u0111e nego na\u0161e sto su nam preci\",\"breadcrumb\":{\"@id\":\"https:\/\/www.visit-ulcinj.com\/blog\/2015\/02\/21\/odrzan-protest-mjestana-stoja-u-ulcinju-video\/#breadcrumb\"},\"inLanguage\":\"en-US\",\"potentialAction\":[{\"@type\":\"ReadAction\",\"target\":[\"https:\/\/www.visit-ulcinj.com\/blog\/2015\/02\/21\/odrzan-protest-mjestana-stoja-u-ulcinju-video\/\"]}]},{\"@type\":\"BreadcrumbList\",\"@id\":\"https:\/\/www.visit-ulcinj.com\/blog\/2015\/02\/21\/odrzan-protest-mjestana-stoja-u-ulcinju-video\/#breadcrumb\",\"itemListElement\":[{\"@type\":\"ListItem\",\"position\":1,\"name\":\"Odr\u017ean protest mje\u0161tana \u0160toja u Ulcinju &#8211; Video\"}]},{\"@type\":\"Person\",\"@id\":\"https:\/\/www.visit-ulcinj.com\/blog\/#\/schema\/person\/dcab619c614d3038751c63bc2aadc06d\",\"name\":\"ulqini\",\"sameAs\":[\"http:\/\/www.visit-ulcinj.com\"],\"url\":\"https:\/\/www.visit-ulcinj.com\/blog\/author\/admin\/\"}]}<\/script>\n<!-- \/ Yoast SEO plugin. -->","yoast_head_json":{"title":"Odr\u017ean protest mje\u0161tana \u0160toja u Ulcinju - Video - Lajme nga Ulqini","description":"\"Danas je bilo oko pedeset ljudi ali ako bude trebalo, cijeli \u0160toj \u010de se di\u0107i na noge. Blokira\u0107emo i puteve jer ne tra\u017eimo tu\u0111e nego na\u0161e sto su nam preci","robots":{"index":"index","follow":"follow","max-snippet":"max-snippet:-1","max-image-preview":"max-image-preview:large","max-video-preview":"max-video-preview:-1"},"canonical":"https:\/\/www.visit-ulcinj.com\/blog\/2015\/02\/21\/odrzan-protest-mjestana-stoja-u-ulcinju-video\/","og_locale":"en_US","og_type":"article","og_title":"Odr\u017ean protest mje\u0161tana \u0160toja u Ulcinju - Video - Lajme nga Ulqini","og_description":"\"Danas je bilo oko pedeset ljudi ali ako bude trebalo, cijeli \u0160toj \u010de se di\u0107i na noge. Blokira\u0107emo i puteve jer ne tra\u017eimo tu\u0111e nego na\u0161e sto su nam preci","og_url":"https:\/\/www.visit-ulcinj.com\/blog\/2015\/02\/21\/odrzan-protest-mjestana-stoja-u-ulcinju-video\/","og_site_name":"Lajme nga Ulqini","article_published_time":"2015-02-21T16:38:57+00:00","twitter_misc":{"Written by":"ulqini","Est. reading time":"2 minutes"},"schema":{"@context":"https:\/\/schema.org","@graph":[{"@type":"WebSite","@id":"https:\/\/www.visit-ulcinj.com\/blog\/#website","url":"https:\/\/www.visit-ulcinj.com\/blog\/","name":"Lajme nga Ulqini","description":"Lajme,Vijesti,Ulqini,Ulqin,Crna Gora,Mali i Zi","potentialAction":[{"@type":"SearchAction","target":{"@type":"EntryPoint","urlTemplate":"https:\/\/www.visit-ulcinj.com\/blog\/?s={search_term_string}"},"query-input":"required name=search_term_string"}],"inLanguage":"en-US"},{"@type":"WebPage","@id":"https:\/\/www.visit-ulcinj.com\/blog\/2015\/02\/21\/odrzan-protest-mjestana-stoja-u-ulcinju-video\/#webpage","url":"https:\/\/www.visit-ulcinj.com\/blog\/2015\/02\/21\/odrzan-protest-mjestana-stoja-u-ulcinju-video\/","name":"Odr\u017ean protest mje\u0161tana \u0160toja u Ulcinju - Video - Lajme nga Ulqini","isPartOf":{"@id":"https:\/\/www.visit-ulcinj.com\/blog\/#website"},"datePublished":"2015-02-21T16:38:57+00:00","dateModified":"2015-02-21T16:38:57+00:00","author":{"@id":"https:\/\/www.visit-ulcinj.com\/blog\/#\/schema\/person\/dcab619c614d3038751c63bc2aadc06d"},"description":"\"Danas je bilo oko pedeset ljudi ali ako bude trebalo, cijeli \u0160toj \u010de se di\u0107i na noge. Blokira\u0107emo i puteve jer ne tra\u017eimo tu\u0111e nego na\u0161e sto su nam preci","breadcrumb":{"@id":"https:\/\/www.visit-ulcinj.com\/blog\/2015\/02\/21\/odrzan-protest-mjestana-stoja-u-ulcinju-video\/#breadcrumb"},"inLanguage":"en-US","potentialAction":[{"@type":"ReadAction","target":["https:\/\/www.visit-ulcinj.com\/blog\/2015\/02\/21\/odrzan-protest-mjestana-stoja-u-ulcinju-video\/"]}]},{"@type":"BreadcrumbList","@id":"https:\/\/www.visit-ulcinj.com\/blog\/2015\/02\/21\/odrzan-protest-mjestana-stoja-u-ulcinju-video\/#breadcrumb","itemListElement":[{"@type":"ListItem","position":1,"name":"Odr\u017ean protest mje\u0161tana \u0160toja u Ulcinju &#8211; Video"}]},{"@type":"Person","@id":"https:\/\/www.visit-ulcinj.com\/blog\/#\/schema\/person\/dcab619c614d3038751c63bc2aadc06d","name":"ulqini","sameAs":["http:\/\/www.visit-ulcinj.com"],"url":"https:\/\/www.visit-ulcinj.com\/blog\/author\/admin\/"}]}},"jetpack_featured_media_url":"","jetpack_sharing_enabled":true,"jetpack_shortlink":"https:\/\/wp.me\/pe6lTn-n68","_links":{"self":[{"href":"https:\/\/www.visit-ulcinj.com\/blog\/wp-json\/wp\/v2\/posts\/88792"}],"collection":[{"href":"https:\/\/www.visit-ulcinj.com\/blog\/wp-json\/wp\/v2\/posts"}],"about":[{"href":"https:\/\/www.visit-ulcinj.com\/blog\/wp-json\/wp\/v2\/types\/post"}],"author":[{"embeddable":true,"href":"https:\/\/www.visit-ulcinj.com\/blog\/wp-json\/wp\/v2\/users\/1"}],"replies":[{"embeddable":true,"href":"https:\/\/www.visit-ulcinj.com\/blog\/wp-json\/wp\/v2\/comments?post=88792"}],"version-history":[{"count":1,"href":"https:\/\/www.visit-ulcinj.com\/blog\/wp-json\/wp\/v2\/posts\/88792\/revisions"}],"predecessor-version":[{"id":88793,"href":"https:\/\/www.visit-ulcinj.com\/blog\/wp-json\/wp\/v2\/posts\/88792\/revisions\/88793"}],"wp:attachment":[{"href":"https:\/\/www.visit-ulcinj.com\/blog\/wp-json\/wp\/v2\/media?parent=88792"}],"wp:term":[{"taxonomy":"category","embeddable":true,"href":"https:\/\/www.visit-ulcinj.com\/blog\/wp-json\/wp\/v2\/categories?post=88792"},{"taxonomy":"post_tag","embeddable":true,"href":"https:\/\/www.visit-ulcinj.com\/blog\/wp-json\/wp\/v2\/tags?post=88792"}],"curies":[{"name":"wp","href":"https:\/\/api.w.org\/{rel}","templated":true}]}}