{"id":88804,"date":"2015-02-21T19:36:49","date_gmt":"2015-02-21T18:36:49","guid":{"rendered":"http:\/\/www.visit-ulcinj.com\/blog\/?p=88804"},"modified":"2015-02-21T19:36:49","modified_gmt":"2015-02-21T18:36:49","slug":"rama-shmang-kosoven-nderton-hekurudhen-podgorice-beograd","status":"publish","type":"post","link":"https:\/\/www.visit-ulcinj.com\/blog\/2015\/02\/21\/rama-shmang-kosoven-nderton-hekurudhen-podgorice-beograd\/","title":{"rendered":"Rama shmang Kosov\u00ebn, nd\u00ebrton hekurudh\u00ebn Podgoric\u00eb-Beograd!"},"content":{"rendered":"<p><strong><a href=\"http:\/\/www.visit-ulcinj.com\/blog\/wp-content\/uploads\/2015\/02\/Vucic-Rama.jpg\"><img loading=\"lazy\" class=\"alignleft wp-image-88805\" src=\"http:\/\/www.visit-ulcinj.com\/blog\/wp-content\/uploads\/2015\/02\/Vucic-Rama.jpg\" alt=\"Vucic-Rama\" width=\"508\" height=\"361\" \/><\/a>Projekt i ri i v\u00ebllez\u00ebris\u00eb serbo-shqiptare! Rama dhe Vu\u00e7iq do t\u00eb shpenzojn\u00eb p\u00ebr nd\u00ebrtimin e autostrad\u00ebs Nish-Prishtin\u00eb-Tiran\u00eb q\u00eb n\u00eb mas\u00ebn 80 % \u00ebsh\u00ebt nd\u00ebrtuar, dhe do t\u00eb b\u00ebjn\u00eb rikonstruksionin e hekurudh\u00ebs Beograd-Podgoric\u00eb-Vlor\u00eb edhe pse \u00ebsht\u00eb hekurudha Podgoric\u00eb- Vlor\u00eb duhet t\u00eb nd\u00ebrtohet nga e para<\/strong><\/p>\n<p>N\u00eb Beograd u zhvillua takimi i Grupit teknik t\u00eb pun\u00ebs i Serbis\u00eb dhe Shqip\u00ebris\u00eb ku kan\u00eb shqyrtuar projektet me r\u00ebnd\u00ebsi rajonale \u2013 nd\u00ebrtimin e hekurudh\u00ebs dhe autostrad\u00ebs t\u00eb cilat kryeministrat e dy vendeve do ti prezantojn\u00eb n\u00eb muajin Maj pran\u00eb Komisionit Evropian.<br \/>\nTirana hesht\u00eb por Zv\/kryeministrja e Serbis\u00eb, Zorana Mihailovi\u00e7 b\u00ebri t\u00eb ditur se fjala \u00ebsht\u00eb p\u00ebr nd\u00ebrtimin e autostrad\u00ebs Nish-Prishtin\u00eb-Tiran\u00eb, si dhe rikonstruksionin dhe vazhdimin e nd\u00ebrtimit t\u00eb hekurudh\u00ebs Beograd-Tivar, e cila nga Podgorica do t\u00eb vazhdoj drejt\u00eb Shqip\u00ebris\u00eb dhe porteve n\u00eb k\u00ebt\u00eb vend, projekte\u00a0 q\u00eb do t\u00eb kushtojn\u00eb rreth 2 miliard\u00eb euro.<br \/>\n\u00cbsht\u00eb e \u00e7uditshme se si Vu\u00e7iq dhe Rama kur flasin p\u00ebr\u00a0 autostrad\u00ebn Nish-Prishtin\u00eb-Tiran\u00eb q\u00eb n\u00eb mas\u00ebn 80 p\u00ebr qind \u00ebsh\u00ebt nd\u00ebrtuar, flasin p\u00ebr nd\u00ebrtimin e autostrad\u00ebs nd\u00ebrsa kur \u00ebsh\u00ebt fjala tek hekurudha flasin p\u00ebr rikonstruksionin dhe vazhdimin e nd\u00ebrtimit edhe pse \u00ebsht\u00eb e qart\u00eb se hekurudha nga Podgorica deri n\u00eb Vlor\u00eb duhet t\u00eb nd\u00ebrtohet nga e para.<\/p>\n<p><strong>Nd\u00ebrtimi i hekurudh\u00ebs<\/strong><\/p>\n<p>Kur komunist\u00ebt jan\u00eb n\u00eb pushtet n\u00eb Shqip\u00ebri, Beogradi gjithmon\u00eb flet\u00eb p\u00ebr realitetin n\u00eb Kosov\u00eb me informacionet zyrtare q\u00eb merr nga homologia e saj, Tirana. Dhe \u00ebsht\u00eb e \u00e7uditshme se si ato gjithmon\u00eb harmonizohen edhe n\u00eb rastin kur b\u00ebhet fjal\u00eb p\u00ebr projekte infrastrukturore q\u00eb shkojn\u00eb n\u00eb d\u00ebm t\u00eb jet\u00ebs s\u00eb shqiptar\u00ebve q\u00eb sot jan\u00eb jasht\u00eb kufij\u00ebve zyrtar. I till\u00eb \u00ebsht\u00eb rasti edhe me hekurudh\u00ebn Beograd-Tiran\u00eb!<br \/>\nKur t\u00eb gjith\u00eb ishin n\u00eb pritje t\u00eb publikimit t\u00eb projektit m\u00eb t\u00eb r\u00ebnd\u00ebsish\u00ebn infrastrukturor p\u00ebr ekonomin\u00eb kosovare, hekurudh\u00ebn Fush\u00eb Kosov\u00eb -Sh\u00ebn Gjin q\u00eb do vazhdonte drejt\u00eb Durr\u00ebsit dhe Vlor\u00ebs, jo nga Tirana zyrtare por nga Beogradi vjen lajmi se hekurudh\u00eb Beograd-Tiran\u00eb do t\u00eb ket\u00eb por nga Podgorica ku do t\u00eb b\u00ebhet rikonstruksioni dhe vazhdimi i nd\u00ebrtimit t\u00eb hekurudh\u00ebs Beograd-Tivar.<br \/>\nBiznesi kosovar q\u00eb num\u00ebronte dit\u00ebt p\u00ebr fillimin e nd\u00ebrtimit t\u00eb hekurudh\u00ebs Fush\u00eb Kosov\u00eb-Sh\u00ebn Gjin, entuziast pas Lidhjes s\u00eb Prizrenit q\u00eb organizoi Edi Rama s\u00ebrish zhg\u00ebnjehet me komunist\u00ebt shqiptar. P\u00ebr fat t\u00eb keq, Lidhja q\u00eb Edi Rama b\u00ebri me Hashim Tha\u00e7in n\u00eb Prizren nuk ishte m\u00eb e fort\u00eb se ajo me Aleksandar Vu\u00e7iqin n\u00eb Beograd, edhe pse u shit\u00ebn ca kacidhe patriotike s\u00ebrisht me demek p\u00ebr shqiptar\u00ebt e Kosov\u00ebs. E shqiptar\u00ebt e Kosov\u00ebs nuk ishin n\u00eb pritje t\u00eb Edi Ram\u00ebs q\u00eb ti tregoj siv\u00ebllaut t\u00eb tij partiak, Vu\u00e7iq se Kosova \u00ebsht\u00eb e pavarur sepse ky i fundit \u00ebsht\u00eb i informuar m\u00eb mir\u00eb se kryeministri i Shqip\u00ebris\u00eb madje figuron edhe n\u00eb CV-n\u00a0 e tij si d\u00ebshtimi i par\u00eb politik; Ama presin nj\u00eb leht\u00ebsim m\u00eb t\u00eb madh dhe me m\u00eb pak kosto t\u00eb l\u00ebvizjes s\u00eb njer\u00ebzve dhe mall\u00ebrave p\u00ebrmes porteve q\u00eb p\u00ebr fat i ka Shqip\u00ebria.<br \/>\nN\u00eb ve\u00e7anti biznesi i Pej\u00ebs dhe Gjakov\u00ebs q\u00eb jan\u00eb shmangur politikisht nga autostrada Prishtin\u00eb-V\u00ebrmic\u00eb dhe hekurudh\u00ebn e shikonin si shp\u00ebtimin e vet\u00ebm p\u00ebr l\u00ebvizjen e lir\u00eb t\u00eb njer\u00ebzve dhe mall\u00ebrave meq\u00eb jan\u00eb pjes\u00eb e sistemit hekurudhor t\u00eb Kosov\u00ebs. Dhe jo vet\u00ebm p\u00ebr ta, ndodh\u00eb \u00e7udia!<br \/>\nN\u00ebse n\u00eb aksin hekurudhor Beograd-Tivar duhen rikonstruksione, dhe kjo \u00ebsht\u00eb e v\u00ebrtet\u00eb, dhe p\u00ebr tu lidhur me Podgoric\u00ebn, duhet vazhdimi i nd\u00ebrtimit t\u00eb k\u00ebsaj hekurudhe, \u00e7far\u00eb hekurudhe ka Shkod\u00ebr-Podgoric\u00eb-Tiran\u00eb. Shina q\u00eb nuk jan\u00eb nd\u00ebrruar kurr\u00eb q\u00eb nga vendosja e tyre e par\u00eb, shtrati q\u00eb kan\u00eb k\u00ebto shina i konsumuan deri n\u00eb ekstrem dhe sinjalistika q\u00eb nuk b\u00ebn\u00eb as p\u00ebr sistemin e hekurudhor t\u00eb viteve \u201950-t\u00eb. T\u00eb mos flasim p\u00ebr infrastruktur\u00ebn tjet\u00ebr t\u00eb k\u00ebtij transporti, e cila Shqip\u00ebris\u00eb i mungon n\u00eb t\u00ebr\u00ebsi. K\u00ebtu edhe shtrohet pyetja: Pse duhet hekurudh\u00eb p\u00ebr t\u00eb shkuar n\u00eb Podgoric\u00eb? P\u00ebr t\u2019u lidhur me Beogradin?!<br \/>\nN\u00eb asjn\u00eb m\u00ebnyr\u00eb! Ideatori i lidhjes s\u00eb Tiran\u00ebs me Beogradin p\u00ebrmes hekurudh\u00ebs mund t\u00eb jet\u00eb vet\u00ebm Edi Rama, ndryshe kjo v\u00ebshtir\u00eb se dikujt i bie nd\u00ebr mend. Duhet me qen\u00eb shum\u00eb antikosovar q\u00eb kjo ide t\u00eb v\u00ebrtitet n\u00ebp\u00ebr kok\u00eb e l\u00ebre m\u00eb t\u00eb hedhet n\u00eb let\u00ebr\u00a0 e aq m\u00eb tep\u00ebr t\u00eb investohet! N\u00ebse hekurudha nd\u00ebrtohet dhe dikush duhet t\u00eb ndihmohet\u00a0 me k\u00ebt\u00eb rast, jan\u00eb kosovar\u00ebt t\u00eb cil\u00ebt p\u00ebrmes hekurudh\u00ebs\u00a0 do t\u00eb zgjidhnin nj\u00eb problem jetik duke\u00a0 g\u00ebzuar\u00a0 edhe transportin detar p\u00ebrmes porteve shqiptare, t\u00eb cilin Serbia nuk e g\u00ebzon dot ama arriti p\u00ebrmes Tiran\u00ebs t\u2019ia mohoj edhe Kosov\u00ebs.<br \/>\nE z\u00ebrat n\u00eb k\u00ebt\u00eb projekt hekurudhor p\u00ebr rikonstruksion jan\u00eb vet\u00ebm p\u00ebr ti hedhur hi syve t\u00eb gjith\u00eb atyre q\u00eb ishin ekzaltuar me Skenderbeun e tyre t\u00eb Rilindur mavi, i cili n\u00eb Beograd p\u00ebrmendi Kosov\u00ebn por mendjen e kishte vet\u00ebm tek nj\u00eb v\u00eblla, v\u00ebllau Aleksandar!<\/p>\n<p><strong>Austostrada Nish-Prishtin\u00eb-Tiran\u00eb<\/strong><\/p>\n<p>\u00c7menduria e negociatave Rama-Vu\u00e7iq dhe z\u00ebrave t\u00eb projektit konfirmohet kur p\u00ebr hekurudh\u00ebn k\u00ebrkohet rikonstruksion e p\u00ebr autostrad\u00ebn Milot-Prishtin\u00eb deri n\u00eb kufirin me Serbin\u00eb q\u00eb ka kaluar gjith\u00eb bota, Aleksandar Vu\u00e7iq b\u00ebn plane me Edi Ram\u00ebn q\u00eb ta nd\u00ebrtojn\u00eb autostrad\u00ebn Nish-Tiran\u00eb-Prishtin\u00eb. \u00cbsht\u00eb e v\u00ebrtet\u00eb q\u00eb Rilindja mohon gjith\u00e7ka q\u00eb \u00ebsht\u00eb nd\u00ebrtuar para 23 Qershorit 2013, por ajo nuk e mohon dot projektin e shekullit i cili \u00ebsht\u00eb aty dhe u nd\u00ebrtua edhe pa lek\u00ebt\u00eb e qeveris\u00eb socialiste q\u00eb i mblodhi n\u00eb em\u00ebr t\u00eb Rrug\u00ebs s\u00eb Kombit, dhe mbushi boshll\u00ebqet e saj financiare, sepse rruga me Kosov\u00ebn nuk i hynte n\u00eb pun\u00eb sepse thjesht\u00eb ishin dhe ngel\u00ebn komunist\u00eb.<br \/>\nP\u00ebr ata q\u00eb nuk ia thon\u00eb gjeografis\u00eb ose nuk e lodhin trurin p\u00ebrderisa kan\u00eb makin\u00eb me GPS, n\u00eb pak fjal\u00eb t\u00eb sqarojm\u00eb se p\u00ebr tu lidhur n\u00eb autostrad\u00ebn q\u00eb t\u00eb \u00e7on n\u00eb Nish, mungojn\u00eb rreth 30 kilometra n\u00eb pjes\u00ebn kosovare dhe at\u00eb serbe (n\u00eb var\u00ebsi t\u00eb gjurm\u00ebs q\u00eb do t\u00eb nd\u00ebrtohet n\u00eb nyj\u00ebn p\u00ebr tu lidhur me autostrad\u00ebn Beograd-Shkup). Dhe n\u00eb pjes\u00ebn e Shqip\u00ebris\u00eb ngelet lidhja nga Miloti deri n\u00eb autostrad\u00ebn Durr\u00ebs-Tiran\u00eb. Sikur p\u00ebrllogaritjet e k\u00ebtij projekti ti b\u00ebj\u00eb edhe dueti Lame-Shkreli, kostoja e gjith\u00eb k\u00ebtij nd\u00ebrtimi nuk mund t\u00eb jet\u00eb m\u00eb shum\u00eb se 100 milion\u00eb; N\u00ebse k\u00ebsaj kostoje i shtojm\u00eb s\u00ebrisht me lapsin e k\u00ebtij dueti edhe 100 milion\u00eb euro p\u00ebr t\u00eb plot\u00ebsuar dy korsit\u00eb e munguara n\u00eb disa vende t\u00eb autostrad\u00ebs Milot-V\u00ebrmic\u00eb, plot\u00ebsohet autostrada dhe KE-s i mbetet t\u00eb financoj edhe 1.8 miliard\u00eb, shif\u00ebr sipas Zv\/kryeministres serbe, q\u00eb ngelen p\u00ebr hekurudh\u00ebn e cila do ta lidh\u00eb Tiran\u00ebn me Beogradin p\u00ebrmes Podgoric\u00ebs. Ose n\u00eb gjuh\u00ebn e infrastruktur\u00ebs, p\u00ebr t\u00eb b\u00ebr\u00eb \u00e7udira! Por, jo p\u00ebr shqiptar\u00ebt e\u00a0 Kosov\u00ebs t\u00eb cil\u00ebve u ngelet t\u00eb presin nj\u00eb tjet\u00ebr pushtet, me tjet\u00ebr ngjyr\u00eb, q\u00eb nuk e ka p\u00ebr zanat propagand\u00ebn si Enver Hoxha por pun\u00ebn.<br \/>\nDuke mbetur me shpres\u00eb se nuk do t\u2019iu vij\u00eb nj\u00eb e zez\u00eb m\u00eb e madhe se ajo e vitit 1912, shqiptar\u00ebt e Kosov\u00ebs do t\u00eb vazhdojn\u00eb t\u00eb jetojn\u00eb me shpres\u00ebn se do t\u2019iu q\u00ebndroj pran\u00eb SHBA, krijuesi dhe mbrojt\u00ebsi i shtetit m\u00eb t\u00eb ri n\u00eb Evrop\u00eb.<br \/>\nE ata pak entuziast t\u00eb Lidhjes s\u00eb Edi Ram\u00ebs n\u00eb Prizren s\u00ebrisht ekan\u00eb t\u00eb qart\u00eb se pse Partia Socialiste e Shqip\u00ebris\u00eb shmang Kosov\u00ebn, dhe lidhet me Beogradin kjo nuk \u00ebsht\u00eb hera e par\u00eb. Dhe, pse Edi Rama nd\u00ebrton hekurudh\u00ebn Tiran\u00eb-Beograd, dhe shmang\u00eb Kosov\u00ebn, kjo nuk \u00ebsht\u00eb e qart\u00eb jo vet\u00ebm p\u00ebr ata?! Q\u00eb kishte p\u00ebr t\u2019u lidhur me Beogradin k\u00ebt\u00eb e dinin t\u00eb gjith\u00eb, por pse duhet t\u00eb shkelen shqiptar\u00ebt e Kosov\u00ebs, k\u00ebt\u00eb nuk e merr veshi njeri. Apo s\u2019kemi par\u00eb gj\u00eb akoma\u2026<\/p>\n<p><strong>Mihailovi\u00e7: Me Shqip\u00ebrin\u00eb do t\u00eb nd\u00ebrtojm\u00eb autostrad\u00ebn dhe hekurudh\u00ebn<\/strong><\/p>\n<p>Grupi teknik i pun\u00ebs i Serbis\u00eb dhe Shqip\u00ebris\u00eb kan\u00eb shqyrtuar n\u00eb Beograd projektet me r\u00ebnd\u00ebsi rajonale \u2013 nd\u00ebrtimin e hekurudh\u00ebs dhe autostrad\u00ebs t\u00eb cilat kryeministrat e dy vendeve do ti prezantojn\u00eb n\u00eb muajin Maj pran\u00eb Komisionit Evropian. K\u00ebshtu ka b\u00ebr\u00eb t\u00eb ditur Zv\/kryeministrja e Serbis\u00eb, Zorana Mihailovi\u00e7 n\u00eb prag t\u00eb k\u00ebtij takimi n\u00eb Pallatin e Serbis\u00eb duke sakt\u00ebsuar se bisedimet do t\u00eb fokusohen n\u00eb nd\u00ebrtimin e autostrad\u00ebs Nish-Prishtin\u00eb-Tiran\u00eb, si dhe rikonstruksionin dhe vazhdimin e nd\u00ebrtimit t\u00eb hekurudh\u00ebs Beograd-Tivar, e cila nga Podgorica do t\u00eb vazhdoj drejt\u00eb Shqip\u00ebris\u00eb dhe porteve n\u00eb k\u00ebt\u00eb vend.<br \/>\nK\u00ebto dy projekte p\u00ebr nd\u00ebrtimin e autostrad\u00ebs dhe hekurudh\u00ebs, sipas Mihailovi\u00e7 kushtojn\u00eb rreth dy miliard\u00eb euro, por meq\u00eb b\u00ebhet fjal\u00eb p\u00ebr nj\u00eb shum\u00eb t\u00eb madhe, t\u00eb dyja shtetet do t\u00eb fokusohen n\u00eb prioritetet e k\u00ebtyre projekteve.<br \/>\nZv\/kryeministrja e Serbis\u00eb tha se pritet t\u00eb shqytohet se si do t\u00eb financohen k\u00ebto projekte meq\u00eb Serbia dhe Shqip\u00ebria nuk kan\u00eb mjaftuesh\u00ebm para dhe nuk kan\u00eb mund\u00ebsi q\u00eb t\u00eb futen n\u00eb borxhe t\u00eb reja, dhe Serbia ka partneritet strategjik me disa vende e n\u00eb k\u00ebt\u00eb m\u00ebnyr\u00eb do t\u00eb mund t\u00eb garantoj\u00eb parat\u00eb.<br \/>\nMihailovi\u00e7 kujtoi se para dhjet\u00eb dit\u00ebsh \u00ebsht\u00eb formuar n\u00eb Tiran\u00eb grupi i pun\u00ebs\u00a0 i cili merret me projektet e infrastruktur\u00ebs dhe theksoi se zhvillimi infrastrukturor\u00a0 \u00ebsht\u00eb kusht p\u00ebr\u00a0 zhvillimin ekonomik dhe stabilitetin e Ballkanit Per\u00ebndimor.<br \/>\n\u201cDo t\u00eb zhvillojm\u00eb bisedime t\u00eb p\u00ebrcaktuara p\u00ebr k\u00ebto dy projekte, e p\u00ebr dhjet\u00eb dit\u00eb s\u00ebrish do t\u00eb takohemi n\u00eb Tiran\u00eb,\u201d tha Mihailovi\u00e7, e cila p\u00ebrve\u00e7 se Zv\/kryeministre \u00ebsht\u00eb edhe ministre e nd\u00ebrtimtaris\u00eb, komunikacionit dhe infrastruktur\u00ebs s\u00eb Serbis\u00eb.<\/p>\n<p><strong>Zaev publikon \u201cbomb\u00ebn e tret\u00eb\u2019 n\u00eb Maqedoni<\/strong><\/p>\n<p>Kryetari i LSDM-s\u00eb, Zoran Zaev ka publikuar edhe \u201cbomb\u00ebn e tret\u00eb\u201d, q\u00eb lidhet me skandalet e kryeministrit maqedonas, Nikola Gruevskin dhe t\u00eb af\u00ebrmit e tij. N\u00eb bisedat e publikuar nd\u00ebrmjet Shefit t\u00eb Sh\u00ebrbimit Sekret Sasho Mijalokov dhe gazetarit Dragan Pavlovi\u00e7 \u2013Lastas, n\u00eb pjes\u00ebn q\u00eb i referohet zgjedhjeve t\u00eb vitit 2011, p\u00ebrmendet edhe kandidati i BDI-s\u00eb, p\u00ebr deputetet n\u00eb Nj\u00ebsin\u00eb num\u00ebr 3, Bujar Osmani. Latas i k\u00ebrkon Mijalkovit t\u00eb marr\u00eb masa q\u00eb Osmani t\u00eb mos zgjidhet deputet i Nj\u00ebsis\u00eb nr. 3, sepse n\u00eb k\u00ebt\u00eb m\u00ebnyr\u00eb, si\u00e7 shprehet ai, kreu i BDI-s\u00eb Ali Ahmeti do t\u00eb p\u00ebrfitonte t\u00eb drejt\u00ebn politike p\u00ebr p\u00ebrfaq\u00ebsim t\u00eb k\u00ebsaj zone. Gazetari Pavloviq \u2013 Lastas, shpreh\u00ebt p\u00ebr Osmanin me termin fyes \u2018shiptar\u2019 dhe me aludimin \u2018doktor\u2019 por pa i p\u00ebrmendur emrin.<br \/>\nNdryshe gjat\u00eb konferenc\u00ebs p\u00ebr media, kreu opozitar maqedonas, ka th\u00ebn\u00eb se secila bomb\u00eb e radh\u00ebs do t\u00eb jet\u00eb m\u00eb shokuese p\u00ebr qytetar\u00ebt e Maqedonis\u00eb, pasi q\u00eb ajo \u00e7far\u00eb ka b\u00ebr\u00eb Gruevski dhe familja e tij jan\u00eb rr\u00ebqeth\u00ebse. \u201cD\u00ebgjuat se si kan\u00eb manipuluar me gjyq\u00ebsorin, ajo q\u00eb sot do ta d\u00ebgjoni \u00ebsht\u00eb tmerr. Nga biseda do e merrni vesh se n\u00eb \u00e7ka krejt jan\u00eb t\u00eb gatsh\u00ebm kush\u00ebrinjt\u00eb Gruevski dhe Mijallkov. Rasti i montuar me Lube Boshkovski, do t\u00eb d\u00ebgjoni se si \u00ebsht\u00eb p\u00ebrgatitur skenari p\u00ebr Lube Boshkovskin. Meqen\u00ebse bisedat i shpalosim ashtu si\u00e7 jan\u00eb, andaj ju k\u00ebrkojm\u00eb falje p\u00ebr fjal\u00ebt vulgare\u201d, tha Zaev. M\u00eb pas publikohet nj\u00eb bised\u00eb midis shefit t\u00eb sh\u00ebrbimit sekret DSK, Sasho Mijallkov dhe gazetarit dhe kryeredaktorit t\u00eb TV Sitel, Dragan Pavllovi\u00e7 \u2013 Llatas. Biseda e par\u00eb tregon planin e montuar politik p\u00ebr arrestimin e kryetarit t\u00eb Partis\u00eb t\u00eb Bashkuar p\u00ebr Maqedonin\u00eb dhe ish-ministrin e brendsh\u00ebm, Lube Boshkovskit.<br \/>\nN\u00eb p\u00ebrgjimin e dyt\u00eb d\u00ebgjohet biseda me dy protagonist\u00ebt e ngjajsh\u00ebm, ku gjithashtu publikohet biseda p\u00ebr arrestimin e Boshkovskit, nd\u00ebrsa m\u00eb pas bisedohet edhe p\u00ebr shqiptar\u00ebt , duke u quajtur \u201cshiptari\u201d. Ata flasin me terme fyese edhe p\u00ebr shqiptar\u00ebt dhe komentojn\u00eb se nuk duhet lejuar q\u00eb t\u00eb marrin deputet n\u00eb nj\u00ebsin\u00eb zgjedhore num\u00ebr 3<br \/>\nN\u00eb bised\u00ebn e tret\u00eb, shefi i sh\u00ebrbimit DSK, Mijallkov i sugjeron Llatasit q\u00eb n\u00eb televizionin Sitel t\u00eb transmetohen pamje m\u00eb posht\u00ebruese nga arrestimi i Boshkovskit pasi sipas tij, televizioni Kanal 5 ka pasur pamje shum\u00eb m\u00eb t\u00eb mira.<br \/>\nN\u00eb p\u00ebrgjimin e kat\u00ebrt, Mijallkov i sugjeron edhe pronarit t\u00eb televizionit Kanal5 se \u00e7far\u00eb t\u00eb transmetoj\u00eb lidhur me arrestimin e Boshkovskit<br \/>\nN\u00eb fund u prezantua edhe biseda e ministres s\u00eb pun\u00ebve t\u00eb brendshme, Gordana Jankullovska me shefin e kabinetit t\u00eb kryeministrit, Nikolla Greuvski, Martin Protugjer. Ky i fundit d\u00ebgjohet duke i th\u00ebn\u00eb Jankullovsk\u00ebs se duhet t\u00eb gjej m\u00ebnyr\u00eb p\u00ebr ti ndaluar 5 autobus\u00ebt me aktivist\u00eb t\u00eb LSDM-s\u00eb, q\u00eb ishin nisur nga Prilepi p\u00ebr t\u00eb marr\u00eb pjes\u00eb n\u00eb protest\u00ebn e opozit\u00ebs n\u00eb Shkup.\u00a0 Protugjer k\u00ebrkon nga ministrja q\u00eb ta urdh\u00ebroj policin\u00eb q\u00eb ti ndaloj autobus\u00ebt me arsyetimin e kontrollit teknik. Ajo i p\u00ebrgjigjet se kjo \u00ebsht\u00eb e thjesht\u00eb dhe se do t\u00eb rregulloj k\u00ebt\u00eb gj\u00eb pa asnj\u00eb problem.<br \/>\nN\u00eb bised\u00ebn e fundit t\u00eb publikuar nga LSDM-ja d\u00ebgjohet ministrja Jankullovska duke biseduar me ndihm\u00ebsin e saj Ivo Kotevski, duke u konsultuar se si t\u00eb fshehin vrasjen e t\u00eb riut Martin Neshkovski n\u00eb Qend\u00ebr, gjat\u00eb festimit t\u00eb fitores s\u00eb VMRO DPMNE-s\u00eb n\u00eb zgjedhjet e vitit 2011.<\/p>\n<p><strong>Gazeta 55<\/strong><\/p>\n","protected":false},"excerpt":{"rendered":"<p>Projekt i ri i v\u00ebllez\u00ebris\u00eb serbo-shqiptare! Rama dhe Vu\u00e7iq do t\u00eb shpenzojn\u00eb p\u00ebr nd\u00ebrtimin e autostrad\u00ebs Nish-Prishtin\u00eb-Tiran\u00eb q\u00eb n\u00eb mas\u00ebn 80 % \u00ebsh\u00ebt nd\u00ebrtuar, dhe do t\u00eb b\u00ebjn\u00eb rikonstruksionin e hekurudh\u00ebs Beograd-Podgoric\u00eb-Vlor\u00eb edhe pse \u00ebsht\u00eb hekurudha Podgoric\u00eb- Vlor\u00eb duhet t\u00eb nd\u00ebrtohet nga e para N\u00eb Beograd u zhvillua takimi i Grupit teknik t\u00eb pun\u00ebs i [&hellip;]<\/p>\n","protected":false},"author":1,"featured_media":0,"comment_status":"closed","ping_status":"closed","sticky":false,"template":"","format":"standard","meta":{"spay_email":"","jetpack_publicize_message":"","jetpack_is_tweetstorm":false,"jetpack_publicize_feature_enabled":true},"categories":[14],"tags":[],"jetpack_publicize_connections":[],"yoast_head":"<!-- This site is optimized with the Yoast SEO plugin v19.1 - https:\/\/yoast.com\/wordpress\/plugins\/seo\/ -->\n<title>Rama shmang Kosov\u00ebn, nd\u00ebrton hekurudh\u00ebn Podgoric\u00eb-Beograd! - Lajme nga Ulqini<\/title>\n<meta name=\"description\" content=\"Projekt i ri i v\u00ebllez\u00ebris\u00eb serbo-shqiptare! Rama dhe Vu\u00e7iq do t\u00eb shpenzojn\u00eb p\u00ebr nd\u00ebrtimin e autostrad\u00ebs Nish-Prishtin\u00eb-Tiran\u00eb q\u00eb n\u00eb mas\u00ebn 80 % \u00ebsh\u00ebt\" \/>\n<meta name=\"robots\" content=\"index, follow, max-snippet:-1, max-image-preview:large, max-video-preview:-1\" \/>\n<link rel=\"canonical\" href=\"https:\/\/www.visit-ulcinj.com\/blog\/2015\/02\/21\/rama-shmang-kosoven-nderton-hekurudhen-podgorice-beograd\/\" \/>\n<meta property=\"og:locale\" content=\"en_US\" \/>\n<meta property=\"og:type\" content=\"article\" \/>\n<meta property=\"og:title\" content=\"Rama shmang Kosov\u00ebn, nd\u00ebrton hekurudh\u00ebn Podgoric\u00eb-Beograd! - Lajme nga Ulqini\" \/>\n<meta property=\"og:description\" content=\"Projekt i ri i v\u00ebllez\u00ebris\u00eb serbo-shqiptare! Rama dhe Vu\u00e7iq do t\u00eb shpenzojn\u00eb p\u00ebr nd\u00ebrtimin e autostrad\u00ebs Nish-Prishtin\u00eb-Tiran\u00eb q\u00eb n\u00eb mas\u00ebn 80 % \u00ebsh\u00ebt\" \/>\n<meta property=\"og:url\" content=\"https:\/\/www.visit-ulcinj.com\/blog\/2015\/02\/21\/rama-shmang-kosoven-nderton-hekurudhen-podgorice-beograd\/\" \/>\n<meta property=\"og:site_name\" content=\"Lajme nga Ulqini\" \/>\n<meta property=\"article:published_time\" content=\"2015-02-21T18:36:49+00:00\" \/>\n<meta property=\"og:image\" content=\"http:\/\/www.visit-ulcinj.com\/blog\/wp-content\/uploads\/2015\/02\/Vucic-Rama.jpg\" \/>\n<meta name=\"twitter:label1\" content=\"Written by\" \/>\n\t<meta name=\"twitter:data1\" content=\"ulqini\" \/>\n\t<meta name=\"twitter:label2\" content=\"Est. reading time\" \/>\n\t<meta name=\"twitter:data2\" content=\"12 minutes\" \/>\n<script type=\"application\/ld+json\" class=\"yoast-schema-graph\">{\"@context\":\"https:\/\/schema.org\",\"@graph\":[{\"@type\":\"WebSite\",\"@id\":\"https:\/\/www.visit-ulcinj.com\/blog\/#website\",\"url\":\"https:\/\/www.visit-ulcinj.com\/blog\/\",\"name\":\"Lajme nga Ulqini\",\"description\":\"Lajme,Vijesti,Ulqini,Ulqin,Crna Gora,Mali i Zi\",\"potentialAction\":[{\"@type\":\"SearchAction\",\"target\":{\"@type\":\"EntryPoint\",\"urlTemplate\":\"https:\/\/www.visit-ulcinj.com\/blog\/?s={search_term_string}\"},\"query-input\":\"required name=search_term_string\"}],\"inLanguage\":\"en-US\"},{\"@type\":\"ImageObject\",\"inLanguage\":\"en-US\",\"@id\":\"https:\/\/www.visit-ulcinj.com\/blog\/2015\/02\/21\/rama-shmang-kosoven-nderton-hekurudhen-podgorice-beograd\/#primaryimage\",\"url\":\"http:\/\/www.visit-ulcinj.com\/blog\/wp-content\/uploads\/2015\/02\/Vucic-Rama.jpg\",\"contentUrl\":\"http:\/\/www.visit-ulcinj.com\/blog\/wp-content\/uploads\/2015\/02\/Vucic-Rama.jpg\"},{\"@type\":\"WebPage\",\"@id\":\"https:\/\/www.visit-ulcinj.com\/blog\/2015\/02\/21\/rama-shmang-kosoven-nderton-hekurudhen-podgorice-beograd\/#webpage\",\"url\":\"https:\/\/www.visit-ulcinj.com\/blog\/2015\/02\/21\/rama-shmang-kosoven-nderton-hekurudhen-podgorice-beograd\/\",\"name\":\"Rama shmang Kosov\u00ebn, nd\u00ebrton hekurudh\u00ebn Podgoric\u00eb-Beograd! - Lajme nga Ulqini\",\"isPartOf\":{\"@id\":\"https:\/\/www.visit-ulcinj.com\/blog\/#website\"},\"primaryImageOfPage\":{\"@id\":\"https:\/\/www.visit-ulcinj.com\/blog\/2015\/02\/21\/rama-shmang-kosoven-nderton-hekurudhen-podgorice-beograd\/#primaryimage\"},\"datePublished\":\"2015-02-21T18:36:49+00:00\",\"dateModified\":\"2015-02-21T18:36:49+00:00\",\"author\":{\"@id\":\"https:\/\/www.visit-ulcinj.com\/blog\/#\/schema\/person\/dcab619c614d3038751c63bc2aadc06d\"},\"description\":\"Projekt i ri i v\u00ebllez\u00ebris\u00eb serbo-shqiptare! Rama dhe Vu\u00e7iq do t\u00eb shpenzojn\u00eb p\u00ebr nd\u00ebrtimin e autostrad\u00ebs Nish-Prishtin\u00eb-Tiran\u00eb q\u00eb n\u00eb mas\u00ebn 80 % \u00ebsh\u00ebt\",\"breadcrumb\":{\"@id\":\"https:\/\/www.visit-ulcinj.com\/blog\/2015\/02\/21\/rama-shmang-kosoven-nderton-hekurudhen-podgorice-beograd\/#breadcrumb\"},\"inLanguage\":\"en-US\",\"potentialAction\":[{\"@type\":\"ReadAction\",\"target\":[\"https:\/\/www.visit-ulcinj.com\/blog\/2015\/02\/21\/rama-shmang-kosoven-nderton-hekurudhen-podgorice-beograd\/\"]}]},{\"@type\":\"BreadcrumbList\",\"@id\":\"https:\/\/www.visit-ulcinj.com\/blog\/2015\/02\/21\/rama-shmang-kosoven-nderton-hekurudhen-podgorice-beograd\/#breadcrumb\",\"itemListElement\":[{\"@type\":\"ListItem\",\"position\":1,\"name\":\"Rama shmang Kosov\u00ebn, nd\u00ebrton hekurudh\u00ebn Podgoric\u00eb-Beograd!\"}]},{\"@type\":\"Person\",\"@id\":\"https:\/\/www.visit-ulcinj.com\/blog\/#\/schema\/person\/dcab619c614d3038751c63bc2aadc06d\",\"name\":\"ulqini\",\"sameAs\":[\"http:\/\/www.visit-ulcinj.com\"],\"url\":\"https:\/\/www.visit-ulcinj.com\/blog\/author\/admin\/\"}]}<\/script>\n<!-- \/ Yoast SEO plugin. -->","yoast_head_json":{"title":"Rama shmang Kosov\u00ebn, nd\u00ebrton hekurudh\u00ebn Podgoric\u00eb-Beograd! - Lajme nga Ulqini","description":"Projekt i ri i v\u00ebllez\u00ebris\u00eb serbo-shqiptare! Rama dhe Vu\u00e7iq do t\u00eb shpenzojn\u00eb p\u00ebr nd\u00ebrtimin e autostrad\u00ebs Nish-Prishtin\u00eb-Tiran\u00eb q\u00eb n\u00eb mas\u00ebn 80 % \u00ebsh\u00ebt","robots":{"index":"index","follow":"follow","max-snippet":"max-snippet:-1","max-image-preview":"max-image-preview:large","max-video-preview":"max-video-preview:-1"},"canonical":"https:\/\/www.visit-ulcinj.com\/blog\/2015\/02\/21\/rama-shmang-kosoven-nderton-hekurudhen-podgorice-beograd\/","og_locale":"en_US","og_type":"article","og_title":"Rama shmang Kosov\u00ebn, nd\u00ebrton hekurudh\u00ebn Podgoric\u00eb-Beograd! - Lajme nga Ulqini","og_description":"Projekt i ri i v\u00ebllez\u00ebris\u00eb serbo-shqiptare! Rama dhe Vu\u00e7iq do t\u00eb shpenzojn\u00eb p\u00ebr nd\u00ebrtimin e autostrad\u00ebs Nish-Prishtin\u00eb-Tiran\u00eb q\u00eb n\u00eb mas\u00ebn 80 % \u00ebsh\u00ebt","og_url":"https:\/\/www.visit-ulcinj.com\/blog\/2015\/02\/21\/rama-shmang-kosoven-nderton-hekurudhen-podgorice-beograd\/","og_site_name":"Lajme nga Ulqini","article_published_time":"2015-02-21T18:36:49+00:00","og_image":[{"url":"http:\/\/www.visit-ulcinj.com\/blog\/wp-content\/uploads\/2015\/02\/Vucic-Rama.jpg"}],"twitter_misc":{"Written by":"ulqini","Est. reading time":"12 minutes"},"schema":{"@context":"https:\/\/schema.org","@graph":[{"@type":"WebSite","@id":"https:\/\/www.visit-ulcinj.com\/blog\/#website","url":"https:\/\/www.visit-ulcinj.com\/blog\/","name":"Lajme nga Ulqini","description":"Lajme,Vijesti,Ulqini,Ulqin,Crna Gora,Mali i Zi","potentialAction":[{"@type":"SearchAction","target":{"@type":"EntryPoint","urlTemplate":"https:\/\/www.visit-ulcinj.com\/blog\/?s={search_term_string}"},"query-input":"required name=search_term_string"}],"inLanguage":"en-US"},{"@type":"ImageObject","inLanguage":"en-US","@id":"https:\/\/www.visit-ulcinj.com\/blog\/2015\/02\/21\/rama-shmang-kosoven-nderton-hekurudhen-podgorice-beograd\/#primaryimage","url":"http:\/\/www.visit-ulcinj.com\/blog\/wp-content\/uploads\/2015\/02\/Vucic-Rama.jpg","contentUrl":"http:\/\/www.visit-ulcinj.com\/blog\/wp-content\/uploads\/2015\/02\/Vucic-Rama.jpg"},{"@type":"WebPage","@id":"https:\/\/www.visit-ulcinj.com\/blog\/2015\/02\/21\/rama-shmang-kosoven-nderton-hekurudhen-podgorice-beograd\/#webpage","url":"https:\/\/www.visit-ulcinj.com\/blog\/2015\/02\/21\/rama-shmang-kosoven-nderton-hekurudhen-podgorice-beograd\/","name":"Rama shmang Kosov\u00ebn, nd\u00ebrton hekurudh\u00ebn Podgoric\u00eb-Beograd! - Lajme nga Ulqini","isPartOf":{"@id":"https:\/\/www.visit-ulcinj.com\/blog\/#website"},"primaryImageOfPage":{"@id":"https:\/\/www.visit-ulcinj.com\/blog\/2015\/02\/21\/rama-shmang-kosoven-nderton-hekurudhen-podgorice-beograd\/#primaryimage"},"datePublished":"2015-02-21T18:36:49+00:00","dateModified":"2015-02-21T18:36:49+00:00","author":{"@id":"https:\/\/www.visit-ulcinj.com\/blog\/#\/schema\/person\/dcab619c614d3038751c63bc2aadc06d"},"description":"Projekt i ri i v\u00ebllez\u00ebris\u00eb serbo-shqiptare! Rama dhe Vu\u00e7iq do t\u00eb shpenzojn\u00eb p\u00ebr nd\u00ebrtimin e autostrad\u00ebs Nish-Prishtin\u00eb-Tiran\u00eb q\u00eb n\u00eb mas\u00ebn 80 % \u00ebsh\u00ebt","breadcrumb":{"@id":"https:\/\/www.visit-ulcinj.com\/blog\/2015\/02\/21\/rama-shmang-kosoven-nderton-hekurudhen-podgorice-beograd\/#breadcrumb"},"inLanguage":"en-US","potentialAction":[{"@type":"ReadAction","target":["https:\/\/www.visit-ulcinj.com\/blog\/2015\/02\/21\/rama-shmang-kosoven-nderton-hekurudhen-podgorice-beograd\/"]}]},{"@type":"BreadcrumbList","@id":"https:\/\/www.visit-ulcinj.com\/blog\/2015\/02\/21\/rama-shmang-kosoven-nderton-hekurudhen-podgorice-beograd\/#breadcrumb","itemListElement":[{"@type":"ListItem","position":1,"name":"Rama shmang Kosov\u00ebn, nd\u00ebrton hekurudh\u00ebn Podgoric\u00eb-Beograd!"}]},{"@type":"Person","@id":"https:\/\/www.visit-ulcinj.com\/blog\/#\/schema\/person\/dcab619c614d3038751c63bc2aadc06d","name":"ulqini","sameAs":["http:\/\/www.visit-ulcinj.com"],"url":"https:\/\/www.visit-ulcinj.com\/blog\/author\/admin\/"}]}},"jetpack_featured_media_url":"","jetpack_sharing_enabled":true,"jetpack_shortlink":"https:\/\/wp.me\/pe6lTn-n6k","_links":{"self":[{"href":"https:\/\/www.visit-ulcinj.com\/blog\/wp-json\/wp\/v2\/posts\/88804"}],"collection":[{"href":"https:\/\/www.visit-ulcinj.com\/blog\/wp-json\/wp\/v2\/posts"}],"about":[{"href":"https:\/\/www.visit-ulcinj.com\/blog\/wp-json\/wp\/v2\/types\/post"}],"author":[{"embeddable":true,"href":"https:\/\/www.visit-ulcinj.com\/blog\/wp-json\/wp\/v2\/users\/1"}],"replies":[{"embeddable":true,"href":"https:\/\/www.visit-ulcinj.com\/blog\/wp-json\/wp\/v2\/comments?post=88804"}],"version-history":[{"count":1,"href":"https:\/\/www.visit-ulcinj.com\/blog\/wp-json\/wp\/v2\/posts\/88804\/revisions"}],"predecessor-version":[{"id":88806,"href":"https:\/\/www.visit-ulcinj.com\/blog\/wp-json\/wp\/v2\/posts\/88804\/revisions\/88806"}],"wp:attachment":[{"href":"https:\/\/www.visit-ulcinj.com\/blog\/wp-json\/wp\/v2\/media?parent=88804"}],"wp:term":[{"taxonomy":"category","embeddable":true,"href":"https:\/\/www.visit-ulcinj.com\/blog\/wp-json\/wp\/v2\/categories?post=88804"},{"taxonomy":"post_tag","embeddable":true,"href":"https:\/\/www.visit-ulcinj.com\/blog\/wp-json\/wp\/v2\/tags?post=88804"}],"curies":[{"name":"wp","href":"https:\/\/api.w.org\/{rel}","templated":true}]}}