{"id":88808,"date":"2015-02-21T23:10:38","date_gmt":"2015-02-21T22:10:38","guid":{"rendered":"http:\/\/www.visit-ulcinj.com\/blog\/?p=88808"},"modified":"2015-02-22T08:18:08","modified_gmt":"2015-02-22T07:18:08","slug":"interviste-dr-isat-jakupi-kryetarin-e-partise-se-re-ne-ulqin","status":"publish","type":"post","link":"https:\/\/www.visit-ulcinj.com\/blog\/2015\/02\/21\/interviste-dr-isat-jakupi-kryetarin-e-partise-se-re-ne-ulqin\/","title":{"rendered":"Intervist\u00eb me dr.Isat Jakupi kryetarin e partis\u00eb s\u00eb re n\u00eb Ulqin"},"content":{"rendered":"<p><strong><a href=\"http:\/\/www.visit-ulcinj.com\/blog\/wp-content\/uploads\/2015\/02\/Dr-Isat-Jakupi.jpg\"><img loading=\"lazy\" class=\"alignleft wp-image-88809\" src=\"http:\/\/www.visit-ulcinj.com\/blog\/wp-content\/uploads\/2015\/02\/Dr-Isat-Jakupi.jpg\" alt=\"Dr-Isat-Jakupi\" width=\"508\" height=\"305\" srcset=\"https:\/\/www.visit-ulcinj.com\/blog\/wp-content\/uploads\/2015\/02\/Dr-Isat-Jakupi.jpg 960w, https:\/\/www.visit-ulcinj.com\/blog\/wp-content\/uploads\/2015\/02\/Dr-Isat-Jakupi-300x180.jpg 300w\" sizes=\"(max-width: 508px) 100vw, 508px\" \/><\/a>Lugina Press: Zot\u00ebri Jakupi fillimisht a mund t\u00eb na thuani di\u00e7ka n\u00eb pika t\u00eb shkurt\u00ebra p\u00ebr vet\u00ebn tuaj, se kush \u00ebsht\u00eb Isat Jakupi?<\/strong><br \/>\n<strong>Dr Isat Jakupi :\u00a0 <\/strong>Dr Isat Jakupi \u00ebsht\u00eb nj\u00eb intelektual nga nj\u00eb familje bujare, ku shumica kan\u00eb qen\u00eb dhe jan\u00eb t\u00eb shkollum. Babi im ishte si pun\u00ebtori i par\u00eb dmth si pionier i turizmit n\u00eb Ulqin gati gjat\u00eb gjith\u00eb koh\u00ebs ka ushtruar funksionin si shef n\u00eb shum\u00eb hoteleri t\u00eb ulqinit. Axha im ishte nj\u00eb agronom i par\u00eb kurse daja Bahri Brisku si nj\u00eb nd\u00ebr shqiptar\u00ebt m\u00eb t\u00eb m\u00ebdhenj\u00eb q\u00eb mbajn\u00eb mend\u00eb k\u00ebto vise, p\u00ebrshkak t\u00eb komb\u00ebtares ishte i arrestum me vite n\u00eb burgje, shkurt familja ime \u00ebsht\u00eb me frym\u00eb komb\u00ebtare patriotike.Vet\u00eb ushtroj detyr\u00ebn e mjekut diku m\u00eb tep\u00ebr se 20 vite dhe si specialist i internos me vend\u00eb pune n\u00eb Sht\u00ebpin\u00eb e sh\u00ebndetit n\u00eb Ulqin, i vetmi me k\u00ebt\u00eb drejtim specialist. P\u00ebr momentin dhe si mjek i zgjedhur ku vet\u00eb kujdesem p\u00ebr 2000 pacijent\u00ebt e mi dhe pacijent\u00eb tjer\u00eb q\u00eb kjan\u00eb probleme sh\u00ebndet\u00ebsore ,gjithmon\u00eb human.Koh\u00ebn e luft\u00ebs s\u00eb Kosov\u00ebs fitova dhe d\u00ebshmin\u00eb njeri nga tre mjek\u00ebt q\u00eb ndihmova popullit tim t\u00eb ikur. Familja prej dy djem\u00ebve dhe nj\u00eb vajze t\u00eb dipllomuar n\u00eb Fakultetin e Farmacis\u00eb me krejt dhjet\u00ebshe. Djali student i vitit t\u00eb par\u00eb turiz\u00ebm ,djali 10 vje\u00e7are q\u00eb m\u00eb jep energjin\u00eb,dhe grun intelektuale q\u00eb shtron pun\u00ebn e farmacistes,me pasuri dy sht\u00ebpija njera ku jetoj 4 katshe,dhe tjetra 3 katshe te kalaja, krejt keto i b\u00ebra me forcat e mia pa u korruptuar,duke punuar dit\u00eb e nate dhe duke kryer pun\u00ebn e nj\u00eb humanisti.<\/p>\n<p><a href=\"http:\/\/www.visit-ulcinj.com\/blog\/wp-content\/uploads\/2015\/02\/Dr-Isat-Jakupi-1.jpg\"><img loading=\"lazy\" class=\"alignleft wp-image-88811\" src=\"http:\/\/www.visit-ulcinj.com\/blog\/wp-content\/uploads\/2015\/02\/Dr-Isat-Jakupi-1.jpg\" alt=\"Dr-Isat-Jakupi-1\" width=\"508\" height=\"381\" srcset=\"https:\/\/www.visit-ulcinj.com\/blog\/wp-content\/uploads\/2015\/02\/Dr-Isat-Jakupi-1.jpg 960w, https:\/\/www.visit-ulcinj.com\/blog\/wp-content\/uploads\/2015\/02\/Dr-Isat-Jakupi-1-300x225.jpg 300w\" sizes=\"(max-width: 508px) 100vw, 508px\" \/><\/a><br \/>\n<strong>Lugina Press: Si e p\u00ebrshkruani gjendjen e tanishme t\u00eb shqiptar\u00ebve n\u00eb Ulqin?<\/strong><br \/>\n<strong>Dr Isat Jakupi :\u00a0 <\/strong>Gjendja e tanishme e shqiptar\u00ebve n\u00eb Ulqin \u00ebsht\u00eb jasht\u00ebzakonisht shum e zorshme, pa kurrfar jete, t\u00eb diskriminuar nga ana e shtetit,t\u00eb tradhtuar nga partit\u00eb shqiptare, pa jet\u00eb pa ekonomi, pa turiz\u00ebm, n\u00eb letargji, konfuzion, pa ardhmeni,t\u00eb shitur dhe t\u00eb tradhtum, pa vizion, kriz\u00eb morale dhe njerzore e finacare, pa jet\u00eb dhe pa kurrfar\u00eb drite, p\u00ebr momentin shum keq\u00eb ,rinija na shkon p\u00ebr \u00e7do dit\u00eb,vdekje.<\/p>\n<p><strong>Lugina Press: Ju tashm\u00eb keni themeluar nj\u00eb parti t\u00eb re e cila quhet Partia Qendrore Shqiptare p\u00ebr Integrime, cili \u00ebsht\u00eb q\u00ebllimi i themelimit t\u00eb k\u00ebtij subjekti?<\/strong><br \/>\n<strong>Dr Isat Jakupi :<\/strong>V\u00ebrtet kjo nism\u00eb nuk \u00ebsht\u00eb prej tash von\u00eb, historiku tregon diku nga 2005 at\u00ebher\u00eb si kshilltar i pa varur i PPD ,dol\u00ebm n\u00eb betej\u00eb si l\u00ebvizje e v\u00ebrtet\u00eb, dy her\u00eb me 2006 dhe 2010, n\u00eb dhjetor kalum si l\u00ebvizje qendrore shqiptare p\u00ebr integrime dhe me kongres 28 janar t\u00eb 2015 shkrihemi dhe kalojm\u00eb si PARTIA QENDRORE SHQIPTARE P\u00cbR INTEGRIME.<\/p>\n<p><a href=\"http:\/\/www.visit-ulcinj.com\/blog\/wp-content\/uploads\/2015\/01\/Partia-e-re-Shqiptare-L\u00ebvizjes-qendrore-shqiptare-p\u00ebr-integrime-Ulqin-1.jpg\"><img loading=\"lazy\" class=\"alignleft wp-image-88268\" src=\"http:\/\/www.visit-ulcinj.com\/blog\/wp-content\/uploads\/2015\/01\/Partia-e-re-Shqiptare-L\u00ebvizjes-qendrore-shqiptare-p\u00ebr-integrime-Ulqin-1.jpg\" alt=\"Partia e re Shqiptare -L\u00ebvizjes qendrore shqiptare p\u00ebr integrime Ulqin-1\" width=\"508\" height=\"287\" srcset=\"https:\/\/www.visit-ulcinj.com\/blog\/wp-content\/uploads\/2015\/01\/Partia-e-re-Shqiptare-L\u00ebvizjes-qendrore-shqiptare-p\u00ebr-integrime-Ulqin-1.jpg 960w, https:\/\/www.visit-ulcinj.com\/blog\/wp-content\/uploads\/2015\/01\/Partia-e-re-Shqiptare-L\u00ebvizjes-qendrore-shqiptare-p\u00ebr-integrime-Ulqin-1-300x170.jpg 300w\" sizes=\"(max-width: 508px) 100vw, 508px\" \/><\/a><\/p>\n<p><strong>Lugina Press: B\u00ebhet fjal\u00eb k\u00ebtu p\u00ebr parti politike apo l\u00ebvizje ngase n\u00eb disa media t\u00eb shkruara \u00ebsht\u00eb paraqitur si parti (PQSHI) e n\u00eb disa si l\u00ebvizje (LQSHI)?<\/strong><\/p>\n<p><strong>Dr Isat Jakupi :\u00a0 <\/strong>Partia Qendrore p\u00ebr Integrime dmth q\u00eb ne deshirojm\u00eb t\u00eb shkojm\u00eb me evrop\u00ebn t\u00eb k\u00ebrkojm\u00eb drejtat tona q\u00eb i jep\u00eb evropa dhe bota,aspak ma tep\u00ebr,dhe fjala qendrore t\u00eb bashkojm\u00eb gjith\u00eb partit dhe elektoratin te ne dhe t\u00eb shkrihen se ne do jemi b\u00ebrthama e gjithe shqiptar\u00ebve ku jetojn\u00eb populli shqiptar\u00eb me drejta t\u00eb evrop\u00ebs e jo t\u00eb diskriminuar si qytetare t\u00eb rendit t\u00eb dyte.<\/p>\n<p><strong>Lugina Press: Cfar mund t\u00eb na thush n\u00eb pika t\u00eb shkurt\u00ebra me planprogramin e partis\u00eb suaj ?<\/strong><br \/>\n<strong>Dr Isat Jakupi :\u00a0 <\/strong>Programi jon\u00eb dmth q\u00eb ne sdo figurojm\u00eb vet\u00ebm n\u00eb let\u00ebr por deshirojm\u00eb q\u00eb t\u00eb jemi faktor\u00eb dhe ne nes\u00ebr si subjekt politik shqiptar t\u00eb vendosim p\u00ebr fatin ton\u00eb asesi podgorica, jo diskriminimit,t\u00eb ndalim migrimin,t\u00eb ruajm\u00eb rinin\u00eb,t\u00eb hapim vende pune t\u00eb ndalojm\u00eb plackitjen e vendit, t\u00eb zhvillojm\u00eb ekonomin\u00eb t\u00eb pasurin ta b\u00ebm\u00eb m\u00eb t\u00eb pasur,t\u00eb hapim shkollat dhe fakultet n\u00eb gjuh\u00ebn shqipe,t\u00eb m\u00ebsojm\u00eb abetaren dhe historikun popullit shqiptar e asesi Janko Marko, t\u00eb m\u00ebsojm\u00eb p\u00ebr Skenderbeun,Migjenin,t\u00eb rujam\u00eb t\u00eb mirat detare,t\u00eb punojm\u00eb me kuadro dhe t\u00eb zvhilojm\u00eb bujq\u00ebsin\u00eb dhe pjes\u00ebt rurale,te e shum\u00eb probleme tjer\u00eb.<br \/>\n<strong>\u00a0Lugina Press: \u00a0 Keni kontakte me lider\u00ebt n\u00eb Shqip\u00ebri, Kosov\u00eb e Maqedoni e Lugin\u00eb ?<\/strong><br \/>\n<strong>Dr Isat Jakupi :\u00a0<\/strong>\u00a0 Kontaktet kemi t\u00eb shumta me lider t\u00eb jasht\u00ebm qofshin nga Shqip\u00ebria,Kosova ,Maqedonia,dhe Presheva q\u00eb mendoj se do kemi kontakte t\u00eb shumta. M\u00eb 8 janar 2015 ishim n\u00eb vizit\u00eb tek AAK me delegacion ku ishim shum t\u00eb pritur nga ana e Ramushit, biseduam krejt gjendjen ton\u00eb, na japi fjal\u00ebn q\u00eb lider\u00ebt tjer\u00eb nuk i nteresojn\u00eb tha q\u00eb gjith\u00eb duhen t\u00eb shkrihen n\u00eb partin ton\u00eb dhe kemi p\u00ebr ta pasur p\u00ebrkrahjen shum t\u00eb fort nga ana e AAK. Po ashtu shpejt\u00eb presim delegacione nga zvicra t\u00eb Valtoni,te Edi Rama, Kreshnik Spahiu, Vetvendosja, Tha\u00e7i n\u00eb Maqedoni e k\u00ebshtu me radh\u00eb.<\/p>\n<p><a href=\"http:\/\/www.visit-ulcinj.com\/blog\/wp-content\/uploads\/2015\/01\/Ramush-Haradinaj-delegacioni-i-Partis\u00eb-Qendrore-Shqiptare-p\u00ebr-Integrim-nga-Mali-i-Zi-1.jpg\"><img loading=\"lazy\" class=\"alignleft wp-image-87587\" src=\"http:\/\/www.visit-ulcinj.com\/blog\/wp-content\/uploads\/2015\/01\/Ramush-Haradinaj-delegacioni-i-Partis\u00eb-Qendrore-Shqiptare-p\u00ebr-Integrim-nga-Mali-i-Zi-1.jpg\" alt=\"Ramush-Haradinaj-delegacioni i Partis\u00eb Qendrore Shqiptare p\u00ebr Integrim nga Mali i Zi-1\" width=\"508\" height=\"381\" srcset=\"https:\/\/www.visit-ulcinj.com\/blog\/wp-content\/uploads\/2015\/01\/Ramush-Haradinaj-delegacioni-i-Partis\u00eb-Qendrore-Shqiptare-p\u00ebr-Integrim-nga-Mali-i-Zi-1.jpg 960w, https:\/\/www.visit-ulcinj.com\/blog\/wp-content\/uploads\/2015\/01\/Ramush-Haradinaj-delegacioni-i-Partis\u00eb-Qendrore-Shqiptare-p\u00ebr-Integrim-nga-Mali-i-Zi-1-300x225.jpg 300w\" sizes=\"(max-width: 508px) 100vw, 508px\" \/><\/a><br \/>\n<strong>Lugina Press: Presni mb\u00ebshtetje edhe nga diaspora shqiptare?<\/strong><br \/>\n<strong>Dr Isat Jakupi :\u00a0<\/strong>\u00a0 Po presim mb\u00ebshtetjen m\u00eb t\u00eb madhe nga gjith\u00eb diaspora jemi treni fundit i shp\u00ebtimit t\u00eb popullit shqiptar\u00eb n\u00eb Mal t\u00eb zi, Kemi thirrje nga Amerika, Zvicrra dhe Gjermania q\u00eb do na mb\u00ebshtesin bashkpunimin dhe do na ndihmojn me fonde morale e sigurisht presim dhe financiare sepse politika pa financim nuk mund t\u00eb ko\u00ebre sukses\u00eb edhe pse p\u00ebr momentin jemi pa kurrfar ndihme.<\/p>\n<p><a href=\"http:\/\/www.visit-ulcinj.com\/blog\/wp-content\/uploads\/2015\/02\/Dr-Isat-Jakupi-Kreshnik-Spahiu.jpg\"><img loading=\"lazy\" class=\"alignleft wp-image-88813\" src=\"http:\/\/www.visit-ulcinj.com\/blog\/wp-content\/uploads\/2015\/02\/Dr-Isat-Jakupi-Kreshnik-Spahiu.jpg\" alt=\"Dr-Isat-Jakupi-Kreshnik Spahiu\" width=\"508\" height=\"305\" srcset=\"https:\/\/www.visit-ulcinj.com\/blog\/wp-content\/uploads\/2015\/02\/Dr-Isat-Jakupi-Kreshnik-Spahiu.jpg 960w, https:\/\/www.visit-ulcinj.com\/blog\/wp-content\/uploads\/2015\/02\/Dr-Isat-Jakupi-Kreshnik-Spahiu-300x180.jpg 300w\" sizes=\"(max-width: 508px) 100vw, 508px\" \/><\/a><br \/>\n<strong>Lugina Press: At\u00ebher cilat do t\u00eb jen\u00eb hapat e par\u00eb q\u00eb do ti merrni tash e tutje?<\/strong><br \/>\n<strong>Dr Isat Jakupi : <\/strong>Hapat e par\u00eb jan\u00eb q\u00eb shpejt\u00eb at\u00eb jo formale procesuale dhe zyrtare t\u00eb zyrtarizojm\u00eb,me nj\u00eb zyre si\u00e7 na ka hije, sepse jemi zyrtarisht, t\u00eb shtrijm\u00eb infrastruktur\u00ebn dhe hapjen e n\u00ebndeg\u00ebve n\u00eb mal\u00ebsi ,plave dhe gusi,<br \/>\nT\u00eb hapim gjithashtu zyret dhe t\u00eb pusojm\u00eb t\u00eb rinj\u00ebt t\u00eb jemi t\u00eb hapur me diasporen, t\u00eb jemi af\u00ebr \u00e7do problemi q\u00eb do i ndodh\u00eb popullit ton\u00eb ,t\u00eb rrisim numrin me kuadro,dhe t\u00eb i p\u00ebrgadisim kuadrat me edukim dhe seminare p\u00ebr integrime dhe t\u00eb hapim zyr\u00ebn q\u00eb do e p\u00ebrkrah evropa p\u00ebr integrime me fonde t\u00eb evrop\u00ebs. Ti tregojm\u00eb dhe ti kontaktojm\u00eb gjith\u00eb ambasadat n\u00eb bot\u00eb p\u00ebr gjendjen. Me vullnetin ton\u00eb,me energjin\u00eb,kurajon,vizionin, me programin ton\u00eb me rinin\u00eb ton\u00eb mendojm\u00eb t\u00eb jemi faktor jo vet\u00ebm n\u00eb mal\u00eb t\u00eb zi pore dhe n\u00eb ballkan dhe evrop.<\/p>\n","protected":false},"excerpt":{"rendered":"<p>Lugina Press: Zot\u00ebri Jakupi fillimisht a mund t\u00eb na thuani di\u00e7ka n\u00eb pika t\u00eb shkurt\u00ebra p\u00ebr vet\u00ebn tuaj, se kush \u00ebsht\u00eb Isat Jakupi? Dr Isat Jakupi :\u00a0 Dr Isat Jakupi \u00ebsht\u00eb nj\u00eb intelektual nga nj\u00eb familje bujare, ku shumica kan\u00eb qen\u00eb dhe jan\u00eb t\u00eb shkollum. Babi im ishte si pun\u00ebtori i par\u00eb dmth si pionier [&hellip;]<\/p>\n","protected":false},"author":1,"featured_media":0,"comment_status":"closed","ping_status":"closed","sticky":false,"template":"","format":"standard","meta":{"spay_email":"","jetpack_publicize_message":"","jetpack_is_tweetstorm":false,"jetpack_publicize_feature_enabled":true},"categories":[5],"tags":[],"jetpack_publicize_connections":[],"yoast_head":"<!-- This site is optimized with the Yoast SEO plugin v19.1 - https:\/\/yoast.com\/wordpress\/plugins\/seo\/ -->\n<title>Intervist\u00eb me dr.Isat Jakupi kryetarin e partis\u00eb s\u00eb re n\u00eb Ulqin - Lajme nga Ulqini<\/title>\n<meta name=\"description\" content=\"Lugina Press: Zot\u00ebri Jakupi fillimisht a mund t\u00eb na thuani di\u00e7ka n\u00eb pika t\u00eb shkurt\u00ebra p\u00ebr vet\u00ebn tuaj, se kush \u00ebsht\u00eb Isat Jakupi? Dr Isat Jakupi :\u00a0 Dr Isat\" \/>\n<meta name=\"robots\" content=\"index, follow, max-snippet:-1, max-image-preview:large, max-video-preview:-1\" \/>\n<link rel=\"canonical\" href=\"https:\/\/www.visit-ulcinj.com\/blog\/2015\/02\/21\/interviste-dr-isat-jakupi-kryetarin-e-partise-se-re-ne-ulqin\/\" \/>\n<meta property=\"og:locale\" content=\"en_US\" \/>\n<meta property=\"og:type\" content=\"article\" \/>\n<meta property=\"og:title\" content=\"Intervist\u00eb me dr.Isat Jakupi kryetarin e partis\u00eb s\u00eb re n\u00eb Ulqin - Lajme nga Ulqini\" \/>\n<meta property=\"og:description\" content=\"Lugina Press: Zot\u00ebri Jakupi fillimisht a mund t\u00eb na thuani di\u00e7ka n\u00eb pika t\u00eb shkurt\u00ebra p\u00ebr vet\u00ebn tuaj, se kush \u00ebsht\u00eb Isat Jakupi? Dr Isat Jakupi :\u00a0 Dr Isat\" \/>\n<meta property=\"og:url\" content=\"https:\/\/www.visit-ulcinj.com\/blog\/2015\/02\/21\/interviste-dr-isat-jakupi-kryetarin-e-partise-se-re-ne-ulqin\/\" \/>\n<meta property=\"og:site_name\" content=\"Lajme nga Ulqini\" \/>\n<meta property=\"article:published_time\" content=\"2015-02-21T22:10:38+00:00\" \/>\n<meta property=\"article:modified_time\" content=\"2015-02-22T07:18:08+00:00\" \/>\n<meta property=\"og:image\" content=\"http:\/\/www.visit-ulcinj.com\/blog\/wp-content\/uploads\/2015\/02\/Dr-Isat-Jakupi.jpg\" \/>\n<meta name=\"twitter:label1\" content=\"Written by\" \/>\n\t<meta name=\"twitter:data1\" content=\"ulqini\" \/>\n\t<meta name=\"twitter:label2\" content=\"Est. reading time\" \/>\n\t<meta name=\"twitter:data2\" content=\"5 minutes\" \/>\n<script type=\"application\/ld+json\" class=\"yoast-schema-graph\">{\"@context\":\"https:\/\/schema.org\",\"@graph\":[{\"@type\":\"WebSite\",\"@id\":\"https:\/\/www.visit-ulcinj.com\/blog\/#website\",\"url\":\"https:\/\/www.visit-ulcinj.com\/blog\/\",\"name\":\"Lajme nga Ulqini\",\"description\":\"Lajme,Vijesti,Ulqini,Ulqin,Crna Gora,Mali i Zi\",\"potentialAction\":[{\"@type\":\"SearchAction\",\"target\":{\"@type\":\"EntryPoint\",\"urlTemplate\":\"https:\/\/www.visit-ulcinj.com\/blog\/?s={search_term_string}\"},\"query-input\":\"required name=search_term_string\"}],\"inLanguage\":\"en-US\"},{\"@type\":\"ImageObject\",\"inLanguage\":\"en-US\",\"@id\":\"https:\/\/www.visit-ulcinj.com\/blog\/2015\/02\/21\/interviste-dr-isat-jakupi-kryetarin-e-partise-se-re-ne-ulqin\/#primaryimage\",\"url\":\"https:\/\/www.visit-ulcinj.com\/blog\/wp-content\/uploads\/2015\/02\/Dr-Isat-Jakupi.jpg\",\"contentUrl\":\"https:\/\/www.visit-ulcinj.com\/blog\/wp-content\/uploads\/2015\/02\/Dr-Isat-Jakupi.jpg\",\"width\":960,\"height\":576},{\"@type\":\"WebPage\",\"@id\":\"https:\/\/www.visit-ulcinj.com\/blog\/2015\/02\/21\/interviste-dr-isat-jakupi-kryetarin-e-partise-se-re-ne-ulqin\/#webpage\",\"url\":\"https:\/\/www.visit-ulcinj.com\/blog\/2015\/02\/21\/interviste-dr-isat-jakupi-kryetarin-e-partise-se-re-ne-ulqin\/\",\"name\":\"Intervist\u00eb me dr.Isat Jakupi kryetarin e partis\u00eb s\u00eb re n\u00eb Ulqin - Lajme nga Ulqini\",\"isPartOf\":{\"@id\":\"https:\/\/www.visit-ulcinj.com\/blog\/#website\"},\"primaryImageOfPage\":{\"@id\":\"https:\/\/www.visit-ulcinj.com\/blog\/2015\/02\/21\/interviste-dr-isat-jakupi-kryetarin-e-partise-se-re-ne-ulqin\/#primaryimage\"},\"datePublished\":\"2015-02-21T22:10:38+00:00\",\"dateModified\":\"2015-02-22T07:18:08+00:00\",\"author\":{\"@id\":\"https:\/\/www.visit-ulcinj.com\/blog\/#\/schema\/person\/dcab619c614d3038751c63bc2aadc06d\"},\"description\":\"Lugina Press: Zot\u00ebri Jakupi fillimisht a mund t\u00eb na thuani di\u00e7ka n\u00eb pika t\u00eb shkurt\u00ebra p\u00ebr vet\u00ebn tuaj, se kush \u00ebsht\u00eb Isat Jakupi? Dr Isat Jakupi :\u00a0 Dr Isat\",\"breadcrumb\":{\"@id\":\"https:\/\/www.visit-ulcinj.com\/blog\/2015\/02\/21\/interviste-dr-isat-jakupi-kryetarin-e-partise-se-re-ne-ulqin\/#breadcrumb\"},\"inLanguage\":\"en-US\",\"potentialAction\":[{\"@type\":\"ReadAction\",\"target\":[\"https:\/\/www.visit-ulcinj.com\/blog\/2015\/02\/21\/interviste-dr-isat-jakupi-kryetarin-e-partise-se-re-ne-ulqin\/\"]}]},{\"@type\":\"BreadcrumbList\",\"@id\":\"https:\/\/www.visit-ulcinj.com\/blog\/2015\/02\/21\/interviste-dr-isat-jakupi-kryetarin-e-partise-se-re-ne-ulqin\/#breadcrumb\",\"itemListElement\":[{\"@type\":\"ListItem\",\"position\":1,\"name\":\"Intervist\u00eb me dr.Isat Jakupi kryetarin e partis\u00eb s\u00eb re n\u00eb Ulqin\"}]},{\"@type\":\"Person\",\"@id\":\"https:\/\/www.visit-ulcinj.com\/blog\/#\/schema\/person\/dcab619c614d3038751c63bc2aadc06d\",\"name\":\"ulqini\",\"sameAs\":[\"http:\/\/www.visit-ulcinj.com\"],\"url\":\"https:\/\/www.visit-ulcinj.com\/blog\/author\/admin\/\"}]}<\/script>\n<!-- \/ Yoast SEO plugin. -->","yoast_head_json":{"title":"Intervist\u00eb me dr.Isat Jakupi kryetarin e partis\u00eb s\u00eb re n\u00eb Ulqin - Lajme nga Ulqini","description":"Lugina Press: Zot\u00ebri Jakupi fillimisht a mund t\u00eb na thuani di\u00e7ka n\u00eb pika t\u00eb shkurt\u00ebra p\u00ebr vet\u00ebn tuaj, se kush \u00ebsht\u00eb Isat Jakupi? Dr Isat Jakupi :\u00a0 Dr Isat","robots":{"index":"index","follow":"follow","max-snippet":"max-snippet:-1","max-image-preview":"max-image-preview:large","max-video-preview":"max-video-preview:-1"},"canonical":"https:\/\/www.visit-ulcinj.com\/blog\/2015\/02\/21\/interviste-dr-isat-jakupi-kryetarin-e-partise-se-re-ne-ulqin\/","og_locale":"en_US","og_type":"article","og_title":"Intervist\u00eb me dr.Isat Jakupi kryetarin e partis\u00eb s\u00eb re n\u00eb Ulqin - Lajme nga Ulqini","og_description":"Lugina Press: Zot\u00ebri Jakupi fillimisht a mund t\u00eb na thuani di\u00e7ka n\u00eb pika t\u00eb shkurt\u00ebra p\u00ebr vet\u00ebn tuaj, se kush \u00ebsht\u00eb Isat Jakupi? Dr Isat Jakupi :\u00a0 Dr Isat","og_url":"https:\/\/www.visit-ulcinj.com\/blog\/2015\/02\/21\/interviste-dr-isat-jakupi-kryetarin-e-partise-se-re-ne-ulqin\/","og_site_name":"Lajme nga Ulqini","article_published_time":"2015-02-21T22:10:38+00:00","article_modified_time":"2015-02-22T07:18:08+00:00","og_image":[{"url":"http:\/\/www.visit-ulcinj.com\/blog\/wp-content\/uploads\/2015\/02\/Dr-Isat-Jakupi.jpg"}],"twitter_misc":{"Written by":"ulqini","Est. reading time":"5 minutes"},"schema":{"@context":"https:\/\/schema.org","@graph":[{"@type":"WebSite","@id":"https:\/\/www.visit-ulcinj.com\/blog\/#website","url":"https:\/\/www.visit-ulcinj.com\/blog\/","name":"Lajme nga Ulqini","description":"Lajme,Vijesti,Ulqini,Ulqin,Crna Gora,Mali i Zi","potentialAction":[{"@type":"SearchAction","target":{"@type":"EntryPoint","urlTemplate":"https:\/\/www.visit-ulcinj.com\/blog\/?s={search_term_string}"},"query-input":"required name=search_term_string"}],"inLanguage":"en-US"},{"@type":"ImageObject","inLanguage":"en-US","@id":"https:\/\/www.visit-ulcinj.com\/blog\/2015\/02\/21\/interviste-dr-isat-jakupi-kryetarin-e-partise-se-re-ne-ulqin\/#primaryimage","url":"https:\/\/www.visit-ulcinj.com\/blog\/wp-content\/uploads\/2015\/02\/Dr-Isat-Jakupi.jpg","contentUrl":"https:\/\/www.visit-ulcinj.com\/blog\/wp-content\/uploads\/2015\/02\/Dr-Isat-Jakupi.jpg","width":960,"height":576},{"@type":"WebPage","@id":"https:\/\/www.visit-ulcinj.com\/blog\/2015\/02\/21\/interviste-dr-isat-jakupi-kryetarin-e-partise-se-re-ne-ulqin\/#webpage","url":"https:\/\/www.visit-ulcinj.com\/blog\/2015\/02\/21\/interviste-dr-isat-jakupi-kryetarin-e-partise-se-re-ne-ulqin\/","name":"Intervist\u00eb me dr.Isat Jakupi kryetarin e partis\u00eb s\u00eb re n\u00eb Ulqin - Lajme nga Ulqini","isPartOf":{"@id":"https:\/\/www.visit-ulcinj.com\/blog\/#website"},"primaryImageOfPage":{"@id":"https:\/\/www.visit-ulcinj.com\/blog\/2015\/02\/21\/interviste-dr-isat-jakupi-kryetarin-e-partise-se-re-ne-ulqin\/#primaryimage"},"datePublished":"2015-02-21T22:10:38+00:00","dateModified":"2015-02-22T07:18:08+00:00","author":{"@id":"https:\/\/www.visit-ulcinj.com\/blog\/#\/schema\/person\/dcab619c614d3038751c63bc2aadc06d"},"description":"Lugina Press: Zot\u00ebri Jakupi fillimisht a mund t\u00eb na thuani di\u00e7ka n\u00eb pika t\u00eb shkurt\u00ebra p\u00ebr vet\u00ebn tuaj, se kush \u00ebsht\u00eb Isat Jakupi? Dr Isat Jakupi :\u00a0 Dr Isat","breadcrumb":{"@id":"https:\/\/www.visit-ulcinj.com\/blog\/2015\/02\/21\/interviste-dr-isat-jakupi-kryetarin-e-partise-se-re-ne-ulqin\/#breadcrumb"},"inLanguage":"en-US","potentialAction":[{"@type":"ReadAction","target":["https:\/\/www.visit-ulcinj.com\/blog\/2015\/02\/21\/interviste-dr-isat-jakupi-kryetarin-e-partise-se-re-ne-ulqin\/"]}]},{"@type":"BreadcrumbList","@id":"https:\/\/www.visit-ulcinj.com\/blog\/2015\/02\/21\/interviste-dr-isat-jakupi-kryetarin-e-partise-se-re-ne-ulqin\/#breadcrumb","itemListElement":[{"@type":"ListItem","position":1,"name":"Intervist\u00eb me dr.Isat Jakupi kryetarin e partis\u00eb s\u00eb re n\u00eb Ulqin"}]},{"@type":"Person","@id":"https:\/\/www.visit-ulcinj.com\/blog\/#\/schema\/person\/dcab619c614d3038751c63bc2aadc06d","name":"ulqini","sameAs":["http:\/\/www.visit-ulcinj.com"],"url":"https:\/\/www.visit-ulcinj.com\/blog\/author\/admin\/"}]}},"jetpack_featured_media_url":"","jetpack_sharing_enabled":true,"jetpack_shortlink":"https:\/\/wp.me\/pe6lTn-n6o","_links":{"self":[{"href":"https:\/\/www.visit-ulcinj.com\/blog\/wp-json\/wp\/v2\/posts\/88808"}],"collection":[{"href":"https:\/\/www.visit-ulcinj.com\/blog\/wp-json\/wp\/v2\/posts"}],"about":[{"href":"https:\/\/www.visit-ulcinj.com\/blog\/wp-json\/wp\/v2\/types\/post"}],"author":[{"embeddable":true,"href":"https:\/\/www.visit-ulcinj.com\/blog\/wp-json\/wp\/v2\/users\/1"}],"replies":[{"embeddable":true,"href":"https:\/\/www.visit-ulcinj.com\/blog\/wp-json\/wp\/v2\/comments?post=88808"}],"version-history":[{"count":3,"href":"https:\/\/www.visit-ulcinj.com\/blog\/wp-json\/wp\/v2\/posts\/88808\/revisions"}],"predecessor-version":[{"id":88814,"href":"https:\/\/www.visit-ulcinj.com\/blog\/wp-json\/wp\/v2\/posts\/88808\/revisions\/88814"}],"wp:attachment":[{"href":"https:\/\/www.visit-ulcinj.com\/blog\/wp-json\/wp\/v2\/media?parent=88808"}],"wp:term":[{"taxonomy":"category","embeddable":true,"href":"https:\/\/www.visit-ulcinj.com\/blog\/wp-json\/wp\/v2\/categories?post=88808"},{"taxonomy":"post_tag","embeddable":true,"href":"https:\/\/www.visit-ulcinj.com\/blog\/wp-json\/wp\/v2\/tags?post=88808"}],"curies":[{"name":"wp","href":"https:\/\/api.w.org\/{rel}","templated":true}]}}