{"id":88824,"date":"2015-02-23T08:02:39","date_gmt":"2015-02-23T07:02:39","guid":{"rendered":"http:\/\/www.visit-ulcinj.com\/blog\/?p=88824"},"modified":"2015-02-23T19:07:21","modified_gmt":"2015-02-23T18:07:21","slug":"ikje-te-shqiptareve-ka-edhe-nga-ulqini-tuzi-presheva-kumanova-shkupi-gostivari-gjirokastra-berati-durresi-tirana-e-kukesi","status":"publish","type":"post","link":"https:\/\/www.visit-ulcinj.com\/blog\/2015\/02\/23\/ikje-te-shqiptareve-ka-edhe-nga-ulqini-tuzi-presheva-kumanova-shkupi-gostivari-gjirokastra-berati-durresi-tirana-e-kukesi\/","title":{"rendered":"Ikje t\u00eb shqiptar\u00ebve ka edhe nga Ulqini, Tuzi, Presheva, Kumanova, Shkupi, Gostivari, Gjirokastra, Berati, Durr\u00ebsi, Tirana, e Kuk\u00ebsi"},"content":{"rendered":"<div id=\"stcpDiv\">\n<div id=\"stcpDiv\"><strong><a href=\"http:\/\/www.visit-ulcinj.com\/blog\/wp-content\/uploads\/2015\/02\/Uk-LUSHI.jpg\"><img loading=\"lazy\" class=\"alignleft wp-image-88825 size-medium\" src=\"http:\/\/www.visit-ulcinj.com\/blog\/wp-content\/uploads\/2015\/02\/Uk-LUSHI-200x300.jpg\" alt=\"Uk LUSHI\" width=\"200\" height=\"300\" \/><\/a>Ne megjithat\u00eb do t\u00eb fitojm\u00eb p\u00ebrs\u00ebri<\/strong><\/div>\n<div><strong>Nga <\/strong><\/p>\n<div id=\"stcpDiv\"><strong>Uk LUSHI<\/strong><\/div>\n<\/div>\n<p>Keqqeverisje. Keqdrejtim. Vjedhje. Korrupsion. Varf\u00ebri. Skamje. Lig\u00ebshtim. D\u00ebshp\u00ebrim. Dor\u00ebzim. K\u00ebto jan\u00eb disa nga fjal\u00ebt q\u00eb faniten si fantazma mbi ekzistenc\u00ebn ton\u00eb n\u00eb mesin e dekad\u00ebs s\u00eb dyt\u00eb t\u00eb shekullit XXI kudo jetojm\u00eb shqiptar\u00ebt n\u00eb Ballkan. Pavar\u00ebsisht rrezikshm\u00ebris\u00eb s\u00eb pranis\u00eb s\u00eb k\u00ebtyre fjal\u00ebve n\u00eb ligj\u00ebrimin dhe realitetin e nj\u00eb populli, fjala m\u00eb e err\u00ebt dhe me rrezik vdekjeprur\u00ebs nuk ishte th\u00ebn\u00eb z\u00ebsh\u00ebm ndonj\u00ebher\u00eb. Por, k\u00ebto jav\u00ebt e fundit, edhe fjala, t\u00eb cil\u00ebn \u00e7do shqiptar dhe shqiptare duhet ta luftoj\u00eb si murtaj\u00ebn dhe deri n\u00eb zhdukje nga fjalori i p\u00ebrditshm\u00ebris\u00eb son\u00eb, gjeti ca vrima n\u00eb bedenat e k\u00ebshtjell\u00ebs s\u00eb kombit shqiptar dhe bile po tenton t\u00eb ulet k\u00ebmb\u00ebkryq me ne si\u00e7 ulet xhebraili me dik\u00eb q\u00eb do t\u2019i marr\u00eb shpirtin. Fjala n\u00eb fjal\u00eb \u00ebsht\u00eb fjala pashpres\u00eb dhe\u2014 po\u2014 popujt q\u00eb humbin shpres\u00ebn vdekjen e kan\u00eb alternativ\u00eb t\u00eb pashmangshme.<\/p>\n<p>\u00cbsht\u00eb e vet\u00ebkuptueshme q\u00eb kur n\u00eb TV apo Internet transmetohen skena q\u00eb tregojn\u00eb ikjen nga vendlindja t\u00eb qindra-mij\u00ebra shqiptar\u00ebve, fillikat apo me foshnje gjegj\u00ebsisht me f\u00ebmij\u00eb njomak ngryk, duke rrezikuar jet\u00ebt e veta dhe t\u00eb pasardh\u00ebsve t\u00eb tyre nd\u00ebrsa kap\u00ebrcejn\u00eb k\u00ebneta plot me lluc\u00eb dhe lumenj me ujin akull deri n\u00eb fyt, vet\u00ebm q\u00eb t\u00eb arrijn\u00eb t\u00eb hyjn\u00eb brenda kufijve politik\u00eb t\u00eb Bashk\u00ebsis\u00eb Europiane, njeriu nuk ka si t\u00eb mos trishtohet dhe eventualisht t\u00eb m\u00ebkatoj\u00eb n\u00eb ballafaqimin me tundimin e humbjes s\u00eb shpres\u00ebs. Shpresa p\u00ebrp\u00eblitet mes jet\u00ebs dhe vdekjes sidomos kur njeriu i informuar e di q\u00eb pamjet pik\u00eblluese t\u00eb ikanak\u00ebve nga Kosova jan\u00eb ato q\u00eb kan\u00eb marr\u00eb v\u00ebmendjen e mjeteve t\u00eb informimit dhe medieve aktualisht, por assesi nuk jan\u00eb t\u00eb vetmet. Ikje t\u00eb shqiptar\u00ebve ka edhe nga Ulqini, Tuzi, Presheva, Kumanova, Shkupi, Gostivari, Gjirokastra, Berati, Durr\u00ebsi, Tirana, e Kuk\u00ebsi. Her\u00eb me heshtje e her\u00eb me gjurulldi, gati \u00e7do dit\u00eb, shqiptar\u00ebt ikin nga \u00e7do cep i atdheut, sa q\u00eb sot, mund t\u00eb thuhet pa droj\u00eb gabimi: jasht\u00eb trojeve shqiptare jetojn\u00eb mbi nj\u00eb e treta e popullit shqiptar. A jan\u00eb k\u00ebto fakte nj\u00eb gj\u00ebm\u00eb p\u00ebr t\u00eb cil\u00ebn duhet t\u2019i \u00e7ojm\u00eb duart lart dhe t\u00eb fillojm\u00eb kukatjen?! A jemi af\u00ebr fundit ton\u00eb si popull dhe civilizim?!<\/p>\n<p>Jo! Jo dhe jo! Kapitullimin shqiptar nuk mundet dhe nuk do t\u00eb guxoj ta n\u00ebnshkruaj askush.<\/p>\n<p>Populli shqiptar gjithher\u00eb duhet t\u00eb ket\u00eb pjes\u00ebtar\u00eb q\u00eb jetojn\u00eb dhe veprojn\u00eb n\u00eb bot\u00eb, mir\u00ebpo njer\u00ebzit tan\u00eb do t\u00eb duhej t\u00eb largohen nga tokat st\u00ebrgjyshore at\u00ebher\u00eb kur nga vendet tjera mund t\u00eb kontribuojn\u00eb m\u00eb shum\u00eb p\u00ebr popullin shqiptar apo atje t\u00eb realizojn\u00eb veten n\u00eb gj\u00ebra q\u00eb nuk jan\u00eb t\u00eb mundshme n\u00eb atdhe. Momentalisht shqiptar\u00ebt q\u00eb po braktisin trojet tona n\u00eb Ballkan jan\u00eb duke u larguar sepse gjendja politiko-ekonomike \u00ebsht\u00eb e zymt\u00eb dhe p\u00ebrgjegj\u00ebsia p\u00ebr k\u00ebt\u00eb nuk \u00ebsht\u00eb e t\u00eb gjith\u00eb neve, por e shumic\u00ebs d\u00ebrmuese t\u00eb kastave q\u00eb jan\u00eb n\u00eb krye t\u00eb organeve dhe institucioneve partiako-shtet\u00ebrore. Drama e t\u00eb larguarve t\u00eb zhg\u00ebnjyer nga t\u00eb kat\u00ebr an\u00ebt e m\u00ebm\u00ebdheut duhet t\u00eb sh\u00ebrbej\u00eb si nj\u00eb katarsis i pranimit t\u00eb d\u00ebshtimeve kalimtare t\u00eb shteteve shqiptare. Pra, ikjet e bashk\u00ebkomb\u00ebsve ton\u00eb jan\u00eb d\u00ebshmit\u00eb q\u00eb v\u00ebrtetojn\u00eb p\u00ebrtej \u00e7do dyshimi t\u00eb bazuar se jemi n\u00eb kriz\u00eb. \u00a0Porse, bazuar n\u00eb p\u00ebrvojat e m\u00ebhershme historike\u2014 tonat dhe t\u00eb tjer\u00ebve\u2014 krizat jan\u00eb situata kritike gjat\u00eb t\u00eb cilave kombet dhe popujt mund t\u00eb nd\u00ebrrojn\u00eb kurs dhe t\u00eb fillojn\u00eb (ri)ngritjen, prandaj tautologjikisht p\u00ebr ne jan\u00eb duke r\u00ebn\u00eb kambanat e fundit p\u00ebr nd\u00ebrrim drejtimi.<\/p>\n<p>Ndryshimi i par\u00eb urgjent q\u00eb duhet t\u00eb b\u00ebjm\u00eb \u00ebsht\u00eb ndalimi i p\u00ebrgjith\u00ebsimeve t\u00eb stilit t\u00eb gjith\u00eb jemi nj\u00eb lloj; t\u00eb gjith\u00eb jemi t\u00eb prishur; t\u00eb gjith\u00eb jemi p\u00ebrgjegj\u00ebs\u2014 gjeneralizime k\u00ebto, t\u00eb cilat, pastaj, rrjedhin n\u00eb segmente tjera si fjala vjen: t\u00eb gjith\u00eb politikan\u00ebt jan\u00eb hajdut\u00eb; t\u00eb gjith\u00eb intelektual\u00ebt jan\u00eb t\u00eb p\u00ebrfshir\u00eb n\u00eb rrjete klienteliste; t\u00eb gjith\u00eb gjykat\u00ebsit dhe prokuror\u00ebt shiten; t\u00eb gjith\u00eb pun\u00ebtor\u00ebt jan\u00eb dembel\u00eb, e t\u00eb tjera budallall\u00ebqe t\u00eb p\u00ebrngjashme. K\u00ebto (para)gjykime t\u00eb padrejta l\u00ebn\u00eb t\u00eb kuptohet q\u00eb gjoja ne shqiptar\u00ebt poseduakemi gjene t\u00eb cilat na pengojn\u00eb t\u00eb jetojm\u00eb n\u00eb shtete me rend dhe ligj. Nj\u00eb pik\u00ebpamje e k\u00ebtill\u00eb gjithsesi q\u00eb \u00ebsht\u00eb e pasakt\u00eb dhe raciste. Njeriu me mendje t\u00eb sh\u00ebndosh\u00eb nuk ka nevoj\u00eb t\u00eb rr\u00ebmoj\u00eb shum\u00eb prapa q\u00eb t\u00eb gjej\u00eb raste konkrete t\u00eb cilat leht\u00ebsisht hedhin posht\u00eb k\u00ebsi tezash t\u00eb gabuara gjeneraliste. Le t\u00eb p\u00ebrkujtohen si prova sakrificat e mij\u00ebra martir\u00ebve heronj si Arben Broci nga Shkodra, Antigona Fazliu nga Gradica e Drenasit, Ismail Mehmeti nga Drenoveci i Tetov\u00ebs apo Tahir Sinani nga Gria e Bujanit. P\u00ebr persona t\u00eb till\u00eb q\u00eb nuk pranojn\u00eb flijimin p\u00ebr t\u00eb mir\u00ebn publike si aktin m\u00eb t\u00eb lart\u00eb (!!), ka edhe heronj t\u00eb gjall\u00eb dhe krejt t\u00eb zakonsh\u00ebm q\u00eb poashtu hedhin posht\u00eb tez\u00ebn e futjes s\u00eb t\u00eb gjith\u00eb shqiptar\u00ebve n\u00eb nj\u00eb thark derrash t\u00eb ndyr\u00eb dhe diabolik q\u00eb nuk do t\u00eb arrijn\u00eb stabilitetin dhe progresin kurr\u00eb. Sa p\u00ebr ilustrim dhe sigurisht duke u hyr\u00eb n\u00eb hak qindra-mij\u00ebra shqiptareve dhe shqiptar\u00ebve t\u00eb dobish\u00ebm dhe pun\u00ebtor\u00eb, q\u00eb sillen dhe kontribuojn\u00eb si qytetar\u00ebt e vendeve m\u00eb t\u00eb mira, le t\u00eb theksohen kat\u00ebr femra tonat: Dr. Mira Mezini, profesoresh\u00eb e informatik\u00ebs n\u00eb Universitetin e Darmstadt-it n\u00eb Gjermani, t\u00eb cil\u00ebs para ca kohe K\u00ebshilli Europian p\u00ebr Studimet Shkencore i akordoi \u00e7mimin \u201cERC Advanced Grant\u201d prej 2 milion\u00eb eurosh p\u00ebr t\u00eb vazhduar pun\u00ebn e \u00e7mueshme akademike; Majlinda Kelmendi, kampione bot\u00ebrore n\u00eb xhudo, e cila ka reprezentuar edhe Republik\u00ebn e Shqip\u00ebris\u00eb edhe t\u00eb Kosov\u00ebs n\u00eb evenimentet madhore globale sportive; dhe, s\u00eb fundi, dy zonjusha studente n\u00eb Universitetit t\u00eb Prishtin\u00ebs, Gentiana Desipojci dhe Blerta Likaj, t\u00eb cilat po t\u00eb ishin n\u00eb vende per\u00ebndimore korporatat e suksesshme do t\u2019u ofronin qindra-mij\u00ebra dollar\u00eb apo euro p\u00ebr aplikacionin e tyre kreativ p\u00ebrmes t\u00eb cilit kandidat\u00ebt p\u00ebr vendstudim mund t\u00eb shohin n\u00eb koh\u00eb reale rangimin e tyre dhe n\u00ebse nuk duan q\u00eb sh\u00ebnimet e tyre t\u00eb mbahen n\u00eb DropBox, Google Drive apo MSDrive, aplikacioni i vajzave inteligjente prospektuesve u mund\u00ebson t\u2019i vendosin t\u00eb dh\u00ebnat n\u00eb ownCloud duke ruajtur k\u00ebshtu pron\u00ebsin\u00eb. Shqiptar\u00ebt e mir\u00eb jan\u00eb me miliona, shqiptar\u00ebt p\u00ebrgjegj\u00ebs dhe keqb\u00ebr\u00ebs jan\u00eb n\u00eb dhjeta-mij\u00ebra apo shprehur matematikisht\u2014 p\u00ebr \u00e7do shqiptar t\u00eb keq, n\u00eb an\u00ebn e kund\u00ebrt, jan\u00eb 100 shqiptar\u00eb t\u00eb mir\u00eb. Semantika e gjuh\u00ebs nuk \u00ebsht\u00eb mir\u00eb t\u00eb relativizohet dhe t\u00eb sulmohen njer\u00ebzit ad hominem pa u ballafaquar argumentet dhe faktet. Secili le t\u00eb shikoj\u00eb n\u00eb familje, rreth shoq\u00ebror dhe ku jeton dhe do t\u00eb shihni q\u00eb shumica nuk jan\u00eb p\u00ebrgjegj\u00ebs p\u00ebr terrin q\u00eb na ka mb\u00ebshtjelllur kudo gjall\u00ebron etnia shqiptare. Si pasoj\u00eb e k\u00ebsaj t\u00eb v\u00ebrtete mjaft me p\u00ebrgjith\u00ebsime, sepse ato u shkojn\u00eb p\u00ebr shtati m\u00eb s\u00eb shumti mu pakic\u00ebs s\u00eb shqiptar\u00ebve q\u00eb duhet t\u00eb japin llogari p\u00ebr baltovin\u00ebn ku jemi futur.<\/p>\n<p>Ndryshimi i dyt\u00eb urgjent q\u00eb duhet t\u00eb b\u00ebjm\u00eb \u00ebsht\u00eb ta heqim bindjen q\u00eb jemi totalisht t\u00eb pafuqish\u00ebm p\u00ebr t\u00eb nd\u00ebrruar gj\u00ebrat. Pozicioni dhe gjendja e nj\u00eb kombi nuk \u00ebsht\u00eb vet\u00ebm trill i fatit gjeo-politik apo historik, por rezultat i angazhimit t\u00eb an\u00ebtar\u00ebve t\u00eb tij me \u00e7\u2019rast secili njeri e bart\u00eb pjes\u00ebn personale t\u00eb barr\u00ebs s\u00eb atdheut, ashtu q\u00eb askujt t\u00eb mos i bie barr\u00eb m\u00eb e madhe. Askush nuk do t\u00eb nd\u00ebrtoj\u00eb m\u00ebm\u00ebdheun ton\u00eb dhe askush nuk do ta p\u00ebrmir\u00ebsoj\u00eb t\u00eb ardhmen ton\u00eb n\u00ebse jo ne. Kombi \u00ebsht\u00eb nj\u00eb abstraksion konceptual dhe nuk mund t\u00eb mbahet n\u00eb k\u00ebmb\u00eb pa bashk\u00ebpunim dhe kohezion social. Pezmi dhe mllefi ndaj dergj\u00ebs q\u00eb na ka kapluar duhet t\u00eb vihen n\u00ebn kontroll dhe t\u00eb \u00e7lirohen arsyeja dhe vendosm\u00ebria p\u00ebr veprime dhe aktivitete. Rruga m\u00eb e mir\u00eb p\u00ebr t\u00eb treguar fuqin\u00eb ton\u00eb \u00ebsht\u00eb dh\u00ebnia e vot\u00ebs atyre q\u00eb ofrojn\u00eb alternativ\u00ebn dhe zgjidhjet m\u00eb t\u00eb mira dhe realistike t\u00eb problemeve, por, n\u00eb fund t\u00eb fundit, le t\u00eb thot\u00eb kush t\u00eb doj\u00eb \u00e7far\u00eb t\u00eb doj\u00eb, n\u00eb qoft\u00eb se cilido pushtet n\u00eb shtetet shqiptare n\u00eb Ballkan barrikadohet n\u00eb mbrojtje t\u00eb interesave klanore dhe jo respektimit t\u00eb atyre t\u00eb popullit shqiptar, ve\u00e7 100.000 shqiptar\u00eb, n\u00eb Sheshin N\u00ebn\u00eb Tereza n\u00eb Prishtin\u00eb, n\u00eb Sheshin Sk\u00ebnderbej n\u00eb Tiran\u00eb apo n\u00eb Sheshin Makedonija n\u00eb Shkup, t\u00eb ulur dhe plot\u00ebsisht paq\u00ebsor, mund t\u00eb rr\u00ebzojn\u00eb cil\u00ebndo qeveri apo sistem brenda nj\u00eb jave duke q\u00ebndruar stoikisht dit\u00ebn e nat\u00ebn aty, e l\u00ebre m\u00eb n\u00ebse populli vendos t\u00eb p\u00ebrdor\u00eb mjete tjera m\u00eb serioze. \u00cbsht\u00eb lajthitje naive q\u00eb jemi t\u00eb pafuqish\u00ebm dhe kjo bindje defektive duhet t\u00eb m\u00ebnjanohet nga truri i \u00e7do shqiptari sepse kur nj\u00eb grupacion njer\u00ebzor merr vendim t\u00eb arrij\u00eb nj\u00eb q\u00ebllim, \u201cdies irae\u201d e secilit do t\u00eb arrij\u00eb patjet\u00ebr.<\/p>\n<p>Mir\u00ebpo duhet t\u00eb thuhet pa fshehur, pa nxeht\u00ebsin\u00eb e shpres\u00ebs n\u00eb zem\u00ebr dhe flladin e saj n\u00eb mendje, populli shqiptar nuk do t\u00eb b\u00ebj\u00eb as ndryshimet urgjente dhe as ato jourgjente\u2014 ndon\u00ebse t\u00eb r\u00ebnd\u00ebsishme sa urgjentet.Shpresa mbahet gjall\u00eb kur njer\u00ebzit kan\u00eb q\u00ebllime t\u00eb qarta, jan\u00eb me besim dhe p\u00ebrdorin forc\u00ebn e vullnetit q\u00eb t\u2019i arrijn\u00eb ato. Simboli i shpres\u00ebs \u00ebsht\u00eb dall\u00ebndyshja dhe ky simbol nuk do shum\u00eb interpretim. Historia e popujve fort\u00ebsin\u00eb e saj e merr nga v\u00ebshtir\u00ebsit\u00eb me t\u00eb cilat ndeshen popujt. V\u00ebshtir\u00ebsit\u00eb paraqesin probleme por edhe k\u00ebrkojn\u00eb zgjidhje nga ne, mosgjetja e t\u00eb cilave mund t\u00eb rezultoj\u00eb n\u00eb degradim dhe mbase vdekje. Problemet me t\u00eb cilat ballafaqohen grupet e ndryshme njer\u00ebzore kan\u00eb qen\u00eb t\u00eb ndryshme p\u00ebr popuj t\u00eb ndrysh\u00ebm dhe dallimi q\u00eb p\u00ebrcakton nj\u00eb popull si fitues apo humb\u00ebs q\u00ebndron n\u00eb m\u00ebnyr\u00ebs sesi ata reagojn\u00eb ndaj problemeve dhe si i mposhtin v\u00ebshtir\u00ebsit\u00eb. Un\u00eb e ndiej dhimbjen e popullit ton\u00eb, vuajtjet dhe frik\u00ebn se ndoshta zhvillimet mund t\u00eb na \u00e7ojn\u00eb n\u00eb dreq t\u00eb mallkuar, porse un\u00eb gjithashtu e di\u2014 nga historia dhe nga p\u00ebrvoja ime direkte\u2014 q\u00eb nj\u00eb popull i cili fiton mbi dy katastrofa njer\u00ebzore si diktatura dhe pushtimi, ai popull gjithmon\u00eb e ka n\u00eb shpirt shpres\u00ebn. Un\u00eb jam i sigurt q\u00eb shqiptar\u00ebt q\u00eb jan\u00eb si un\u00eb jemi shumica absolute e popullit shqiptar dhe ne megjithat\u00eb do t\u00eb fitojm\u00eb p\u00ebrs\u00ebri p\u00ebr ta shtyr\u00eb civilizimin shqiptar n\u00eb nj\u00eb nivel m\u00eb t\u00eb lart\u00eb nga ku ne do t\u00eb vazhdojm\u00eb t\u00eb pasurojm\u00eb mozaikun e vlerave p\u00ebr t\u00ebr\u00eb njer\u00ebzimin. S\u00eb k\u00ebndejmi, kryet nalt shqiptar\u00eb\u2014 dit\u00ebt e mira jan\u00eb shum\u00eb af\u00ebr sepse nata \u00ebsht\u00eb m\u00eb e err\u00ebt krejt pak para agimit!<\/p>\n<p><strong>Gazetaknn<\/strong><\/p>\n<\/div>\n","protected":false},"excerpt":{"rendered":"<p>Ne megjithat\u00eb do t\u00eb fitojm\u00eb p\u00ebrs\u00ebri Nga Uk LUSHI Keqqeverisje. Keqdrejtim. Vjedhje. Korrupsion. Varf\u00ebri. Skamje. Lig\u00ebshtim. D\u00ebshp\u00ebrim. Dor\u00ebzim. K\u00ebto jan\u00eb disa nga fjal\u00ebt q\u00eb faniten si fantazma mbi ekzistenc\u00ebn ton\u00eb n\u00eb mesin e dekad\u00ebs s\u00eb dyt\u00eb t\u00eb shekullit XXI kudo jetojm\u00eb shqiptar\u00ebt n\u00eb Ballkan. Pavar\u00ebsisht rrezikshm\u00ebris\u00eb s\u00eb pranis\u00eb s\u00eb k\u00ebtyre fjal\u00ebve n\u00eb ligj\u00ebrimin dhe realitetin [&hellip;]<\/p>\n","protected":false},"author":1,"featured_media":0,"comment_status":"closed","ping_status":"closed","sticky":false,"template":"","format":"standard","meta":{"spay_email":"","jetpack_publicize_message":"","jetpack_is_tweetstorm":false,"jetpack_publicize_feature_enabled":true},"categories":[1,14],"tags":[],"jetpack_publicize_connections":[],"yoast_head":"<!-- This site is optimized with the Yoast SEO plugin v19.1 - https:\/\/yoast.com\/wordpress\/plugins\/seo\/ -->\n<title>Ikje t\u00eb shqiptar\u00ebve ka edhe nga Ulqini, Tuzi, Presheva, Kumanova, Shkupi, Gostivari, Gjirokastra, Berati, Durr\u00ebsi, Tirana, e Kuk\u00ebsi - Lajme nga Ulqini<\/title>\n<meta name=\"description\" content=\"Ne megjithat\u00eb do t\u00eb fitojm\u00eb p\u00ebrs\u00ebri Nga Uk LUSHI Keqqeverisje. Keqdrejtim. Vjedhje. Korrupsion. Varf\u00ebri. Skamje. Lig\u00ebshtim. D\u00ebshp\u00ebrim. Dor\u00ebzim. K\u00ebto jan\u00eb\" \/>\n<meta name=\"robots\" content=\"index, follow, max-snippet:-1, max-image-preview:large, max-video-preview:-1\" \/>\n<link rel=\"canonical\" href=\"https:\/\/www.visit-ulcinj.com\/blog\/2015\/02\/23\/ikje-te-shqiptareve-ka-edhe-nga-ulqini-tuzi-presheva-kumanova-shkupi-gostivari-gjirokastra-berati-durresi-tirana-e-kukesi\/\" \/>\n<meta property=\"og:locale\" content=\"en_US\" \/>\n<meta property=\"og:type\" content=\"article\" \/>\n<meta property=\"og:title\" content=\"Ikje t\u00eb shqiptar\u00ebve ka edhe nga Ulqini, Tuzi, Presheva, Kumanova, Shkupi, Gostivari, Gjirokastra, Berati, Durr\u00ebsi, Tirana, e Kuk\u00ebsi - Lajme nga Ulqini\" \/>\n<meta property=\"og:description\" content=\"Ne megjithat\u00eb do t\u00eb fitojm\u00eb p\u00ebrs\u00ebri Nga Uk LUSHI Keqqeverisje. Keqdrejtim. Vjedhje. Korrupsion. Varf\u00ebri. Skamje. Lig\u00ebshtim. D\u00ebshp\u00ebrim. Dor\u00ebzim. K\u00ebto jan\u00eb\" \/>\n<meta property=\"og:url\" content=\"https:\/\/www.visit-ulcinj.com\/blog\/2015\/02\/23\/ikje-te-shqiptareve-ka-edhe-nga-ulqini-tuzi-presheva-kumanova-shkupi-gostivari-gjirokastra-berati-durresi-tirana-e-kukesi\/\" \/>\n<meta property=\"og:site_name\" content=\"Lajme nga Ulqini\" \/>\n<meta property=\"article:published_time\" content=\"2015-02-23T07:02:39+00:00\" \/>\n<meta property=\"article:modified_time\" content=\"2015-02-23T18:07:21+00:00\" \/>\n<meta property=\"og:image\" content=\"http:\/\/www.visit-ulcinj.com\/blog\/wp-content\/uploads\/2015\/02\/Uk-LUSHI-200x300.jpg\" \/>\n<meta name=\"twitter:label1\" content=\"Written by\" \/>\n\t<meta name=\"twitter:data1\" content=\"ulqini\" \/>\n\t<meta name=\"twitter:label2\" content=\"Est. reading time\" \/>\n\t<meta name=\"twitter:data2\" content=\"9 minutes\" \/>\n<script type=\"application\/ld+json\" class=\"yoast-schema-graph\">{\"@context\":\"https:\/\/schema.org\",\"@graph\":[{\"@type\":\"WebSite\",\"@id\":\"https:\/\/www.visit-ulcinj.com\/blog\/#website\",\"url\":\"https:\/\/www.visit-ulcinj.com\/blog\/\",\"name\":\"Lajme nga Ulqini\",\"description\":\"Lajme,Vijesti,Ulqini,Ulqin,Crna Gora,Mali i Zi\",\"potentialAction\":[{\"@type\":\"SearchAction\",\"target\":{\"@type\":\"EntryPoint\",\"urlTemplate\":\"https:\/\/www.visit-ulcinj.com\/blog\/?s={search_term_string}\"},\"query-input\":\"required name=search_term_string\"}],\"inLanguage\":\"en-US\"},{\"@type\":\"ImageObject\",\"inLanguage\":\"en-US\",\"@id\":\"https:\/\/www.visit-ulcinj.com\/blog\/2015\/02\/23\/ikje-te-shqiptareve-ka-edhe-nga-ulqini-tuzi-presheva-kumanova-shkupi-gostivari-gjirokastra-berati-durresi-tirana-e-kukesi\/#primaryimage\",\"url\":\"http:\/\/www.visit-ulcinj.com\/blog\/wp-content\/uploads\/2015\/02\/Uk-LUSHI-200x300.jpg\",\"contentUrl\":\"http:\/\/www.visit-ulcinj.com\/blog\/wp-content\/uploads\/2015\/02\/Uk-LUSHI-200x300.jpg\"},{\"@type\":\"WebPage\",\"@id\":\"https:\/\/www.visit-ulcinj.com\/blog\/2015\/02\/23\/ikje-te-shqiptareve-ka-edhe-nga-ulqini-tuzi-presheva-kumanova-shkupi-gostivari-gjirokastra-berati-durresi-tirana-e-kukesi\/#webpage\",\"url\":\"https:\/\/www.visit-ulcinj.com\/blog\/2015\/02\/23\/ikje-te-shqiptareve-ka-edhe-nga-ulqini-tuzi-presheva-kumanova-shkupi-gostivari-gjirokastra-berati-durresi-tirana-e-kukesi\/\",\"name\":\"Ikje t\u00eb shqiptar\u00ebve ka edhe nga Ulqini, Tuzi, Presheva, Kumanova, Shkupi, Gostivari, Gjirokastra, Berati, Durr\u00ebsi, Tirana, e Kuk\u00ebsi - Lajme nga Ulqini\",\"isPartOf\":{\"@id\":\"https:\/\/www.visit-ulcinj.com\/blog\/#website\"},\"primaryImageOfPage\":{\"@id\":\"https:\/\/www.visit-ulcinj.com\/blog\/2015\/02\/23\/ikje-te-shqiptareve-ka-edhe-nga-ulqini-tuzi-presheva-kumanova-shkupi-gostivari-gjirokastra-berati-durresi-tirana-e-kukesi\/#primaryimage\"},\"datePublished\":\"2015-02-23T07:02:39+00:00\",\"dateModified\":\"2015-02-23T18:07:21+00:00\",\"author\":{\"@id\":\"https:\/\/www.visit-ulcinj.com\/blog\/#\/schema\/person\/dcab619c614d3038751c63bc2aadc06d\"},\"description\":\"Ne megjithat\u00eb do t\u00eb fitojm\u00eb p\u00ebrs\u00ebri Nga Uk LUSHI Keqqeverisje. Keqdrejtim. Vjedhje. Korrupsion. Varf\u00ebri. Skamje. Lig\u00ebshtim. D\u00ebshp\u00ebrim. Dor\u00ebzim. K\u00ebto jan\u00eb\",\"breadcrumb\":{\"@id\":\"https:\/\/www.visit-ulcinj.com\/blog\/2015\/02\/23\/ikje-te-shqiptareve-ka-edhe-nga-ulqini-tuzi-presheva-kumanova-shkupi-gostivari-gjirokastra-berati-durresi-tirana-e-kukesi\/#breadcrumb\"},\"inLanguage\":\"en-US\",\"potentialAction\":[{\"@type\":\"ReadAction\",\"target\":[\"https:\/\/www.visit-ulcinj.com\/blog\/2015\/02\/23\/ikje-te-shqiptareve-ka-edhe-nga-ulqini-tuzi-presheva-kumanova-shkupi-gostivari-gjirokastra-berati-durresi-tirana-e-kukesi\/\"]}]},{\"@type\":\"BreadcrumbList\",\"@id\":\"https:\/\/www.visit-ulcinj.com\/blog\/2015\/02\/23\/ikje-te-shqiptareve-ka-edhe-nga-ulqini-tuzi-presheva-kumanova-shkupi-gostivari-gjirokastra-berati-durresi-tirana-e-kukesi\/#breadcrumb\",\"itemListElement\":[{\"@type\":\"ListItem\",\"position\":1,\"name\":\"Ikje t\u00eb shqiptar\u00ebve ka edhe nga Ulqini, Tuzi, Presheva, Kumanova, Shkupi, Gostivari, Gjirokastra, Berati, Durr\u00ebsi, Tirana, e Kuk\u00ebsi\"}]},{\"@type\":\"Person\",\"@id\":\"https:\/\/www.visit-ulcinj.com\/blog\/#\/schema\/person\/dcab619c614d3038751c63bc2aadc06d\",\"name\":\"ulqini\",\"sameAs\":[\"http:\/\/www.visit-ulcinj.com\"],\"url\":\"https:\/\/www.visit-ulcinj.com\/blog\/author\/admin\/\"}]}<\/script>\n<!-- \/ Yoast SEO plugin. -->","yoast_head_json":{"title":"Ikje t\u00eb shqiptar\u00ebve ka edhe nga Ulqini, Tuzi, Presheva, Kumanova, Shkupi, Gostivari, Gjirokastra, Berati, Durr\u00ebsi, Tirana, e Kuk\u00ebsi - Lajme nga Ulqini","description":"Ne megjithat\u00eb do t\u00eb fitojm\u00eb p\u00ebrs\u00ebri Nga Uk LUSHI Keqqeverisje. Keqdrejtim. Vjedhje. Korrupsion. Varf\u00ebri. Skamje. Lig\u00ebshtim. D\u00ebshp\u00ebrim. Dor\u00ebzim. K\u00ebto jan\u00eb","robots":{"index":"index","follow":"follow","max-snippet":"max-snippet:-1","max-image-preview":"max-image-preview:large","max-video-preview":"max-video-preview:-1"},"canonical":"https:\/\/www.visit-ulcinj.com\/blog\/2015\/02\/23\/ikje-te-shqiptareve-ka-edhe-nga-ulqini-tuzi-presheva-kumanova-shkupi-gostivari-gjirokastra-berati-durresi-tirana-e-kukesi\/","og_locale":"en_US","og_type":"article","og_title":"Ikje t\u00eb shqiptar\u00ebve ka edhe nga Ulqini, Tuzi, Presheva, Kumanova, Shkupi, Gostivari, Gjirokastra, Berati, Durr\u00ebsi, Tirana, e Kuk\u00ebsi - Lajme nga Ulqini","og_description":"Ne megjithat\u00eb do t\u00eb fitojm\u00eb p\u00ebrs\u00ebri Nga Uk LUSHI Keqqeverisje. Keqdrejtim. Vjedhje. Korrupsion. Varf\u00ebri. Skamje. Lig\u00ebshtim. D\u00ebshp\u00ebrim. Dor\u00ebzim. K\u00ebto jan\u00eb","og_url":"https:\/\/www.visit-ulcinj.com\/blog\/2015\/02\/23\/ikje-te-shqiptareve-ka-edhe-nga-ulqini-tuzi-presheva-kumanova-shkupi-gostivari-gjirokastra-berati-durresi-tirana-e-kukesi\/","og_site_name":"Lajme nga Ulqini","article_published_time":"2015-02-23T07:02:39+00:00","article_modified_time":"2015-02-23T18:07:21+00:00","og_image":[{"url":"http:\/\/www.visit-ulcinj.com\/blog\/wp-content\/uploads\/2015\/02\/Uk-LUSHI-200x300.jpg"}],"twitter_misc":{"Written by":"ulqini","Est. reading time":"9 minutes"},"schema":{"@context":"https:\/\/schema.org","@graph":[{"@type":"WebSite","@id":"https:\/\/www.visit-ulcinj.com\/blog\/#website","url":"https:\/\/www.visit-ulcinj.com\/blog\/","name":"Lajme nga Ulqini","description":"Lajme,Vijesti,Ulqini,Ulqin,Crna Gora,Mali i Zi","potentialAction":[{"@type":"SearchAction","target":{"@type":"EntryPoint","urlTemplate":"https:\/\/www.visit-ulcinj.com\/blog\/?s={search_term_string}"},"query-input":"required name=search_term_string"}],"inLanguage":"en-US"},{"@type":"ImageObject","inLanguage":"en-US","@id":"https:\/\/www.visit-ulcinj.com\/blog\/2015\/02\/23\/ikje-te-shqiptareve-ka-edhe-nga-ulqini-tuzi-presheva-kumanova-shkupi-gostivari-gjirokastra-berati-durresi-tirana-e-kukesi\/#primaryimage","url":"http:\/\/www.visit-ulcinj.com\/blog\/wp-content\/uploads\/2015\/02\/Uk-LUSHI-200x300.jpg","contentUrl":"http:\/\/www.visit-ulcinj.com\/blog\/wp-content\/uploads\/2015\/02\/Uk-LUSHI-200x300.jpg"},{"@type":"WebPage","@id":"https:\/\/www.visit-ulcinj.com\/blog\/2015\/02\/23\/ikje-te-shqiptareve-ka-edhe-nga-ulqini-tuzi-presheva-kumanova-shkupi-gostivari-gjirokastra-berati-durresi-tirana-e-kukesi\/#webpage","url":"https:\/\/www.visit-ulcinj.com\/blog\/2015\/02\/23\/ikje-te-shqiptareve-ka-edhe-nga-ulqini-tuzi-presheva-kumanova-shkupi-gostivari-gjirokastra-berati-durresi-tirana-e-kukesi\/","name":"Ikje t\u00eb shqiptar\u00ebve ka edhe nga Ulqini, Tuzi, Presheva, Kumanova, Shkupi, Gostivari, Gjirokastra, Berati, Durr\u00ebsi, Tirana, e Kuk\u00ebsi - Lajme nga Ulqini","isPartOf":{"@id":"https:\/\/www.visit-ulcinj.com\/blog\/#website"},"primaryImageOfPage":{"@id":"https:\/\/www.visit-ulcinj.com\/blog\/2015\/02\/23\/ikje-te-shqiptareve-ka-edhe-nga-ulqini-tuzi-presheva-kumanova-shkupi-gostivari-gjirokastra-berati-durresi-tirana-e-kukesi\/#primaryimage"},"datePublished":"2015-02-23T07:02:39+00:00","dateModified":"2015-02-23T18:07:21+00:00","author":{"@id":"https:\/\/www.visit-ulcinj.com\/blog\/#\/schema\/person\/dcab619c614d3038751c63bc2aadc06d"},"description":"Ne megjithat\u00eb do t\u00eb fitojm\u00eb p\u00ebrs\u00ebri Nga Uk LUSHI Keqqeverisje. Keqdrejtim. Vjedhje. Korrupsion. Varf\u00ebri. Skamje. Lig\u00ebshtim. D\u00ebshp\u00ebrim. Dor\u00ebzim. K\u00ebto jan\u00eb","breadcrumb":{"@id":"https:\/\/www.visit-ulcinj.com\/blog\/2015\/02\/23\/ikje-te-shqiptareve-ka-edhe-nga-ulqini-tuzi-presheva-kumanova-shkupi-gostivari-gjirokastra-berati-durresi-tirana-e-kukesi\/#breadcrumb"},"inLanguage":"en-US","potentialAction":[{"@type":"ReadAction","target":["https:\/\/www.visit-ulcinj.com\/blog\/2015\/02\/23\/ikje-te-shqiptareve-ka-edhe-nga-ulqini-tuzi-presheva-kumanova-shkupi-gostivari-gjirokastra-berati-durresi-tirana-e-kukesi\/"]}]},{"@type":"BreadcrumbList","@id":"https:\/\/www.visit-ulcinj.com\/blog\/2015\/02\/23\/ikje-te-shqiptareve-ka-edhe-nga-ulqini-tuzi-presheva-kumanova-shkupi-gostivari-gjirokastra-berati-durresi-tirana-e-kukesi\/#breadcrumb","itemListElement":[{"@type":"ListItem","position":1,"name":"Ikje t\u00eb shqiptar\u00ebve ka edhe nga Ulqini, Tuzi, Presheva, Kumanova, Shkupi, Gostivari, Gjirokastra, Berati, Durr\u00ebsi, Tirana, e Kuk\u00ebsi"}]},{"@type":"Person","@id":"https:\/\/www.visit-ulcinj.com\/blog\/#\/schema\/person\/dcab619c614d3038751c63bc2aadc06d","name":"ulqini","sameAs":["http:\/\/www.visit-ulcinj.com"],"url":"https:\/\/www.visit-ulcinj.com\/blog\/author\/admin\/"}]}},"jetpack_featured_media_url":"","jetpack_sharing_enabled":true,"jetpack_shortlink":"https:\/\/wp.me\/pe6lTn-n6E","_links":{"self":[{"href":"https:\/\/www.visit-ulcinj.com\/blog\/wp-json\/wp\/v2\/posts\/88824"}],"collection":[{"href":"https:\/\/www.visit-ulcinj.com\/blog\/wp-json\/wp\/v2\/posts"}],"about":[{"href":"https:\/\/www.visit-ulcinj.com\/blog\/wp-json\/wp\/v2\/types\/post"}],"author":[{"embeddable":true,"href":"https:\/\/www.visit-ulcinj.com\/blog\/wp-json\/wp\/v2\/users\/1"}],"replies":[{"embeddable":true,"href":"https:\/\/www.visit-ulcinj.com\/blog\/wp-json\/wp\/v2\/comments?post=88824"}],"version-history":[{"count":2,"href":"https:\/\/www.visit-ulcinj.com\/blog\/wp-json\/wp\/v2\/posts\/88824\/revisions"}],"predecessor-version":[{"id":88830,"href":"https:\/\/www.visit-ulcinj.com\/blog\/wp-json\/wp\/v2\/posts\/88824\/revisions\/88830"}],"wp:attachment":[{"href":"https:\/\/www.visit-ulcinj.com\/blog\/wp-json\/wp\/v2\/media?parent=88824"}],"wp:term":[{"taxonomy":"category","embeddable":true,"href":"https:\/\/www.visit-ulcinj.com\/blog\/wp-json\/wp\/v2\/categories?post=88824"},{"taxonomy":"post_tag","embeddable":true,"href":"https:\/\/www.visit-ulcinj.com\/blog\/wp-json\/wp\/v2\/tags?post=88824"}],"curies":[{"name":"wp","href":"https:\/\/api.w.org\/{rel}","templated":true}]}}