{"id":88832,"date":"2015-02-23T14:42:49","date_gmt":"2015-02-23T13:42:49","guid":{"rendered":"http:\/\/www.visit-ulcinj.com\/blog\/?p=88832"},"modified":"2015-02-23T14:42:49","modified_gmt":"2015-02-23T13:42:49","slug":"bashkepunimi-ndermjet-maqedonise-dhe-malit-te-zi-shembull-per-rajonin","status":"publish","type":"post","link":"https:\/\/www.visit-ulcinj.com\/blog\/2015\/02\/23\/bashkepunimi-ndermjet-maqedonise-dhe-malit-te-zi-shembull-per-rajonin\/","title":{"rendered":"Bashk\u00ebpunimi nd\u00ebrmjet Maqedonis\u00eb dhe i Malit t\u00eb Zi shembull p\u00ebr rajonin"},"content":{"rendered":"<p><a href=\"http:\/\/www.visit-ulcinj.com\/blog\/wp-content\/uploads\/2015\/02\/Igor-Lukshiq-Nikolla-Poposki.jpg\"><img loading=\"lazy\" class=\"alignleft wp-image-88833\" src=\"http:\/\/www.visit-ulcinj.com\/blog\/wp-content\/uploads\/2015\/02\/Igor-Lukshiq-Nikolla-Poposki.jpg\" alt=\"Igor Lukshiq-Nikolla Poposki\" width=\"508\" height=\"238\" srcset=\"https:\/\/www.visit-ulcinj.com\/blog\/wp-content\/uploads\/2015\/02\/Igor-Lukshiq-Nikolla-Poposki.jpg 640w, https:\/\/www.visit-ulcinj.com\/blog\/wp-content\/uploads\/2015\/02\/Igor-Lukshiq-Nikolla-Poposki-300x141.jpg 300w\" sizes=\"(max-width: 508px) 100vw, 508px\" \/><\/a>&#8220;P\u00ebr k\u00ebt\u00eb q\u00ebllim n\u00eb nj\u00eb koh\u00eb t\u00eb af\u00ebrt planifikojm\u00eb edhe em\u00ebrimin e kryetar\u00ebve t\u00eb komitetit t\u00eb p\u00ebrzier si dhe aktivizimin e grupit t\u00eb p\u00ebrzier p\u00ebr bashk\u00ebpunim ekonomik&#8221;, tha Poposki.<\/p>\n<p>N\u00ebnshkrimi i protokollit p\u00ebr kolokacion t\u00eb p\u00ebrfaq\u00ebsive diplomatike &#8211; konsullore me t\u00eb cilin Maqedonia dhe Mali i Zi do t\u00eb ken\u00eb p\u00ebrfaq\u00ebsi t\u00eb p\u00ebrbashk\u00ebt diplomatike n\u00eb Paris ku do t\u00eb ndahet hap\u00ebsira do t\u00eb paraqet shembull t\u00eb mir\u00eb p\u00ebr rajonin dhe do t\u00eb tregojl se b\u00ebhet fjal\u00eb p\u00ebr vende me orientim evropian, vler\u00ebsuan ministrat e pun\u00ebve t\u00eb jashtme Nikolla Poposki dhe Igor Lukshiq pas takimit t\u00eb sot\u00ebm n\u00eb Shkup.<\/p>\n<p>&#8220;B\u00ebjm\u00eb orvatje q\u00eb t\u00eb kemi sa m\u00eb shum\u00eb zgjidhje t\u00eb k\u00ebtilla t\u00eb cilat jan\u00eb ekonomike dhe d\u00ebrgojm\u00eb sinjal politik\u00eb se ekziston bashk\u00ebpunim si\u00e7 pritet nga vendet me orientim evropian. Parisi \u00ebsht\u00eb e para dhe me siguri zgjidhje pionire p\u00ebr rajonin ton\u00eb. Jemi t\u00eb hapur p\u00ebr nj\u00eb bashk\u00ebpunim t\u00eb till\u00eb edhe n\u00eb rajonet e tjera dhe me vende t\u00eb tjera&#8221;, deklaroi Poposki.<\/p>\n<p>Ai theksoi se Maqedonia dhe Mali i Zi kan\u00eb marr\u00ebdh\u00ebnie t\u00eb mira n\u00eb planin politik\u00eb, por se duhet t\u00eb b\u00ebhet nxitje shtes\u00eb p\u00ebr intensifikimin e bashk\u00ebpunimit ekonomik.<\/p>\n<p>&#8220;P\u00ebr k\u00ebt\u00eb q\u00ebllim n\u00eb nj\u00eb koh\u00eb t\u00eb af\u00ebrt planifikojm\u00eb edhe em\u00ebrimin e kryetar\u00ebve t\u00eb komitetit t\u00eb p\u00ebrzier si dhe aktivizimin e grupit t\u00eb p\u00ebrzier p\u00ebr bashk\u00ebpunim ekonomik&#8221;, tha Poposki.<\/p>\n<p>Ai theksoi se n\u00eb takim kan\u00eb shprehur k\u00ebnaq\u00ebsin\u00eb nga projektet q\u00eb zhvillohen rrjedhimisht si\u00e7 jan\u00eb p\u00ebr qasje t\u00eb p\u00ebrbashk\u00ebt para BE-s\u00eb lidhur me pajtueshm\u00ebrin\u00eb e roaming rregullativ\u00ebs, k\u00ebmbimit t\u00eb n\u00ebpun\u00ebsve policor gjat\u00eb koh\u00ebs s\u00eb sezonit turistik, trajnim i personelit ushtarak, bashk\u00ebpunimit mes akademive diplomatike q\u00eb do t\u00eb zgjerohet dhe t\u00eb n\u00ebpun\u00ebsve nga institucionet tjera, k\u00ebmbimit kulturor &#8230;.<\/p>\n<p>&#8220;Biseduam edhe p\u00ebr rrug\u00ebn e dy vendeve tona n\u00eb integrimet euroatlantike. Do t\u00eb tentojm\u00eb q\u00eb n\u00eb vitin 2015 ta shfryt\u00ebzojm\u00eb n\u00eb m\u00ebnyr\u00ebn m\u00eb t\u00eb mir\u00eb t\u00eb mundshme dhe t\u00eb krijojm\u00eb klim\u00eb p\u00ebr an\u00ebtar\u00ebsim t\u00eb shpejt n\u00eb NATO p\u00ebr t\u00eb dy vendet dhe p\u00eb rintensifikimin e bashk\u00ebpunimit n\u00eb procesin e afrimit drejt BE-s\u00eb dhe zbatimit t\u00eb standardeve evropiane q\u00eb do ta b\u00ebj\u00eb m\u00eb prosperuese t\u00ebr\u00eb rajonin ton\u00eb&#8221;, tha Poposki.<\/p>\n<p>Kolegu i tij malazez Lukshiq porositi se \u00e7do takim, po edhe ky i sot\u00ebm p\u00ebrdoret q\u00eb t\u00eb konkludohet bashk\u00ebpunimi i m\u00ebtejsh\u00ebm mes t\u00eb dy vendeve n\u00eb m\u00eb shum\u00eb fusha.<\/p>\n<p>&#8220;N\u00ebnshkrimi i protokollit p\u00ebr kolokacion t\u00eb p\u00ebrfaq\u00ebsis\u00eb diplomatike konsullore n\u00eb Paris\u00eb \u00ebsht\u00eb me r\u00ebnd\u00ebsi p\u00ebr t\u00eb dy ministrit, por \u00ebsht\u00eb m\u00eb me r\u00ebnd\u00ebsi kur shihet nga prizma e rajonit si praktik\u00eb q\u00eb nuk \u00ebsht\u00eb shum\u00eb e shpesht\u00eb. Vler\u00ebsoj\u00eb se kjo marr\u00ebveshje do t\u00eb ket\u00eb jehon\u00eb m\u00eb t\u00eb madhe dhe do t\u00eb tregoj\u00eb gatishm\u00ebrin\u00eb e vendeve tona q\u00eb t\u00eb tregojn\u00eb kapacitet evropian&#8221;, tha Lukshiq, z\u00ebvend\u00ebskryeminist\u00ebr dhe minist\u00ebr i Pun\u00ebve t\u00eb Jashtme dhe Integrimeve Evropiane t\u00eb Malit t\u00eb Zi.<\/p>\n<p>Ai theksoi se \u00ebsht\u00eb e domosdoshme intensifikimi i orvatjeve p\u00ebr p\u00ebrmir\u00ebsimin e bashk\u00ebpunimit ekonomik mes t\u00eb dy veneve, dhe mund\u00ebsis\u00eb p\u00ebr bashk\u00ebpunim t\u00eb projekteve t\u00eb p\u00ebrbashk\u00ebta rajonale infrastrukturore t\u00eb cilat jan\u00eb parakusht p\u00ebr realizimin e potencialit gjith\u00ebp\u00ebrfshir\u00ebs ekonomik t\u00eb t\u00eb dy vendeve. Nj\u00eb herit theksoi se do t\u00eb punohet edhe p\u00ebr nd\u00ebrprerjen e barrierave t\u00eb ndryshme t\u00eb cilat q\u00ebndrojn\u00eb n\u00eb rajon.<\/p>\n<p>&#8220;Insistojm\u00eb q\u00eb n\u00eb ambasad\u00ebn ton\u00eb n\u00eb Shkup t\u00eb krijohen kushte p\u00ebr hapjen e shpejt t\u00eb Zyrave t\u00eb organizat\u00ebs komb\u00ebtare turistike, nd\u00ebrsa besoj\u00eb se t\u00eb dy vendet kan\u00eb interes t\u00eb vendoset linja e drejtp\u00ebrdrejt ajrore&#8221;, theksoi Lukshiq.<\/p>\n<p><strong>(MIA) &#8211; yllpress<br \/>\n<\/strong><\/p>\n","protected":false},"excerpt":{"rendered":"<p>&#8220;P\u00ebr k\u00ebt\u00eb q\u00ebllim n\u00eb nj\u00eb koh\u00eb t\u00eb af\u00ebrt planifikojm\u00eb edhe em\u00ebrimin e kryetar\u00ebve t\u00eb komitetit t\u00eb p\u00ebrzier si dhe aktivizimin e grupit t\u00eb p\u00ebrzier p\u00ebr bashk\u00ebpunim ekonomik&#8221;, tha Poposki. N\u00ebnshkrimi i protokollit p\u00ebr kolokacion t\u00eb p\u00ebrfaq\u00ebsive diplomatike &#8211; konsullore me t\u00eb cilin Maqedonia dhe Mali i Zi do t\u00eb ken\u00eb p\u00ebrfaq\u00ebsi t\u00eb p\u00ebrbashk\u00ebt diplomatike n\u00eb [&hellip;]<\/p>\n","protected":false},"author":1,"featured_media":0,"comment_status":"closed","ping_status":"closed","sticky":false,"template":"","format":"standard","meta":{"spay_email":"","jetpack_publicize_message":"","jetpack_is_tweetstorm":false,"jetpack_publicize_feature_enabled":true},"categories":[7],"tags":[],"jetpack_publicize_connections":[],"yoast_head":"<!-- This site is optimized with the Yoast SEO plugin v19.1 - https:\/\/yoast.com\/wordpress\/plugins\/seo\/ -->\n<title>Bashk\u00ebpunimi nd\u00ebrmjet Maqedonis\u00eb dhe i Malit t\u00eb Zi shembull p\u00ebr rajonin - Lajme nga Ulqini<\/title>\n<meta name=\"description\" content=\"&quot;P\u00ebr k\u00ebt\u00eb q\u00ebllim n\u00eb nj\u00eb koh\u00eb t\u00eb af\u00ebrt planifikojm\u00eb edhe em\u00ebrimin e kryetar\u00ebve t\u00eb komitetit t\u00eb p\u00ebrzier si dhe aktivizimin e grupit t\u00eb p\u00ebrzier p\u00ebr\" \/>\n<meta name=\"robots\" content=\"index, follow, max-snippet:-1, max-image-preview:large, max-video-preview:-1\" \/>\n<link rel=\"canonical\" href=\"https:\/\/www.visit-ulcinj.com\/blog\/2015\/02\/23\/bashkepunimi-ndermjet-maqedonise-dhe-malit-te-zi-shembull-per-rajonin\/\" \/>\n<meta property=\"og:locale\" content=\"en_US\" \/>\n<meta property=\"og:type\" content=\"article\" \/>\n<meta property=\"og:title\" content=\"Bashk\u00ebpunimi nd\u00ebrmjet Maqedonis\u00eb dhe i Malit t\u00eb Zi shembull p\u00ebr rajonin - Lajme nga Ulqini\" \/>\n<meta property=\"og:description\" content=\"&quot;P\u00ebr k\u00ebt\u00eb q\u00ebllim n\u00eb nj\u00eb koh\u00eb t\u00eb af\u00ebrt planifikojm\u00eb edhe em\u00ebrimin e kryetar\u00ebve t\u00eb komitetit t\u00eb p\u00ebrzier si dhe aktivizimin e grupit t\u00eb p\u00ebrzier p\u00ebr\" \/>\n<meta property=\"og:url\" content=\"https:\/\/www.visit-ulcinj.com\/blog\/2015\/02\/23\/bashkepunimi-ndermjet-maqedonise-dhe-malit-te-zi-shembull-per-rajonin\/\" \/>\n<meta property=\"og:site_name\" content=\"Lajme nga Ulqini\" \/>\n<meta property=\"article:published_time\" content=\"2015-02-23T13:42:49+00:00\" \/>\n<meta property=\"og:image\" content=\"http:\/\/www.visit-ulcinj.com\/blog\/wp-content\/uploads\/2015\/02\/Igor-Lukshiq-Nikolla-Poposki.jpg\" \/>\n<meta name=\"twitter:label1\" content=\"Written by\" \/>\n\t<meta name=\"twitter:data1\" content=\"ulqini\" \/>\n\t<meta name=\"twitter:label2\" content=\"Est. reading time\" \/>\n\t<meta name=\"twitter:data2\" content=\"3 minutes\" \/>\n<script type=\"application\/ld+json\" class=\"yoast-schema-graph\">{\"@context\":\"https:\/\/schema.org\",\"@graph\":[{\"@type\":\"WebSite\",\"@id\":\"https:\/\/www.visit-ulcinj.com\/blog\/#website\",\"url\":\"https:\/\/www.visit-ulcinj.com\/blog\/\",\"name\":\"Lajme nga Ulqini\",\"description\":\"Lajme,Vijesti,Ulqini,Ulqin,Crna Gora,Mali i Zi\",\"potentialAction\":[{\"@type\":\"SearchAction\",\"target\":{\"@type\":\"EntryPoint\",\"urlTemplate\":\"https:\/\/www.visit-ulcinj.com\/blog\/?s={search_term_string}\"},\"query-input\":\"required name=search_term_string\"}],\"inLanguage\":\"en-US\"},{\"@type\":\"ImageObject\",\"inLanguage\":\"en-US\",\"@id\":\"https:\/\/www.visit-ulcinj.com\/blog\/2015\/02\/23\/bashkepunimi-ndermjet-maqedonise-dhe-malit-te-zi-shembull-per-rajonin\/#primaryimage\",\"url\":\"https:\/\/www.visit-ulcinj.com\/blog\/wp-content\/uploads\/2015\/02\/Igor-Lukshiq-Nikolla-Poposki.jpg\",\"contentUrl\":\"https:\/\/www.visit-ulcinj.com\/blog\/wp-content\/uploads\/2015\/02\/Igor-Lukshiq-Nikolla-Poposki.jpg\",\"width\":640,\"height\":300},{\"@type\":\"WebPage\",\"@id\":\"https:\/\/www.visit-ulcinj.com\/blog\/2015\/02\/23\/bashkepunimi-ndermjet-maqedonise-dhe-malit-te-zi-shembull-per-rajonin\/#webpage\",\"url\":\"https:\/\/www.visit-ulcinj.com\/blog\/2015\/02\/23\/bashkepunimi-ndermjet-maqedonise-dhe-malit-te-zi-shembull-per-rajonin\/\",\"name\":\"Bashk\u00ebpunimi nd\u00ebrmjet Maqedonis\u00eb dhe i Malit t\u00eb Zi shembull p\u00ebr rajonin - Lajme nga Ulqini\",\"isPartOf\":{\"@id\":\"https:\/\/www.visit-ulcinj.com\/blog\/#website\"},\"primaryImageOfPage\":{\"@id\":\"https:\/\/www.visit-ulcinj.com\/blog\/2015\/02\/23\/bashkepunimi-ndermjet-maqedonise-dhe-malit-te-zi-shembull-per-rajonin\/#primaryimage\"},\"datePublished\":\"2015-02-23T13:42:49+00:00\",\"dateModified\":\"2015-02-23T13:42:49+00:00\",\"author\":{\"@id\":\"https:\/\/www.visit-ulcinj.com\/blog\/#\/schema\/person\/dcab619c614d3038751c63bc2aadc06d\"},\"description\":\"\\\"P\u00ebr k\u00ebt\u00eb q\u00ebllim n\u00eb nj\u00eb koh\u00eb t\u00eb af\u00ebrt planifikojm\u00eb edhe em\u00ebrimin e kryetar\u00ebve t\u00eb komitetit t\u00eb p\u00ebrzier si dhe aktivizimin e grupit t\u00eb p\u00ebrzier p\u00ebr\",\"breadcrumb\":{\"@id\":\"https:\/\/www.visit-ulcinj.com\/blog\/2015\/02\/23\/bashkepunimi-ndermjet-maqedonise-dhe-malit-te-zi-shembull-per-rajonin\/#breadcrumb\"},\"inLanguage\":\"en-US\",\"potentialAction\":[{\"@type\":\"ReadAction\",\"target\":[\"https:\/\/www.visit-ulcinj.com\/blog\/2015\/02\/23\/bashkepunimi-ndermjet-maqedonise-dhe-malit-te-zi-shembull-per-rajonin\/\"]}]},{\"@type\":\"BreadcrumbList\",\"@id\":\"https:\/\/www.visit-ulcinj.com\/blog\/2015\/02\/23\/bashkepunimi-ndermjet-maqedonise-dhe-malit-te-zi-shembull-per-rajonin\/#breadcrumb\",\"itemListElement\":[{\"@type\":\"ListItem\",\"position\":1,\"name\":\"Bashk\u00ebpunimi nd\u00ebrmjet Maqedonis\u00eb dhe i Malit t\u00eb Zi shembull p\u00ebr rajonin\"}]},{\"@type\":\"Person\",\"@id\":\"https:\/\/www.visit-ulcinj.com\/blog\/#\/schema\/person\/dcab619c614d3038751c63bc2aadc06d\",\"name\":\"ulqini\",\"sameAs\":[\"http:\/\/www.visit-ulcinj.com\"],\"url\":\"https:\/\/www.visit-ulcinj.com\/blog\/author\/admin\/\"}]}<\/script>\n<!-- \/ Yoast SEO plugin. -->","yoast_head_json":{"title":"Bashk\u00ebpunimi nd\u00ebrmjet Maqedonis\u00eb dhe i Malit t\u00eb Zi shembull p\u00ebr rajonin - Lajme nga Ulqini","description":"\"P\u00ebr k\u00ebt\u00eb q\u00ebllim n\u00eb nj\u00eb koh\u00eb t\u00eb af\u00ebrt planifikojm\u00eb edhe em\u00ebrimin e kryetar\u00ebve t\u00eb komitetit t\u00eb p\u00ebrzier si dhe aktivizimin e grupit t\u00eb p\u00ebrzier p\u00ebr","robots":{"index":"index","follow":"follow","max-snippet":"max-snippet:-1","max-image-preview":"max-image-preview:large","max-video-preview":"max-video-preview:-1"},"canonical":"https:\/\/www.visit-ulcinj.com\/blog\/2015\/02\/23\/bashkepunimi-ndermjet-maqedonise-dhe-malit-te-zi-shembull-per-rajonin\/","og_locale":"en_US","og_type":"article","og_title":"Bashk\u00ebpunimi nd\u00ebrmjet Maqedonis\u00eb dhe i Malit t\u00eb Zi shembull p\u00ebr rajonin - Lajme nga Ulqini","og_description":"\"P\u00ebr k\u00ebt\u00eb q\u00ebllim n\u00eb nj\u00eb koh\u00eb t\u00eb af\u00ebrt planifikojm\u00eb edhe em\u00ebrimin e kryetar\u00ebve t\u00eb komitetit t\u00eb p\u00ebrzier si dhe aktivizimin e grupit t\u00eb p\u00ebrzier p\u00ebr","og_url":"https:\/\/www.visit-ulcinj.com\/blog\/2015\/02\/23\/bashkepunimi-ndermjet-maqedonise-dhe-malit-te-zi-shembull-per-rajonin\/","og_site_name":"Lajme nga Ulqini","article_published_time":"2015-02-23T13:42:49+00:00","og_image":[{"url":"http:\/\/www.visit-ulcinj.com\/blog\/wp-content\/uploads\/2015\/02\/Igor-Lukshiq-Nikolla-Poposki.jpg"}],"twitter_misc":{"Written by":"ulqini","Est. reading time":"3 minutes"},"schema":{"@context":"https:\/\/schema.org","@graph":[{"@type":"WebSite","@id":"https:\/\/www.visit-ulcinj.com\/blog\/#website","url":"https:\/\/www.visit-ulcinj.com\/blog\/","name":"Lajme nga Ulqini","description":"Lajme,Vijesti,Ulqini,Ulqin,Crna Gora,Mali i Zi","potentialAction":[{"@type":"SearchAction","target":{"@type":"EntryPoint","urlTemplate":"https:\/\/www.visit-ulcinj.com\/blog\/?s={search_term_string}"},"query-input":"required name=search_term_string"}],"inLanguage":"en-US"},{"@type":"ImageObject","inLanguage":"en-US","@id":"https:\/\/www.visit-ulcinj.com\/blog\/2015\/02\/23\/bashkepunimi-ndermjet-maqedonise-dhe-malit-te-zi-shembull-per-rajonin\/#primaryimage","url":"https:\/\/www.visit-ulcinj.com\/blog\/wp-content\/uploads\/2015\/02\/Igor-Lukshiq-Nikolla-Poposki.jpg","contentUrl":"https:\/\/www.visit-ulcinj.com\/blog\/wp-content\/uploads\/2015\/02\/Igor-Lukshiq-Nikolla-Poposki.jpg","width":640,"height":300},{"@type":"WebPage","@id":"https:\/\/www.visit-ulcinj.com\/blog\/2015\/02\/23\/bashkepunimi-ndermjet-maqedonise-dhe-malit-te-zi-shembull-per-rajonin\/#webpage","url":"https:\/\/www.visit-ulcinj.com\/blog\/2015\/02\/23\/bashkepunimi-ndermjet-maqedonise-dhe-malit-te-zi-shembull-per-rajonin\/","name":"Bashk\u00ebpunimi nd\u00ebrmjet Maqedonis\u00eb dhe i Malit t\u00eb Zi shembull p\u00ebr rajonin - Lajme nga Ulqini","isPartOf":{"@id":"https:\/\/www.visit-ulcinj.com\/blog\/#website"},"primaryImageOfPage":{"@id":"https:\/\/www.visit-ulcinj.com\/blog\/2015\/02\/23\/bashkepunimi-ndermjet-maqedonise-dhe-malit-te-zi-shembull-per-rajonin\/#primaryimage"},"datePublished":"2015-02-23T13:42:49+00:00","dateModified":"2015-02-23T13:42:49+00:00","author":{"@id":"https:\/\/www.visit-ulcinj.com\/blog\/#\/schema\/person\/dcab619c614d3038751c63bc2aadc06d"},"description":"\"P\u00ebr k\u00ebt\u00eb q\u00ebllim n\u00eb nj\u00eb koh\u00eb t\u00eb af\u00ebrt planifikojm\u00eb edhe em\u00ebrimin e kryetar\u00ebve t\u00eb komitetit t\u00eb p\u00ebrzier si dhe aktivizimin e grupit t\u00eb p\u00ebrzier p\u00ebr","breadcrumb":{"@id":"https:\/\/www.visit-ulcinj.com\/blog\/2015\/02\/23\/bashkepunimi-ndermjet-maqedonise-dhe-malit-te-zi-shembull-per-rajonin\/#breadcrumb"},"inLanguage":"en-US","potentialAction":[{"@type":"ReadAction","target":["https:\/\/www.visit-ulcinj.com\/blog\/2015\/02\/23\/bashkepunimi-ndermjet-maqedonise-dhe-malit-te-zi-shembull-per-rajonin\/"]}]},{"@type":"BreadcrumbList","@id":"https:\/\/www.visit-ulcinj.com\/blog\/2015\/02\/23\/bashkepunimi-ndermjet-maqedonise-dhe-malit-te-zi-shembull-per-rajonin\/#breadcrumb","itemListElement":[{"@type":"ListItem","position":1,"name":"Bashk\u00ebpunimi nd\u00ebrmjet Maqedonis\u00eb dhe i Malit t\u00eb Zi shembull p\u00ebr rajonin"}]},{"@type":"Person","@id":"https:\/\/www.visit-ulcinj.com\/blog\/#\/schema\/person\/dcab619c614d3038751c63bc2aadc06d","name":"ulqini","sameAs":["http:\/\/www.visit-ulcinj.com"],"url":"https:\/\/www.visit-ulcinj.com\/blog\/author\/admin\/"}]}},"jetpack_featured_media_url":"","jetpack_sharing_enabled":true,"jetpack_shortlink":"https:\/\/wp.me\/pe6lTn-n6M","_links":{"self":[{"href":"https:\/\/www.visit-ulcinj.com\/blog\/wp-json\/wp\/v2\/posts\/88832"}],"collection":[{"href":"https:\/\/www.visit-ulcinj.com\/blog\/wp-json\/wp\/v2\/posts"}],"about":[{"href":"https:\/\/www.visit-ulcinj.com\/blog\/wp-json\/wp\/v2\/types\/post"}],"author":[{"embeddable":true,"href":"https:\/\/www.visit-ulcinj.com\/blog\/wp-json\/wp\/v2\/users\/1"}],"replies":[{"embeddable":true,"href":"https:\/\/www.visit-ulcinj.com\/blog\/wp-json\/wp\/v2\/comments?post=88832"}],"version-history":[{"count":1,"href":"https:\/\/www.visit-ulcinj.com\/blog\/wp-json\/wp\/v2\/posts\/88832\/revisions"}],"predecessor-version":[{"id":88834,"href":"https:\/\/www.visit-ulcinj.com\/blog\/wp-json\/wp\/v2\/posts\/88832\/revisions\/88834"}],"wp:attachment":[{"href":"https:\/\/www.visit-ulcinj.com\/blog\/wp-json\/wp\/v2\/media?parent=88832"}],"wp:term":[{"taxonomy":"category","embeddable":true,"href":"https:\/\/www.visit-ulcinj.com\/blog\/wp-json\/wp\/v2\/categories?post=88832"},{"taxonomy":"post_tag","embeddable":true,"href":"https:\/\/www.visit-ulcinj.com\/blog\/wp-json\/wp\/v2\/tags?post=88832"}],"curies":[{"name":"wp","href":"https:\/\/api.w.org\/{rel}","templated":true}]}}