{"id":88840,"date":"2015-02-23T15:23:30","date_gmt":"2015-02-23T14:23:30","guid":{"rendered":"http:\/\/www.visit-ulcinj.com\/blog\/?p=88840"},"modified":"2015-02-23T16:46:48","modified_gmt":"2015-02-23T15:46:48","slug":"xharra-mustafa-nona-nano-agjent-tregtar-turizmit-malazias","status":"publish","type":"post","link":"https:\/\/www.visit-ulcinj.com\/blog\/2015\/02\/23\/xharra-mustafa-nona-nano-agjent-tregtar-turizmit-malazias\/","title":{"rendered":"Xharra: Mustafa Nona ( Nano) \u201cagjent tregtar\u201d i turizmit malazias"},"content":{"rendered":"<p><a href=\"http:\/\/www.visit-ulcinj.com\/blog\/wp-content\/uploads\/2015\/02\/Fahri-Xharra.jpg\"><img loading=\"lazy\" class=\"alignleft wp-image-88841 size-medium\" src=\"http:\/\/www.visit-ulcinj.com\/blog\/wp-content\/uploads\/2015\/02\/Fahri-Xharra-300x300.jpg\" alt=\"Fahri-Xharra\" width=\"300\" height=\"300\" \/><\/a>I entuziamuar nga \u201cqejfi\u201d dhe \u201c\u2019lezeti \u201c i net\u00ebve t\u00eb kaluara n\u00eb Budva , Mustafa Nona ia fillon tregimit t\u00eb tij :\u201d N\u00eb fundjav\u00ebn e shkuar isha n\u00eb Budva dhe me t\u00eb mb\u00ebrritur atje zbulova se nuk isha i vetmi q\u00eb kisha planifikuar ta kaloja t\u00eb shtun\u00ebn e t\u00eb diel\u00ebn n\u00eb Mal t\u00eb Zi. N\u00eb parkimin e hotelit, tet\u00eb n\u00eb dhjet\u00eb makina ishin me targa shqiptare. N\u00eb recepsion m\u00eb than\u00eb se po, ishte e v\u00ebrtet\u00eb, rreth 80% e klient\u00ebve ishin shqiptar\u00eb (nj\u00eb nga dit\u00ebt e fundjav\u00ebs p\u00ebrkonte me dit\u00ebn e Sh\u00ebn Valentinit, q\u00eb ne kemi z\u00ebn\u00eb ta festojm\u00eb me buj\u00eb). Nuk ishte e fsheht\u00eb p\u00ebr mua q\u00eb Mali i Zi parap\u00eblqehej prej shqiptar\u00ebve p\u00ebr q\u00ebllime turistike, por nuk e dija q\u00eb kjo dukuri t\u00eb kishte p\u00ebrmasa t\u00eb tilla. Atje, n\u00eb at\u00eb rast, t\u00eb dukej se ti nuk ishe n\u00eb nj\u00eb vend t\u00eb huaj. Dhe p\u00ebr personelin e hotelit kjo nuk ishte nj\u00eb e papritur. Shqiptar\u00ebt ishin n\u00eb m\u00ebnyr\u00eb konstante klient\u00eb t\u00eb tyre. Madje, n\u00eb interieur-et e hotelit m\u00eb kapi veshi ve\u00e7 m\u00eb t\u00eb rrall\u00eb ndonj\u00eb bised\u00eb italisht, dhe tek-tuk ndonj\u00eb bised\u00eb n\u00eb gjuh\u00ebn lokale. Gjith\u00eb t\u00eb tjer\u00ebt flisnin n\u00eb gjuh\u00ebn shqipe. \u201c Sa qudi ! Sikur Nano t`ishte i viteve<br \/>\nt\u00eb 90-ta ashtu i \u201c izoluar \u201c n\u00eb \u201cvetmin\u00eb shqiptare\u201d t\u00eb koh\u00ebs s\u00eb komunizmit ; e kisha arsyetur \u201cmagjepsjen\u201d e tij pas asaj se \u00e7ka kishte par\u00eb dhe p\u00ebrjetuar p\u00ebr \u201c here t\u00eb par\u00eb \u201c n\u00eb Budva. Ose t\u00eb na fliste p\u00ebr plazhet e Florid\u00ebs apo Sejsheleve , edhe kjo e kishte nj\u00eb vler\u00eb.<br \/>\nPor padashtas (?) Mustafai i Pax Albanic\u00ebs na \u201cb\u00ebh\u00ebt agjent tegtar\u00eb\u201d i turizmit bregdetar t\u00eb Malit t\u00eb Zi .<\/p>\n<p>Kur ishim f\u00ebmij , n\u00ebse kishim di\u00e7ka t\u00eb mir\u00eb p\u00ebr t\u00eb ngr\u00ebn\u00eb , e q\u00eb nuk e kishin shok\u00ebt at\u00ebher\u00eb e hanim vet\u00ebm; vet\u00ebm e vet\u00ebm mos t\u00eb ngjallim tajitjen e jarg\u00ebve t\u00eb shok\u00ebve p\u00ebr rreth q\u00eb nuk ia kishin mund\u00ebsin\u00eb. Por . pse nuk e ndanim me shok\u00ebt? sigurisht q\u00eb nuk kishte sepse si e thon\u00eb n\u00eb Gjakov\u00eb \u201c t\u00eb ndash nj\u00eb pel\u00eb , nuk t\u00eb bje nj\u00eb fel\u00eb .<br \/>\nNejse e neve nga Kosova me qindra mij\u00ebra q\u00eb i kalojm\u00eb pushimet verore n\u00eb bregtetin<br \/>\nshqiptar , na filluan \u201cjarg\u00ebt \u201c t\u00eb na kullojn\u00eb , por me nj\u00eb pyetje : \u201cAthua , kur do t\u00eb na b\u00ebhet Shqip\u00ebria si Mali i Zi ? . E more nanush , ne i njofim plazhat e Malit t\u00eb Zi para atyre t\u00eb Shqip\u00ebris\u00eb ! Por s`na b\u00ebn shpirti as v\u00ebrr ,p\u00ebr plazhet e huaja?<\/p>\n<p>Dhe Mustafa Nona vazhdon\u201d Ishte p\u00ebr t\u00eb ardhur keq kur shihje n\u00eb dogan\u00eb q\u00eb fluksi i makinave ishte nj\u00ebdrejtim\u00ebsh. Nuk kishte pothuaj asnj\u00eb malazez q\u00eb t\u00eb kishte marr\u00eb rrug\u00ebn p\u00ebr n\u00eb Shqip\u00ebri, n\u00eb Shkod\u00ebr a Tiran\u00eb, me iden\u00eb p\u00ebr ta festuar Sh\u00ebn Valentinin k\u00ebtyre an\u00ebve. Dhe \u00ebsht\u00eb logjike q\u00eb t\u00eb jet\u00eb k\u00ebshtu. Ja, supozoni se jeni malazez\u00eb vet\u00eb! P\u00ebr \u00e7\u2019arsye do kishit dashur q\u00eb ta festonit Sh\u00ebn Valentinin n\u00eb Shqip\u00ebri? Ah, t\u00eb vetmet arsye do kishin qen\u00eb ideja p\u00ebr t\u2019i ikur nj\u00eb cop\u00eb her\u00eb qet\u00ebsis\u00eb, rregullit e siguris\u00eb (\u00ebsht\u00eb nj\u00eb ngasje humane edhe kjo), e k\u00ebrsh\u00ebria p\u00ebr t\u00eb njohur vende t\u00eb tjera m\u00eb primitive, por \u00ebsht\u00eb e qart\u00eb se t\u00eb shumtit e njer\u00ebzve b\u00ebjn\u00eb t\u00eb kund\u00ebrt\u00ebn, d.m.th. preferojn\u00eb t\u00eb l\u00ebn\u00eb, sa her\u00eb q\u00eb mundin, vendin e tyre pak t\u00eb sigurt e shum\u00eb t\u00eb rr\u00ebmujsh\u00ebm p\u00ebr t\u00eb gjetur pak paqe e rregull diku gjetk\u00eb, n\u00eb nj\u00eb bot\u00eb m\u00eb moderne.\u201d \u00c7far\u00eb propagande kund\u00ebr shtetit vet !<br \/>\nOre Mustafa , dreqi le ta haj\u00eb ! por kur un\u00eb nga Kosova e gjej qet\u00ebsin\u00eb shpirt\u00ebrore n\u00eb Shqip\u00ebri , por ti or mik pse jo?<\/p>\n<p>Po Saranda \u00e7`ta zuri udh\u00ebn ? Nj\u00eb fush\u00eb tjet\u00ebr \u00ebsht\u00eb mjedisi ban e publik. Saranda, fjala vjen, \u00ebsht\u00eb nj\u00eb qytet m\u00eb i madh e m\u00eb i gjall\u00eb sesa Budva, e megjithat\u00eb, n\u00eb k\u00ebt\u00eb stin\u00eb t\u00eb vitit, qyteti yn\u00eb i jugut sillet si nj\u00eb ofert\u00eb turistike m\u00eb e varf\u00ebr sesa qyteti i Budv\u00ebs. N\u00eb k\u00ebt\u00eb t\u00eb fundit, njeriu ka m\u00eb shum\u00eb frym\u00ebmarrje, mjediset publike jan\u00eb m\u00eb t\u00eb kuruara e m\u00eb t\u00eb mir\u00ebmbajtura, ka m\u00eb shum\u00eb gjelb\u00ebrim, ka m\u00eb shum\u00eb rend e siguri (s\u2019ka gj\u00eb se polic\u00eb nuk t\u00eb sheh syri), trafiku \u00ebsht\u00eb m\u00eb i disiplinuar, n\u00eb lokalet e mjediset publike, sidozot bar-restorantet, parqet etj., ka m\u00eb shum\u00eb familje, dhe femra, q\u00eb dalin n\u00eb sh\u00ebtitje, e nuk t\u00eb sheh syri sjellje t\u00eb dhunshme apo njer\u00ebz t\u00eb fort\u00eb (k\u00ebtej kufirit jan\u00eb t\u00eb fort\u00ebt q\u00eb t\u00eb fanepsen n\u00eb \u00e7do hap e q\u00eb sundojn\u00eb gjith\u00eb territorin e hap\u00ebsirat).\u201d A ka fjal\u00eb m\u00eb kund\u00ebrefektive p\u00ebr vendin e vet ?<\/p>\n<p>O Mustafa . e ke me porosi ti k\u00ebt\u00eb:\u201c N\u00eb Shqip\u00ebri ti mund t\u00eb dal\u00ebsh vet\u00ebm, a me familjen, p\u00ebr t\u00eb drekuar\/darkuar diku n\u00eb qytetin t\u00ebnd, apo p\u00ebr t\u00eb kaluar nj\u00eb nat\u00eb n\u00eb nj\u00eb qytet tjet\u00ebr, e do jesh i p\u00ebrndjekur gjith\u00eb koh\u00ebn nga frika se do t\u00eb dal\u00eb di\u00e7ka se s\u2019b\u00ebn q\u00eb do t\u00eb ta prish\u00eb dit\u00ebn, drek\u00ebn\/dark\u00ebn a udh\u00ebtimin \u201c ? un\u00eb familjarisht jam shpesh n\u00eb Shqip\u00ebri , por nuk e kam k\u00ebt\u00eb breng\u00eb si ti .|<br \/>\nM\u00eb shkoi mendja , mos je gj\u00eb i porositur?<\/p>\n<p>Fahri Xharra<br \/>\n21.02.15 Gjakov\u00eb<\/p>\n<p><strong>standardi.eu<\/strong><\/p>\n","protected":false},"excerpt":{"rendered":"<p>I entuziamuar nga \u201cqejfi\u201d dhe \u201c\u2019lezeti \u201c i net\u00ebve t\u00eb kaluara n\u00eb Budva , Mustafa Nona ia fillon tregimit t\u00eb tij :\u201d N\u00eb fundjav\u00ebn e shkuar isha n\u00eb Budva dhe me t\u00eb mb\u00ebrritur atje zbulova se nuk isha i vetmi q\u00eb kisha planifikuar ta kaloja t\u00eb shtun\u00ebn e t\u00eb diel\u00ebn n\u00eb Mal t\u00eb Zi. N\u00eb [&hellip;]<\/p>\n","protected":false},"author":1,"featured_media":0,"comment_status":"closed","ping_status":"closed","sticky":false,"template":"","format":"standard","meta":{"spay_email":"","jetpack_publicize_message":"","jetpack_is_tweetstorm":false,"jetpack_publicize_feature_enabled":true},"categories":[13],"tags":[],"jetpack_publicize_connections":[],"yoast_head":"<!-- This site is optimized with the Yoast SEO plugin v19.1 - https:\/\/yoast.com\/wordpress\/plugins\/seo\/ -->\n<title>Xharra: Mustafa Nona ( Nano) \u201cagjent tregtar\u201d i turizmit malazias - Lajme nga Ulqini<\/title>\n<meta name=\"description\" content=\"I entuziamuar nga \u201cqejfi\u201d dhe \u201c\u2019lezeti \u201c i net\u00ebve t\u00eb kaluara n\u00eb Budva , Mustafa Nona ia fillon tregimit t\u00eb tij :\u201d N\u00eb fundjav\u00ebn e shkuar isha n\u00eb Budva dhe\" \/>\n<meta name=\"robots\" content=\"index, follow, max-snippet:-1, max-image-preview:large, max-video-preview:-1\" \/>\n<link rel=\"canonical\" href=\"https:\/\/www.visit-ulcinj.com\/blog\/2015\/02\/23\/xharra-mustafa-nona-nano-agjent-tregtar-turizmit-malazias\/\" \/>\n<meta property=\"og:locale\" content=\"en_US\" \/>\n<meta property=\"og:type\" content=\"article\" \/>\n<meta property=\"og:title\" content=\"Xharra: Mustafa Nona ( Nano) \u201cagjent tregtar\u201d i turizmit malazias - Lajme nga Ulqini\" \/>\n<meta property=\"og:description\" content=\"I entuziamuar nga \u201cqejfi\u201d dhe \u201c\u2019lezeti \u201c i net\u00ebve t\u00eb kaluara n\u00eb Budva , Mustafa Nona ia fillon tregimit t\u00eb tij :\u201d N\u00eb fundjav\u00ebn e shkuar isha n\u00eb Budva dhe\" \/>\n<meta property=\"og:url\" content=\"https:\/\/www.visit-ulcinj.com\/blog\/2015\/02\/23\/xharra-mustafa-nona-nano-agjent-tregtar-turizmit-malazias\/\" \/>\n<meta property=\"og:site_name\" content=\"Lajme nga Ulqini\" \/>\n<meta property=\"article:published_time\" content=\"2015-02-23T14:23:30+00:00\" \/>\n<meta property=\"article:modified_time\" content=\"2015-02-23T15:46:48+00:00\" \/>\n<meta property=\"og:image\" content=\"http:\/\/www.visit-ulcinj.com\/blog\/wp-content\/uploads\/2015\/02\/Fahri-Xharra-300x300.jpg\" \/>\n<meta name=\"twitter:label1\" content=\"Written by\" \/>\n\t<meta name=\"twitter:data1\" content=\"ulqini\" \/>\n\t<meta name=\"twitter:label2\" content=\"Est. reading time\" \/>\n\t<meta name=\"twitter:data2\" content=\"5 minutes\" \/>\n<script type=\"application\/ld+json\" class=\"yoast-schema-graph\">{\"@context\":\"https:\/\/schema.org\",\"@graph\":[{\"@type\":\"WebSite\",\"@id\":\"https:\/\/www.visit-ulcinj.com\/blog\/#website\",\"url\":\"https:\/\/www.visit-ulcinj.com\/blog\/\",\"name\":\"Lajme nga Ulqini\",\"description\":\"Lajme,Vijesti,Ulqini,Ulqin,Crna Gora,Mali i Zi\",\"potentialAction\":[{\"@type\":\"SearchAction\",\"target\":{\"@type\":\"EntryPoint\",\"urlTemplate\":\"https:\/\/www.visit-ulcinj.com\/blog\/?s={search_term_string}\"},\"query-input\":\"required name=search_term_string\"}],\"inLanguage\":\"en-US\"},{\"@type\":\"ImageObject\",\"inLanguage\":\"en-US\",\"@id\":\"https:\/\/www.visit-ulcinj.com\/blog\/2015\/02\/23\/xharra-mustafa-nona-nano-agjent-tregtar-turizmit-malazias\/#primaryimage\",\"url\":\"http:\/\/www.visit-ulcinj.com\/blog\/wp-content\/uploads\/2015\/02\/Fahri-Xharra-300x300.jpg\",\"contentUrl\":\"http:\/\/www.visit-ulcinj.com\/blog\/wp-content\/uploads\/2015\/02\/Fahri-Xharra-300x300.jpg\"},{\"@type\":\"WebPage\",\"@id\":\"https:\/\/www.visit-ulcinj.com\/blog\/2015\/02\/23\/xharra-mustafa-nona-nano-agjent-tregtar-turizmit-malazias\/#webpage\",\"url\":\"https:\/\/www.visit-ulcinj.com\/blog\/2015\/02\/23\/xharra-mustafa-nona-nano-agjent-tregtar-turizmit-malazias\/\",\"name\":\"Xharra: Mustafa Nona ( Nano) \u201cagjent tregtar\u201d i turizmit malazias - Lajme nga Ulqini\",\"isPartOf\":{\"@id\":\"https:\/\/www.visit-ulcinj.com\/blog\/#website\"},\"primaryImageOfPage\":{\"@id\":\"https:\/\/www.visit-ulcinj.com\/blog\/2015\/02\/23\/xharra-mustafa-nona-nano-agjent-tregtar-turizmit-malazias\/#primaryimage\"},\"datePublished\":\"2015-02-23T14:23:30+00:00\",\"dateModified\":\"2015-02-23T15:46:48+00:00\",\"author\":{\"@id\":\"https:\/\/www.visit-ulcinj.com\/blog\/#\/schema\/person\/dcab619c614d3038751c63bc2aadc06d\"},\"description\":\"I entuziamuar nga \u201cqejfi\u201d dhe \u201c\u2019lezeti \u201c i net\u00ebve t\u00eb kaluara n\u00eb Budva , Mustafa Nona ia fillon tregimit t\u00eb tij :\u201d N\u00eb fundjav\u00ebn e shkuar isha n\u00eb Budva dhe\",\"breadcrumb\":{\"@id\":\"https:\/\/www.visit-ulcinj.com\/blog\/2015\/02\/23\/xharra-mustafa-nona-nano-agjent-tregtar-turizmit-malazias\/#breadcrumb\"},\"inLanguage\":\"en-US\",\"potentialAction\":[{\"@type\":\"ReadAction\",\"target\":[\"https:\/\/www.visit-ulcinj.com\/blog\/2015\/02\/23\/xharra-mustafa-nona-nano-agjent-tregtar-turizmit-malazias\/\"]}]},{\"@type\":\"BreadcrumbList\",\"@id\":\"https:\/\/www.visit-ulcinj.com\/blog\/2015\/02\/23\/xharra-mustafa-nona-nano-agjent-tregtar-turizmit-malazias\/#breadcrumb\",\"itemListElement\":[{\"@type\":\"ListItem\",\"position\":1,\"name\":\"Xharra: Mustafa Nona ( Nano) \u201cagjent tregtar\u201d i turizmit malazias\"}]},{\"@type\":\"Person\",\"@id\":\"https:\/\/www.visit-ulcinj.com\/blog\/#\/schema\/person\/dcab619c614d3038751c63bc2aadc06d\",\"name\":\"ulqini\",\"sameAs\":[\"http:\/\/www.visit-ulcinj.com\"],\"url\":\"https:\/\/www.visit-ulcinj.com\/blog\/author\/admin\/\"}]}<\/script>\n<!-- \/ Yoast SEO plugin. -->","yoast_head_json":{"title":"Xharra: Mustafa Nona ( Nano) \u201cagjent tregtar\u201d i turizmit malazias - Lajme nga Ulqini","description":"I entuziamuar nga \u201cqejfi\u201d dhe \u201c\u2019lezeti \u201c i net\u00ebve t\u00eb kaluara n\u00eb Budva , Mustafa Nona ia fillon tregimit t\u00eb tij :\u201d N\u00eb fundjav\u00ebn e shkuar isha n\u00eb Budva dhe","robots":{"index":"index","follow":"follow","max-snippet":"max-snippet:-1","max-image-preview":"max-image-preview:large","max-video-preview":"max-video-preview:-1"},"canonical":"https:\/\/www.visit-ulcinj.com\/blog\/2015\/02\/23\/xharra-mustafa-nona-nano-agjent-tregtar-turizmit-malazias\/","og_locale":"en_US","og_type":"article","og_title":"Xharra: Mustafa Nona ( Nano) \u201cagjent tregtar\u201d i turizmit malazias - Lajme nga Ulqini","og_description":"I entuziamuar nga \u201cqejfi\u201d dhe \u201c\u2019lezeti \u201c i net\u00ebve t\u00eb kaluara n\u00eb Budva , Mustafa Nona ia fillon tregimit t\u00eb tij :\u201d N\u00eb fundjav\u00ebn e shkuar isha n\u00eb Budva dhe","og_url":"https:\/\/www.visit-ulcinj.com\/blog\/2015\/02\/23\/xharra-mustafa-nona-nano-agjent-tregtar-turizmit-malazias\/","og_site_name":"Lajme nga Ulqini","article_published_time":"2015-02-23T14:23:30+00:00","article_modified_time":"2015-02-23T15:46:48+00:00","og_image":[{"url":"http:\/\/www.visit-ulcinj.com\/blog\/wp-content\/uploads\/2015\/02\/Fahri-Xharra-300x300.jpg"}],"twitter_misc":{"Written by":"ulqini","Est. reading time":"5 minutes"},"schema":{"@context":"https:\/\/schema.org","@graph":[{"@type":"WebSite","@id":"https:\/\/www.visit-ulcinj.com\/blog\/#website","url":"https:\/\/www.visit-ulcinj.com\/blog\/","name":"Lajme nga Ulqini","description":"Lajme,Vijesti,Ulqini,Ulqin,Crna Gora,Mali i Zi","potentialAction":[{"@type":"SearchAction","target":{"@type":"EntryPoint","urlTemplate":"https:\/\/www.visit-ulcinj.com\/blog\/?s={search_term_string}"},"query-input":"required name=search_term_string"}],"inLanguage":"en-US"},{"@type":"ImageObject","inLanguage":"en-US","@id":"https:\/\/www.visit-ulcinj.com\/blog\/2015\/02\/23\/xharra-mustafa-nona-nano-agjent-tregtar-turizmit-malazias\/#primaryimage","url":"http:\/\/www.visit-ulcinj.com\/blog\/wp-content\/uploads\/2015\/02\/Fahri-Xharra-300x300.jpg","contentUrl":"http:\/\/www.visit-ulcinj.com\/blog\/wp-content\/uploads\/2015\/02\/Fahri-Xharra-300x300.jpg"},{"@type":"WebPage","@id":"https:\/\/www.visit-ulcinj.com\/blog\/2015\/02\/23\/xharra-mustafa-nona-nano-agjent-tregtar-turizmit-malazias\/#webpage","url":"https:\/\/www.visit-ulcinj.com\/blog\/2015\/02\/23\/xharra-mustafa-nona-nano-agjent-tregtar-turizmit-malazias\/","name":"Xharra: Mustafa Nona ( Nano) \u201cagjent tregtar\u201d i turizmit malazias - Lajme nga Ulqini","isPartOf":{"@id":"https:\/\/www.visit-ulcinj.com\/blog\/#website"},"primaryImageOfPage":{"@id":"https:\/\/www.visit-ulcinj.com\/blog\/2015\/02\/23\/xharra-mustafa-nona-nano-agjent-tregtar-turizmit-malazias\/#primaryimage"},"datePublished":"2015-02-23T14:23:30+00:00","dateModified":"2015-02-23T15:46:48+00:00","author":{"@id":"https:\/\/www.visit-ulcinj.com\/blog\/#\/schema\/person\/dcab619c614d3038751c63bc2aadc06d"},"description":"I entuziamuar nga \u201cqejfi\u201d dhe \u201c\u2019lezeti \u201c i net\u00ebve t\u00eb kaluara n\u00eb Budva , Mustafa Nona ia fillon tregimit t\u00eb tij :\u201d N\u00eb fundjav\u00ebn e shkuar isha n\u00eb Budva dhe","breadcrumb":{"@id":"https:\/\/www.visit-ulcinj.com\/blog\/2015\/02\/23\/xharra-mustafa-nona-nano-agjent-tregtar-turizmit-malazias\/#breadcrumb"},"inLanguage":"en-US","potentialAction":[{"@type":"ReadAction","target":["https:\/\/www.visit-ulcinj.com\/blog\/2015\/02\/23\/xharra-mustafa-nona-nano-agjent-tregtar-turizmit-malazias\/"]}]},{"@type":"BreadcrumbList","@id":"https:\/\/www.visit-ulcinj.com\/blog\/2015\/02\/23\/xharra-mustafa-nona-nano-agjent-tregtar-turizmit-malazias\/#breadcrumb","itemListElement":[{"@type":"ListItem","position":1,"name":"Xharra: Mustafa Nona ( Nano) \u201cagjent tregtar\u201d i turizmit malazias"}]},{"@type":"Person","@id":"https:\/\/www.visit-ulcinj.com\/blog\/#\/schema\/person\/dcab619c614d3038751c63bc2aadc06d","name":"ulqini","sameAs":["http:\/\/www.visit-ulcinj.com"],"url":"https:\/\/www.visit-ulcinj.com\/blog\/author\/admin\/"}]}},"jetpack_featured_media_url":"","jetpack_sharing_enabled":true,"jetpack_shortlink":"https:\/\/wp.me\/pe6lTn-n6U","_links":{"self":[{"href":"https:\/\/www.visit-ulcinj.com\/blog\/wp-json\/wp\/v2\/posts\/88840"}],"collection":[{"href":"https:\/\/www.visit-ulcinj.com\/blog\/wp-json\/wp\/v2\/posts"}],"about":[{"href":"https:\/\/www.visit-ulcinj.com\/blog\/wp-json\/wp\/v2\/types\/post"}],"author":[{"embeddable":true,"href":"https:\/\/www.visit-ulcinj.com\/blog\/wp-json\/wp\/v2\/users\/1"}],"replies":[{"embeddable":true,"href":"https:\/\/www.visit-ulcinj.com\/blog\/wp-json\/wp\/v2\/comments?post=88840"}],"version-history":[{"count":1,"href":"https:\/\/www.visit-ulcinj.com\/blog\/wp-json\/wp\/v2\/posts\/88840\/revisions"}],"predecessor-version":[{"id":88842,"href":"https:\/\/www.visit-ulcinj.com\/blog\/wp-json\/wp\/v2\/posts\/88840\/revisions\/88842"}],"wp:attachment":[{"href":"https:\/\/www.visit-ulcinj.com\/blog\/wp-json\/wp\/v2\/media?parent=88840"}],"wp:term":[{"taxonomy":"category","embeddable":true,"href":"https:\/\/www.visit-ulcinj.com\/blog\/wp-json\/wp\/v2\/categories?post=88840"},{"taxonomy":"post_tag","embeddable":true,"href":"https:\/\/www.visit-ulcinj.com\/blog\/wp-json\/wp\/v2\/tags?post=88840"}],"curies":[{"name":"wp","href":"https:\/\/api.w.org\/{rel}","templated":true}]}}