{"id":88846,"date":"2015-02-23T16:11:20","date_gmt":"2015-02-23T15:11:20","guid":{"rendered":"http:\/\/www.visit-ulcinj.com\/blog\/?p=88846"},"modified":"2015-02-23T16:11:20","modified_gmt":"2015-02-23T15:11:20","slug":"cungu-pod-lupom-inspektora-policije","status":"publish","type":"post","link":"https:\/\/www.visit-ulcinj.com\/blog\/2015\/02\/23\/cungu-pod-lupom-inspektora-policije\/","title":{"rendered":"Cungu pod lupom inspektora policije"},"content":{"rendered":"<p><strong><span class=\"credits__author\">  <a href=\"http:\/\/www.visit-ulcinj.com\/blog\/wp-content\/uploads\/2015\/02\/Djeka-Cungu-Ulcinj.jpg\"><img loading=\"lazy\" class=\"alignleft wp-image-88847 size-medium\" src=\"http:\/\/www.visit-ulcinj.com\/blog\/wp-content\/uploads\/2015\/02\/Djeka-Cungu-Ulcinj-281x300.jpg\" alt=\"Djeka-Cungu-Ulcinj\" width=\"281\" height=\"300\" srcset=\"https:\/\/www.visit-ulcinj.com\/blog\/wp-content\/uploads\/2015\/02\/Djeka-Cungu-Ulcinj-281x300.jpg 281w, https:\/\/www.visit-ulcinj.com\/blog\/wp-content\/uploads\/2015\/02\/Djeka-Cungu-Ulcinj.jpg 416w\" sizes=\"(max-width: 281px) 100vw, 281px\" \/><\/a>Autor: Samir Adrovi\u0107 <\/span><\/strong><\/p>\n<p><strong>Pod lupom inspektora bi\u0107e odluke, ugovori i tenderi koje je zaklju\u010divala ranija vlast na \u010delu sa Nazifom Cunguom<\/strong><\/p>\n<p>Po nalogu specijalnog tu\u017eioca, \u00a0 inspektori policije po\u010deli su istragu o radu op\u0161tinskih vlasti u Ulcinju za period od 2011. do 2014. godine, \u00a0saznaju \u201cVijesti\u201d iz vi\u0161e izvora.<\/p>\n<p>Pod lupom inspektora bi\u0107e odluke, ugovori i tenderi koje je zaklju\u010divala ranija vlast na \u010delu sa Nazifom Cunguom.<\/p>\n<p>Cungu ju\u010de nije htio da komentari\u0161e istragu.<\/p>\n<p>\u201cNemam saznanja o tome i ne mogu da komentari\u0161em ne\u0161to \u0161to ne znam\u201d, kazao je Cungu \u201cVijestima\u201d.<\/p>\n<p>Cungu je bio predsjednik Op\u0161tine do pro\u0161logodi\u0161njih januarskih izbora, kada je fotelju prepustio Fatmiru \u0110eki, lideru Demokratske partije.<\/p>\n<p>Uprkos tome, Cunguova Forca ostala je u vlasti sa osam odborni\u010dkih mjesta. \u201cVijestima\u201d je ju\u010de i u Op\u0161tini potvr\u0111eno da inspektori \u010de\u0161ljaju dokumenta iz tog perioda.<\/p>\n<p>\u201cDali smo im na uvid sve \u0161to su tra\u017eili\u201d, \u00a0kazao je \u00a0sagovornik \u201cVijesti\u201d.<\/p>\n<p>Ovo je drugi put da inspektori vode istragu o radu lokalnih vlasti sa Cunguom na \u010delu.<\/p>\n<p>Prva istraga nije otkrila \u00a0nezakonitosti.<\/p>\n<div class=\"votes__wrap\">\n<form class=\"grade votes cf\" action=\"\/votes\/grade\/content-article\/820345\" method=\"post\"><strong><span class=\"lbl\">Izvor: Vijesti Online<\/span><span class=\"votes\"><br \/>\n<\/span><\/strong><\/p>\n<p><a href=\"http:\/\/www.visit-ulcinj.com\/blog\/wp-content\/uploads\/2015\/02\/Cungu-Gjeka-Hajdinaga-Ulqin.jpg\"><img loading=\"lazy\" class=\"alignleft wp-image-88789\" src=\"http:\/\/www.visit-ulcinj.com\/blog\/wp-content\/uploads\/2015\/02\/Cungu-Gjeka-Hajdinaga-Ulqin.jpg\" alt=\"Cungu-Gjeka-Hajdinaga-Ulqin\" width=\"508\" height=\"184\" srcset=\"https:\/\/www.visit-ulcinj.com\/blog\/wp-content\/uploads\/2015\/02\/Cungu-Gjeka-Hajdinaga-Ulqin.jpg 816w, https:\/\/www.visit-ulcinj.com\/blog\/wp-content\/uploads\/2015\/02\/Cungu-Gjeka-Hajdinaga-Ulqin-300x108.jpg 300w\" sizes=\"(max-width: 508px) 100vw, 508px\" \/><\/a><\/p>\n<\/form>\n<\/div>\n","protected":false},"excerpt":{"rendered":"<p>Autor: Samir Adrovi\u0107 Pod lupom inspektora bi\u0107e odluke, ugovori i tenderi koje je zaklju\u010divala ranija vlast na \u010delu sa Nazifom Cunguom Po nalogu specijalnog tu\u017eioca, \u00a0 inspektori policije po\u010deli su istragu o radu op\u0161tinskih vlasti u Ulcinju za period od 2011. do 2014. godine, \u00a0saznaju \u201cVijesti\u201d iz vi\u0161e izvora. Pod lupom inspektora bi\u0107e odluke, ugovori [&hellip;]<\/p>\n","protected":false},"author":1,"featured_media":0,"comment_status":"closed","ping_status":"closed","sticky":false,"template":"","format":"standard","meta":{"spay_email":"","jetpack_publicize_message":"","jetpack_is_tweetstorm":false,"jetpack_publicize_feature_enabled":true},"categories":[8337],"tags":[],"jetpack_publicize_connections":[],"yoast_head":"<!-- This site is optimized with the Yoast SEO plugin v19.1 - https:\/\/yoast.com\/wordpress\/plugins\/seo\/ -->\n<title>Cungu pod lupom inspektora policije - Lajme nga Ulqini<\/title>\n<meta name=\"description\" content=\"Autor: Samir Adrovi\u0107 Pod lupom inspektora bi\u0107e odluke, ugovori i tenderi koje je zaklju\u010divala ranija vlast na \u010delu sa Nazifom Cunguom Po nalogu\" \/>\n<meta name=\"robots\" content=\"index, follow, max-snippet:-1, max-image-preview:large, max-video-preview:-1\" \/>\n<link rel=\"canonical\" href=\"https:\/\/www.visit-ulcinj.com\/blog\/2015\/02\/23\/cungu-pod-lupom-inspektora-policije\/\" \/>\n<meta property=\"og:locale\" content=\"en_US\" \/>\n<meta property=\"og:type\" content=\"article\" \/>\n<meta property=\"og:title\" content=\"Cungu pod lupom inspektora policije - Lajme nga Ulqini\" \/>\n<meta property=\"og:description\" content=\"Autor: Samir Adrovi\u0107 Pod lupom inspektora bi\u0107e odluke, ugovori i tenderi koje je zaklju\u010divala ranija vlast na \u010delu sa Nazifom Cunguom Po nalogu\" \/>\n<meta property=\"og:url\" content=\"https:\/\/www.visit-ulcinj.com\/blog\/2015\/02\/23\/cungu-pod-lupom-inspektora-policije\/\" \/>\n<meta property=\"og:site_name\" content=\"Lajme nga Ulqini\" \/>\n<meta property=\"article:published_time\" content=\"2015-02-23T15:11:20+00:00\" \/>\n<meta property=\"og:image\" content=\"http:\/\/www.visit-ulcinj.com\/blog\/wp-content\/uploads\/2015\/02\/Djeka-Cungu-Ulcinj-281x300.jpg\" \/>\n<meta name=\"twitter:label1\" content=\"Written by\" \/>\n\t<meta name=\"twitter:data1\" content=\"ulqini\" \/>\n\t<meta name=\"twitter:label2\" content=\"Est. reading time\" \/>\n\t<meta name=\"twitter:data2\" content=\"1 minute\" \/>\n<script type=\"application\/ld+json\" class=\"yoast-schema-graph\">{\"@context\":\"https:\/\/schema.org\",\"@graph\":[{\"@type\":\"WebSite\",\"@id\":\"https:\/\/www.visit-ulcinj.com\/blog\/#website\",\"url\":\"https:\/\/www.visit-ulcinj.com\/blog\/\",\"name\":\"Lajme nga Ulqini\",\"description\":\"Lajme,Vijesti,Ulqini,Ulqin,Crna Gora,Mali i Zi\",\"potentialAction\":[{\"@type\":\"SearchAction\",\"target\":{\"@type\":\"EntryPoint\",\"urlTemplate\":\"https:\/\/www.visit-ulcinj.com\/blog\/?s={search_term_string}\"},\"query-input\":\"required name=search_term_string\"}],\"inLanguage\":\"en-US\"},{\"@type\":\"ImageObject\",\"inLanguage\":\"en-US\",\"@id\":\"https:\/\/www.visit-ulcinj.com\/blog\/2015\/02\/23\/cungu-pod-lupom-inspektora-policije\/#primaryimage\",\"url\":\"https:\/\/www.visit-ulcinj.com\/blog\/wp-content\/uploads\/2015\/02\/Djeka-Cungu-Ulcinj.jpg\",\"contentUrl\":\"https:\/\/www.visit-ulcinj.com\/blog\/wp-content\/uploads\/2015\/02\/Djeka-Cungu-Ulcinj.jpg\",\"width\":416,\"height\":444},{\"@type\":\"WebPage\",\"@id\":\"https:\/\/www.visit-ulcinj.com\/blog\/2015\/02\/23\/cungu-pod-lupom-inspektora-policije\/#webpage\",\"url\":\"https:\/\/www.visit-ulcinj.com\/blog\/2015\/02\/23\/cungu-pod-lupom-inspektora-policije\/\",\"name\":\"Cungu pod lupom inspektora policije - Lajme nga Ulqini\",\"isPartOf\":{\"@id\":\"https:\/\/www.visit-ulcinj.com\/blog\/#website\"},\"primaryImageOfPage\":{\"@id\":\"https:\/\/www.visit-ulcinj.com\/blog\/2015\/02\/23\/cungu-pod-lupom-inspektora-policije\/#primaryimage\"},\"datePublished\":\"2015-02-23T15:11:20+00:00\",\"dateModified\":\"2015-02-23T15:11:20+00:00\",\"author\":{\"@id\":\"https:\/\/www.visit-ulcinj.com\/blog\/#\/schema\/person\/dcab619c614d3038751c63bc2aadc06d\"},\"description\":\"Autor: Samir Adrovi\u0107 Pod lupom inspektora bi\u0107e odluke, ugovori i tenderi koje je zaklju\u010divala ranija vlast na \u010delu sa Nazifom Cunguom Po nalogu\",\"breadcrumb\":{\"@id\":\"https:\/\/www.visit-ulcinj.com\/blog\/2015\/02\/23\/cungu-pod-lupom-inspektora-policije\/#breadcrumb\"},\"inLanguage\":\"en-US\",\"potentialAction\":[{\"@type\":\"ReadAction\",\"target\":[\"https:\/\/www.visit-ulcinj.com\/blog\/2015\/02\/23\/cungu-pod-lupom-inspektora-policije\/\"]}]},{\"@type\":\"BreadcrumbList\",\"@id\":\"https:\/\/www.visit-ulcinj.com\/blog\/2015\/02\/23\/cungu-pod-lupom-inspektora-policije\/#breadcrumb\",\"itemListElement\":[{\"@type\":\"ListItem\",\"position\":1,\"name\":\"Cungu pod lupom inspektora policije\"}]},{\"@type\":\"Person\",\"@id\":\"https:\/\/www.visit-ulcinj.com\/blog\/#\/schema\/person\/dcab619c614d3038751c63bc2aadc06d\",\"name\":\"ulqini\",\"sameAs\":[\"http:\/\/www.visit-ulcinj.com\"],\"url\":\"https:\/\/www.visit-ulcinj.com\/blog\/author\/admin\/\"}]}<\/script>\n<!-- \/ Yoast SEO plugin. -->","yoast_head_json":{"title":"Cungu pod lupom inspektora policije - Lajme nga Ulqini","description":"Autor: Samir Adrovi\u0107 Pod lupom inspektora bi\u0107e odluke, ugovori i tenderi koje je zaklju\u010divala ranija vlast na \u010delu sa Nazifom Cunguom Po nalogu","robots":{"index":"index","follow":"follow","max-snippet":"max-snippet:-1","max-image-preview":"max-image-preview:large","max-video-preview":"max-video-preview:-1"},"canonical":"https:\/\/www.visit-ulcinj.com\/blog\/2015\/02\/23\/cungu-pod-lupom-inspektora-policije\/","og_locale":"en_US","og_type":"article","og_title":"Cungu pod lupom inspektora policije - Lajme nga Ulqini","og_description":"Autor: Samir Adrovi\u0107 Pod lupom inspektora bi\u0107e odluke, ugovori i tenderi koje je zaklju\u010divala ranija vlast na \u010delu sa Nazifom Cunguom Po nalogu","og_url":"https:\/\/www.visit-ulcinj.com\/blog\/2015\/02\/23\/cungu-pod-lupom-inspektora-policije\/","og_site_name":"Lajme nga Ulqini","article_published_time":"2015-02-23T15:11:20+00:00","og_image":[{"url":"http:\/\/www.visit-ulcinj.com\/blog\/wp-content\/uploads\/2015\/02\/Djeka-Cungu-Ulcinj-281x300.jpg"}],"twitter_misc":{"Written by":"ulqini","Est. reading time":"1 minute"},"schema":{"@context":"https:\/\/schema.org","@graph":[{"@type":"WebSite","@id":"https:\/\/www.visit-ulcinj.com\/blog\/#website","url":"https:\/\/www.visit-ulcinj.com\/blog\/","name":"Lajme nga Ulqini","description":"Lajme,Vijesti,Ulqini,Ulqin,Crna Gora,Mali i Zi","potentialAction":[{"@type":"SearchAction","target":{"@type":"EntryPoint","urlTemplate":"https:\/\/www.visit-ulcinj.com\/blog\/?s={search_term_string}"},"query-input":"required name=search_term_string"}],"inLanguage":"en-US"},{"@type":"ImageObject","inLanguage":"en-US","@id":"https:\/\/www.visit-ulcinj.com\/blog\/2015\/02\/23\/cungu-pod-lupom-inspektora-policije\/#primaryimage","url":"https:\/\/www.visit-ulcinj.com\/blog\/wp-content\/uploads\/2015\/02\/Djeka-Cungu-Ulcinj.jpg","contentUrl":"https:\/\/www.visit-ulcinj.com\/blog\/wp-content\/uploads\/2015\/02\/Djeka-Cungu-Ulcinj.jpg","width":416,"height":444},{"@type":"WebPage","@id":"https:\/\/www.visit-ulcinj.com\/blog\/2015\/02\/23\/cungu-pod-lupom-inspektora-policije\/#webpage","url":"https:\/\/www.visit-ulcinj.com\/blog\/2015\/02\/23\/cungu-pod-lupom-inspektora-policije\/","name":"Cungu pod lupom inspektora policije - Lajme nga Ulqini","isPartOf":{"@id":"https:\/\/www.visit-ulcinj.com\/blog\/#website"},"primaryImageOfPage":{"@id":"https:\/\/www.visit-ulcinj.com\/blog\/2015\/02\/23\/cungu-pod-lupom-inspektora-policije\/#primaryimage"},"datePublished":"2015-02-23T15:11:20+00:00","dateModified":"2015-02-23T15:11:20+00:00","author":{"@id":"https:\/\/www.visit-ulcinj.com\/blog\/#\/schema\/person\/dcab619c614d3038751c63bc2aadc06d"},"description":"Autor: Samir Adrovi\u0107 Pod lupom inspektora bi\u0107e odluke, ugovori i tenderi koje je zaklju\u010divala ranija vlast na \u010delu sa Nazifom Cunguom Po nalogu","breadcrumb":{"@id":"https:\/\/www.visit-ulcinj.com\/blog\/2015\/02\/23\/cungu-pod-lupom-inspektora-policije\/#breadcrumb"},"inLanguage":"en-US","potentialAction":[{"@type":"ReadAction","target":["https:\/\/www.visit-ulcinj.com\/blog\/2015\/02\/23\/cungu-pod-lupom-inspektora-policije\/"]}]},{"@type":"BreadcrumbList","@id":"https:\/\/www.visit-ulcinj.com\/blog\/2015\/02\/23\/cungu-pod-lupom-inspektora-policije\/#breadcrumb","itemListElement":[{"@type":"ListItem","position":1,"name":"Cungu pod lupom inspektora policije"}]},{"@type":"Person","@id":"https:\/\/www.visit-ulcinj.com\/blog\/#\/schema\/person\/dcab619c614d3038751c63bc2aadc06d","name":"ulqini","sameAs":["http:\/\/www.visit-ulcinj.com"],"url":"https:\/\/www.visit-ulcinj.com\/blog\/author\/admin\/"}]}},"jetpack_featured_media_url":"","jetpack_sharing_enabled":true,"jetpack_shortlink":"https:\/\/wp.me\/pe6lTn-n70","_links":{"self":[{"href":"https:\/\/www.visit-ulcinj.com\/blog\/wp-json\/wp\/v2\/posts\/88846"}],"collection":[{"href":"https:\/\/www.visit-ulcinj.com\/blog\/wp-json\/wp\/v2\/posts"}],"about":[{"href":"https:\/\/www.visit-ulcinj.com\/blog\/wp-json\/wp\/v2\/types\/post"}],"author":[{"embeddable":true,"href":"https:\/\/www.visit-ulcinj.com\/blog\/wp-json\/wp\/v2\/users\/1"}],"replies":[{"embeddable":true,"href":"https:\/\/www.visit-ulcinj.com\/blog\/wp-json\/wp\/v2\/comments?post=88846"}],"version-history":[{"count":1,"href":"https:\/\/www.visit-ulcinj.com\/blog\/wp-json\/wp\/v2\/posts\/88846\/revisions"}],"predecessor-version":[{"id":88848,"href":"https:\/\/www.visit-ulcinj.com\/blog\/wp-json\/wp\/v2\/posts\/88846\/revisions\/88848"}],"wp:attachment":[{"href":"https:\/\/www.visit-ulcinj.com\/blog\/wp-json\/wp\/v2\/media?parent=88846"}],"wp:term":[{"taxonomy":"category","embeddable":true,"href":"https:\/\/www.visit-ulcinj.com\/blog\/wp-json\/wp\/v2\/categories?post=88846"},{"taxonomy":"post_tag","embeddable":true,"href":"https:\/\/www.visit-ulcinj.com\/blog\/wp-json\/wp\/v2\/tags?post=88846"}],"curies":[{"name":"wp","href":"https:\/\/api.w.org\/{rel}","templated":true}]}}