{"id":88854,"date":"2015-02-23T16:39:24","date_gmt":"2015-02-23T15:39:24","guid":{"rendered":"http:\/\/www.visit-ulcinj.com\/blog\/?p=88854"},"modified":"2015-02-23T17:52:44","modified_gmt":"2015-02-23T16:52:44","slug":"shkrela-dhe-nimanbegu-pjese-te-delegacionit-ne-bruksel","status":"publish","type":"post","link":"https:\/\/www.visit-ulcinj.com\/blog\/2015\/02\/23\/shkrela-dhe-nimanbegu-pjese-te-delegacionit-ne-bruksel\/","title":{"rendered":"Shkrela dhe Nimanbegu  pjes\u00eb t\u00eb delegacionit t\u00eb Malit t\u00eb Zi n\u00eb Bruksel"},"content":{"rendered":"<p><strong><span id=\"fbPhotoSnowliftCaption\" class=\"fbPhotosPhotoCaption\" tabindex=\"0\" data-ft=\"{&quot;tn&quot;:&quot;K&quot;}\"><span class=\"hasCaption\"><a href=\"http:\/\/www.visit-ulcinj.com\/blog\/wp-content\/uploads\/2015\/02\/Shkrela-dhe-Nimanbegu-pjes\u00eb-t\u00eb-delegacionit-n\u00eb-Bruksel.jpg\"><img loading=\"lazy\" class=\"alignleft wp-image-88860\" src=\"http:\/\/www.visit-ulcinj.com\/blog\/wp-content\/uploads\/2015\/02\/Shkrela-dhe-Nimanbegu-pjes\u00eb-t\u00eb-delegacionit-n\u00eb-Bruksel.jpg\" alt=\"Shkrela dhe Nimanbegu pjes\u00eb t\u00eb delegacionit n\u00eb Bruksel\" width=\"508\" height=\"381\" srcset=\"https:\/\/www.visit-ulcinj.com\/blog\/wp-content\/uploads\/2015\/02\/Shkrela-dhe-Nimanbegu-pjes\u00eb-t\u00eb-delegacionit-n\u00eb-Bruksel.jpg 960w, https:\/\/www.visit-ulcinj.com\/blog\/wp-content\/uploads\/2015\/02\/Shkrela-dhe-Nimanbegu-pjes\u00eb-t\u00eb-delegacionit-n\u00eb-Bruksel-300x225.jpg 300w\" sizes=\"(max-width: 508px) 100vw, 508px\" \/><\/a>Luigj Shkreli me Genc Nimanbegu ne Parlamentin Europian,,Delegacion i Parlamentit te Malit Te Zi,,Bruxelles me 23.02.2015<\/span><\/span><\/strong><\/p>\n<p>N\u00eb Parlamentin evropian n\u00eb Bruksel m\u00eb 23 dhe 24 shkurt do t\u00eb mbahet mbledhja nd\u00ebrparlamentare e Parlamentit evropian dhe parlamenteve nacionale me tem\u00ebn: \u201cKufijt\u00eb e men\u00e7ur: sfidat evropiane, eksperiencat nacionale, rruga p\u00ebrpara\u201d, njoftohet nga Kuvendi i Malit t\u00eb Zi, raporton Portali Ul.info.<br \/>\n<a href=\"http:\/\/www.visit-ulcinj.com\/blog\/wp-content\/uploads\/2015\/02\/Genci-Nimanbegu-Bruksel.jpg\"><img loading=\"lazy\" class=\"alignleft wp-image-88856\" src=\"http:\/\/www.visit-ulcinj.com\/blog\/wp-content\/uploads\/2015\/02\/Genci-Nimanbegu-Bruksel.jpg\" alt=\"Genci-Nimanbegu-Bruksel\" width=\"508\" height=\"379\" srcset=\"https:\/\/www.visit-ulcinj.com\/blog\/wp-content\/uploads\/2015\/02\/Genci-Nimanbegu-Bruksel.jpg 599w, https:\/\/www.visit-ulcinj.com\/blog\/wp-content\/uploads\/2015\/02\/Genci-Nimanbegu-Bruksel-300x224.jpg 300w\" sizes=\"(max-width: 508px) 100vw, 508px\" \/><\/a><\/p>\n<p>N\u00eb mbledhje do t\u00eb marrin pjes\u00eb p\u00ebrfaq\u00ebsuesit e k\u00ebshillave kompetent\u00eb t\u00eb parlamenteve t\u00eb shteteve t\u00eb Bashkimit evropian dhe shteteve kandidate p\u00ebr an\u00ebtar\u00ebsi, nd\u00ebrsa v\u00ebmendje e ve\u00e7ant\u00eb do ti kushtohet propozimeve t\u00eb rregullave t\u00eb cilat duhet t\u00eb rregullojn\u00eb hyrjen dhe daljen nga Bashkimi evropian i shtetasve t\u00eb vendeve tjera dhe koh\u00ebzgjatja e q\u00ebndrimit t\u00eb tyre n\u00eb territorin e BE-s\u00eb.<\/p>\n<p>N\u00eb k\u00ebt\u00eb mbledhje, do t\u00eb marrin pjes\u00eb an\u00ebtari i K\u00ebshillit p\u00ebr sistem politik, drejt\u00ebsi dhe administrat\u00eb \u2013 deputeti Genci Nimanbegu dhe an\u00ebtari i K\u00ebshillit p\u00ebr siguri dhe mbrojtje \u2013 deputeti Luigj \u2013 Lubo Shkrela.<\/p>\n","protected":false},"excerpt":{"rendered":"<p>Luigj Shkreli me Genc Nimanbegu ne Parlamentin Europian,,Delegacion i Parlamentit te Malit Te Zi,,Bruxelles me 23.02.2015 N\u00eb Parlamentin evropian n\u00eb Bruksel m\u00eb 23 dhe 24 shkurt do t\u00eb mbahet mbledhja nd\u00ebrparlamentare e Parlamentit evropian dhe parlamenteve nacionale me tem\u00ebn: \u201cKufijt\u00eb e men\u00e7ur: sfidat evropiane, eksperiencat nacionale, rruga p\u00ebrpara\u201d, njoftohet nga Kuvendi i Malit t\u00eb Zi, [&hellip;]<\/p>\n","protected":false},"author":1,"featured_media":0,"comment_status":"closed","ping_status":"closed","sticky":false,"template":"","format":"standard","meta":{"spay_email":"","jetpack_publicize_message":"","jetpack_is_tweetstorm":false,"jetpack_publicize_feature_enabled":true},"categories":[7],"tags":[],"jetpack_publicize_connections":[],"yoast_head":"<!-- This site is optimized with the Yoast SEO plugin v19.1 - https:\/\/yoast.com\/wordpress\/plugins\/seo\/ -->\n<title>Shkrela dhe Nimanbegu pjes\u00eb t\u00eb delegacionit t\u00eb Malit t\u00eb Zi n\u00eb Bruksel - Lajme nga Ulqini<\/title>\n<meta name=\"description\" content=\"Luigj Shkreli me Genc Nimanbegu ne Parlamentin Europian,,Delegacion i Parlamentit te Malit Te Zi,,Bruxelles me 23.02.2015 N\u00eb Parlamentin evropian n\u00eb\" \/>\n<meta name=\"robots\" content=\"index, follow, max-snippet:-1, max-image-preview:large, max-video-preview:-1\" \/>\n<link rel=\"canonical\" href=\"https:\/\/www.visit-ulcinj.com\/blog\/2015\/02\/23\/shkrela-dhe-nimanbegu-pjese-te-delegacionit-ne-bruksel\/\" \/>\n<meta property=\"og:locale\" content=\"en_US\" \/>\n<meta property=\"og:type\" content=\"article\" \/>\n<meta property=\"og:title\" content=\"Shkrela dhe Nimanbegu pjes\u00eb t\u00eb delegacionit t\u00eb Malit t\u00eb Zi n\u00eb Bruksel - Lajme nga Ulqini\" \/>\n<meta property=\"og:description\" content=\"Luigj Shkreli me Genc Nimanbegu ne Parlamentin Europian,,Delegacion i Parlamentit te Malit Te Zi,,Bruxelles me 23.02.2015 N\u00eb Parlamentin evropian n\u00eb\" \/>\n<meta property=\"og:url\" content=\"https:\/\/www.visit-ulcinj.com\/blog\/2015\/02\/23\/shkrela-dhe-nimanbegu-pjese-te-delegacionit-ne-bruksel\/\" \/>\n<meta property=\"og:site_name\" content=\"Lajme nga Ulqini\" \/>\n<meta property=\"article:published_time\" content=\"2015-02-23T15:39:24+00:00\" \/>\n<meta property=\"article:modified_time\" content=\"2015-02-23T16:52:44+00:00\" \/>\n<meta property=\"og:image\" content=\"http:\/\/www.visit-ulcinj.com\/blog\/wp-content\/uploads\/2015\/02\/Genci-Nimanbegu-Bruksel.jpg\" \/>\n<meta name=\"twitter:label1\" content=\"Written by\" \/>\n\t<meta name=\"twitter:data1\" content=\"ulqini\" \/>\n\t<meta name=\"twitter:label2\" content=\"Est. reading time\" \/>\n\t<meta name=\"twitter:data2\" content=\"1 minute\" \/>\n<script type=\"application\/ld+json\" class=\"yoast-schema-graph\">{\"@context\":\"https:\/\/schema.org\",\"@graph\":[{\"@type\":\"WebSite\",\"@id\":\"https:\/\/www.visit-ulcinj.com\/blog\/#website\",\"url\":\"https:\/\/www.visit-ulcinj.com\/blog\/\",\"name\":\"Lajme nga Ulqini\",\"description\":\"Lajme,Vijesti,Ulqini,Ulqin,Crna Gora,Mali i Zi\",\"potentialAction\":[{\"@type\":\"SearchAction\",\"target\":{\"@type\":\"EntryPoint\",\"urlTemplate\":\"https:\/\/www.visit-ulcinj.com\/blog\/?s={search_term_string}\"},\"query-input\":\"required name=search_term_string\"}],\"inLanguage\":\"en-US\"},{\"@type\":\"ImageObject\",\"inLanguage\":\"en-US\",\"@id\":\"https:\/\/www.visit-ulcinj.com\/blog\/2015\/02\/23\/shkrela-dhe-nimanbegu-pjese-te-delegacionit-ne-bruksel\/#primaryimage\",\"url\":\"https:\/\/www.visit-ulcinj.com\/blog\/wp-content\/uploads\/2015\/02\/Genci-Nimanbegu-Bruksel.jpg\",\"contentUrl\":\"https:\/\/www.visit-ulcinj.com\/blog\/wp-content\/uploads\/2015\/02\/Genci-Nimanbegu-Bruksel.jpg\",\"width\":599,\"height\":447},{\"@type\":\"WebPage\",\"@id\":\"https:\/\/www.visit-ulcinj.com\/blog\/2015\/02\/23\/shkrela-dhe-nimanbegu-pjese-te-delegacionit-ne-bruksel\/#webpage\",\"url\":\"https:\/\/www.visit-ulcinj.com\/blog\/2015\/02\/23\/shkrela-dhe-nimanbegu-pjese-te-delegacionit-ne-bruksel\/\",\"name\":\"Shkrela dhe Nimanbegu pjes\u00eb t\u00eb delegacionit t\u00eb Malit t\u00eb Zi n\u00eb Bruksel - Lajme nga Ulqini\",\"isPartOf\":{\"@id\":\"https:\/\/www.visit-ulcinj.com\/blog\/#website\"},\"primaryImageOfPage\":{\"@id\":\"https:\/\/www.visit-ulcinj.com\/blog\/2015\/02\/23\/shkrela-dhe-nimanbegu-pjese-te-delegacionit-ne-bruksel\/#primaryimage\"},\"datePublished\":\"2015-02-23T15:39:24+00:00\",\"dateModified\":\"2015-02-23T16:52:44+00:00\",\"author\":{\"@id\":\"https:\/\/www.visit-ulcinj.com\/blog\/#\/schema\/person\/dcab619c614d3038751c63bc2aadc06d\"},\"description\":\"Luigj Shkreli me Genc Nimanbegu ne Parlamentin Europian,,Delegacion i Parlamentit te Malit Te Zi,,Bruxelles me 23.02.2015 N\u00eb Parlamentin evropian n\u00eb\",\"breadcrumb\":{\"@id\":\"https:\/\/www.visit-ulcinj.com\/blog\/2015\/02\/23\/shkrela-dhe-nimanbegu-pjese-te-delegacionit-ne-bruksel\/#breadcrumb\"},\"inLanguage\":\"en-US\",\"potentialAction\":[{\"@type\":\"ReadAction\",\"target\":[\"https:\/\/www.visit-ulcinj.com\/blog\/2015\/02\/23\/shkrela-dhe-nimanbegu-pjese-te-delegacionit-ne-bruksel\/\"]}]},{\"@type\":\"BreadcrumbList\",\"@id\":\"https:\/\/www.visit-ulcinj.com\/blog\/2015\/02\/23\/shkrela-dhe-nimanbegu-pjese-te-delegacionit-ne-bruksel\/#breadcrumb\",\"itemListElement\":[{\"@type\":\"ListItem\",\"position\":1,\"name\":\"Shkrela dhe Nimanbegu pjes\u00eb t\u00eb delegacionit t\u00eb Malit t\u00eb Zi n\u00eb Bruksel\"}]},{\"@type\":\"Person\",\"@id\":\"https:\/\/www.visit-ulcinj.com\/blog\/#\/schema\/person\/dcab619c614d3038751c63bc2aadc06d\",\"name\":\"ulqini\",\"sameAs\":[\"http:\/\/www.visit-ulcinj.com\"],\"url\":\"https:\/\/www.visit-ulcinj.com\/blog\/author\/admin\/\"}]}<\/script>\n<!-- \/ Yoast SEO plugin. -->","yoast_head_json":{"title":"Shkrela dhe Nimanbegu pjes\u00eb t\u00eb delegacionit t\u00eb Malit t\u00eb Zi n\u00eb Bruksel - Lajme nga Ulqini","description":"Luigj Shkreli me Genc Nimanbegu ne Parlamentin Europian,,Delegacion i Parlamentit te Malit Te Zi,,Bruxelles me 23.02.2015 N\u00eb Parlamentin evropian n\u00eb","robots":{"index":"index","follow":"follow","max-snippet":"max-snippet:-1","max-image-preview":"max-image-preview:large","max-video-preview":"max-video-preview:-1"},"canonical":"https:\/\/www.visit-ulcinj.com\/blog\/2015\/02\/23\/shkrela-dhe-nimanbegu-pjese-te-delegacionit-ne-bruksel\/","og_locale":"en_US","og_type":"article","og_title":"Shkrela dhe Nimanbegu pjes\u00eb t\u00eb delegacionit t\u00eb Malit t\u00eb Zi n\u00eb Bruksel - Lajme nga Ulqini","og_description":"Luigj Shkreli me Genc Nimanbegu ne Parlamentin Europian,,Delegacion i Parlamentit te Malit Te Zi,,Bruxelles me 23.02.2015 N\u00eb Parlamentin evropian n\u00eb","og_url":"https:\/\/www.visit-ulcinj.com\/blog\/2015\/02\/23\/shkrela-dhe-nimanbegu-pjese-te-delegacionit-ne-bruksel\/","og_site_name":"Lajme nga Ulqini","article_published_time":"2015-02-23T15:39:24+00:00","article_modified_time":"2015-02-23T16:52:44+00:00","og_image":[{"url":"http:\/\/www.visit-ulcinj.com\/blog\/wp-content\/uploads\/2015\/02\/Genci-Nimanbegu-Bruksel.jpg"}],"twitter_misc":{"Written by":"ulqini","Est. reading time":"1 minute"},"schema":{"@context":"https:\/\/schema.org","@graph":[{"@type":"WebSite","@id":"https:\/\/www.visit-ulcinj.com\/blog\/#website","url":"https:\/\/www.visit-ulcinj.com\/blog\/","name":"Lajme nga Ulqini","description":"Lajme,Vijesti,Ulqini,Ulqin,Crna Gora,Mali i Zi","potentialAction":[{"@type":"SearchAction","target":{"@type":"EntryPoint","urlTemplate":"https:\/\/www.visit-ulcinj.com\/blog\/?s={search_term_string}"},"query-input":"required name=search_term_string"}],"inLanguage":"en-US"},{"@type":"ImageObject","inLanguage":"en-US","@id":"https:\/\/www.visit-ulcinj.com\/blog\/2015\/02\/23\/shkrela-dhe-nimanbegu-pjese-te-delegacionit-ne-bruksel\/#primaryimage","url":"https:\/\/www.visit-ulcinj.com\/blog\/wp-content\/uploads\/2015\/02\/Genci-Nimanbegu-Bruksel.jpg","contentUrl":"https:\/\/www.visit-ulcinj.com\/blog\/wp-content\/uploads\/2015\/02\/Genci-Nimanbegu-Bruksel.jpg","width":599,"height":447},{"@type":"WebPage","@id":"https:\/\/www.visit-ulcinj.com\/blog\/2015\/02\/23\/shkrela-dhe-nimanbegu-pjese-te-delegacionit-ne-bruksel\/#webpage","url":"https:\/\/www.visit-ulcinj.com\/blog\/2015\/02\/23\/shkrela-dhe-nimanbegu-pjese-te-delegacionit-ne-bruksel\/","name":"Shkrela dhe Nimanbegu pjes\u00eb t\u00eb delegacionit t\u00eb Malit t\u00eb Zi n\u00eb Bruksel - Lajme nga Ulqini","isPartOf":{"@id":"https:\/\/www.visit-ulcinj.com\/blog\/#website"},"primaryImageOfPage":{"@id":"https:\/\/www.visit-ulcinj.com\/blog\/2015\/02\/23\/shkrela-dhe-nimanbegu-pjese-te-delegacionit-ne-bruksel\/#primaryimage"},"datePublished":"2015-02-23T15:39:24+00:00","dateModified":"2015-02-23T16:52:44+00:00","author":{"@id":"https:\/\/www.visit-ulcinj.com\/blog\/#\/schema\/person\/dcab619c614d3038751c63bc2aadc06d"},"description":"Luigj Shkreli me Genc Nimanbegu ne Parlamentin Europian,,Delegacion i Parlamentit te Malit Te Zi,,Bruxelles me 23.02.2015 N\u00eb Parlamentin evropian n\u00eb","breadcrumb":{"@id":"https:\/\/www.visit-ulcinj.com\/blog\/2015\/02\/23\/shkrela-dhe-nimanbegu-pjese-te-delegacionit-ne-bruksel\/#breadcrumb"},"inLanguage":"en-US","potentialAction":[{"@type":"ReadAction","target":["https:\/\/www.visit-ulcinj.com\/blog\/2015\/02\/23\/shkrela-dhe-nimanbegu-pjese-te-delegacionit-ne-bruksel\/"]}]},{"@type":"BreadcrumbList","@id":"https:\/\/www.visit-ulcinj.com\/blog\/2015\/02\/23\/shkrela-dhe-nimanbegu-pjese-te-delegacionit-ne-bruksel\/#breadcrumb","itemListElement":[{"@type":"ListItem","position":1,"name":"Shkrela dhe Nimanbegu pjes\u00eb t\u00eb delegacionit t\u00eb Malit t\u00eb Zi n\u00eb Bruksel"}]},{"@type":"Person","@id":"https:\/\/www.visit-ulcinj.com\/blog\/#\/schema\/person\/dcab619c614d3038751c63bc2aadc06d","name":"ulqini","sameAs":["http:\/\/www.visit-ulcinj.com"],"url":"https:\/\/www.visit-ulcinj.com\/blog\/author\/admin\/"}]}},"jetpack_featured_media_url":"","jetpack_sharing_enabled":true,"jetpack_shortlink":"https:\/\/wp.me\/pe6lTn-n78","_links":{"self":[{"href":"https:\/\/www.visit-ulcinj.com\/blog\/wp-json\/wp\/v2\/posts\/88854"}],"collection":[{"href":"https:\/\/www.visit-ulcinj.com\/blog\/wp-json\/wp\/v2\/posts"}],"about":[{"href":"https:\/\/www.visit-ulcinj.com\/blog\/wp-json\/wp\/v2\/types\/post"}],"author":[{"embeddable":true,"href":"https:\/\/www.visit-ulcinj.com\/blog\/wp-json\/wp\/v2\/users\/1"}],"replies":[{"embeddable":true,"href":"https:\/\/www.visit-ulcinj.com\/blog\/wp-json\/wp\/v2\/comments?post=88854"}],"version-history":[{"count":5,"href":"https:\/\/www.visit-ulcinj.com\/blog\/wp-json\/wp\/v2\/posts\/88854\/revisions"}],"predecessor-version":[{"id":88862,"href":"https:\/\/www.visit-ulcinj.com\/blog\/wp-json\/wp\/v2\/posts\/88854\/revisions\/88862"}],"wp:attachment":[{"href":"https:\/\/www.visit-ulcinj.com\/blog\/wp-json\/wp\/v2\/media?parent=88854"}],"wp:term":[{"taxonomy":"category","embeddable":true,"href":"https:\/\/www.visit-ulcinj.com\/blog\/wp-json\/wp\/v2\/categories?post=88854"},{"taxonomy":"post_tag","embeddable":true,"href":"https:\/\/www.visit-ulcinj.com\/blog\/wp-json\/wp\/v2\/tags?post=88854"}],"curies":[{"name":"wp","href":"https:\/\/api.w.org\/{rel}","templated":true}]}}