{"id":88879,"date":"2015-02-24T09:00:30","date_gmt":"2015-02-24T08:00:30","guid":{"rendered":"http:\/\/www.visit-ulcinj.com\/blog\/?p=88879"},"modified":"2015-02-24T09:01:56","modified_gmt":"2015-02-24T08:01:56","slug":"mustafa-canka-ulcinj-izmedju-planova-potreba","status":"publish","type":"post","link":"https:\/\/www.visit-ulcinj.com\/blog\/2015\/02\/24\/mustafa-canka-ulcinj-izmedju-planova-potreba\/","title":{"rendered":"Mustafa Canka: Ulcinj izmedju planova i potreba"},"content":{"rendered":"<p><a href=\"http:\/\/www.visit-ulcinj.com\/blog\/wp-content\/uploads\/2014\/01\/Mustafa-Canka-Gazetar.jpg\"><img loading=\"lazy\" class=\"alignleft wp-image-77868 size-medium\" src=\"http:\/\/www.visit-ulcinj.com\/blog\/wp-content\/uploads\/2014\/01\/Mustafa-Canka-Gazetar-300x172.jpg\" alt=\"Mustafa-Canka-Gazetar\" width=\"300\" height=\"172\" srcset=\"https:\/\/www.visit-ulcinj.com\/blog\/wp-content\/uploads\/2014\/01\/Mustafa-Canka-Gazetar-300x172.jpg 300w, https:\/\/www.visit-ulcinj.com\/blog\/wp-content\/uploads\/2014\/01\/Mustafa-Canka-Gazetar.jpg 1024w\" sizes=\"(max-width: 300px) 100vw, 300px\" \/><\/a>Naselje Bijela gora sli\u010di Malom brdu u Podgorici. Na desetine ku\u0107a niklo je na tom prostoru u posljednjih nekoliko godina. I gotovo su sve one nelegalno sagra\u0111ene. Radi se uglavnom o manjim objektima, gra\u0111ana iz siroma\u0161nih slojeva. Samo su oni koji \u017eive ne\u0161to ni\u017ee od njih, u naselju Toto\u0161i, siroma\u0161niji. A to su ulcinjski Romi i Egip\u0107ani.<\/p>\n<p>No, nedavno je jedna ku\u0107a na tom prostoru sru\u0161ena. Sve je proteklo bez te\u017eih posljedica, iako je bilo veoma neprijatnih scena, u prisustvu novinara i policije. Vlast je pokazala \u201esnagu dr\u017eave\u201c, jer je danima ranije najavljivala akciju uklanjanja nelegalnih objekata. Najvi\u0161e kao upozorenje ostalima na teritoriji Ulcinja da ne grade na op\u0161tinskom, odnosno na dr\u017eavnom zemlji\u0161tu. Najavljeno je da \u0107e se sli\u010dne akcije narednih dana, u koordinaciji Uprave za inspekcijske poslove i komunalne policije, sprovesti posebno u zoni morskog dobra, od Port Milene do Ade.<\/p>\n<p>\u010cinjenica je da se u Ulcinju trenutno gradi mnogo vi\u0161e nego ranijih godina. To je rezultat potrebe gra\u0111ana koji to pravo nijesu mogli da ostvare, jer je proces dono\u0161enja detaljnih urbanisti\u010dkih planova izuzetno usporen. Tako je, na primjer, u toku procedura usvajanja \u010dak 18 DUP-ova.<\/p>\n<p>A za to vrijeme \u017eivot ide svojim tokom. Mnogo br\u017ee od usporene op\u0161tinske administracije. Zato je u Ulcinju, kako se procjenjuje, preko dva miliona metara kvadratnih napravljeno \u201ena divlje\u201c. Osim \u0161to su dr\u017eava i op\u0161tina uskra\u0107ene za veliki dio sredstava, to je bio \u0161irok prostor za korupciju. U tom kontekstu je lako shvatljivo \u0161to je bud\u017eet u Ulcinju pro\u0161le godine realizovan oko 6,5 miliona eura, a godinu ranije tek pet miliona, a da dugovi za nepla\u0107ene poreze i komunalije prelaze \u0161est miliona eura.<\/p>\n<p>Tako\u0111e, Ulcinj je op\u0161tina koja tek treba da usvoji Strate\u0161ki plan razvoja do 2020. godine, te da se do kraja marta Vladi Crne Gore uputi na razmatranje Nacrt Prostorno-urbanisti\u010dkog plana ove op\u0161tine. Jer, Ulcinj je jedina op\u0161tina kojoj taj najva\u017eniji razvojni dokument radi Vlada. A \u010ditav posao traje ve\u0107 \u0161est godina. Najvi\u0161e \u201ezaslugom\u201c ulcinjskih vlasti.<\/p>\n<p>\u201cStara je i dokazana istina: ako ti ne sje\u010de\u0161 vrijeme, ono \u0107e tebe. A posebno u ovo na\u0161e vrijeme, kada je ono dobilo veliko ubrzanje. Zato se mora misliti brzo i djelovati jo\u0161 br\u017ee. Isuvi\u0161e smo mi propustili velikih prilika i prokockali izvjesne \u0161anse da bi smo mogli vi\u0161e slu\u0161ati one koje i sada poru\u010duju \u201cpolako, polako, ima vremena\u201d, ka\u017ee za Monitor potpredsjednik op\u0161tine Safet Beci i dodaje da \u201cvrijeme vi\u0161e nije saveznik Ulcinjana\u201d.<\/p>\n<p>Nedavno je premijer Milo \u0110ukanovi\u0107 zatra\u017eio od gradona\u010delnika Fatmira \u0110eke da se u Ulcinju mnogo br\u017ee usvajaju planovi razvoja, da se radi na realizaciji infrastrukturnih projekata od kanalizacije preko otpadnih voda do puteva, da se zajedni\u010dkim akcijama Vlade i op\u0161tine podsti\u010du strana ulaganja.<\/p>\n<p>Nakon uspje\u0161ne pri\u010de oko po\u010detka realizacije projekta akva-parka u zale\u0111u Velike pla\u017ee, u Ulcinju \u0107e u maju boraviti delegacija od 30-tak poznatih privrednika iz Turske. Na dolasku investitora koji su uglavnom okupljeni u udru\u017eenju hotelskih kompanija Turske, posebno insistira ministar vanjskih poslova Mevlut \u010cau\u0161oglu, koji je sredinom pro\u0161le godine boravio u Ulcinju. Kao ekspert za turizam, on je bio odu\u0161evljen prirodnim potencijalima ove op\u0161tine, naro\u010dito Velike pla\u017ee.<\/p>\n<p>Oni koji jo\u0161 bolje poznaju ovo podru\u010dje su investitori iz Zapadne Evrope. Jer, u ovom gradu su turisti sa tog podru\u010dja do 1990. godine \u010dinili dvije tre\u0107ine gostiju. Oni, kako saznajemo, ve\u0107 imaju konkretne planove, naro\u010dito za Adu i predstavili su ih crnogorskim zvani\u010dnicima. Uslovi da ve\u0107 od naredne godine krenu u velika ulaganja u Ulcinju su im tako\u0111e predo\u010deni: regulisanje \u201cekolo\u0161ke bombe\u201d, kanala Port Milena, i smanjenje PDV na turizam, sa sada\u0161njih 19 na sedam odsto. Mo\u017eda bi se kompromis mogao na\u0107i na 10 odsto, kako su to uradile neke zemlje sjevernog Mediterana. Jer, nakon tzv. \u201carapskog prolje\u0107a\u201d i stalne nestabilnosti na Bliskom istoku, zapadnoevropski turoperatori i investitori povla\u010de svoje biznise na evropski kontinent. Zato ovu iznenadnu, veliku \u0161ansu Ulcinj i Crna Gora ne bi smjeli da ispu\u0161te.<\/p>\n<p>A tu je svakako najve\u0107i resurs podru\u010dje \u0160toja, sa 12 km prekrasne pjeskovite Velike pla\u017ee, koja je po projekcijama iz Nacrta PUP-a sasvim bespotrebno odstupila od rje\u0161enja iz Master plana razvoja crnogorskog turizma, iz 2001., a koji su upravo izradili njema\u010dki eksperti. To je tim nelogi\u010dnije ukoliko se zna da je to zamisao koja je prisutna jo\u0161 od Regionalnog prostornog plana \u201cJu\u017eni Jadran\u201d, sa kraja 60-tih pro\u0161log stolje\u0107a, koji su projektovali tada\u0161nji najpoznatiji svjetski arhitekti, a kasnije za svoje potrebe, na prostoru Antalije, prakti\u010dno preslikali Turci.<\/p>\n<p>I u tome je kona\u010dno postignut konsenzus u Skup\u0161tini op\u0161tine Ulcinj, kao \u0161to je, bar za sada, rje\u0161enje prona\u0111eno i za Valdanos. Naime, predstavnici Ministarstva odr\u017eivog razvoja i turizma i obra\u0111iva\u010di PUP-a slo\u017eili su se sa primjedbama op\u0161tine Ulcinj da u toj uvali sa 18 hiljada stabala stoljetnih maslina ne treba predvidjeti nikakvu gradnju. Prema ranijoj verziji, na prostoru Mendre\u00a0 je bila ucrtana izgradnja 900 kreveta u hotelskom smje\u0161taju. Nacrtom Strate\u0161kog plana op\u0161tine Ulcinj predvi\u0111a se da u Valdanosu bude turisti\u010dki centar za izlete, zabavu, rekreaciju i posmatranje prirode.<\/p>\n<p>Uz \u010dinjenicu da Solana, nakon sna\u017enog pritiska Evropske komisije i stranih ambasada, treba da dobije zakonsku za\u0161titu, i o\u010duva se kao prostor izuzetne ljepote za boravak ptica i proizvodnju soli, \u010dini se da nema vi\u0161e ve\u0107ih, otvorenih pitanja za \u201cbitke u ulcinjskom prostoru\u201d.<\/p>\n<p>Zato je Ulcinj u\u0161ao u novu fazu. Nema vi\u0161e slatkih, uspavljuju\u0107ih i omamljuju\u0107ih pri\u010da i fatamorgana o Dubaiju na Velikoj pla\u017ei, milijardama investicija, Arapima kojima je nebo granica, trigranitima, kubusluksovima, pa je sada ogromna odgovornost i na op\u0161tinskoj i na centralnoj vlasti kako bi vodili taj izuzetno zahtjevan i ujedno veoma kreativan proces vra\u0107anja ovog grada na turisti\u010dku mapu Evrope i svijeta.<\/p>\n<p><strong>Izvor: Monitor<\/strong><\/p>\n","protected":false},"excerpt":{"rendered":"<p>Naselje Bijela gora sli\u010di Malom brdu u Podgorici. Na desetine ku\u0107a niklo je na tom prostoru u posljednjih nekoliko godina. I gotovo su sve one nelegalno sagra\u0111ene. Radi se uglavnom o manjim objektima, gra\u0111ana iz siroma\u0161nih slojeva. Samo su oni koji \u017eive ne\u0161to ni\u017ee od njih, u naselju Toto\u0161i, siroma\u0161niji. A to su ulcinjski Romi [&hellip;]<\/p>\n","protected":false},"author":1,"featured_media":0,"comment_status":"closed","ping_status":"closed","sticky":false,"template":"","format":"standard","meta":{"spay_email":"","jetpack_publicize_message":"","jetpack_is_tweetstorm":false,"jetpack_publicize_feature_enabled":true},"categories":[8337],"tags":[],"jetpack_publicize_connections":[],"yoast_head":"<!-- This site is optimized with the Yoast SEO plugin v19.1 - https:\/\/yoast.com\/wordpress\/plugins\/seo\/ -->\n<title>Mustafa Canka: Ulcinj izmedju planova i potreba - Lajme nga Ulqini<\/title>\n<meta name=\"description\" content=\"Naselje Bijela gora sli\u010di Malom brdu u Podgorici. Na desetine ku\u0107a niklo je na tom prostoru u posljednjih nekoliko godina. I gotovo su sve one nelegalno\" \/>\n<meta name=\"robots\" content=\"index, follow, max-snippet:-1, max-image-preview:large, max-video-preview:-1\" \/>\n<link rel=\"canonical\" href=\"https:\/\/www.visit-ulcinj.com\/blog\/2015\/02\/24\/mustafa-canka-ulcinj-izmedju-planova-potreba\/\" \/>\n<meta property=\"og:locale\" content=\"en_US\" \/>\n<meta property=\"og:type\" content=\"article\" \/>\n<meta property=\"og:title\" content=\"Mustafa Canka: Ulcinj izmedju planova i potreba - Lajme nga Ulqini\" \/>\n<meta property=\"og:description\" content=\"Naselje Bijela gora sli\u010di Malom brdu u Podgorici. Na desetine ku\u0107a niklo je na tom prostoru u posljednjih nekoliko godina. I gotovo su sve one nelegalno\" \/>\n<meta property=\"og:url\" content=\"https:\/\/www.visit-ulcinj.com\/blog\/2015\/02\/24\/mustafa-canka-ulcinj-izmedju-planova-potreba\/\" \/>\n<meta property=\"og:site_name\" content=\"Lajme nga Ulqini\" \/>\n<meta property=\"article:published_time\" content=\"2015-02-24T08:00:30+00:00\" \/>\n<meta property=\"article:modified_time\" content=\"2015-02-24T08:01:56+00:00\" \/>\n<meta property=\"og:image\" content=\"http:\/\/www.visit-ulcinj.com\/blog\/wp-content\/uploads\/2014\/01\/Mustafa-Canka-Gazetar-300x172.jpg\" \/>\n<meta name=\"twitter:label1\" content=\"Written by\" \/>\n\t<meta name=\"twitter:data1\" content=\"ulqini\" \/>\n\t<meta name=\"twitter:label2\" content=\"Est. reading time\" \/>\n\t<meta name=\"twitter:data2\" content=\"5 minutes\" \/>\n<script type=\"application\/ld+json\" class=\"yoast-schema-graph\">{\"@context\":\"https:\/\/schema.org\",\"@graph\":[{\"@type\":\"WebSite\",\"@id\":\"https:\/\/www.visit-ulcinj.com\/blog\/#website\",\"url\":\"https:\/\/www.visit-ulcinj.com\/blog\/\",\"name\":\"Lajme nga Ulqini\",\"description\":\"Lajme,Vijesti,Ulqini,Ulqin,Crna Gora,Mali i Zi\",\"potentialAction\":[{\"@type\":\"SearchAction\",\"target\":{\"@type\":\"EntryPoint\",\"urlTemplate\":\"https:\/\/www.visit-ulcinj.com\/blog\/?s={search_term_string}\"},\"query-input\":\"required name=search_term_string\"}],\"inLanguage\":\"en-US\"},{\"@type\":\"ImageObject\",\"inLanguage\":\"en-US\",\"@id\":\"https:\/\/www.visit-ulcinj.com\/blog\/2015\/02\/24\/mustafa-canka-ulcinj-izmedju-planova-potreba\/#primaryimage\",\"url\":\"https:\/\/www.visit-ulcinj.com\/blog\/wp-content\/uploads\/2014\/01\/Mustafa-Canka-Gazetar.jpg\",\"contentUrl\":\"https:\/\/www.visit-ulcinj.com\/blog\/wp-content\/uploads\/2014\/01\/Mustafa-Canka-Gazetar.jpg\",\"width\":1024,\"height\":590},{\"@type\":\"WebPage\",\"@id\":\"https:\/\/www.visit-ulcinj.com\/blog\/2015\/02\/24\/mustafa-canka-ulcinj-izmedju-planova-potreba\/#webpage\",\"url\":\"https:\/\/www.visit-ulcinj.com\/blog\/2015\/02\/24\/mustafa-canka-ulcinj-izmedju-planova-potreba\/\",\"name\":\"Mustafa Canka: Ulcinj izmedju planova i potreba - Lajme nga Ulqini\",\"isPartOf\":{\"@id\":\"https:\/\/www.visit-ulcinj.com\/blog\/#website\"},\"primaryImageOfPage\":{\"@id\":\"https:\/\/www.visit-ulcinj.com\/blog\/2015\/02\/24\/mustafa-canka-ulcinj-izmedju-planova-potreba\/#primaryimage\"},\"datePublished\":\"2015-02-24T08:00:30+00:00\",\"dateModified\":\"2015-02-24T08:01:56+00:00\",\"author\":{\"@id\":\"https:\/\/www.visit-ulcinj.com\/blog\/#\/schema\/person\/dcab619c614d3038751c63bc2aadc06d\"},\"description\":\"Naselje Bijela gora sli\u010di Malom brdu u Podgorici. Na desetine ku\u0107a niklo je na tom prostoru u posljednjih nekoliko godina. I gotovo su sve one nelegalno\",\"breadcrumb\":{\"@id\":\"https:\/\/www.visit-ulcinj.com\/blog\/2015\/02\/24\/mustafa-canka-ulcinj-izmedju-planova-potreba\/#breadcrumb\"},\"inLanguage\":\"en-US\",\"potentialAction\":[{\"@type\":\"ReadAction\",\"target\":[\"https:\/\/www.visit-ulcinj.com\/blog\/2015\/02\/24\/mustafa-canka-ulcinj-izmedju-planova-potreba\/\"]}]},{\"@type\":\"BreadcrumbList\",\"@id\":\"https:\/\/www.visit-ulcinj.com\/blog\/2015\/02\/24\/mustafa-canka-ulcinj-izmedju-planova-potreba\/#breadcrumb\",\"itemListElement\":[{\"@type\":\"ListItem\",\"position\":1,\"name\":\"Mustafa Canka: Ulcinj izmedju planova i potreba\"}]},{\"@type\":\"Person\",\"@id\":\"https:\/\/www.visit-ulcinj.com\/blog\/#\/schema\/person\/dcab619c614d3038751c63bc2aadc06d\",\"name\":\"ulqini\",\"sameAs\":[\"http:\/\/www.visit-ulcinj.com\"],\"url\":\"https:\/\/www.visit-ulcinj.com\/blog\/author\/admin\/\"}]}<\/script>\n<!-- \/ Yoast SEO plugin. -->","yoast_head_json":{"title":"Mustafa Canka: Ulcinj izmedju planova i potreba - Lajme nga Ulqini","description":"Naselje Bijela gora sli\u010di Malom brdu u Podgorici. Na desetine ku\u0107a niklo je na tom prostoru u posljednjih nekoliko godina. I gotovo su sve one nelegalno","robots":{"index":"index","follow":"follow","max-snippet":"max-snippet:-1","max-image-preview":"max-image-preview:large","max-video-preview":"max-video-preview:-1"},"canonical":"https:\/\/www.visit-ulcinj.com\/blog\/2015\/02\/24\/mustafa-canka-ulcinj-izmedju-planova-potreba\/","og_locale":"en_US","og_type":"article","og_title":"Mustafa Canka: Ulcinj izmedju planova i potreba - Lajme nga Ulqini","og_description":"Naselje Bijela gora sli\u010di Malom brdu u Podgorici. Na desetine ku\u0107a niklo je na tom prostoru u posljednjih nekoliko godina. I gotovo su sve one nelegalno","og_url":"https:\/\/www.visit-ulcinj.com\/blog\/2015\/02\/24\/mustafa-canka-ulcinj-izmedju-planova-potreba\/","og_site_name":"Lajme nga Ulqini","article_published_time":"2015-02-24T08:00:30+00:00","article_modified_time":"2015-02-24T08:01:56+00:00","og_image":[{"url":"http:\/\/www.visit-ulcinj.com\/blog\/wp-content\/uploads\/2014\/01\/Mustafa-Canka-Gazetar-300x172.jpg"}],"twitter_misc":{"Written by":"ulqini","Est. reading time":"5 minutes"},"schema":{"@context":"https:\/\/schema.org","@graph":[{"@type":"WebSite","@id":"https:\/\/www.visit-ulcinj.com\/blog\/#website","url":"https:\/\/www.visit-ulcinj.com\/blog\/","name":"Lajme nga Ulqini","description":"Lajme,Vijesti,Ulqini,Ulqin,Crna Gora,Mali i Zi","potentialAction":[{"@type":"SearchAction","target":{"@type":"EntryPoint","urlTemplate":"https:\/\/www.visit-ulcinj.com\/blog\/?s={search_term_string}"},"query-input":"required name=search_term_string"}],"inLanguage":"en-US"},{"@type":"ImageObject","inLanguage":"en-US","@id":"https:\/\/www.visit-ulcinj.com\/blog\/2015\/02\/24\/mustafa-canka-ulcinj-izmedju-planova-potreba\/#primaryimage","url":"https:\/\/www.visit-ulcinj.com\/blog\/wp-content\/uploads\/2014\/01\/Mustafa-Canka-Gazetar.jpg","contentUrl":"https:\/\/www.visit-ulcinj.com\/blog\/wp-content\/uploads\/2014\/01\/Mustafa-Canka-Gazetar.jpg","width":1024,"height":590},{"@type":"WebPage","@id":"https:\/\/www.visit-ulcinj.com\/blog\/2015\/02\/24\/mustafa-canka-ulcinj-izmedju-planova-potreba\/#webpage","url":"https:\/\/www.visit-ulcinj.com\/blog\/2015\/02\/24\/mustafa-canka-ulcinj-izmedju-planova-potreba\/","name":"Mustafa Canka: Ulcinj izmedju planova i potreba - Lajme nga Ulqini","isPartOf":{"@id":"https:\/\/www.visit-ulcinj.com\/blog\/#website"},"primaryImageOfPage":{"@id":"https:\/\/www.visit-ulcinj.com\/blog\/2015\/02\/24\/mustafa-canka-ulcinj-izmedju-planova-potreba\/#primaryimage"},"datePublished":"2015-02-24T08:00:30+00:00","dateModified":"2015-02-24T08:01:56+00:00","author":{"@id":"https:\/\/www.visit-ulcinj.com\/blog\/#\/schema\/person\/dcab619c614d3038751c63bc2aadc06d"},"description":"Naselje Bijela gora sli\u010di Malom brdu u Podgorici. Na desetine ku\u0107a niklo je na tom prostoru u posljednjih nekoliko godina. I gotovo su sve one nelegalno","breadcrumb":{"@id":"https:\/\/www.visit-ulcinj.com\/blog\/2015\/02\/24\/mustafa-canka-ulcinj-izmedju-planova-potreba\/#breadcrumb"},"inLanguage":"en-US","potentialAction":[{"@type":"ReadAction","target":["https:\/\/www.visit-ulcinj.com\/blog\/2015\/02\/24\/mustafa-canka-ulcinj-izmedju-planova-potreba\/"]}]},{"@type":"BreadcrumbList","@id":"https:\/\/www.visit-ulcinj.com\/blog\/2015\/02\/24\/mustafa-canka-ulcinj-izmedju-planova-potreba\/#breadcrumb","itemListElement":[{"@type":"ListItem","position":1,"name":"Mustafa Canka: Ulcinj izmedju planova i potreba"}]},{"@type":"Person","@id":"https:\/\/www.visit-ulcinj.com\/blog\/#\/schema\/person\/dcab619c614d3038751c63bc2aadc06d","name":"ulqini","sameAs":["http:\/\/www.visit-ulcinj.com"],"url":"https:\/\/www.visit-ulcinj.com\/blog\/author\/admin\/"}]}},"jetpack_featured_media_url":"","jetpack_sharing_enabled":true,"jetpack_shortlink":"https:\/\/wp.me\/pe6lTn-n7x","_links":{"self":[{"href":"https:\/\/www.visit-ulcinj.com\/blog\/wp-json\/wp\/v2\/posts\/88879"}],"collection":[{"href":"https:\/\/www.visit-ulcinj.com\/blog\/wp-json\/wp\/v2\/posts"}],"about":[{"href":"https:\/\/www.visit-ulcinj.com\/blog\/wp-json\/wp\/v2\/types\/post"}],"author":[{"embeddable":true,"href":"https:\/\/www.visit-ulcinj.com\/blog\/wp-json\/wp\/v2\/users\/1"}],"replies":[{"embeddable":true,"href":"https:\/\/www.visit-ulcinj.com\/blog\/wp-json\/wp\/v2\/comments?post=88879"}],"version-history":[{"count":1,"href":"https:\/\/www.visit-ulcinj.com\/blog\/wp-json\/wp\/v2\/posts\/88879\/revisions"}],"predecessor-version":[{"id":88880,"href":"https:\/\/www.visit-ulcinj.com\/blog\/wp-json\/wp\/v2\/posts\/88879\/revisions\/88880"}],"wp:attachment":[{"href":"https:\/\/www.visit-ulcinj.com\/blog\/wp-json\/wp\/v2\/media?parent=88879"}],"wp:term":[{"taxonomy":"category","embeddable":true,"href":"https:\/\/www.visit-ulcinj.com\/blog\/wp-json\/wp\/v2\/categories?post=88879"},{"taxonomy":"post_tag","embeddable":true,"href":"https:\/\/www.visit-ulcinj.com\/blog\/wp-json\/wp\/v2\/tags?post=88879"}],"curies":[{"name":"wp","href":"https:\/\/api.w.org\/{rel}","templated":true}]}}