{"id":88881,"date":"2015-02-24T09:11:21","date_gmt":"2015-02-24T08:11:21","guid":{"rendered":"http:\/\/www.visit-ulcinj.com\/blog\/?p=88881"},"modified":"2015-02-24T09:11:21","modified_gmt":"2015-02-24T08:11:21","slug":"dafina-zeqiri-vjen-seksi-shume-qef-video","status":"publish","type":"post","link":"https:\/\/www.visit-ulcinj.com\/blog\/2015\/02\/24\/dafina-zeqiri-vjen-seksi-shume-qef-video\/","title":{"rendered":"Dafina Zeqiri vjen seksi me \u201cShum\u00eb Qef\u201d &#8211; Video"},"content":{"rendered":"<p><a href=\"http:\/\/www.visit-ulcinj.com\/blog\/wp-content\/uploads\/2015\/02\/Dafina-Zeqiri-vjen-seksi.jpg\"><img loading=\"lazy\" class=\"alignleft wp-image-88882\" src=\"http:\/\/www.visit-ulcinj.com\/blog\/wp-content\/uploads\/2015\/02\/Dafina-Zeqiri-vjen-seksi.jpg\" alt=\"Dafina Zeqiri vjen seksi\" width=\"508\" height=\"286\" \/><\/a>K\u00ebng\u00ebtarja e njohur, Dafina Zeqiri, ka lansuar k\u00ebng\u00ebn e radh\u00ebs, t\u00eb titulluar \u201cShum\u00eb Qef\u201d.<\/p>\n<p>Dafina ka publikuar k\u00ebshtu projektin e ri t\u00eb saj, i cili vjen pas k\u00ebng\u00ebve \u201cMSD\u201d, \u201cIAM\u201d dhe \u201cNdjenj\u00eb Tjet\u00ebr\u201d.<\/p>\n<p>K\u00ebng\u00ebtarja k\u00ebshtu po vazhdon q\u00eb t\u00eb punoj\u00eb pas dy k\u00ebng\u00ebve t\u00eb suksesshme me Gjikon dhe balad\u00ebn \u201cNdjenj\u00eb Tjet\u00ebr\u201d.<\/p>\n<p>\u201cShum\u00eb Qef\u201d \u00ebsht\u00eb punuar nga Big Bang dhe Stash n\u00eb studion e RedBox, teksa tekstin e ka shkruar Arianit Palaj.<\/p>\n<p>Videoklipi \u00ebsht\u00eb realizuar nga Max Production. \/Telegrafi\/<\/p>\n<!--YouTube Error: bad URL entered-->\n","protected":false},"excerpt":{"rendered":"<p>K\u00ebng\u00ebtarja e njohur, Dafina Zeqiri, ka lansuar k\u00ebng\u00ebn e radh\u00ebs, t\u00eb titulluar \u201cShum\u00eb Qef\u201d. Dafina ka publikuar k\u00ebshtu projektin e ri t\u00eb saj, i cili vjen pas k\u00ebng\u00ebve \u201cMSD\u201d, \u201cIAM\u201d dhe \u201cNdjenj\u00eb Tjet\u00ebr\u201d. K\u00ebng\u00ebtarja k\u00ebshtu po vazhdon q\u00eb t\u00eb punoj\u00eb pas dy k\u00ebng\u00ebve t\u00eb suksesshme me Gjikon dhe balad\u00ebn \u201cNdjenj\u00eb Tjet\u00ebr\u201d. \u201cShum\u00eb Qef\u201d \u00ebsht\u00eb punuar [&hellip;]<\/p>\n","protected":false},"author":1,"featured_media":0,"comment_status":"closed","ping_status":"closed","sticky":false,"template":"","format":"standard","meta":{"spay_email":"","jetpack_publicize_message":"","jetpack_is_tweetstorm":false,"jetpack_publicize_feature_enabled":true},"categories":[1],"tags":[],"jetpack_publicize_connections":[],"yoast_head":"<!-- This site is optimized with the Yoast SEO plugin v19.1 - https:\/\/yoast.com\/wordpress\/plugins\/seo\/ -->\n<title>Dafina Zeqiri vjen seksi me \u201cShum\u00eb Qef\u201d - Video - Lajme nga Ulqini<\/title>\n<meta name=\"description\" content=\"K\u00ebng\u00ebtarja e njohur, Dafina Zeqiri, ka lansuar k\u00ebng\u00ebn e radh\u00ebs, t\u00eb titulluar \u201cShum\u00eb Qef\u201d. Dafina ka publikuar k\u00ebshtu projektin e ri t\u00eb saj, i cili vjen\" \/>\n<meta name=\"robots\" content=\"index, follow, max-snippet:-1, max-image-preview:large, max-video-preview:-1\" \/>\n<link rel=\"canonical\" href=\"https:\/\/www.visit-ulcinj.com\/blog\/2015\/02\/24\/dafina-zeqiri-vjen-seksi-shume-qef-video\/\" \/>\n<meta property=\"og:locale\" content=\"en_US\" \/>\n<meta property=\"og:type\" content=\"article\" \/>\n<meta property=\"og:title\" content=\"Dafina Zeqiri vjen seksi me \u201cShum\u00eb Qef\u201d - Video - Lajme nga Ulqini\" \/>\n<meta property=\"og:description\" content=\"K\u00ebng\u00ebtarja e njohur, Dafina Zeqiri, ka lansuar k\u00ebng\u00ebn e radh\u00ebs, t\u00eb titulluar \u201cShum\u00eb Qef\u201d. Dafina ka publikuar k\u00ebshtu projektin e ri t\u00eb saj, i cili vjen\" \/>\n<meta property=\"og:url\" content=\"https:\/\/www.visit-ulcinj.com\/blog\/2015\/02\/24\/dafina-zeqiri-vjen-seksi-shume-qef-video\/\" \/>\n<meta property=\"og:site_name\" content=\"Lajme nga Ulqini\" \/>\n<meta property=\"article:published_time\" content=\"2015-02-24T08:11:21+00:00\" \/>\n<meta property=\"og:image\" content=\"http:\/\/www.visit-ulcinj.com\/blog\/wp-content\/uploads\/2015\/02\/Dafina-Zeqiri-vjen-seksi.jpg\" \/>\n<meta name=\"twitter:label1\" content=\"Written by\" \/>\n\t<meta name=\"twitter:data1\" content=\"ulqini\" \/>\n\t<meta name=\"twitter:label2\" content=\"Est. reading time\" \/>\n\t<meta name=\"twitter:data2\" content=\"1 minute\" \/>\n<script type=\"application\/ld+json\" class=\"yoast-schema-graph\">{\"@context\":\"https:\/\/schema.org\",\"@graph\":[{\"@type\":\"WebSite\",\"@id\":\"https:\/\/www.visit-ulcinj.com\/blog\/#website\",\"url\":\"https:\/\/www.visit-ulcinj.com\/blog\/\",\"name\":\"Lajme nga Ulqini\",\"description\":\"Lajme,Vijesti,Ulqini,Ulqin,Crna Gora,Mali i Zi\",\"potentialAction\":[{\"@type\":\"SearchAction\",\"target\":{\"@type\":\"EntryPoint\",\"urlTemplate\":\"https:\/\/www.visit-ulcinj.com\/blog\/?s={search_term_string}\"},\"query-input\":\"required name=search_term_string\"}],\"inLanguage\":\"en-US\"},{\"@type\":\"ImageObject\",\"inLanguage\":\"en-US\",\"@id\":\"https:\/\/www.visit-ulcinj.com\/blog\/2015\/02\/24\/dafina-zeqiri-vjen-seksi-shume-qef-video\/#primaryimage\",\"url\":\"http:\/\/www.visit-ulcinj.com\/blog\/wp-content\/uploads\/2015\/02\/Dafina-Zeqiri-vjen-seksi.jpg\",\"contentUrl\":\"http:\/\/www.visit-ulcinj.com\/blog\/wp-content\/uploads\/2015\/02\/Dafina-Zeqiri-vjen-seksi.jpg\"},{\"@type\":\"WebPage\",\"@id\":\"https:\/\/www.visit-ulcinj.com\/blog\/2015\/02\/24\/dafina-zeqiri-vjen-seksi-shume-qef-video\/#webpage\",\"url\":\"https:\/\/www.visit-ulcinj.com\/blog\/2015\/02\/24\/dafina-zeqiri-vjen-seksi-shume-qef-video\/\",\"name\":\"Dafina Zeqiri vjen seksi me \u201cShum\u00eb Qef\u201d - Video - Lajme nga Ulqini\",\"isPartOf\":{\"@id\":\"https:\/\/www.visit-ulcinj.com\/blog\/#website\"},\"primaryImageOfPage\":{\"@id\":\"https:\/\/www.visit-ulcinj.com\/blog\/2015\/02\/24\/dafina-zeqiri-vjen-seksi-shume-qef-video\/#primaryimage\"},\"datePublished\":\"2015-02-24T08:11:21+00:00\",\"dateModified\":\"2015-02-24T08:11:21+00:00\",\"author\":{\"@id\":\"https:\/\/www.visit-ulcinj.com\/blog\/#\/schema\/person\/dcab619c614d3038751c63bc2aadc06d\"},\"description\":\"K\u00ebng\u00ebtarja e njohur, Dafina Zeqiri, ka lansuar k\u00ebng\u00ebn e radh\u00ebs, t\u00eb titulluar \u201cShum\u00eb Qef\u201d. Dafina ka publikuar k\u00ebshtu projektin e ri t\u00eb saj, i cili vjen\",\"breadcrumb\":{\"@id\":\"https:\/\/www.visit-ulcinj.com\/blog\/2015\/02\/24\/dafina-zeqiri-vjen-seksi-shume-qef-video\/#breadcrumb\"},\"inLanguage\":\"en-US\",\"potentialAction\":[{\"@type\":\"ReadAction\",\"target\":[\"https:\/\/www.visit-ulcinj.com\/blog\/2015\/02\/24\/dafina-zeqiri-vjen-seksi-shume-qef-video\/\"]}]},{\"@type\":\"BreadcrumbList\",\"@id\":\"https:\/\/www.visit-ulcinj.com\/blog\/2015\/02\/24\/dafina-zeqiri-vjen-seksi-shume-qef-video\/#breadcrumb\",\"itemListElement\":[{\"@type\":\"ListItem\",\"position\":1,\"name\":\"Dafina Zeqiri vjen seksi me \u201cShum\u00eb Qef\u201d &#8211; Video\"}]},{\"@type\":\"Person\",\"@id\":\"https:\/\/www.visit-ulcinj.com\/blog\/#\/schema\/person\/dcab619c614d3038751c63bc2aadc06d\",\"name\":\"ulqini\",\"sameAs\":[\"http:\/\/www.visit-ulcinj.com\"],\"url\":\"https:\/\/www.visit-ulcinj.com\/blog\/author\/admin\/\"}]}<\/script>\n<!-- \/ Yoast SEO plugin. -->","yoast_head_json":{"title":"Dafina Zeqiri vjen seksi me \u201cShum\u00eb Qef\u201d - Video - Lajme nga Ulqini","description":"K\u00ebng\u00ebtarja e njohur, Dafina Zeqiri, ka lansuar k\u00ebng\u00ebn e radh\u00ebs, t\u00eb titulluar \u201cShum\u00eb Qef\u201d. Dafina ka publikuar k\u00ebshtu projektin e ri t\u00eb saj, i cili vjen","robots":{"index":"index","follow":"follow","max-snippet":"max-snippet:-1","max-image-preview":"max-image-preview:large","max-video-preview":"max-video-preview:-1"},"canonical":"https:\/\/www.visit-ulcinj.com\/blog\/2015\/02\/24\/dafina-zeqiri-vjen-seksi-shume-qef-video\/","og_locale":"en_US","og_type":"article","og_title":"Dafina Zeqiri vjen seksi me \u201cShum\u00eb Qef\u201d - Video - Lajme nga Ulqini","og_description":"K\u00ebng\u00ebtarja e njohur, Dafina Zeqiri, ka lansuar k\u00ebng\u00ebn e radh\u00ebs, t\u00eb titulluar \u201cShum\u00eb Qef\u201d. Dafina ka publikuar k\u00ebshtu projektin e ri t\u00eb saj, i cili vjen","og_url":"https:\/\/www.visit-ulcinj.com\/blog\/2015\/02\/24\/dafina-zeqiri-vjen-seksi-shume-qef-video\/","og_site_name":"Lajme nga Ulqini","article_published_time":"2015-02-24T08:11:21+00:00","og_image":[{"url":"http:\/\/www.visit-ulcinj.com\/blog\/wp-content\/uploads\/2015\/02\/Dafina-Zeqiri-vjen-seksi.jpg"}],"twitter_misc":{"Written by":"ulqini","Est. reading time":"1 minute"},"schema":{"@context":"https:\/\/schema.org","@graph":[{"@type":"WebSite","@id":"https:\/\/www.visit-ulcinj.com\/blog\/#website","url":"https:\/\/www.visit-ulcinj.com\/blog\/","name":"Lajme nga Ulqini","description":"Lajme,Vijesti,Ulqini,Ulqin,Crna Gora,Mali i Zi","potentialAction":[{"@type":"SearchAction","target":{"@type":"EntryPoint","urlTemplate":"https:\/\/www.visit-ulcinj.com\/blog\/?s={search_term_string}"},"query-input":"required name=search_term_string"}],"inLanguage":"en-US"},{"@type":"ImageObject","inLanguage":"en-US","@id":"https:\/\/www.visit-ulcinj.com\/blog\/2015\/02\/24\/dafina-zeqiri-vjen-seksi-shume-qef-video\/#primaryimage","url":"http:\/\/www.visit-ulcinj.com\/blog\/wp-content\/uploads\/2015\/02\/Dafina-Zeqiri-vjen-seksi.jpg","contentUrl":"http:\/\/www.visit-ulcinj.com\/blog\/wp-content\/uploads\/2015\/02\/Dafina-Zeqiri-vjen-seksi.jpg"},{"@type":"WebPage","@id":"https:\/\/www.visit-ulcinj.com\/blog\/2015\/02\/24\/dafina-zeqiri-vjen-seksi-shume-qef-video\/#webpage","url":"https:\/\/www.visit-ulcinj.com\/blog\/2015\/02\/24\/dafina-zeqiri-vjen-seksi-shume-qef-video\/","name":"Dafina Zeqiri vjen seksi me \u201cShum\u00eb Qef\u201d - Video - Lajme nga Ulqini","isPartOf":{"@id":"https:\/\/www.visit-ulcinj.com\/blog\/#website"},"primaryImageOfPage":{"@id":"https:\/\/www.visit-ulcinj.com\/blog\/2015\/02\/24\/dafina-zeqiri-vjen-seksi-shume-qef-video\/#primaryimage"},"datePublished":"2015-02-24T08:11:21+00:00","dateModified":"2015-02-24T08:11:21+00:00","author":{"@id":"https:\/\/www.visit-ulcinj.com\/blog\/#\/schema\/person\/dcab619c614d3038751c63bc2aadc06d"},"description":"K\u00ebng\u00ebtarja e njohur, Dafina Zeqiri, ka lansuar k\u00ebng\u00ebn e radh\u00ebs, t\u00eb titulluar \u201cShum\u00eb Qef\u201d. Dafina ka publikuar k\u00ebshtu projektin e ri t\u00eb saj, i cili vjen","breadcrumb":{"@id":"https:\/\/www.visit-ulcinj.com\/blog\/2015\/02\/24\/dafina-zeqiri-vjen-seksi-shume-qef-video\/#breadcrumb"},"inLanguage":"en-US","potentialAction":[{"@type":"ReadAction","target":["https:\/\/www.visit-ulcinj.com\/blog\/2015\/02\/24\/dafina-zeqiri-vjen-seksi-shume-qef-video\/"]}]},{"@type":"BreadcrumbList","@id":"https:\/\/www.visit-ulcinj.com\/blog\/2015\/02\/24\/dafina-zeqiri-vjen-seksi-shume-qef-video\/#breadcrumb","itemListElement":[{"@type":"ListItem","position":1,"name":"Dafina Zeqiri vjen seksi me \u201cShum\u00eb Qef\u201d &#8211; Video"}]},{"@type":"Person","@id":"https:\/\/www.visit-ulcinj.com\/blog\/#\/schema\/person\/dcab619c614d3038751c63bc2aadc06d","name":"ulqini","sameAs":["http:\/\/www.visit-ulcinj.com"],"url":"https:\/\/www.visit-ulcinj.com\/blog\/author\/admin\/"}]}},"jetpack_featured_media_url":"","jetpack_sharing_enabled":true,"jetpack_shortlink":"https:\/\/wp.me\/pe6lTn-n7z","_links":{"self":[{"href":"https:\/\/www.visit-ulcinj.com\/blog\/wp-json\/wp\/v2\/posts\/88881"}],"collection":[{"href":"https:\/\/www.visit-ulcinj.com\/blog\/wp-json\/wp\/v2\/posts"}],"about":[{"href":"https:\/\/www.visit-ulcinj.com\/blog\/wp-json\/wp\/v2\/types\/post"}],"author":[{"embeddable":true,"href":"https:\/\/www.visit-ulcinj.com\/blog\/wp-json\/wp\/v2\/users\/1"}],"replies":[{"embeddable":true,"href":"https:\/\/www.visit-ulcinj.com\/blog\/wp-json\/wp\/v2\/comments?post=88881"}],"version-history":[{"count":1,"href":"https:\/\/www.visit-ulcinj.com\/blog\/wp-json\/wp\/v2\/posts\/88881\/revisions"}],"predecessor-version":[{"id":88883,"href":"https:\/\/www.visit-ulcinj.com\/blog\/wp-json\/wp\/v2\/posts\/88881\/revisions\/88883"}],"wp:attachment":[{"href":"https:\/\/www.visit-ulcinj.com\/blog\/wp-json\/wp\/v2\/media?parent=88881"}],"wp:term":[{"taxonomy":"category","embeddable":true,"href":"https:\/\/www.visit-ulcinj.com\/blog\/wp-json\/wp\/v2\/categories?post=88881"},{"taxonomy":"post_tag","embeddable":true,"href":"https:\/\/www.visit-ulcinj.com\/blog\/wp-json\/wp\/v2\/tags?post=88881"}],"curies":[{"name":"wp","href":"https:\/\/api.w.org\/{rel}","templated":true}]}}