{"id":88895,"date":"2015-02-24T20:08:05","date_gmt":"2015-02-24T19:08:05","guid":{"rendered":"http:\/\/www.visit-ulcinj.com\/blog\/?p=88895"},"modified":"2015-02-25T14:38:04","modified_gmt":"2015-02-25T13:38:04","slug":"gjeka-per-1-vjetorin-e-qeverisjes-u-ringritem-bashke-per-histori-suksesi-te-ulqinit","status":"publish","type":"post","link":"https:\/\/www.visit-ulcinj.com\/blog\/2015\/02\/24\/gjeka-per-1-vjetorin-e-qeverisjes-u-ringritem-bashke-per-histori-suksesi-te-ulqinit\/","title":{"rendered":"Gjeka p\u00ebr 1 vjetorin e qeverisjes: U ringrit\u00ebm, bashk\u00eb p\u00ebr histori suksesi t\u00eb Ulqinit"},"content":{"rendered":"<p><a href=\"http:\/\/www.visit-ulcinj.com\/blog\/wp-content\/uploads\/2015\/02\/Gjeka-p\u00ebr-1-vjetorin-e-qeverisjes-Komuna-Ulqinit.jpg\"><img loading=\"lazy\" class=\"alignleft wp-image-88896\" src=\"http:\/\/www.visit-ulcinj.com\/blog\/wp-content\/uploads\/2015\/02\/Gjeka-p\u00ebr-1-vjetorin-e-qeverisjes-Komuna-Ulqinit.jpg\" alt=\"Gjeka p\u00ebr 1 vjetorin e qeverisjes-Komuna-Ulqinit\" width=\"508\" height=\"285\" srcset=\"https:\/\/www.visit-ulcinj.com\/blog\/wp-content\/uploads\/2015\/02\/Gjeka-p\u00ebr-1-vjetorin-e-qeverisjes-Komuna-Ulqinit.jpg 600w, https:\/\/www.visit-ulcinj.com\/blog\/wp-content\/uploads\/2015\/02\/Gjeka-p\u00ebr-1-vjetorin-e-qeverisjes-Komuna-Ulqinit-300x169.jpg 300w\" sizes=\"(max-width: 508px) 100vw, 508px\" \/><\/a><strong>Kryetari i komun\u00ebs s\u00eb Ulqinit me rastin e nj\u00eb vjetorit t\u00eb qeverisjes<\/strong><\/p>\n<p>T\u00eb nderuar\u00a0 qytetar\u00eb<\/p>\n<p>T\u00eb\u00a0 nderuar an\u00ebtar\u00eb\u00a0 t\u00eb\u00a0 ekzekutivit<\/p>\n<p>Zonja\u00a0\u00a0 dhe\u00a0 zot\u00ebrinj,<\/p>\n<p>Jemi\u00a0 tubuar\u00a0 sot\u00a0 k\u00ebtu , p\u00ebr\u00a0 tju\u00a0 prezantuar\u00a0 n\u00eb\u00a0 pika\u00a0 t\u00eb\u00a0 shkurt\u00ebra\u00a0 bilancin\u00a0 e nj\u00eb\u00a0 vjetorit\u00a0 t\u00eb\u00a0 pun\u00ebs\u00a0 ton\u00eb.<\/p>\n<p>Jemi\u00a0 tubuar\u00a0 p\u00ebr t\u00eb\u00a0 folur p\u00ebr\u00a0 sfidat\u00a0 dhe sukseset \u00a0,por \u00a0dhe \u00a0p\u00ebr\u00a0 pun\u00ebt\u00a0 q\u00eb\u00a0 na\u00a0 presin.<\/p>\n<p>Zgjedhja\u00a0 ime\u00a0 n\u00eb postin e Kryetarit t\u00eb komun\u00ebs\u00a0 s\u00eb Ulqinit,n\u00eb\u00a0 k\u00ebndv\u00ebshtrimin\u00a0 tim ka qen\u00eb\u00a0 nj\u00eb\u00a0 vler\u00ebsim i madh , por edhe nj\u00eb\u00a0 p\u00ebrgjegj\u00ebsi\u00a0 po aq e madhe.<\/p>\n<p>Gjat\u00eb pun\u00ebs time shum\u00ebvjecare\u00a0 n\u00eb Komun\u00eb , besoj se kam \u00a0grumbulluar\u00a0 njohuri dhe eksperienc\u00ebn e nevojshme\u00a0 p\u00ebr\u00a0 tu p\u00ebrballur me sfidat .Nga\u00a0 kjo\u00a0 eksperienc\u00eb e dij\u00a0 q\u00eb qytetar\u00ebt\u00a0 jan\u00eb\u00a0 gjykat\u00ebsit\u00a0 m\u00eb t\u00eb drejt\u00eb\u00a0 t\u00eb pun\u00ebs\u00a0 time, t\u00eb koleg\u00ebve te\u00a0 mij\u00a0 dhe institucioneve\u00a0 dhe t\u00eb japin\u00a0 gjithnj\u00eb vler\u00ebsimin\u00a0 q\u00eb t\u00eb takon.<\/p>\n<p>Principet baz\u00eb t\u00eb qeverisjes\u00a0 ton\u00eb t\u00eb koalicionit ,,Bashk\u00eb p\u00ebr t\u00eb ardhmen\u00a0 e Ulqinit ku bejne\u00a0 pjese, Forca e re\u00a0 demokratike, Partia demokratike dhe\u00a0 kandidat\u00ebt e pavarur te L\u00ebvizjes qytetare,, \u00a0q\u00eb\u00a0 nga fillimi\u00a0 kan\u00eb qen\u00eb\u00a0 transparenca,\u00a0 p\u00ebrgjegjsia,angazhimi\u00a0 dhe solidariteti me qytetar\u00ebt.<\/p>\n<p>Kam insistuar\u00a0 dhe\u00a0 k\u00ebrkuar\u00a0 nga\u00a0 bashk\u00ebpun\u00ebtor\u00ebt\u00a0 e mij\u00a0 q\u00eb\u00a0 t\u00eb\u00a0 gjith\u00eb s\u00ebbashku t\u00eb\u00a0 veprojm\u00eb si nj\u00eb skuad\u00ebr\u00a0 ku\u00a0 ekzekutivi\u00a0 ka\u00a0 pjes\u00ebn\u00a0 e tij , Kuvendi po ashtu pjes\u00ebn\u00a0 e\u00a0 tij\u00a0 dhe padyshim\u00a0 pjes\u00ebn e tyre kan\u00eb qytetar\u00ebt\u00a0 q\u00eb na dhan\u00eb mund\u00ebsi q\u00eb ti\u00a0 sh\u00ebrbejm\u00eb.<\/p>\n<p>Ata presin dhe\u00a0 ne jemi\u00a0 k\u00ebtu\u00a0 p\u00ebr t\u00eb mos\u00a0 i shg\u00ebnjyer\u00a0 pritshmerit\u00eb e tyre.<\/p>\n<p><a href=\"http:\/\/www.visit-ulcinj.com\/blog\/wp-content\/uploads\/2015\/02\/njevjecari-i-qeverisjes-Gjeka.jpg\"><img loading=\"lazy\" class=\"alignleft wp-image-88914\" src=\"http:\/\/www.visit-ulcinj.com\/blog\/wp-content\/uploads\/2015\/02\/njevjecari-i-qeverisjes-Gjeka.jpg\" alt=\"njevjecari-i-qeverisjes-Gjeka\" width=\"508\" height=\"381\" srcset=\"https:\/\/www.visit-ulcinj.com\/blog\/wp-content\/uploads\/2015\/02\/njevjecari-i-qeverisjes-Gjeka.jpg 1280w, https:\/\/www.visit-ulcinj.com\/blog\/wp-content\/uploads\/2015\/02\/njevjecari-i-qeverisjes-Gjeka-300x225.jpg 300w, https:\/\/www.visit-ulcinj.com\/blog\/wp-content\/uploads\/2015\/02\/njevjecari-i-qeverisjes-Gjeka-1024x768.jpg 1024w\" sizes=\"(max-width: 508px) 100vw, 508px\" \/><\/a><\/p>\n<p>T\u00eb nderuar qytetar\u00eb ,<\/p>\n<p>Ju e dini q\u00eb\u00a0 menj\u00ebher\u00eb\u00a0 me ardhjen ton\u00eb n\u00eb\u00a0 krye t\u00eb administrat\u00ebs \u00a0\u00a0, ne u p\u00ebrball\u00ebm me nj\u00eb mori lend\u00ebsh\u00a0 gjyqsore , disa\u00a0\u00a0 prej t\u00eb cilave\u00a0 t\u00eb\u00a0\u00a0 vjetra\u00a0 m\u00eb\u00a0 shum\u00eb se tre dekada<\/p>\n<p>K\u00ebto\u00a0 l\u00ebnd\u00eb\u00a0 pat\u00ebn nj\u00eb\u00a0 kosto\u00a0 tep\u00ebr t\u00eb r\u00ebnd\u00eb\u00a0 p\u00ebr\u00a0 buxhetin \u00a0\u00a0e Komun\u00ebs\u00a0\u00a0 duke\u00a0\u00a0 shkaktuar nj\u00eb d\u00ebm\u00a0 rreth nj\u00eb milion\u00a0 euro.\u00a0 C\u00ebshtjen e\u00a0 k\u00ebtyre\u00a0 l\u00ebnd\u00ebve\u00a0 ne jo\u00a0 rrall\u00eb\u00a0 her\u00eb \u00a0e kemi \u00a0trajtuar \u00a0\u00a0edhe me\u00a0 zyrtar\u00ebt m\u00eb t\u00eb lart\u00eb\u00a0 t\u00eb Malit t\u00eb\u00a0 Zi .<\/p>\n<p>Ka paralajm\u00ebrime\u00a0 se l\u00ebnd\u00eb t\u00eb tjera\u00a0 na presin\u00a0 e ata mund t\u00eb ken\u00eb pasoja tep\u00ebr t\u00eb r\u00ebnda p\u00ebr\u00a0 zhvillimin e Komun\u00ebs\u00a0 ton\u00eb .<\/p>\n<p>Edhe perkund\u00ebr\u00a0 kesaj,\u00a0 ne\u00a0 ia dol\u00ebm mban\u00eb\u00a0 t\u00eb\u00a0 realizojm\u00eb\u00a0 buxhetin e vitit 2014 n\u00eb nj\u00eb mas\u00eb\u00a0 t\u00eb\u00a0 k\u00ebnaqshme.\u00a0 Gjate\u00a0 vitit\u00a0 t\u00eb shkuar jemi\u00a0 p\u00ebrkujdesuar\u00a0 q\u00eb\u00a0 t\u00eb shlyjm\u00eb\u00a0 obligimet ndaj t\u00eb\u00a0 pun\u00ebsuarve\u00a0 tane dhe\u00a0\u00a0 sipermarrjeve\u00a0 q\u00eb finansohen nga\u00a0 buxheti dhe obligimet e grumbulluara nder\u00a0 vite. \u00a0N\u00eb\u00a0 k\u00ebt\u00eb drejtim\u00a0 pat\u00ebm sukses\u00a0 dhe\u00a0 kemi shlyer\u00a0 mjaft\u00a0 nga t\u00eb ardhurat dhe kontributet , kete fale\u00a0 dhe nj\u00eb\u00a0 kredie\u00a0 q\u00eb\u00a0 huazuam \u00a0\u00a0tek Atllasbanka.<\/p>\n<p>Gjat\u00eb k\u00ebsaj\u00a0 kohe\u00a0 kemi b\u00ebr\u00eb nj\u00eb shp\u00ebrndarje\u00a0 t\u00eb\u00a0 drejt\u00eb\u00a0 t\u00eb mjeteve \u00a0dhe\u00a0 energjive\u00a0 tona\u00a0 n\u00eb drejtim\u00a0 t\u00eb atyre q\u00eb jan\u00eb\u00a0 prioritetet\u00a0 e\u00a0 qytetit\u00a0 si infrastrukure\u00a0 m\u00eb e mir\u00eb\u00a0 , sh\u00ebrbime\u00a0 m\u00eb\u00a0 t\u00eb mira\u00a0 p\u00ebr\u00a0 qytetar\u00ebt , investime\u00a0 dhe hapjen\u00a0 e\u00a0 vendeve t\u00eb reja\u00a0\u00a0 t\u00eb\u00a0 pun\u00ebs\u00a0 p\u00ebr rinin\u00eb\u00a0 me d\u00ebshir\u00eb\u00a0 q\u00eb Ulqinin\u00a0 ta sh\u00ebndrojm\u00eb\u00a0 n\u00eb\u00a0 nj\u00eb qend\u00ebr t\u00eb r\u00ebnd\u00ebsishme\u00a0 turistike\u00a0 sic e meriton,\u00a0 dhe n\u00eb \u00a0qend\u00ebr t\u00eb artit\u00a0 dhe\u00a0 kultur\u00ebs.<\/p>\n<p>Ne\u00a0\u00a0 kemi pasur\u00a0 nj\u00eb\u00a0 objektiv\u00a0 ambicioz\u00a0 dhe\u00a0\u00a0 besoj se\u00a0 ia kemi dal\u00eb mban\u00eb\u00a0 p\u00ebr t\u00eb\u00a0 krijuar\u00a0 kushte\u00a0 q\u00eb\u00a0 investitor\u00ebt , qofshin vendas\u00a0 apo t\u00eb\u00a0 huaj\u00a0 mos t\u00eb ballafaqohen\u00a0 me \u00a0probleme burokracie\u00a0 dhe t\u00eb kene siguri t\u00eb\u00a0 plot\u00eb juridike.<\/p>\n<p>Nga\u00a0 ky k\u00ebndv\u00ebshtrim me\u00a0 k\u00ebnaq\u00ebsi mund t\u00eb\u00a0 konstatoj q\u00eb qyteti\u00a0 yn\u00eb\u00a0\u00a0 vazhdon t\u00eb jet\u00eb n\u00eb vemendjen e investitor\u00ebve t\u00eb shumt\u00eb.<\/p>\n<p>Kemi\u00a0 pritur\u00a0 shum\u00eb\u00a0 nga ta, kemi shprehur interesimin ton\u00eb\u00a0 p\u00ebr investime ne\u00a0 fusha t\u00eb\u00a0 ndryshme vecmas\u00a0 ne\u00a0 turiz\u00ebm dhe jemi\u00a0 t\u00eb angazhuar\u00a0 n\u00eb p\u00ebrgatitjen e planeve\u00a0 dhe\u00a0 infrastruktur\u00ebs\u00a0 konform\u00eb\u00a0 k\u00ebrkesave.<\/p>\n<p>N\u00eb\u00a0 jav\u00ebt ne\u00a0 vijim kemi\u00a0 paralajm\u00ebrime\u00a0 p\u00ebr ardhjen e\u00a0 nj\u00eb numri t\u00eb madh\u00a0 t\u00eb investitor\u00ebve\u00a0\u00a0 nga Turqia , dhe investitor\u00eb t\u00eb\u00a0\u00a0 tjer\u00eb. Lidhur me k\u00ebt\u00eb\u00a0 jemi\u00a0 n\u00eb bisedime dhe\u00a0 me resor\u00ebt p\u00ebrkat\u00ebs\u00a0 t\u00eb\u00a0 Qeverise s\u00eb Malit\u00a0 t\u00eb ZI.<\/p>\n<p>Un\u00eb\u00a0 me\u00a0 k\u00ebnaq\u00ebsi mund\u00a0 t\u00eb konstatoj se \u00a0kemi vendosur nj\u00eb\u00a0 mar\u00ebdh\u00ebnije t\u00eb\u00a0 re\u00a0 me biznesin vendas , nj\u00eb mar\u00ebdh\u00ebnije reciproke dhe korekte\u00a0 e\u00a0 fal\u00eb\u00a0 k\u00ebsaj\u00a0 kemi realizuar\u00a0 bashkarisht disa\u00a0 projekte\u00a0 vecmas\u00a0 n\u00eb fushen e kultur\u00ebs dhe artit .<\/p>\n<p>Po ashtu,\u00a0 maredhenije korekte kemi me\u00a0 sektorin joqeveritare, me t\u00eb\u00a0 gjitha \u00a0ekipet sportive ,\u00a0 studentet\u00a0 tane\u00a0 me shkollat e qytetit\u00a0 kopshtet dhe me\u00a0 sektor\u00eb\u00a0 t\u00eb\u00a0 tjer\u00eb.<\/p>\n<p>Un\u00eb dhe\u00a0 bashk\u00ebpun\u00ebtor\u00ebt e mij\u00a0 me gjithe\u00a0 zem\u00ebr\u00a0 d\u00ebshirojm\u00eb dhe po punojm\u00eb \u00a0q\u00eb Ulqini\u00a0 t\u00eb\u00a0\u00a0 hyj\u00eb n\u00eb nj\u00eb\u00a0 proces t\u00eb\u00a0\u00a0 transformimit\u00a0 t\u00eb\u00a0 fuqish\u00ebm , ku do t\u00eb ket\u00eb \u00a0hotele, t\u00eb reja, dhe objekte p\u00ebrcjell\u00ebs , reparte\u00a0 dhe investime t\u00eb\u00a0\u00a0 k\u00ebtij lloji \u00a0q\u00eb do t\u00eb mund\u00ebsonin hapjen e vendeve te\u00a0 reja\u00a0 t\u00eb\u00a0 pun\u00ebs\u00a0 p\u00ebr t\u00eb rinjt\u00eb tan\u00eb\u00a0\u00a0 dhe\u00a0 do t\u00eb rrisnin\u00a0 n\u00eb\u00a0 t\u00eb njejt\u00ebn koh\u00eb\u00a0 dhe pritshm\u00ebrin\u00eb e qytetar\u00ebve\u00a0 .<\/p>\n<p>T\u00eb nderuar t\u00eb pranish\u00ebm\u00a0 pavar\u00ebsisht\u00a0 asaj q\u00eb kemi b\u00ebr\u00eb, ka akoma\u00a0 shum\u00eb\u00a0 p\u00ebr t\u00eb b\u00ebr\u00eb.<\/p>\n<p>Projekte t\u00eb\u00a0\u00a0 tjera\u00a0 t\u00eb m\u00ebdha na presin\u00a0 gjat\u00eb k\u00ebtij viti, sic \u00ebsht\u00eb\u00a0 rruga\u00a0 Ulqin -Kryth\u00eb, nj\u00eb investim rreth\u00a0 n\u00ebnt\u00eb milion euro,\u00a0 rrug\u00eb q\u00eb\u00a0 do t\u00eb krijoj\u00eb\u00a0 nj\u00eb aks\u00a0 t\u00eb r\u00ebnd\u00ebsishem\u00a0 n\u00eb drejtim\u00a0 t\u00eb\u00a0\u00a0 rrug\u00ebs\u00a0 p\u00ebr\u00a0 n\u00eb\u00a0 pik\u00ebn kufitare\u00a0 Sukubin\u00eb -Muriqan.<\/p>\n<p>Kemi\u00a0 dh\u00ebn\u00eb kushtet\u00a0 urbanistike -teknike p\u00ebr\u00a0 fillimin e\u00a0 punimeve t\u00eb AKVAPARKUT\u00a0 ne Shtoj\u00a0 nje investim\u00a0\u00a0 mbi 7.5 milion euro, q\u00eb\u00a0 do t\u00eb begatoj\u00eb\u00a0 oferten turistike te\u00a0 ketij\u00a0 viti.<\/p>\n<p>Kemi \u00a0b\u00ebr\u00eb pergatitjet \u00a0p\u00ebr realizimine projektit t\u00eb hotelit\u00a0 ne lokalitetin ku dikur ka qen\u00eb hoteli Jadran.\u00a0 Presim\u00a0 nje investim \u00a0t\u00eb ri \u00a0n\u00eb sherbim\u00a0 t\u00eb\u00a0\u00a0 ofert\u00ebs\u00a0 turitike\u00a0 n\u00eb Krruc.<\/p>\n<p>Po ashtu\u00a0 nj\u00eb investim\u00a0 rreth 500 mij\u00eb euro e presim q\u00eb\u00a0 t\u00eb\u00a0\u00a0 realizohet edhe nga Ndermarrja\u00a0 per te mirat detare.<\/p>\n<p>Paralelisht me ket\u00eb\u00a0 jemi\u00a0\u00a0 t\u00eb angazhuar\u00a0\u00a0 n\u00eb\u00a0 projektin gjerman\u00a0\u00a0 t\u00eb rikonstruimit\u00a0\u00a0 t\u00eb\u00a0 rrjetit\u00a0\u00a0 t\u00eb ujsjellesit dhe kanalizimit nje projekt i rende, mbi 20 milion euro dhe\u00a0 n\u00eb shum\u00eb projekte t\u00eb tjera.<\/p>\n<p>Ne\u00a0 si pushtet vendor\u00a0 ne ditet\u00a0\u00a0 n\u00eb vijim do t\u00eb fillojm\u00eb menj\u00ebhere\u00a0 pergatitjet\u00a0\u00a0 p\u00ebr sezonin turistik 2015.<\/p>\n<p>Do t\u00eb angazhohemi\u00a0 maksimalisht q\u00eb p\u00ebrgatitjet\u00a0 t\u00eb perfundojn\u00eb me koh\u00eb dhe\u00a0 sezoni\u00a0 turistik t\u00eb na gjej\u00eb sa m\u00eb t\u00eb p\u00ebrgatitur.<\/p>\n<p>Si\u00a0 p\u00ebrher\u00eb mbetemi t\u00eb hapur\u00a0 p\u00ebr\u00a0 verejtjet dhe sygjerimet e Juaja.<\/p>\n<p>T\u00eb bindur se vet\u00ebn k\u00ebshtu mund t\u00eb hecim p\u00ebrpara.<\/p>\n<p>Edhe nj\u00ebher\u00eb\u00a0 i shpreh falenderime bashkepun\u00ebtor\u00ebve t\u00eb mij, Kuvendit, Kryetarit\u00a0 k\u00ebshilltar\u00ebve dhe nj\u00eb\u00a0 falenderim\u00a0\u00a0 t\u00eb sinqert\u00eb p\u00ebr t\u00eb gjith\u00eb\u00a0 qytetar\u00ebt tan\u00eb ,duke i premtuar se do t\u00eb\u00a0 punojm\u00eb\u00a0 dhe do t\u00eb angazhohemi\u00a0 p\u00ebr t\u00eb mos\u00a0 i\u00a0 zhg\u00ebnjyer\u00a0 pritshm\u00ebrit\u00eb e tyre.<\/p>\n<p>Faleminderit.<\/p>\n<p>Kryetari i Komun\u00ebs<\/p>\n<p>Fatmir Gjeka<\/p>\n","protected":false},"excerpt":{"rendered":"<p>Kryetari i komun\u00ebs s\u00eb Ulqinit me rastin e nj\u00eb vjetorit t\u00eb qeverisjes T\u00eb nderuar\u00a0 qytetar\u00eb T\u00eb\u00a0 nderuar an\u00ebtar\u00eb\u00a0 t\u00eb\u00a0 ekzekutivit Zonja\u00a0\u00a0 dhe\u00a0 zot\u00ebrinj, Jemi\u00a0 tubuar\u00a0 sot\u00a0 k\u00ebtu , p\u00ebr\u00a0 tju\u00a0 prezantuar\u00a0 n\u00eb\u00a0 pika\u00a0 t\u00eb\u00a0 shkurt\u00ebra\u00a0 bilancin\u00a0 e nj\u00eb\u00a0 vjetorit\u00a0 t\u00eb\u00a0 pun\u00ebs\u00a0 ton\u00eb. Jemi\u00a0 tubuar\u00a0 p\u00ebr t\u00eb\u00a0 folur p\u00ebr\u00a0 sfidat\u00a0 dhe sukseset \u00a0,por \u00a0dhe \u00a0p\u00ebr\u00a0 pun\u00ebt\u00a0 [&hellip;]<\/p>\n","protected":false},"author":1,"featured_media":0,"comment_status":"closed","ping_status":"closed","sticky":false,"template":"","format":"standard","meta":{"spay_email":"","jetpack_publicize_message":"","jetpack_is_tweetstorm":false,"jetpack_publicize_feature_enabled":true},"categories":[1,6],"tags":[],"jetpack_publicize_connections":[],"yoast_head":"<!-- This site is optimized with the Yoast SEO plugin v19.1 - https:\/\/yoast.com\/wordpress\/plugins\/seo\/ -->\n<title>Gjeka p\u00ebr 1 vjetorin e qeverisjes: U ringrit\u00ebm, bashk\u00eb p\u00ebr histori suksesi t\u00eb Ulqinit - Lajme nga Ulqini<\/title>\n<meta name=\"description\" content=\"Kryetari i komun\u00ebs s\u00eb Ulqinit me rastin e nj\u00eb vjetorit t\u00eb qeverisjes T\u00eb nderuar\u00a0 qytetar\u00eb T\u00eb\u00a0 nderuar an\u00ebtar\u00eb\u00a0 t\u00eb\u00a0 ekzekutivit Zonja\u00a0\u00a0 dhe\u00a0 zot\u00ebrinj,\" \/>\n<meta name=\"robots\" content=\"index, follow, max-snippet:-1, max-image-preview:large, max-video-preview:-1\" \/>\n<link rel=\"canonical\" href=\"https:\/\/www.visit-ulcinj.com\/blog\/2015\/02\/24\/gjeka-per-1-vjetorin-e-qeverisjes-u-ringritem-bashke-per-histori-suksesi-te-ulqinit\/\" \/>\n<meta property=\"og:locale\" content=\"en_US\" \/>\n<meta property=\"og:type\" content=\"article\" \/>\n<meta property=\"og:title\" content=\"Gjeka p\u00ebr 1 vjetorin e qeverisjes: U ringrit\u00ebm, bashk\u00eb p\u00ebr histori suksesi t\u00eb Ulqinit - Lajme nga Ulqini\" \/>\n<meta property=\"og:description\" content=\"Kryetari i komun\u00ebs s\u00eb Ulqinit me rastin e nj\u00eb vjetorit t\u00eb qeverisjes T\u00eb nderuar\u00a0 qytetar\u00eb T\u00eb\u00a0 nderuar an\u00ebtar\u00eb\u00a0 t\u00eb\u00a0 ekzekutivit Zonja\u00a0\u00a0 dhe\u00a0 zot\u00ebrinj,\" \/>\n<meta property=\"og:url\" content=\"https:\/\/www.visit-ulcinj.com\/blog\/2015\/02\/24\/gjeka-per-1-vjetorin-e-qeverisjes-u-ringritem-bashke-per-histori-suksesi-te-ulqinit\/\" \/>\n<meta property=\"og:site_name\" content=\"Lajme nga Ulqini\" \/>\n<meta property=\"article:published_time\" content=\"2015-02-24T19:08:05+00:00\" \/>\n<meta property=\"article:modified_time\" content=\"2015-02-25T13:38:04+00:00\" \/>\n<meta property=\"og:image\" content=\"http:\/\/www.visit-ulcinj.com\/blog\/wp-content\/uploads\/2015\/02\/njevjecari-i-qeverisjes-Gjeka.jpg\" \/>\n<meta name=\"twitter:label1\" content=\"Written by\" \/>\n\t<meta name=\"twitter:data1\" content=\"ulqini\" \/>\n\t<meta name=\"twitter:label2\" content=\"Est. reading time\" \/>\n\t<meta name=\"twitter:data2\" content=\"6 minutes\" \/>\n<script type=\"application\/ld+json\" class=\"yoast-schema-graph\">{\"@context\":\"https:\/\/schema.org\",\"@graph\":[{\"@type\":\"WebSite\",\"@id\":\"https:\/\/www.visit-ulcinj.com\/blog\/#website\",\"url\":\"https:\/\/www.visit-ulcinj.com\/blog\/\",\"name\":\"Lajme nga Ulqini\",\"description\":\"Lajme,Vijesti,Ulqini,Ulqin,Crna Gora,Mali i Zi\",\"potentialAction\":[{\"@type\":\"SearchAction\",\"target\":{\"@type\":\"EntryPoint\",\"urlTemplate\":\"https:\/\/www.visit-ulcinj.com\/blog\/?s={search_term_string}\"},\"query-input\":\"required name=search_term_string\"}],\"inLanguage\":\"en-US\"},{\"@type\":\"ImageObject\",\"inLanguage\":\"en-US\",\"@id\":\"https:\/\/www.visit-ulcinj.com\/blog\/2015\/02\/24\/gjeka-per-1-vjetorin-e-qeverisjes-u-ringritem-bashke-per-histori-suksesi-te-ulqinit\/#primaryimage\",\"url\":\"https:\/\/www.visit-ulcinj.com\/blog\/wp-content\/uploads\/2015\/02\/njevjecari-i-qeverisjes-Gjeka.jpg\",\"contentUrl\":\"https:\/\/www.visit-ulcinj.com\/blog\/wp-content\/uploads\/2015\/02\/njevjecari-i-qeverisjes-Gjeka.jpg\",\"width\":1280,\"height\":960},{\"@type\":\"WebPage\",\"@id\":\"https:\/\/www.visit-ulcinj.com\/blog\/2015\/02\/24\/gjeka-per-1-vjetorin-e-qeverisjes-u-ringritem-bashke-per-histori-suksesi-te-ulqinit\/#webpage\",\"url\":\"https:\/\/www.visit-ulcinj.com\/blog\/2015\/02\/24\/gjeka-per-1-vjetorin-e-qeverisjes-u-ringritem-bashke-per-histori-suksesi-te-ulqinit\/\",\"name\":\"Gjeka p\u00ebr 1 vjetorin e qeverisjes: U ringrit\u00ebm, bashk\u00eb p\u00ebr histori suksesi t\u00eb Ulqinit - Lajme nga Ulqini\",\"isPartOf\":{\"@id\":\"https:\/\/www.visit-ulcinj.com\/blog\/#website\"},\"primaryImageOfPage\":{\"@id\":\"https:\/\/www.visit-ulcinj.com\/blog\/2015\/02\/24\/gjeka-per-1-vjetorin-e-qeverisjes-u-ringritem-bashke-per-histori-suksesi-te-ulqinit\/#primaryimage\"},\"datePublished\":\"2015-02-24T19:08:05+00:00\",\"dateModified\":\"2015-02-25T13:38:04+00:00\",\"author\":{\"@id\":\"https:\/\/www.visit-ulcinj.com\/blog\/#\/schema\/person\/dcab619c614d3038751c63bc2aadc06d\"},\"description\":\"Kryetari i komun\u00ebs s\u00eb Ulqinit me rastin e nj\u00eb vjetorit t\u00eb qeverisjes T\u00eb nderuar\u00a0 qytetar\u00eb T\u00eb\u00a0 nderuar an\u00ebtar\u00eb\u00a0 t\u00eb\u00a0 ekzekutivit Zonja\u00a0\u00a0 dhe\u00a0 zot\u00ebrinj,\",\"breadcrumb\":{\"@id\":\"https:\/\/www.visit-ulcinj.com\/blog\/2015\/02\/24\/gjeka-per-1-vjetorin-e-qeverisjes-u-ringritem-bashke-per-histori-suksesi-te-ulqinit\/#breadcrumb\"},\"inLanguage\":\"en-US\",\"potentialAction\":[{\"@type\":\"ReadAction\",\"target\":[\"https:\/\/www.visit-ulcinj.com\/blog\/2015\/02\/24\/gjeka-per-1-vjetorin-e-qeverisjes-u-ringritem-bashke-per-histori-suksesi-te-ulqinit\/\"]}]},{\"@type\":\"BreadcrumbList\",\"@id\":\"https:\/\/www.visit-ulcinj.com\/blog\/2015\/02\/24\/gjeka-per-1-vjetorin-e-qeverisjes-u-ringritem-bashke-per-histori-suksesi-te-ulqinit\/#breadcrumb\",\"itemListElement\":[{\"@type\":\"ListItem\",\"position\":1,\"name\":\"Gjeka p\u00ebr 1 vjetorin e qeverisjes: U ringrit\u00ebm, bashk\u00eb p\u00ebr histori suksesi t\u00eb Ulqinit\"}]},{\"@type\":\"Person\",\"@id\":\"https:\/\/www.visit-ulcinj.com\/blog\/#\/schema\/person\/dcab619c614d3038751c63bc2aadc06d\",\"name\":\"ulqini\",\"sameAs\":[\"http:\/\/www.visit-ulcinj.com\"],\"url\":\"https:\/\/www.visit-ulcinj.com\/blog\/author\/admin\/\"}]}<\/script>\n<!-- \/ Yoast SEO plugin. -->","yoast_head_json":{"title":"Gjeka p\u00ebr 1 vjetorin e qeverisjes: U ringrit\u00ebm, bashk\u00eb p\u00ebr histori suksesi t\u00eb Ulqinit - Lajme nga Ulqini","description":"Kryetari i komun\u00ebs s\u00eb Ulqinit me rastin e nj\u00eb vjetorit t\u00eb qeverisjes T\u00eb nderuar\u00a0 qytetar\u00eb T\u00eb\u00a0 nderuar an\u00ebtar\u00eb\u00a0 t\u00eb\u00a0 ekzekutivit Zonja\u00a0\u00a0 dhe\u00a0 zot\u00ebrinj,","robots":{"index":"index","follow":"follow","max-snippet":"max-snippet:-1","max-image-preview":"max-image-preview:large","max-video-preview":"max-video-preview:-1"},"canonical":"https:\/\/www.visit-ulcinj.com\/blog\/2015\/02\/24\/gjeka-per-1-vjetorin-e-qeverisjes-u-ringritem-bashke-per-histori-suksesi-te-ulqinit\/","og_locale":"en_US","og_type":"article","og_title":"Gjeka p\u00ebr 1 vjetorin e qeverisjes: U ringrit\u00ebm, bashk\u00eb p\u00ebr histori suksesi t\u00eb Ulqinit - Lajme nga Ulqini","og_description":"Kryetari i komun\u00ebs s\u00eb Ulqinit me rastin e nj\u00eb vjetorit t\u00eb qeverisjes T\u00eb nderuar\u00a0 qytetar\u00eb T\u00eb\u00a0 nderuar an\u00ebtar\u00eb\u00a0 t\u00eb\u00a0 ekzekutivit Zonja\u00a0\u00a0 dhe\u00a0 zot\u00ebrinj,","og_url":"https:\/\/www.visit-ulcinj.com\/blog\/2015\/02\/24\/gjeka-per-1-vjetorin-e-qeverisjes-u-ringritem-bashke-per-histori-suksesi-te-ulqinit\/","og_site_name":"Lajme nga Ulqini","article_published_time":"2015-02-24T19:08:05+00:00","article_modified_time":"2015-02-25T13:38:04+00:00","og_image":[{"url":"http:\/\/www.visit-ulcinj.com\/blog\/wp-content\/uploads\/2015\/02\/njevjecari-i-qeverisjes-Gjeka.jpg"}],"twitter_misc":{"Written by":"ulqini","Est. reading time":"6 minutes"},"schema":{"@context":"https:\/\/schema.org","@graph":[{"@type":"WebSite","@id":"https:\/\/www.visit-ulcinj.com\/blog\/#website","url":"https:\/\/www.visit-ulcinj.com\/blog\/","name":"Lajme nga Ulqini","description":"Lajme,Vijesti,Ulqini,Ulqin,Crna Gora,Mali i Zi","potentialAction":[{"@type":"SearchAction","target":{"@type":"EntryPoint","urlTemplate":"https:\/\/www.visit-ulcinj.com\/blog\/?s={search_term_string}"},"query-input":"required name=search_term_string"}],"inLanguage":"en-US"},{"@type":"ImageObject","inLanguage":"en-US","@id":"https:\/\/www.visit-ulcinj.com\/blog\/2015\/02\/24\/gjeka-per-1-vjetorin-e-qeverisjes-u-ringritem-bashke-per-histori-suksesi-te-ulqinit\/#primaryimage","url":"https:\/\/www.visit-ulcinj.com\/blog\/wp-content\/uploads\/2015\/02\/njevjecari-i-qeverisjes-Gjeka.jpg","contentUrl":"https:\/\/www.visit-ulcinj.com\/blog\/wp-content\/uploads\/2015\/02\/njevjecari-i-qeverisjes-Gjeka.jpg","width":1280,"height":960},{"@type":"WebPage","@id":"https:\/\/www.visit-ulcinj.com\/blog\/2015\/02\/24\/gjeka-per-1-vjetorin-e-qeverisjes-u-ringritem-bashke-per-histori-suksesi-te-ulqinit\/#webpage","url":"https:\/\/www.visit-ulcinj.com\/blog\/2015\/02\/24\/gjeka-per-1-vjetorin-e-qeverisjes-u-ringritem-bashke-per-histori-suksesi-te-ulqinit\/","name":"Gjeka p\u00ebr 1 vjetorin e qeverisjes: U ringrit\u00ebm, bashk\u00eb p\u00ebr histori suksesi t\u00eb Ulqinit - Lajme nga Ulqini","isPartOf":{"@id":"https:\/\/www.visit-ulcinj.com\/blog\/#website"},"primaryImageOfPage":{"@id":"https:\/\/www.visit-ulcinj.com\/blog\/2015\/02\/24\/gjeka-per-1-vjetorin-e-qeverisjes-u-ringritem-bashke-per-histori-suksesi-te-ulqinit\/#primaryimage"},"datePublished":"2015-02-24T19:08:05+00:00","dateModified":"2015-02-25T13:38:04+00:00","author":{"@id":"https:\/\/www.visit-ulcinj.com\/blog\/#\/schema\/person\/dcab619c614d3038751c63bc2aadc06d"},"description":"Kryetari i komun\u00ebs s\u00eb Ulqinit me rastin e nj\u00eb vjetorit t\u00eb qeverisjes T\u00eb nderuar\u00a0 qytetar\u00eb T\u00eb\u00a0 nderuar an\u00ebtar\u00eb\u00a0 t\u00eb\u00a0 ekzekutivit Zonja\u00a0\u00a0 dhe\u00a0 zot\u00ebrinj,","breadcrumb":{"@id":"https:\/\/www.visit-ulcinj.com\/blog\/2015\/02\/24\/gjeka-per-1-vjetorin-e-qeverisjes-u-ringritem-bashke-per-histori-suksesi-te-ulqinit\/#breadcrumb"},"inLanguage":"en-US","potentialAction":[{"@type":"ReadAction","target":["https:\/\/www.visit-ulcinj.com\/blog\/2015\/02\/24\/gjeka-per-1-vjetorin-e-qeverisjes-u-ringritem-bashke-per-histori-suksesi-te-ulqinit\/"]}]},{"@type":"BreadcrumbList","@id":"https:\/\/www.visit-ulcinj.com\/blog\/2015\/02\/24\/gjeka-per-1-vjetorin-e-qeverisjes-u-ringritem-bashke-per-histori-suksesi-te-ulqinit\/#breadcrumb","itemListElement":[{"@type":"ListItem","position":1,"name":"Gjeka p\u00ebr 1 vjetorin e qeverisjes: U ringrit\u00ebm, bashk\u00eb p\u00ebr histori suksesi t\u00eb Ulqinit"}]},{"@type":"Person","@id":"https:\/\/www.visit-ulcinj.com\/blog\/#\/schema\/person\/dcab619c614d3038751c63bc2aadc06d","name":"ulqini","sameAs":["http:\/\/www.visit-ulcinj.com"],"url":"https:\/\/www.visit-ulcinj.com\/blog\/author\/admin\/"}]}},"jetpack_featured_media_url":"","jetpack_sharing_enabled":true,"jetpack_shortlink":"https:\/\/wp.me\/pe6lTn-n7N","_links":{"self":[{"href":"https:\/\/www.visit-ulcinj.com\/blog\/wp-json\/wp\/v2\/posts\/88895"}],"collection":[{"href":"https:\/\/www.visit-ulcinj.com\/blog\/wp-json\/wp\/v2\/posts"}],"about":[{"href":"https:\/\/www.visit-ulcinj.com\/blog\/wp-json\/wp\/v2\/types\/post"}],"author":[{"embeddable":true,"href":"https:\/\/www.visit-ulcinj.com\/blog\/wp-json\/wp\/v2\/users\/1"}],"replies":[{"embeddable":true,"href":"https:\/\/www.visit-ulcinj.com\/blog\/wp-json\/wp\/v2\/comments?post=88895"}],"version-history":[{"count":3,"href":"https:\/\/www.visit-ulcinj.com\/blog\/wp-json\/wp\/v2\/posts\/88895\/revisions"}],"predecessor-version":[{"id":88915,"href":"https:\/\/www.visit-ulcinj.com\/blog\/wp-json\/wp\/v2\/posts\/88895\/revisions\/88915"}],"wp:attachment":[{"href":"https:\/\/www.visit-ulcinj.com\/blog\/wp-json\/wp\/v2\/media?parent=88895"}],"wp:term":[{"taxonomy":"category","embeddable":true,"href":"https:\/\/www.visit-ulcinj.com\/blog\/wp-json\/wp\/v2\/categories?post=88895"},{"taxonomy":"post_tag","embeddable":true,"href":"https:\/\/www.visit-ulcinj.com\/blog\/wp-json\/wp\/v2\/tags?post=88895"}],"curies":[{"name":"wp","href":"https:\/\/api.w.org\/{rel}","templated":true}]}}